{"id":38619,"date":"2015-03-02T00:34:13","date_gmt":"2015-03-02T03:34:13","guid":{"rendered":"http:\/\/www.notibras.com\/site\/?p=38619"},"modified":"2015-03-02T10:18:14","modified_gmt":"2015-03-02T13:18:14","slug":"faustao-26-anos-com-seu-domingao-e-todo-mes-5-milhoes-na-conta-bancaria","status":"publish","type":"post","link":"https:\/\/www.notibras.com\/site\/faustao-26-anos-com-seu-domingao-e-todo-mes-5-milhoes-na-conta-bancaria\/","title":{"rendered":"Faust\u00e3o, 26 anos no Doming\u00e3o e todo m\u00eas 5 milh\u00f5es na conta"},"content":{"rendered":"<p>O dia 26 de mar\u00e7o de 2015 vai marcar os 26 anos de Faust\u00e3o na TV Globo, com o seu &#8216;Doming\u00e3o. \u00c9 o programa mais longevo da hist\u00f3ria da televis\u00e3o brasileira. L\u00edder de audi\u00eancia, o apresentador n\u00e3o v\u00ea seu reinado amea\u00e7ado. E enquanto manda nas tardes dom,inicais, sua conta banc\u00e1ria recebe, mensalmente, algo em torno de 5 milh\u00f5es de reais.<\/p>\n<p>Fausto Silva \u00e9 o apresentador mais poderoso da Globo. Possui autonomia total na realiza\u00e7\u00e3o de seu programa: define pautas, contrata e demite profissionais, fecha ele mesmo os acordos milion\u00e1rios de publicidade.<\/p>\n<p>Considerado ex\u00edmio nos neg\u00f3cios, Faust\u00e3o tem o maior sal\u00e1rio entre os artistas da emissora. Est\u00e1 entre os mais bem pagos do planeta.<\/p>\n<p>Uma compara\u00e7\u00e3o de valores: o apresentador melhor remunerado da televis\u00e3o portuguesa, Manuel Luis Goucha, que comanda um talk-show e apresenta a vers\u00e3o local do MasterChef no canal TVI, fatura mensalmente \u2018apenas\u2019 60 mil euros, aproximadamente 190 mil reais \u2014 26 vezes menos que Faust\u00e3o.<\/p>\n<blockquote><p>Se a compara\u00e7\u00e3o for feita com a TV americana, \u00e9 f\u00e1cil perceber que Fausto Silva est\u00e1 no mesmo p\u00e1reo que Jon Stewart, do The Daily Show, e David Letterman, do Late Show, em rela\u00e7\u00e3o aos ganhos anuais, somando sal\u00e1rio e cach\u00eas de publicidade.<\/p><\/blockquote>\n<p>Ao maioria dos apresentadores n\u00e3o se envolve com a produ\u00e7\u00e3o de seu programa, limitando-se \u00e0 atua\u00e7\u00e3o na frente das c\u00e2meras. Mas Faust\u00e3o gosta de ser tamb\u00e9m um homem de bastidores. Tem controle absoluto sobre os detalhes da engrenagem que faz o Doming\u00e3o acontecer.<\/p>\n<p>Inclusive os contratos milion\u00e1rios de an\u00fancios e merchans, acertados entre o apresentador e seus interlocutores (donos e presidentes de empresas, diretores de marketing, publicit\u00e1rios) nas mesas de alguns dos melhores restaurantes de S\u00e3o Paulo.<\/p>\n<p>\u00c9 verdade que o Doming\u00e3o sofre com a instabilidade de audi\u00eancia que afeta a TV aberta. Raramente chega aos 15 pontos na m\u00e9dia de ibope. Mas os \u00edndices s\u00e3o suficientes para mant\u00ea-lo na lideran\u00e7a isolada.<\/p>\n<p>Amado por uma parte do p\u00fablico e detestado por outra, Faust\u00e3o n\u00e3o tem amea\u00e7a iminente ao seu reinado. A c\u00fapula da Globo n\u00e3o consegue detectar um substituto para o seu posto. Perto de completar 65 anos, o apresentador parece distante do projeto de aposentadoria.<\/p>\n","protected":false},"excerpt":{"rendered":"<p>O dia 26 de mar\u00e7o de 2015 vai marcar os 26 anos de Faust\u00e3o na TV Globo, com o seu &#8216;Doming\u00e3o. \u00c9 o programa mais longevo da hist\u00f3ria da televis\u00e3o brasileira. L\u00edder de audi\u00eancia, o apresentador n\u00e3o v\u00ea seu reinado amea\u00e7ado. E enquanto manda nas tardes dom,inicais, sua conta banc\u00e1ria recebe, mensalmente, algo em torno [&hellip;]<\/p>\n","protected":false},"author":2,"featured_media":38620,"comment_status":"open","ping_status":"closed","sticky":false,"template":"","format":"standard","meta":{"_acf_changed":false,"footnotes":""},"categories":[16],"tags":[],"class_list":["post-38619","post","type-post","status-publish","format-standard","has-post-thumbnail","hentry","category-brasil"],"acf":[],"yoast_head":"<!-- This site is optimized with the Yoast SEO plugin v27.2 - https:\/\/yoast.com\/product\/yoast-seo-wordpress\/ -->\n<title>Faust\u00e3o, 26 anos no Doming\u00e3o e todo m\u00eas 5 milh\u00f5es na conta - Notibras<\/title>\n<meta name=\"robots\" content=\"index, follow, max-snippet:-1, max-image-preview:large, max-video-preview:-1\" \/>\n<link rel=\"canonical\" href=\"https:\/\/www.notibras.com\/site\/faustao-26-anos-com-seu-domingao-e-todo-mes-5-milhoes-na-conta-bancaria\/\" \/>\n<meta property=\"og:locale\" content=\"pt_BR\" \/>\n<meta property=\"og:type\" content=\"article\" \/>\n<meta property=\"og:title\" content=\"Faust\u00e3o, 26 anos no Doming\u00e3o e todo m\u00eas 5 milh\u00f5es na conta - Notibras\" \/>\n<meta property=\"og:description\" content=\"O dia 26 de mar\u00e7o de 2015 vai marcar os 26 anos de Faust\u00e3o na TV Globo, com o seu &#8216;Doming\u00e3o. \u00c9 o programa mais longevo da hist\u00f3ria da televis\u00e3o brasileira. L\u00edder de audi\u00eancia, o apresentador n\u00e3o v\u00ea seu reinado amea\u00e7ado. E enquanto manda nas tardes dom,inicais, sua conta banc\u00e1ria recebe, mensalmente, algo em torno [&hellip;]\" \/>\n<meta property=\"og:url\" content=\"https:\/\/www.notibras.com\/site\/faustao-26-anos-com-seu-domingao-e-todo-mes-5-milhoes-na-conta-bancaria\/\" \/>\n<meta property=\"og:site_name\" content=\"Notibras\" \/>\n<meta property=\"article:publisher\" content=\"https:\/\/www.facebook.com\/notibras\/\" \/>\n<meta property=\"article:published_time\" content=\"2015-03-02T03:34:13+00:00\" \/>\n<meta property=\"article:modified_time\" content=\"2015-03-02T13:18:14+00:00\" \/>\n<meta property=\"og:image\" content=\"https:\/\/www.notibras.com\/site\/wp-content\/uploads\/2015\/03\/Faust\u00e3o_Globo.jpg\" \/>\n\t<meta property=\"og:image:width\" content=\"615\" \/>\n\t<meta property=\"og:image:height\" content=\"468\" \/>\n\t<meta property=\"og:image:type\" content=\"image\/jpeg\" \/>\n<meta name=\"author\" content=\"Reda\u00e7\u00e3o\" \/>\n<meta name=\"twitter:card\" content=\"summary_large_image\" \/>\n<meta name=\"twitter:creator\" content=\"@Notibras\" \/>\n<meta name=\"twitter:site\" content=\"@Notibras\" \/>\n<meta name=\"twitter:label1\" content=\"Escrito por\" \/>\n\t<meta name=\"twitter:data1\" content=\"Reda\u00e7\u00e3o\" \/>\n\t<meta name=\"twitter:label2\" content=\"Est. tempo de leitura\" \/>\n\t<meta name=\"twitter:data2\" content=\"2 minutos\" \/>\n<script type=\"application\/ld+json\" class=\"yoast-schema-graph\">{\"@context\":\"https:\/\/schema.org\",\"@graph\":[{\"@type\":\"Article\",\"@id\":\"https:\/\/www.notibras.com\/site\/faustao-26-anos-com-seu-domingao-e-todo-mes-5-milhoes-na-conta-bancaria\/#article\",\"isPartOf\":{\"@id\":\"https:\/\/www.notibras.com\/site\/faustao-26-anos-com-seu-domingao-e-todo-mes-5-milhoes-na-conta-bancaria\/\"},\"author\":{\"name\":\"Reda\u00e7\u00e3o\",\"@id\":\"https:\/\/www.notibras.com\/site\/#\/schema\/person\/36ab0979449956132d3e5b517ea76ac8\"},\"headline\":\"Faust\u00e3o, 26 anos no Doming\u00e3o e todo m\u00eas 5 milh\u00f5es na conta\",\"datePublished\":\"2015-03-02T03:34:13+00:00\",\"dateModified\":\"2015-03-02T13:18:14+00:00\",\"mainEntityOfPage\":{\"@id\":\"https:\/\/www.notibras.com\/site\/faustao-26-anos-com-seu-domingao-e-todo-mes-5-milhoes-na-conta-bancaria\/\"},\"wordCount\":406,\"commentCount\":0,\"publisher\":{\"@id\":\"https:\/\/www.notibras.com\/site\/#organization\"},\"image\":{\"@id\":\"https:\/\/www.notibras.com\/site\/faustao-26-anos-com-seu-domingao-e-todo-mes-5-milhoes-na-conta-bancaria\/#primaryimage\"},\"thumbnailUrl\":\"https:\/\/www.notibras.com\/site\/wp-content\/uploads\/2015\/03\/Faust\u00e3o_Globo.jpg\",\"articleSection\":[\"Brasil\"],\"inLanguage\":\"pt-BR\",\"potentialAction\":[{\"@type\":\"CommentAction\",\"name\":\"Comment\",\"target\":[\"https:\/\/www.notibras.com\/site\/faustao-26-anos-com-seu-domingao-e-todo-mes-5-milhoes-na-conta-bancaria\/#respond\"]}]},{\"@type\":\"WebPage\",\"@id\":\"https:\/\/www.notibras.com\/site\/faustao-26-anos-com-seu-domingao-e-todo-mes-5-milhoes-na-conta-bancaria\/\",\"url\":\"https:\/\/www.notibras.com\/site\/faustao-26-anos-com-seu-domingao-e-todo-mes-5-milhoes-na-conta-bancaria\/\",\"name\":\"Faust\u00e3o, 26 anos no Doming\u00e3o e todo m\u00eas 5 milh\u00f5es na conta - Notibras\",\"isPartOf\":{\"@id\":\"https:\/\/www.notibras.com\/site\/#website\"},\"primaryImageOfPage\":{\"@id\":\"https:\/\/www.notibras.com\/site\/faustao-26-anos-com-seu-domingao-e-todo-mes-5-milhoes-na-conta-bancaria\/#primaryimage\"},\"image\":{\"@id\":\"https:\/\/www.notibras.com\/site\/faustao-26-anos-com-seu-domingao-e-todo-mes-5-milhoes-na-conta-bancaria\/#primaryimage\"},\"thumbnailUrl\":\"https:\/\/www.notibras.com\/site\/wp-content\/uploads\/2015\/03\/Faust\u00e3o_Globo.jpg\",\"datePublished\":\"2015-03-02T03:34:13+00:00\",\"dateModified\":\"2015-03-02T13:18:14+00:00\",\"breadcrumb\":{\"@id\":\"https:\/\/www.notibras.com\/site\/faustao-26-anos-com-seu-domingao-e-todo-mes-5-milhoes-na-conta-bancaria\/#breadcrumb\"},\"inLanguage\":\"pt-BR\",\"potentialAction\":[{\"@type\":\"ReadAction\",\"target\":[\"https:\/\/www.notibras.com\/site\/faustao-26-anos-com-seu-domingao-e-todo-mes-5-milhoes-na-conta-bancaria\/\"]}]},{\"@type\":\"ImageObject\",\"inLanguage\":\"pt-BR\",\"@id\":\"https:\/\/www.notibras.com\/site\/faustao-26-anos-com-seu-domingao-e-todo-mes-5-milhoes-na-conta-bancaria\/#primaryimage\",\"url\":\"https:\/\/www.notibras.com\/site\/wp-content\/uploads\/2015\/03\/Faust\u00e3o_Globo.jpg\",\"contentUrl\":\"https:\/\/www.notibras.com\/site\/wp-content\/uploads\/2015\/03\/Faust\u00e3o_Globo.jpg\",\"width\":615,\"height\":468,\"caption\":\"Foto: Divulga\u00e7\u00e3o\"},{\"@type\":\"BreadcrumbList\",\"@id\":\"https:\/\/www.notibras.com\/site\/faustao-26-anos-com-seu-domingao-e-todo-mes-5-milhoes-na-conta-bancaria\/#breadcrumb\",\"itemListElement\":[{\"@type\":\"ListItem\",\"position\":1,\"name\":\"In\u00edcio\",\"item\":\"https:\/\/www.notibras.com\/site\/\"},{\"@type\":\"ListItem\",\"position\":2,\"name\":\"Faust\u00e3o, 26 anos no Doming\u00e3o e todo m\u00eas 5 milh\u00f5es na conta\"}]},{\"@type\":\"WebSite\",\"@id\":\"https:\/\/www.notibras.com\/site\/#website\",\"url\":\"https:\/\/www.notibras.com\/site\/\",\"name\":\"Notibras\",\"description\":\"Not\u00edcias de Bras\u00edlia, do Brasil e do Mundo\",\"publisher\":{\"@id\":\"https:\/\/www.notibras.com\/site\/#organization\"},\"potentialAction\":[{\"@type\":\"SearchAction\",\"target\":{\"@type\":\"EntryPoint\",\"urlTemplate\":\"https:\/\/www.notibras.com\/site\/?s={search_term_string}\"},\"query-input\":{\"@type\":\"PropertyValueSpecification\",\"valueRequired\":true,\"valueName\":\"search_term_string\"}}],\"inLanguage\":\"pt-BR\"},{\"@type\":\"Organization\",\"@id\":\"https:\/\/www.notibras.com\/site\/#organization\",\"name\":\"Grupo Notibras de Comunica\u00e7\u00e3o\",\"url\":\"https:\/\/www.notibras.com\/site\/\",\"logo\":{\"@type\":\"ImageObject\",\"inLanguage\":\"pt-BR\",\"@id\":\"https:\/\/www.notibras.com\/site\/#\/schema\/logo\/image\/\",\"url\":\"https:\/\/www.notibras.com\/site\/wp-content\/uploads\/2023\/01\/notibras23.png\",\"contentUrl\":\"https:\/\/www.notibras.com\/site\/wp-content\/uploads\/2023\/01\/notibras23.png\",\"width\":350,\"height\":87,\"caption\":\"Grupo Notibras de Comunica\u00e7\u00e3o\"},\"image\":{\"@id\":\"https:\/\/www.notibras.com\/site\/#\/schema\/logo\/image\/\"},\"sameAs\":[\"https:\/\/www.facebook.com\/notibras\/\",\"https:\/\/x.com\/Notibras\",\"https:\/\/www.instagram.com\/notibras\/\"]},{\"@type\":\"Person\",\"@id\":\"https:\/\/www.notibras.com\/site\/#\/schema\/person\/36ab0979449956132d3e5b517ea76ac8\",\"name\":\"Reda\u00e7\u00e3o\",\"image\":{\"@type\":\"ImageObject\",\"inLanguage\":\"pt-BR\",\"@id\":\"https:\/\/secure.gravatar.com\/avatar\/e0a867bdedb85fd243eadf09663511f96fc81e0720a4a42581f334ad4303aa6b?s=96&d=mm&r=g\",\"url\":\"https:\/\/secure.gravatar.com\/avatar\/e0a867bdedb85fd243eadf09663511f96fc81e0720a4a42581f334ad4303aa6b?s=96&d=mm&r=g\",\"contentUrl\":\"https:\/\/secure.gravatar.com\/avatar\/e0a867bdedb85fd243eadf09663511f96fc81e0720a4a42581f334ad4303aa6b?s=96&d=mm&r=g\",\"caption\":\"Reda\u00e7\u00e3o\"}}]}<\/script>\n<!-- \/ Yoast SEO plugin. -->","yoast_head_json":{"title":"Faust\u00e3o, 26 anos no Doming\u00e3o e todo m\u00eas 5 milh\u00f5es na conta - Notibras","robots":{"index":"index","follow":"follow","max-snippet":"max-snippet:-1","max-image-preview":"max-image-preview:large","max-video-preview":"max-video-preview:-1"},"canonical":"https:\/\/www.notibras.com\/site\/faustao-26-anos-com-seu-domingao-e-todo-mes-5-milhoes-na-conta-bancaria\/","og_locale":"pt_BR","og_type":"article","og_title":"Faust\u00e3o, 26 anos no Doming\u00e3o e todo m\u00eas 5 milh\u00f5es na conta - Notibras","og_description":"O dia 26 de mar\u00e7o de 2015 vai marcar os 26 anos de Faust\u00e3o na TV Globo, com o seu &#8216;Doming\u00e3o. \u00c9 o programa mais longevo da hist\u00f3ria da televis\u00e3o brasileira. L\u00edder de audi\u00eancia, o apresentador n\u00e3o v\u00ea seu reinado amea\u00e7ado. E enquanto manda nas tardes dom,inicais, sua conta banc\u00e1ria recebe, mensalmente, algo em torno [&hellip;]","og_url":"https:\/\/www.notibras.com\/site\/faustao-26-anos-com-seu-domingao-e-todo-mes-5-milhoes-na-conta-bancaria\/","og_site_name":"Notibras","article_publisher":"https:\/\/www.facebook.com\/notibras\/","article_published_time":"2015-03-02T03:34:13+00:00","article_modified_time":"2015-03-02T13:18:14+00:00","og_image":[{"width":615,"height":468,"url":"https:\/\/www.notibras.com\/site\/wp-content\/uploads\/2015\/03\/Faust\u00e3o_Globo.jpg","type":"image\/jpeg"}],"author":"Reda\u00e7\u00e3o","twitter_card":"summary_large_image","twitter_creator":"@Notibras","twitter_site":"@Notibras","twitter_misc":{"Escrito por":"Reda\u00e7\u00e3o","Est. tempo de leitura":"2 minutos"},"schema":{"@context":"https:\/\/schema.org","@graph":[{"@type":"Article","@id":"https:\/\/www.notibras.com\/site\/faustao-26-anos-com-seu-domingao-e-todo-mes-5-milhoes-na-conta-bancaria\/#article","isPartOf":{"@id":"https:\/\/www.notibras.com\/site\/faustao-26-anos-com-seu-domingao-e-todo-mes-5-milhoes-na-conta-bancaria\/"},"author":{"name":"Reda\u00e7\u00e3o","@id":"https:\/\/www.notibras.com\/site\/#\/schema\/person\/36ab0979449956132d3e5b517ea76ac8"},"headline":"Faust\u00e3o, 26 anos no Doming\u00e3o e todo m\u00eas 5 milh\u00f5es na conta","datePublished":"2015-03-02T03:34:13+00:00","dateModified":"2015-03-02T13:18:14+00:00","mainEntityOfPage":{"@id":"https:\/\/www.notibras.com\/site\/faustao-26-anos-com-seu-domingao-e-todo-mes-5-milhoes-na-conta-bancaria\/"},"wordCount":406,"commentCount":0,"publisher":{"@id":"https:\/\/www.notibras.com\/site\/#organization"},"image":{"@id":"https:\/\/www.notibras.com\/site\/faustao-26-anos-com-seu-domingao-e-todo-mes-5-milhoes-na-conta-bancaria\/#primaryimage"},"thumbnailUrl":"https:\/\/www.notibras.com\/site\/wp-content\/uploads\/2015\/03\/Faust\u00e3o_Globo.jpg","articleSection":["Brasil"],"inLanguage":"pt-BR","potentialAction":[{"@type":"CommentAction","name":"Comment","target":["https:\/\/www.notibras.com\/site\/faustao-26-anos-com-seu-domingao-e-todo-mes-5-milhoes-na-conta-bancaria\/#respond"]}]},{"@type":"WebPage","@id":"https:\/\/www.notibras.com\/site\/faustao-26-anos-com-seu-domingao-e-todo-mes-5-milhoes-na-conta-bancaria\/","url":"https:\/\/www.notibras.com\/site\/faustao-26-anos-com-seu-domingao-e-todo-mes-5-milhoes-na-conta-bancaria\/","name":"Faust\u00e3o, 26 anos no Doming\u00e3o e todo m\u00eas 5 milh\u00f5es na conta - Notibras","isPartOf":{"@id":"https:\/\/www.notibras.com\/site\/#website"},"primaryImageOfPage":{"@id":"https:\/\/www.notibras.com\/site\/faustao-26-anos-com-seu-domingao-e-todo-mes-5-milhoes-na-conta-bancaria\/#primaryimage"},"image":{"@id":"https:\/\/www.notibras.com\/site\/faustao-26-anos-com-seu-domingao-e-todo-mes-5-milhoes-na-conta-bancaria\/#primaryimage"},"thumbnailUrl":"https:\/\/www.notibras.com\/site\/wp-content\/uploads\/2015\/03\/Faust\u00e3o_Globo.jpg","datePublished":"2015-03-02T03:34:13+00:00","dateModified":"2015-03-02T13:18:14+00:00","breadcrumb":{"@id":"https:\/\/www.notibras.com\/site\/faustao-26-anos-com-seu-domingao-e-todo-mes-5-milhoes-na-conta-bancaria\/#breadcrumb"},"inLanguage":"pt-BR","potentialAction":[{"@type":"ReadAction","target":["https:\/\/www.notibras.com\/site\/faustao-26-anos-com-seu-domingao-e-todo-mes-5-milhoes-na-conta-bancaria\/"]}]},{"@type":"ImageObject","inLanguage":"pt-BR","@id":"https:\/\/www.notibras.com\/site\/faustao-26-anos-com-seu-domingao-e-todo-mes-5-milhoes-na-conta-bancaria\/#primaryimage","url":"https:\/\/www.notibras.com\/site\/wp-content\/uploads\/2015\/03\/Faust\u00e3o_Globo.jpg","contentUrl":"https:\/\/www.notibras.com\/site\/wp-content\/uploads\/2015\/03\/Faust\u00e3o_Globo.jpg","width":615,"height":468,"caption":"Foto: Divulga\u00e7\u00e3o"},{"@type":"BreadcrumbList","@id":"https:\/\/www.notibras.com\/site\/faustao-26-anos-com-seu-domingao-e-todo-mes-5-milhoes-na-conta-bancaria\/#breadcrumb","itemListElement":[{"@type":"ListItem","position":1,"name":"In\u00edcio","item":"https:\/\/www.notibras.com\/site\/"},{"@type":"ListItem","position":2,"name":"Faust\u00e3o, 26 anos no Doming\u00e3o e todo m\u00eas 5 milh\u00f5es na conta"}]},{"@type":"WebSite","@id":"https:\/\/www.notibras.com\/site\/#website","url":"https:\/\/www.notibras.com\/site\/","name":"Notibras","description":"Not\u00edcias de Bras\u00edlia, do Brasil e do Mundo","publisher":{"@id":"https:\/\/www.notibras.com\/site\/#organization"},"potentialAction":[{"@type":"SearchAction","target":{"@type":"EntryPoint","urlTemplate":"https:\/\/www.notibras.com\/site\/?s={search_term_string}"},"query-input":{"@type":"PropertyValueSpecification","valueRequired":true,"valueName":"search_term_string"}}],"inLanguage":"pt-BR"},{"@type":"Organization","@id":"https:\/\/www.notibras.com\/site\/#organization","name":"Grupo Notibras de Comunica\u00e7\u00e3o","url":"https:\/\/www.notibras.com\/site\/","logo":{"@type":"ImageObject","inLanguage":"pt-BR","@id":"https:\/\/www.notibras.com\/site\/#\/schema\/logo\/image\/","url":"https:\/\/www.notibras.com\/site\/wp-content\/uploads\/2023\/01\/notibras23.png","contentUrl":"https:\/\/www.notibras.com\/site\/wp-content\/uploads\/2023\/01\/notibras23.png","width":350,"height":87,"caption":"Grupo Notibras de Comunica\u00e7\u00e3o"},"image":{"@id":"https:\/\/www.notibras.com\/site\/#\/schema\/logo\/image\/"},"sameAs":["https:\/\/www.facebook.com\/notibras\/","https:\/\/x.com\/Notibras","https:\/\/www.instagram.com\/notibras\/"]},{"@type":"Person","@id":"https:\/\/www.notibras.com\/site\/#\/schema\/person\/36ab0979449956132d3e5b517ea76ac8","name":"Reda\u00e7\u00e3o","image":{"@type":"ImageObject","inLanguage":"pt-BR","@id":"https:\/\/secure.gravatar.com\/avatar\/e0a867bdedb85fd243eadf09663511f96fc81e0720a4a42581f334ad4303aa6b?s=96&d=mm&r=g","url":"https:\/\/secure.gravatar.com\/avatar\/e0a867bdedb85fd243eadf09663511f96fc81e0720a4a42581f334ad4303aa6b?s=96&d=mm&r=g","contentUrl":"https:\/\/secure.gravatar.com\/avatar\/e0a867bdedb85fd243eadf09663511f96fc81e0720a4a42581f334ad4303aa6b?s=96&d=mm&r=g","caption":"Reda\u00e7\u00e3o"}}]}},"amp_enabled":true,"_links":{"self":[{"href":"https:\/\/www.notibras.com\/site\/wp-json\/wp\/v2\/posts\/38619","targetHints":{"allow":["GET"]}}],"collection":[{"href":"https:\/\/www.notibras.com\/site\/wp-json\/wp\/v2\/posts"}],"about":[{"href":"https:\/\/www.notibras.com\/site\/wp-json\/wp\/v2\/types\/post"}],"author":[{"embeddable":true,"href":"https:\/\/www.notibras.com\/site\/wp-json\/wp\/v2\/users\/2"}],"replies":[{"embeddable":true,"href":"https:\/\/www.notibras.com\/site\/wp-json\/wp\/v2\/comments?post=38619"}],"version-history":[{"count":0,"href":"https:\/\/www.notibras.com\/site\/wp-json\/wp\/v2\/posts\/38619\/revisions"}],"wp:featuredmedia":[{"embeddable":true,"href":"https:\/\/www.notibras.com\/site\/wp-json\/wp\/v2\/media\/38620"}],"wp:attachment":[{"href":"https:\/\/www.notibras.com\/site\/wp-json\/wp\/v2\/media?parent=38619"}],"wp:term":[{"taxonomy":"category","embeddable":true,"href":"https:\/\/www.notibras.com\/site\/wp-json\/wp\/v2\/categories?post=38619"},{"taxonomy":"post_tag","embeddable":true,"href":"https:\/\/www.notibras.com\/site\/wp-json\/wp\/v2\/tags?post=38619"}],"curies":[{"name":"wp","href":"https:\/\/api.w.org\/{rel}","templated":true}]}}