{"id":386197,"date":"2026-03-09T00:30:53","date_gmt":"2026-03-09T03:30:53","guid":{"rendered":"https:\/\/www.notibras.com\/site\/?p=386197"},"modified":"2026-03-08T21:02:48","modified_gmt":"2026-03-09T00:02:48","slug":"unidades-de-ensino-superior-registram-alta-de-77-nas-matriculas-em-seis-anos","status":"publish","type":"post","link":"https:\/\/www.notibras.com\/site\/unidades-de-ensino-superior-registram-alta-de-77-nas-matriculas-em-seis-anos\/","title":{"rendered":"Unidades de ensino superior registram alta de 77% nas matr\u00edculas em seis anos"},"content":{"rendered":"<p>O n\u00famero de estudantes matriculados na rede p\u00fablica de ensino superior do Distrito Federal cresceu 77% entre 2019 e 2024, passando de 773 para 1.371 alunos, segundo o Censo da Educa\u00e7\u00e3o Superior. O total re\u00fane matr\u00edculas da Universidade do Distrito Federal (UnDF), da Escola Superior de Ci\u00eancias da Sa\u00fade (Escs) e da Escola de Governo (ESG), todas gerenciadas pelo Governo do Distrito Federal (GDF). A expans\u00e3o \u00e9 puxada principalmente pela UnDF, que ampliou cursos e vagas a partir de 2022.<\/p>\n<p>Dados do Censo da Educa\u00e7\u00e3o Superior tamb\u00e9m apontam crescimento na forma\u00e7\u00e3o de profissionais. Entre 2019 e 2024, as institui\u00e7\u00f5es p\u00fablicas do DF diplomaram 929 estudantes. O n\u00famero anual de concluintes subiu de 123, em 2019, para 191 em 2024. &#8220;N\u00f3s t\u00ednhamos uma determina\u00e7\u00e3o legal, prevista no Plano Distrital de Educa\u00e7\u00e3o, de ampliar a oferta p\u00fablica e implantar a universidade. O DF j\u00e1 previa, h\u00e1 muitos anos, um sistema p\u00fablico distrital de educa\u00e7\u00e3o superior\u201d, afirma a reitora pro tempore da UnDF, Simone Benck. \u201cA lei cria a universidade, cria a carreira docente e tamb\u00e9m o fundo, com recursos vinculados e cumulativos, para dar estrutura e sustenta\u00e7\u00e3o \u00e0 institui\u00e7\u00e3o.\u201d<\/p>\n<p>A UnDF foi criada em 2021, com normas que estruturaram a institui\u00e7\u00e3o, a carreira do magist\u00e9rio superior e o fundo da universidade. A partir de 2022, avan\u00e7ou com estatuto, regimento interno, concurso para docentes e elabora\u00e7\u00e3o dos projetos pedag\u00f3gicos.<\/p>\n<p>Em 2023, abriu nove cursos de gradua\u00e7\u00e3o, com 360 vagas, e consolidou o campus do Lago Norte, al\u00e9m de iniciar pol\u00edticas de assist\u00eancia estudantil e sistemas acad\u00eamicos. Segundo balan\u00e7o institucional da universidade, o total de estudantes na UnDF chegou a 1.025 em 2023, ultrapassou 1,3 mil em 2024 e chegou a 1.955 em 2025. No mesmo per\u00edodo, a oferta de cursos cresceu de dois para 19, com amplia\u00e7\u00e3o de bolsas de assist\u00eancia, inicia\u00e7\u00e3o cient\u00edfica e extens\u00e3o. As atividades se distribuem hoje em unidades no Lago Norte, Asa Norte e Samambaia, com previs\u00e3o de expans\u00e3o para Ceil\u00e2ndia.<\/p>\n<p><strong>Refor\u00e7o de pessoal e novo campus<\/strong><\/p>\n<p>Para sustentar a amplia\u00e7\u00e3o, o Governo do Distrito Federal autorizou a nomea\u00e7\u00e3o de 110 docentes e 35 t\u00e9cnicos para refor\u00e7ar o quadro da UnDF. Na infraestrutura, h\u00e1 previs\u00e3o de investimento de cerca de R$ 25 milh\u00f5es em 2026 para fortalecer a estrutura acad\u00eamica e viabilizar a implanta\u00e7\u00e3o do campus de Ceil\u00e2ndia.<\/p>\n<p>O GDF tamb\u00e9m firmou contrato de aluguel de um pr\u00e9dio privado na regi\u00e3o, no valor de R$ 110,5 milh\u00f5es distribu\u00eddos em cinco anos, como parte da estrat\u00e9gia para estruturar a nova unidade. A expectativa \u00e9 que o campus entre em funcionamento ainda neste ano, com cursos como Nutri\u00e7\u00e3o, Enfermagem e licenciaturas.<\/p>\n<p>A reitora afirma que a expans\u00e3o busca aproximar a universidade das regi\u00f5es com maior demanda por vagas. \u201cLevar a UnDF para Ceil\u00e2ndia significa reconhecer um bols\u00e3o com muitos jovens que concluem o ensino m\u00e9dio e que t\u00eam poucas perspectivas de ingressar na universidade ou no mercado de trabalho. A oferta p\u00fablica precisa chegar onde a necessidade \u00e9 maior.\u201d<\/p>\n<p><strong>Pesquisa, extens\u00e3o e perman\u00eancia<\/strong><\/p>\n<p>A UnDF ampliou os programas de bolsas de inicia\u00e7\u00e3o cient\u00edfica e inova\u00e7\u00e3o, dobrando de 30 para 60 bolsas em 2025. No mesmo per\u00edodo, tamb\u00e9m expandiu projetos de extens\u00e3o e programas de pesquisa.<\/p>\n<p>Al\u00e9m da amplia\u00e7\u00e3o de vagas, a universidade aponta a perman\u00eancia estudantil como um dos principais desafios do ensino superior. \u201cA universidade n\u00e3o pode ter como meta apenas abrir vagas. Ela precisa olhar para quem permanece e conclui\u201d, diz Simone Benck.<\/p>\n<p>Desde os primeiros ingressos, a universidade implantou aux\u00edlios como perman\u00eancia, transporte e creche, al\u00e9m de a\u00e7\u00f5es de sa\u00fade mental e incentivo \u00e0 participa\u00e7\u00e3o em projetos de pesquisa, extens\u00e3o e est\u00e1gios.<\/p>\n<p><strong>Viv\u00eancia dos estudantes<\/strong><\/p>\n<p>No campus do Lago Norte, a estudante Rayane Christine Sousa Silva, do segundo semestre de Gest\u00e3o Ambiental, conseguiu retomar o projeto de cursar o ensino superior depois de precisar interromper outra gradua\u00e7\u00e3o. Ela chegou a iniciar biologia em outra institui\u00e7\u00e3o, mas precisou abandonar o curso para conseguir trabalhar. \u201cL\u00e1 era per\u00edodo integral e eu n\u00e3o consegui continuar\u201d, conta.<\/p>\n<p>Na UnDF, essa realidade mudou. A estudante passou a ter uma carga hor\u00e1ria de meio per\u00edodo e conseguiu conciliar trabalho e estudos. \u201cAqui se encaixou na minha rotina. Facilitou muito. Sem falar da estrutura daqui, que est\u00e1 \u00f3tima. Sempre que a gente precisa de apoio, a secretaria e os setores da universidade ajudam\u201d, acrescenta Rayane. Gra\u00e7as ao apoio e acolhimento da universidade, os planos para a aluna s\u00e3o ainda maiores: \u201cQuero me formar aqui e depois fazer p\u00f3s-gradua\u00e7\u00e3o tamb\u00e9m.\u201d<\/p>\n<p>Tamb\u00e9m no in\u00edcio da gradua\u00e7\u00e3o, a estudante Ana Lu\u00edsa Ogliari decidiu mudar de faculdade para ingressar na Universidade do Distrito Federal. Ela cursava psicologia em uma institui\u00e7\u00e3o privada e estava no terceiro semestre quando participou do processo seletivo da UnDF.<\/p>\n<p>\u201cQuando saiu o resultado, fiquei muito animada e esperan\u00e7osa de entrar. Pesei os pr\u00f3s e contras e percebi que valia muito a pena vir para c\u00e1\u201d, conta Ana Lu\u00edsa, que faz parte da primeira turma de psicologia da universidade.<\/p>\n<p>Para ela, as atividades de pesquisa, extens\u00e3o e projetos acad\u00eamicos \u2014 caracter\u00edsticas pr\u00f3prias de uma universidade \u2014 foram decisivas na escolha. \u201cA forma\u00e7\u00e3o \u00e9 muito voltada para a pr\u00e1tica e para a sociedade. A gente n\u00e3o fica s\u00f3 no conte\u00fado te\u00f3rico. Aqui trabalhamos mais com a aplica\u00e7\u00e3o do que aprendemos e com a realidade social.\u201d<\/p>\n<p>Assim como a colega Rayane, os planos acad\u00eamicos de Ana Lu\u00edsa ainda est\u00e3o em constru\u00e7\u00e3o: \u201cQuero fazer mestrado e doutorado. A psicologia tem muitas possibilidades e ainda estou conhecendo melhor cada \u00e1rea.\u201d<\/p>\n<p><strong>Novas oportunidades de ingresso<\/strong><\/p>\n<p>A universidade tem lan\u00e7ado editais para ampliar o acesso. Entre as a\u00e7\u00f5es previstas est\u00e1 a oferta de 214 vagas remanescentes para o primeiro semestre de 2026, al\u00e9m de novos processos seletivos voltados \u00e0 ocupa\u00e7\u00e3o de vagas dispon\u00edveis nos cursos.<\/p>\n<p>A nova unidade prevista para Ceil\u00e2ndia deve ampliar a oferta de vagas na rede p\u00fablica de ensino superior do DF.<\/p>\n","protected":false},"excerpt":{"rendered":"<p>O n\u00famero de estudantes matriculados na rede p\u00fablica de ensino superior do Distrito Federal cresceu 77% entre 2019 e 2024, passando de 773 para 1.371 alunos, segundo o Censo da Educa\u00e7\u00e3o Superior. O total re\u00fane matr\u00edculas da Universidade do Distrito Federal (UnDF), da Escola Superior de Ci\u00eancias da Sa\u00fade (Escs) e da Escola de Governo [&hellip;]<\/p>\n","protected":false},"author":21,"featured_media":386199,"comment_status":"closed","ping_status":"closed","sticky":false,"template":"","format":"standard","meta":{"_acf_changed":false,"footnotes":""},"categories":[161],"tags":[],"class_list":["post-386197","post","type-post","status-publish","format-standard","has-post-thumbnail","hentry","category-quadradinho-em-foco"],"acf":[],"yoast_head":"<!-- This site is optimized with the Yoast SEO plugin v27.2 - https:\/\/yoast.com\/product\/yoast-seo-wordpress\/ -->\n<title>Unidades de ensino superior registram alta de 77% nas matr\u00edculas em seis anos - Notibras<\/title>\n<meta name=\"robots\" content=\"index, follow, max-snippet:-1, max-image-preview:large, max-video-preview:-1\" \/>\n<link rel=\"canonical\" href=\"https:\/\/www.notibras.com\/site\/unidades-de-ensino-superior-registram-alta-de-77-nas-matriculas-em-seis-anos\/\" \/>\n<meta property=\"og:locale\" content=\"pt_BR\" \/>\n<meta property=\"og:type\" content=\"article\" \/>\n<meta property=\"og:title\" content=\"Unidades de ensino superior registram alta de 77% nas matr\u00edculas em seis anos - Notibras\" \/>\n<meta property=\"og:description\" content=\"O n\u00famero de estudantes matriculados na rede p\u00fablica de ensino superior do Distrito Federal cresceu 77% entre 2019 e 2024, passando de 773 para 1.371 alunos, segundo o Censo da Educa\u00e7\u00e3o Superior. O total re\u00fane matr\u00edculas da Universidade do Distrito Federal (UnDF), da Escola Superior de Ci\u00eancias da Sa\u00fade (Escs) e da Escola de Governo [&hellip;]\" \/>\n<meta property=\"og:url\" content=\"https:\/\/www.notibras.com\/site\/unidades-de-ensino-superior-registram-alta-de-77-nas-matriculas-em-seis-anos\/\" \/>\n<meta property=\"og:site_name\" content=\"Notibras\" \/>\n<meta property=\"article:publisher\" content=\"https:\/\/www.facebook.com\/notibras\/\" \/>\n<meta property=\"article:published_time\" content=\"2026-03-09T03:30:53+00:00\" \/>\n<meta property=\"og:image\" content=\"https:\/\/www.notibras.com\/site\/wp-content\/uploads\/2026\/03\/Dentro-1-105.jpg\" \/>\n\t<meta property=\"og:image:width\" content=\"1181\" \/>\n\t<meta property=\"og:image:height\" content=\"784\" \/>\n\t<meta property=\"og:image:type\" content=\"image\/jpeg\" \/>\n<meta name=\"author\" content=\"Eduardo Mart\u00ednez\" \/>\n<meta name=\"twitter:card\" content=\"summary_large_image\" \/>\n<meta name=\"twitter:creator\" content=\"@Notibras\" \/>\n<meta name=\"twitter:site\" content=\"@Notibras\" \/>\n<meta name=\"twitter:label1\" content=\"Escrito por\" \/>\n\t<meta name=\"twitter:data1\" content=\"Eduardo Mart\u00ednez\" \/>\n\t<meta name=\"twitter:label2\" content=\"Est. tempo de leitura\" \/>\n\t<meta name=\"twitter:data2\" content=\"6 minutos\" \/>\n<script type=\"application\/ld+json\" class=\"yoast-schema-graph\">{\"@context\":\"https:\/\/schema.org\",\"@graph\":[{\"@type\":\"Article\",\"@id\":\"https:\/\/www.notibras.com\/site\/unidades-de-ensino-superior-registram-alta-de-77-nas-matriculas-em-seis-anos\/#article\",\"isPartOf\":{\"@id\":\"https:\/\/www.notibras.com\/site\/unidades-de-ensino-superior-registram-alta-de-77-nas-matriculas-em-seis-anos\/\"},\"author\":{\"name\":\"Eduardo Mart\u00ednez\",\"@id\":\"https:\/\/www.notibras.com\/site\/#\/schema\/person\/5b7fabf2aedc3ada2105f03b22b4d3dd\"},\"headline\":\"Unidades de ensino superior registram alta de 77% nas matr\u00edculas em seis anos\",\"datePublished\":\"2026-03-09T03:30:53+00:00\",\"mainEntityOfPage\":{\"@id\":\"https:\/\/www.notibras.com\/site\/unidades-de-ensino-superior-registram-alta-de-77-nas-matriculas-em-seis-anos\/\"},\"wordCount\":1063,\"publisher\":{\"@id\":\"https:\/\/www.notibras.com\/site\/#organization\"},\"image\":{\"@id\":\"https:\/\/www.notibras.com\/site\/unidades-de-ensino-superior-registram-alta-de-77-nas-matriculas-em-seis-anos\/#primaryimage\"},\"thumbnailUrl\":\"https:\/\/www.notibras.com\/site\/wp-content\/uploads\/2026\/03\/Dentro-1-105.jpg\",\"articleSection\":[\"Quadradinho em Foco\"],\"inLanguage\":\"pt-BR\"},{\"@type\":\"WebPage\",\"@id\":\"https:\/\/www.notibras.com\/site\/unidades-de-ensino-superior-registram-alta-de-77-nas-matriculas-em-seis-anos\/\",\"url\":\"https:\/\/www.notibras.com\/site\/unidades-de-ensino-superior-registram-alta-de-77-nas-matriculas-em-seis-anos\/\",\"name\":\"Unidades de ensino superior registram alta de 77% nas matr\u00edculas em seis anos - Notibras\",\"isPartOf\":{\"@id\":\"https:\/\/www.notibras.com\/site\/#website\"},\"primaryImageOfPage\":{\"@id\":\"https:\/\/www.notibras.com\/site\/unidades-de-ensino-superior-registram-alta-de-77-nas-matriculas-em-seis-anos\/#primaryimage\"},\"image\":{\"@id\":\"https:\/\/www.notibras.com\/site\/unidades-de-ensino-superior-registram-alta-de-77-nas-matriculas-em-seis-anos\/#primaryimage\"},\"thumbnailUrl\":\"https:\/\/www.notibras.com\/site\/wp-content\/uploads\/2026\/03\/Dentro-1-105.jpg\",\"datePublished\":\"2026-03-09T03:30:53+00:00\",\"breadcrumb\":{\"@id\":\"https:\/\/www.notibras.com\/site\/unidades-de-ensino-superior-registram-alta-de-77-nas-matriculas-em-seis-anos\/#breadcrumb\"},\"inLanguage\":\"pt-BR\",\"potentialAction\":[{\"@type\":\"ReadAction\",\"target\":[\"https:\/\/www.notibras.com\/site\/unidades-de-ensino-superior-registram-alta-de-77-nas-matriculas-em-seis-anos\/\"]}]},{\"@type\":\"ImageObject\",\"inLanguage\":\"pt-BR\",\"@id\":\"https:\/\/www.notibras.com\/site\/unidades-de-ensino-superior-registram-alta-de-77-nas-matriculas-em-seis-anos\/#primaryimage\",\"url\":\"https:\/\/www.notibras.com\/site\/wp-content\/uploads\/2026\/03\/Dentro-1-105.jpg\",\"contentUrl\":\"https:\/\/www.notibras.com\/site\/wp-content\/uploads\/2026\/03\/Dentro-1-105.jpg\",\"width\":1181,\"height\":784},{\"@type\":\"BreadcrumbList\",\"@id\":\"https:\/\/www.notibras.com\/site\/unidades-de-ensino-superior-registram-alta-de-77-nas-matriculas-em-seis-anos\/#breadcrumb\",\"itemListElement\":[{\"@type\":\"ListItem\",\"position\":1,\"name\":\"In\u00edcio\",\"item\":\"https:\/\/www.notibras.com\/site\/\"},{\"@type\":\"ListItem\",\"position\":2,\"name\":\"Unidades de ensino superior registram alta de 77% nas matr\u00edculas em seis anos\"}]},{\"@type\":\"WebSite\",\"@id\":\"https:\/\/www.notibras.com\/site\/#website\",\"url\":\"https:\/\/www.notibras.com\/site\/\",\"name\":\"Notibras\",\"description\":\"Not\u00edcias de Bras\u00edlia, do Brasil e do Mundo\",\"publisher\":{\"@id\":\"https:\/\/www.notibras.com\/site\/#organization\"},\"potentialAction\":[{\"@type\":\"SearchAction\",\"target\":{\"@type\":\"EntryPoint\",\"urlTemplate\":\"https:\/\/www.notibras.com\/site\/?s={search_term_string}\"},\"query-input\":{\"@type\":\"PropertyValueSpecification\",\"valueRequired\":true,\"valueName\":\"search_term_string\"}}],\"inLanguage\":\"pt-BR\"},{\"@type\":\"Organization\",\"@id\":\"https:\/\/www.notibras.com\/site\/#organization\",\"name\":\"Grupo Notibras de Comunica\u00e7\u00e3o\",\"url\":\"https:\/\/www.notibras.com\/site\/\",\"logo\":{\"@type\":\"ImageObject\",\"inLanguage\":\"pt-BR\",\"@id\":\"https:\/\/www.notibras.com\/site\/#\/schema\/logo\/image\/\",\"url\":\"https:\/\/www.notibras.com\/site\/wp-content\/uploads\/2023\/01\/notibras23.png\",\"contentUrl\":\"https:\/\/www.notibras.com\/site\/wp-content\/uploads\/2023\/01\/notibras23.png\",\"width\":350,\"height\":87,\"caption\":\"Grupo Notibras de Comunica\u00e7\u00e3o\"},\"image\":{\"@id\":\"https:\/\/www.notibras.com\/site\/#\/schema\/logo\/image\/\"},\"sameAs\":[\"https:\/\/www.facebook.com\/notibras\/\",\"https:\/\/x.com\/Notibras\",\"https:\/\/www.instagram.com\/notibras\/\"]},{\"@type\":\"Person\",\"@id\":\"https:\/\/www.notibras.com\/site\/#\/schema\/person\/5b7fabf2aedc3ada2105f03b22b4d3dd\",\"name\":\"Eduardo Mart\u00ednez\",\"image\":{\"@type\":\"ImageObject\",\"inLanguage\":\"pt-BR\",\"@id\":\"https:\/\/secure.gravatar.com\/avatar\/7902f906289926289cbcda644b5197c796b893c6ffd7b9a536a42d290f7704a0?s=96&d=mm&r=g\",\"url\":\"https:\/\/secure.gravatar.com\/avatar\/7902f906289926289cbcda644b5197c796b893c6ffd7b9a536a42d290f7704a0?s=96&d=mm&r=g\",\"contentUrl\":\"https:\/\/secure.gravatar.com\/avatar\/7902f906289926289cbcda644b5197c796b893c6ffd7b9a536a42d290f7704a0?s=96&d=mm&r=g\",\"caption\":\"Eduardo Mart\u00ednez\"}}]}<\/script>\n<!-- \/ Yoast SEO plugin. -->","yoast_head_json":{"title":"Unidades de ensino superior registram alta de 77% nas matr\u00edculas em seis anos - Notibras","robots":{"index":"index","follow":"follow","max-snippet":"max-snippet:-1","max-image-preview":"max-image-preview:large","max-video-preview":"max-video-preview:-1"},"canonical":"https:\/\/www.notibras.com\/site\/unidades-de-ensino-superior-registram-alta-de-77-nas-matriculas-em-seis-anos\/","og_locale":"pt_BR","og_type":"article","og_title":"Unidades de ensino superior registram alta de 77% nas matr\u00edculas em seis anos - Notibras","og_description":"O n\u00famero de estudantes matriculados na rede p\u00fablica de ensino superior do Distrito Federal cresceu 77% entre 2019 e 2024, passando de 773 para 1.371 alunos, segundo o Censo da Educa\u00e7\u00e3o Superior. O total re\u00fane matr\u00edculas da Universidade do Distrito Federal (UnDF), da Escola Superior de Ci\u00eancias da Sa\u00fade (Escs) e da Escola de Governo [&hellip;]","og_url":"https:\/\/www.notibras.com\/site\/unidades-de-ensino-superior-registram-alta-de-77-nas-matriculas-em-seis-anos\/","og_site_name":"Notibras","article_publisher":"https:\/\/www.facebook.com\/notibras\/","article_published_time":"2026-03-09T03:30:53+00:00","og_image":[{"width":1181,"height":784,"url":"https:\/\/www.notibras.com\/site\/wp-content\/uploads\/2026\/03\/Dentro-1-105.jpg","type":"image\/jpeg"}],"author":"Eduardo Mart\u00ednez","twitter_card":"summary_large_image","twitter_creator":"@Notibras","twitter_site":"@Notibras","twitter_misc":{"Escrito por":"Eduardo Mart\u00ednez","Est. tempo de leitura":"6 minutos"},"schema":{"@context":"https:\/\/schema.org","@graph":[{"@type":"Article","@id":"https:\/\/www.notibras.com\/site\/unidades-de-ensino-superior-registram-alta-de-77-nas-matriculas-em-seis-anos\/#article","isPartOf":{"@id":"https:\/\/www.notibras.com\/site\/unidades-de-ensino-superior-registram-alta-de-77-nas-matriculas-em-seis-anos\/"},"author":{"name":"Eduardo Mart\u00ednez","@id":"https:\/\/www.notibras.com\/site\/#\/schema\/person\/5b7fabf2aedc3ada2105f03b22b4d3dd"},"headline":"Unidades de ensino superior registram alta de 77% nas matr\u00edculas em seis anos","datePublished":"2026-03-09T03:30:53+00:00","mainEntityOfPage":{"@id":"https:\/\/www.notibras.com\/site\/unidades-de-ensino-superior-registram-alta-de-77-nas-matriculas-em-seis-anos\/"},"wordCount":1063,"publisher":{"@id":"https:\/\/www.notibras.com\/site\/#organization"},"image":{"@id":"https:\/\/www.notibras.com\/site\/unidades-de-ensino-superior-registram-alta-de-77-nas-matriculas-em-seis-anos\/#primaryimage"},"thumbnailUrl":"https:\/\/www.notibras.com\/site\/wp-content\/uploads\/2026\/03\/Dentro-1-105.jpg","articleSection":["Quadradinho em Foco"],"inLanguage":"pt-BR"},{"@type":"WebPage","@id":"https:\/\/www.notibras.com\/site\/unidades-de-ensino-superior-registram-alta-de-77-nas-matriculas-em-seis-anos\/","url":"https:\/\/www.notibras.com\/site\/unidades-de-ensino-superior-registram-alta-de-77-nas-matriculas-em-seis-anos\/","name":"Unidades de ensino superior registram alta de 77% nas matr\u00edculas em seis anos - Notibras","isPartOf":{"@id":"https:\/\/www.notibras.com\/site\/#website"},"primaryImageOfPage":{"@id":"https:\/\/www.notibras.com\/site\/unidades-de-ensino-superior-registram-alta-de-77-nas-matriculas-em-seis-anos\/#primaryimage"},"image":{"@id":"https:\/\/www.notibras.com\/site\/unidades-de-ensino-superior-registram-alta-de-77-nas-matriculas-em-seis-anos\/#primaryimage"},"thumbnailUrl":"https:\/\/www.notibras.com\/site\/wp-content\/uploads\/2026\/03\/Dentro-1-105.jpg","datePublished":"2026-03-09T03:30:53+00:00","breadcrumb":{"@id":"https:\/\/www.notibras.com\/site\/unidades-de-ensino-superior-registram-alta-de-77-nas-matriculas-em-seis-anos\/#breadcrumb"},"inLanguage":"pt-BR","potentialAction":[{"@type":"ReadAction","target":["https:\/\/www.notibras.com\/site\/unidades-de-ensino-superior-registram-alta-de-77-nas-matriculas-em-seis-anos\/"]}]},{"@type":"ImageObject","inLanguage":"pt-BR","@id":"https:\/\/www.notibras.com\/site\/unidades-de-ensino-superior-registram-alta-de-77-nas-matriculas-em-seis-anos\/#primaryimage","url":"https:\/\/www.notibras.com\/site\/wp-content\/uploads\/2026\/03\/Dentro-1-105.jpg","contentUrl":"https:\/\/www.notibras.com\/site\/wp-content\/uploads\/2026\/03\/Dentro-1-105.jpg","width":1181,"height":784},{"@type":"BreadcrumbList","@id":"https:\/\/www.notibras.com\/site\/unidades-de-ensino-superior-registram-alta-de-77-nas-matriculas-em-seis-anos\/#breadcrumb","itemListElement":[{"@type":"ListItem","position":1,"name":"In\u00edcio","item":"https:\/\/www.notibras.com\/site\/"},{"@type":"ListItem","position":2,"name":"Unidades de ensino superior registram alta de 77% nas matr\u00edculas em seis anos"}]},{"@type":"WebSite","@id":"https:\/\/www.notibras.com\/site\/#website","url":"https:\/\/www.notibras.com\/site\/","name":"Notibras","description":"Not\u00edcias de Bras\u00edlia, do Brasil e do Mundo","publisher":{"@id":"https:\/\/www.notibras.com\/site\/#organization"},"potentialAction":[{"@type":"SearchAction","target":{"@type":"EntryPoint","urlTemplate":"https:\/\/www.notibras.com\/site\/?s={search_term_string}"},"query-input":{"@type":"PropertyValueSpecification","valueRequired":true,"valueName":"search_term_string"}}],"inLanguage":"pt-BR"},{"@type":"Organization","@id":"https:\/\/www.notibras.com\/site\/#organization","name":"Grupo Notibras de Comunica\u00e7\u00e3o","url":"https:\/\/www.notibras.com\/site\/","logo":{"@type":"ImageObject","inLanguage":"pt-BR","@id":"https:\/\/www.notibras.com\/site\/#\/schema\/logo\/image\/","url":"https:\/\/www.notibras.com\/site\/wp-content\/uploads\/2023\/01\/notibras23.png","contentUrl":"https:\/\/www.notibras.com\/site\/wp-content\/uploads\/2023\/01\/notibras23.png","width":350,"height":87,"caption":"Grupo Notibras de Comunica\u00e7\u00e3o"},"image":{"@id":"https:\/\/www.notibras.com\/site\/#\/schema\/logo\/image\/"},"sameAs":["https:\/\/www.facebook.com\/notibras\/","https:\/\/x.com\/Notibras","https:\/\/www.instagram.com\/notibras\/"]},{"@type":"Person","@id":"https:\/\/www.notibras.com\/site\/#\/schema\/person\/5b7fabf2aedc3ada2105f03b22b4d3dd","name":"Eduardo Mart\u00ednez","image":{"@type":"ImageObject","inLanguage":"pt-BR","@id":"https:\/\/secure.gravatar.com\/avatar\/7902f906289926289cbcda644b5197c796b893c6ffd7b9a536a42d290f7704a0?s=96&d=mm&r=g","url":"https:\/\/secure.gravatar.com\/avatar\/7902f906289926289cbcda644b5197c796b893c6ffd7b9a536a42d290f7704a0?s=96&d=mm&r=g","contentUrl":"https:\/\/secure.gravatar.com\/avatar\/7902f906289926289cbcda644b5197c796b893c6ffd7b9a536a42d290f7704a0?s=96&d=mm&r=g","caption":"Eduardo Mart\u00ednez"}}]}},"amp_enabled":true,"_links":{"self":[{"href":"https:\/\/www.notibras.com\/site\/wp-json\/wp\/v2\/posts\/386197","targetHints":{"allow":["GET"]}}],"collection":[{"href":"https:\/\/www.notibras.com\/site\/wp-json\/wp\/v2\/posts"}],"about":[{"href":"https:\/\/www.notibras.com\/site\/wp-json\/wp\/v2\/types\/post"}],"author":[{"embeddable":true,"href":"https:\/\/www.notibras.com\/site\/wp-json\/wp\/v2\/users\/21"}],"replies":[{"embeddable":true,"href":"https:\/\/www.notibras.com\/site\/wp-json\/wp\/v2\/comments?post=386197"}],"version-history":[{"count":4,"href":"https:\/\/www.notibras.com\/site\/wp-json\/wp\/v2\/posts\/386197\/revisions"}],"predecessor-version":[{"id":386202,"href":"https:\/\/www.notibras.com\/site\/wp-json\/wp\/v2\/posts\/386197\/revisions\/386202"}],"wp:featuredmedia":[{"embeddable":true,"href":"https:\/\/www.notibras.com\/site\/wp-json\/wp\/v2\/media\/386199"}],"wp:attachment":[{"href":"https:\/\/www.notibras.com\/site\/wp-json\/wp\/v2\/media?parent=386197"}],"wp:term":[{"taxonomy":"category","embeddable":true,"href":"https:\/\/www.notibras.com\/site\/wp-json\/wp\/v2\/categories?post=386197"},{"taxonomy":"post_tag","embeddable":true,"href":"https:\/\/www.notibras.com\/site\/wp-json\/wp\/v2\/tags?post=386197"}],"curies":[{"name":"wp","href":"https:\/\/api.w.org\/{rel}","templated":true}]}}