{"id":386213,"date":"2026-03-11T04:00:41","date_gmt":"2026-03-11T07:00:41","guid":{"rendered":"https:\/\/www.notibras.com\/site\/?p=386213"},"modified":"2026-03-08T23:54:02","modified_gmt":"2026-03-09T02:54:02","slug":"o-cao-que-e-a-cara-do-brasil-inteligente-alegre-e-incansavel","status":"publish","type":"post","link":"https:\/\/www.notibras.com\/site\/o-cao-que-e-a-cara-do-brasil-inteligente-alegre-e-incansavel\/","title":{"rendered":"O c\u00e3o que \u00e9 a cara do Brasil \u2013 inteligente, alegre e incans\u00e1vel"},"content":{"rendered":"<p>Voc\u00ea provavelmente j\u00e1 viu um c\u00e3ozinho branco com manchas pretas e marrons correndo alegremente por a\u00ed. Esse \u00e9 o Terrier Brasileiro, ou Fox Paulistinha, uma ra\u00e7a que nasceu nas fazendas de caf\u00e9 e hoje \u00e9 um dos moradores mais queridos dos apartamentos e casas de todo o pa\u00eds.<\/p>\n<p>A hist\u00f3ria dessa ra\u00e7a \u00e9 curiosa: ela surgiu quando filhos de fazendeiros voltavam da Europa com c\u00e3ezinhos pequenos de ca\u00e7a. Esses c\u00e3es cruzaram com animais locais e criaram um bicho resistente, que n\u00e3o teme o calor do Brasil e est\u00e1 sempre pronto para a pr\u00f3xima aventura com a fam\u00edlia.<\/p>\n<p>Diferente de ra\u00e7as que s\u00e3o mais &#8220;pregui\u00e7osas&#8221;, o Fox Paulistinha \u00e9 puro movimento. Ele \u00e9 conhecido por ser o &#8220;cachorro 220 volts&#8221;, sempre atento a qualquer barulho e pronto para brincar. Por ser muito inteligente, ele aprende truques r\u00e1pido, mas tamb\u00e9m pode ser um pouco &#8220;arteiro&#8221; se ficar entediado.<\/p>\n<p>O dono ideal para esse c\u00e3o \u00e9 algu\u00e9m que goste de interagir. Ele n\u00e3o \u00e9 um enfeite de jardim; ele quer estar onde voc\u00ea est\u00e1. Se voc\u00ea busca um companheiro para caminhadas no parque ou para te avisar quando algu\u00e9m chega no port\u00e3o, ele \u00e9 a escolha perfeita.<\/p>\n<p>Apesar de toda a energia, ele \u00e9 um c\u00e3o muito f\u00e1cil de cuidar no dia a dia. Como o pelo \u00e9 bem curtinho e liso, ele quase n\u00e3o d\u00e1 trabalho com banhos e n\u00e3o precisa de idas frequentes ao pet shop para tosar. Uma escova\u00e7\u00e3o r\u00e1pida em casa j\u00e1 resolve o problema.<\/p>\n<p>Na sa\u00fade, ele \u00e9 considerado um &#8220;tanque de guerra&#8221;. \u00c9 uma ra\u00e7a muito r\u00fastica que raramente fica doente. Por\u00e9m, como todo atleta, ele precisa de uma boa ra\u00e7\u00e3o para manter os m\u00fasculos fortes e as articula\u00e7\u00f5es saud\u00e1veis ao longo dos anos.<\/p>\n<p>Dicas de Ouro para Cuidar do seu Fox Paulistinha<\/p>\n<p>Para garantir que seu amig\u00e3o viva feliz e saud\u00e1vel, separamos quatro cuidados essenciais que todo dono de Terrier Brasileiro deve saber:<\/p>\n<p>1. Gaste a energia (mental e f\u00edsica): N\u00e3o basta s\u00f3 caminhar. Esse c\u00e3o precisa de desafios. Brinquedos recheados com petiscos ou esconder objetos para ele achar ajudam a evitar que ele morda os m\u00f3veis por t\u00e9dio.<\/p>\n<p>2. Cuidado com o frio e o sol: Como o pelo \u00e9 muito curto, eles sentem frio facilmente no inverno. Uma roupinha \u00e9 bem-vinda! No ver\u00e3o, evite o sol forte, pois as partes brancas da pele podem sofrer queimaduras.<\/p>\n<p>3. Socialize desde cedo: Por ser um c\u00e3o de alerta, ele pode latir demais para estranhos. Acostume seu filhote desde pequeno a ver outras pessoas e animais para que ele cres\u00e7a um adulto confiante e soci\u00e1vel.<\/p>\n<p>4. Check-up nos ouvidos: Como as orelhas dele s\u00e3o dobradinhas para a frente, \u00e9 importante olhar uma vez por semana se est\u00e3o limpas e sem cheiro forte, evitando assim as inc\u00f4modas otites (inflama\u00e7\u00f5es no ouvido).<\/p>\n<p>O Terrier Brasileiro \u00e9 a prova de que o que \u00e9 nacional \u00e9 bom. Ele \u00e9 um amigo fiel que vai te fazer sorrir todos os dias com suas palha\u00e7adas e sua lealdade sem tamanho. Se voc\u00ea quer alegria em casa, o Fox Paulistinha \u00e9 a resposta.<\/p>\n<p><strong>\u2026\u2026\u2026\u2026\u2026\u2026\u2026\u2026\u2026.<\/strong><\/p>\n<p><strong>Instagram: @leoobernar<\/strong><\/p>\n","protected":false},"excerpt":{"rendered":"<p>Voc\u00ea provavelmente j\u00e1 viu um c\u00e3ozinho branco com manchas pretas e marrons correndo alegremente por a\u00ed. Esse \u00e9 o Terrier Brasileiro, ou Fox Paulistinha, uma ra\u00e7a que nasceu nas fazendas de caf\u00e9 e hoje \u00e9 um dos moradores mais queridos dos apartamentos e casas de todo o pa\u00eds. A hist\u00f3ria dessa ra\u00e7a \u00e9 curiosa: ela [&hellip;]<\/p>\n","protected":false},"author":21,"featured_media":386214,"comment_status":"closed","ping_status":"closed","sticky":false,"template":"","format":"standard","meta":{"_acf_changed":false,"footnotes":""},"categories":[155],"tags":[],"class_list":["post-386213","post","type-post","status-publish","format-standard","has-post-thumbnail","hentry","category-leitura-vip"],"acf":[],"yoast_head":"<!-- This site is optimized with the Yoast SEO plugin v27.2 - https:\/\/yoast.com\/product\/yoast-seo-wordpress\/ -->\n<title>O c\u00e3o que \u00e9 a cara do Brasil \u2013 inteligente, alegre e incans\u00e1vel - Notibras<\/title>\n<meta name=\"robots\" content=\"index, follow, max-snippet:-1, max-image-preview:large, max-video-preview:-1\" \/>\n<link rel=\"canonical\" href=\"https:\/\/www.notibras.com\/site\/o-cao-que-e-a-cara-do-brasil-inteligente-alegre-e-incansavel\/\" \/>\n<meta property=\"og:locale\" content=\"pt_BR\" \/>\n<meta property=\"og:type\" content=\"article\" \/>\n<meta property=\"og:title\" content=\"O c\u00e3o que \u00e9 a cara do Brasil \u2013 inteligente, alegre e incans\u00e1vel - Notibras\" \/>\n<meta property=\"og:description\" content=\"Voc\u00ea provavelmente j\u00e1 viu um c\u00e3ozinho branco com manchas pretas e marrons correndo alegremente por a\u00ed. Esse \u00e9 o Terrier Brasileiro, ou Fox Paulistinha, uma ra\u00e7a que nasceu nas fazendas de caf\u00e9 e hoje \u00e9 um dos moradores mais queridos dos apartamentos e casas de todo o pa\u00eds. A hist\u00f3ria dessa ra\u00e7a \u00e9 curiosa: ela [&hellip;]\" \/>\n<meta property=\"og:url\" content=\"https:\/\/www.notibras.com\/site\/o-cao-que-e-a-cara-do-brasil-inteligente-alegre-e-incansavel\/\" \/>\n<meta property=\"og:site_name\" content=\"Notibras\" \/>\n<meta property=\"article:publisher\" content=\"https:\/\/www.facebook.com\/notibras\/\" \/>\n<meta property=\"article:published_time\" content=\"2026-03-11T07:00:41+00:00\" \/>\n<meta property=\"og:image\" content=\"https:\/\/www.notibras.com\/site\/wp-content\/uploads\/2026\/03\/e4cfce8b-1a5b-474b-bdfb-7623a66a1422.jpg\" \/>\n\t<meta property=\"og:image:width\" content=\"863\" \/>\n\t<meta property=\"og:image:height\" content=\"559\" \/>\n\t<meta property=\"og:image:type\" content=\"image\/jpeg\" \/>\n<meta name=\"author\" content=\"Eduardo Mart\u00ednez\" \/>\n<meta name=\"twitter:card\" content=\"summary_large_image\" \/>\n<meta name=\"twitter:creator\" content=\"@Notibras\" \/>\n<meta name=\"twitter:site\" content=\"@Notibras\" \/>\n<meta name=\"twitter:label1\" content=\"Escrito por\" \/>\n\t<meta name=\"twitter:data1\" content=\"Eduardo Mart\u00ednez\" \/>\n\t<meta name=\"twitter:label2\" content=\"Est. tempo de leitura\" \/>\n\t<meta name=\"twitter:data2\" content=\"4 minutos\" \/>\n<script type=\"application\/ld+json\" class=\"yoast-schema-graph\">{\"@context\":\"https:\/\/schema.org\",\"@graph\":[{\"@type\":\"Article\",\"@id\":\"https:\/\/www.notibras.com\/site\/o-cao-que-e-a-cara-do-brasil-inteligente-alegre-e-incansavel\/#article\",\"isPartOf\":{\"@id\":\"https:\/\/www.notibras.com\/site\/o-cao-que-e-a-cara-do-brasil-inteligente-alegre-e-incansavel\/\"},\"author\":{\"name\":\"Eduardo Mart\u00ednez\",\"@id\":\"https:\/\/www.notibras.com\/site\/#\/schema\/person\/5b7fabf2aedc3ada2105f03b22b4d3dd\"},\"headline\":\"O c\u00e3o que \u00e9 a cara do Brasil \u2013 inteligente, alegre e incans\u00e1vel\",\"datePublished\":\"2026-03-11T07:00:41+00:00\",\"mainEntityOfPage\":{\"@id\":\"https:\/\/www.notibras.com\/site\/o-cao-que-e-a-cara-do-brasil-inteligente-alegre-e-incansavel\/\"},\"wordCount\":551,\"publisher\":{\"@id\":\"https:\/\/www.notibras.com\/site\/#organization\"},\"image\":{\"@id\":\"https:\/\/www.notibras.com\/site\/o-cao-que-e-a-cara-do-brasil-inteligente-alegre-e-incansavel\/#primaryimage\"},\"thumbnailUrl\":\"https:\/\/www.notibras.com\/site\/wp-content\/uploads\/2026\/03\/e4cfce8b-1a5b-474b-bdfb-7623a66a1422.jpg\",\"articleSection\":[\"Leitura Vip\"],\"inLanguage\":\"pt-BR\"},{\"@type\":\"WebPage\",\"@id\":\"https:\/\/www.notibras.com\/site\/o-cao-que-e-a-cara-do-brasil-inteligente-alegre-e-incansavel\/\",\"url\":\"https:\/\/www.notibras.com\/site\/o-cao-que-e-a-cara-do-brasil-inteligente-alegre-e-incansavel\/\",\"name\":\"O c\u00e3o que \u00e9 a cara do Brasil \u2013 inteligente, alegre e incans\u00e1vel - Notibras\",\"isPartOf\":{\"@id\":\"https:\/\/www.notibras.com\/site\/#website\"},\"primaryImageOfPage\":{\"@id\":\"https:\/\/www.notibras.com\/site\/o-cao-que-e-a-cara-do-brasil-inteligente-alegre-e-incansavel\/#primaryimage\"},\"image\":{\"@id\":\"https:\/\/www.notibras.com\/site\/o-cao-que-e-a-cara-do-brasil-inteligente-alegre-e-incansavel\/#primaryimage\"},\"thumbnailUrl\":\"https:\/\/www.notibras.com\/site\/wp-content\/uploads\/2026\/03\/e4cfce8b-1a5b-474b-bdfb-7623a66a1422.jpg\",\"datePublished\":\"2026-03-11T07:00:41+00:00\",\"breadcrumb\":{\"@id\":\"https:\/\/www.notibras.com\/site\/o-cao-que-e-a-cara-do-brasil-inteligente-alegre-e-incansavel\/#breadcrumb\"},\"inLanguage\":\"pt-BR\",\"potentialAction\":[{\"@type\":\"ReadAction\",\"target\":[\"https:\/\/www.notibras.com\/site\/o-cao-que-e-a-cara-do-brasil-inteligente-alegre-e-incansavel\/\"]}]},{\"@type\":\"ImageObject\",\"inLanguage\":\"pt-BR\",\"@id\":\"https:\/\/www.notibras.com\/site\/o-cao-que-e-a-cara-do-brasil-inteligente-alegre-e-incansavel\/#primaryimage\",\"url\":\"https:\/\/www.notibras.com\/site\/wp-content\/uploads\/2026\/03\/e4cfce8b-1a5b-474b-bdfb-7623a66a1422.jpg\",\"contentUrl\":\"https:\/\/www.notibras.com\/site\/wp-content\/uploads\/2026\/03\/e4cfce8b-1a5b-474b-bdfb-7623a66a1422.jpg\",\"width\":863,\"height\":559},{\"@type\":\"BreadcrumbList\",\"@id\":\"https:\/\/www.notibras.com\/site\/o-cao-que-e-a-cara-do-brasil-inteligente-alegre-e-incansavel\/#breadcrumb\",\"itemListElement\":[{\"@type\":\"ListItem\",\"position\":1,\"name\":\"In\u00edcio\",\"item\":\"https:\/\/www.notibras.com\/site\/\"},{\"@type\":\"ListItem\",\"position\":2,\"name\":\"O c\u00e3o que \u00e9 a cara do Brasil \u2013 inteligente, alegre e incans\u00e1vel\"}]},{\"@type\":\"WebSite\",\"@id\":\"https:\/\/www.notibras.com\/site\/#website\",\"url\":\"https:\/\/www.notibras.com\/site\/\",\"name\":\"Notibras\",\"description\":\"Not\u00edcias de Bras\u00edlia, do Brasil e do Mundo\",\"publisher\":{\"@id\":\"https:\/\/www.notibras.com\/site\/#organization\"},\"potentialAction\":[{\"@type\":\"SearchAction\",\"target\":{\"@type\":\"EntryPoint\",\"urlTemplate\":\"https:\/\/www.notibras.com\/site\/?s={search_term_string}\"},\"query-input\":{\"@type\":\"PropertyValueSpecification\",\"valueRequired\":true,\"valueName\":\"search_term_string\"}}],\"inLanguage\":\"pt-BR\"},{\"@type\":\"Organization\",\"@id\":\"https:\/\/www.notibras.com\/site\/#organization\",\"name\":\"Grupo Notibras de Comunica\u00e7\u00e3o\",\"url\":\"https:\/\/www.notibras.com\/site\/\",\"logo\":{\"@type\":\"ImageObject\",\"inLanguage\":\"pt-BR\",\"@id\":\"https:\/\/www.notibras.com\/site\/#\/schema\/logo\/image\/\",\"url\":\"https:\/\/www.notibras.com\/site\/wp-content\/uploads\/2023\/01\/notibras23.png\",\"contentUrl\":\"https:\/\/www.notibras.com\/site\/wp-content\/uploads\/2023\/01\/notibras23.png\",\"width\":350,\"height\":87,\"caption\":\"Grupo Notibras de Comunica\u00e7\u00e3o\"},\"image\":{\"@id\":\"https:\/\/www.notibras.com\/site\/#\/schema\/logo\/image\/\"},\"sameAs\":[\"https:\/\/www.facebook.com\/notibras\/\",\"https:\/\/x.com\/Notibras\",\"https:\/\/www.instagram.com\/notibras\/\"]},{\"@type\":\"Person\",\"@id\":\"https:\/\/www.notibras.com\/site\/#\/schema\/person\/5b7fabf2aedc3ada2105f03b22b4d3dd\",\"name\":\"Eduardo Mart\u00ednez\",\"image\":{\"@type\":\"ImageObject\",\"inLanguage\":\"pt-BR\",\"@id\":\"https:\/\/secure.gravatar.com\/avatar\/7902f906289926289cbcda644b5197c796b893c6ffd7b9a536a42d290f7704a0?s=96&d=mm&r=g\",\"url\":\"https:\/\/secure.gravatar.com\/avatar\/7902f906289926289cbcda644b5197c796b893c6ffd7b9a536a42d290f7704a0?s=96&d=mm&r=g\",\"contentUrl\":\"https:\/\/secure.gravatar.com\/avatar\/7902f906289926289cbcda644b5197c796b893c6ffd7b9a536a42d290f7704a0?s=96&d=mm&r=g\",\"caption\":\"Eduardo Mart\u00ednez\"}}]}<\/script>\n<!-- \/ Yoast SEO plugin. -->","yoast_head_json":{"title":"O c\u00e3o que \u00e9 a cara do Brasil \u2013 inteligente, alegre e incans\u00e1vel - Notibras","robots":{"index":"index","follow":"follow","max-snippet":"max-snippet:-1","max-image-preview":"max-image-preview:large","max-video-preview":"max-video-preview:-1"},"canonical":"https:\/\/www.notibras.com\/site\/o-cao-que-e-a-cara-do-brasil-inteligente-alegre-e-incansavel\/","og_locale":"pt_BR","og_type":"article","og_title":"O c\u00e3o que \u00e9 a cara do Brasil \u2013 inteligente, alegre e incans\u00e1vel - Notibras","og_description":"Voc\u00ea provavelmente j\u00e1 viu um c\u00e3ozinho branco com manchas pretas e marrons correndo alegremente por a\u00ed. Esse \u00e9 o Terrier Brasileiro, ou Fox Paulistinha, uma ra\u00e7a que nasceu nas fazendas de caf\u00e9 e hoje \u00e9 um dos moradores mais queridos dos apartamentos e casas de todo o pa\u00eds. A hist\u00f3ria dessa ra\u00e7a \u00e9 curiosa: ela [&hellip;]","og_url":"https:\/\/www.notibras.com\/site\/o-cao-que-e-a-cara-do-brasil-inteligente-alegre-e-incansavel\/","og_site_name":"Notibras","article_publisher":"https:\/\/www.facebook.com\/notibras\/","article_published_time":"2026-03-11T07:00:41+00:00","og_image":[{"width":863,"height":559,"url":"https:\/\/www.notibras.com\/site\/wp-content\/uploads\/2026\/03\/e4cfce8b-1a5b-474b-bdfb-7623a66a1422.jpg","type":"image\/jpeg"}],"author":"Eduardo Mart\u00ednez","twitter_card":"summary_large_image","twitter_creator":"@Notibras","twitter_site":"@Notibras","twitter_misc":{"Escrito por":"Eduardo Mart\u00ednez","Est. tempo de leitura":"4 minutos"},"schema":{"@context":"https:\/\/schema.org","@graph":[{"@type":"Article","@id":"https:\/\/www.notibras.com\/site\/o-cao-que-e-a-cara-do-brasil-inteligente-alegre-e-incansavel\/#article","isPartOf":{"@id":"https:\/\/www.notibras.com\/site\/o-cao-que-e-a-cara-do-brasil-inteligente-alegre-e-incansavel\/"},"author":{"name":"Eduardo Mart\u00ednez","@id":"https:\/\/www.notibras.com\/site\/#\/schema\/person\/5b7fabf2aedc3ada2105f03b22b4d3dd"},"headline":"O c\u00e3o que \u00e9 a cara do Brasil \u2013 inteligente, alegre e incans\u00e1vel","datePublished":"2026-03-11T07:00:41+00:00","mainEntityOfPage":{"@id":"https:\/\/www.notibras.com\/site\/o-cao-que-e-a-cara-do-brasil-inteligente-alegre-e-incansavel\/"},"wordCount":551,"publisher":{"@id":"https:\/\/www.notibras.com\/site\/#organization"},"image":{"@id":"https:\/\/www.notibras.com\/site\/o-cao-que-e-a-cara-do-brasil-inteligente-alegre-e-incansavel\/#primaryimage"},"thumbnailUrl":"https:\/\/www.notibras.com\/site\/wp-content\/uploads\/2026\/03\/e4cfce8b-1a5b-474b-bdfb-7623a66a1422.jpg","articleSection":["Leitura Vip"],"inLanguage":"pt-BR"},{"@type":"WebPage","@id":"https:\/\/www.notibras.com\/site\/o-cao-que-e-a-cara-do-brasil-inteligente-alegre-e-incansavel\/","url":"https:\/\/www.notibras.com\/site\/o-cao-que-e-a-cara-do-brasil-inteligente-alegre-e-incansavel\/","name":"O c\u00e3o que \u00e9 a cara do Brasil \u2013 inteligente, alegre e incans\u00e1vel - Notibras","isPartOf":{"@id":"https:\/\/www.notibras.com\/site\/#website"},"primaryImageOfPage":{"@id":"https:\/\/www.notibras.com\/site\/o-cao-que-e-a-cara-do-brasil-inteligente-alegre-e-incansavel\/#primaryimage"},"image":{"@id":"https:\/\/www.notibras.com\/site\/o-cao-que-e-a-cara-do-brasil-inteligente-alegre-e-incansavel\/#primaryimage"},"thumbnailUrl":"https:\/\/www.notibras.com\/site\/wp-content\/uploads\/2026\/03\/e4cfce8b-1a5b-474b-bdfb-7623a66a1422.jpg","datePublished":"2026-03-11T07:00:41+00:00","breadcrumb":{"@id":"https:\/\/www.notibras.com\/site\/o-cao-que-e-a-cara-do-brasil-inteligente-alegre-e-incansavel\/#breadcrumb"},"inLanguage":"pt-BR","potentialAction":[{"@type":"ReadAction","target":["https:\/\/www.notibras.com\/site\/o-cao-que-e-a-cara-do-brasil-inteligente-alegre-e-incansavel\/"]}]},{"@type":"ImageObject","inLanguage":"pt-BR","@id":"https:\/\/www.notibras.com\/site\/o-cao-que-e-a-cara-do-brasil-inteligente-alegre-e-incansavel\/#primaryimage","url":"https:\/\/www.notibras.com\/site\/wp-content\/uploads\/2026\/03\/e4cfce8b-1a5b-474b-bdfb-7623a66a1422.jpg","contentUrl":"https:\/\/www.notibras.com\/site\/wp-content\/uploads\/2026\/03\/e4cfce8b-1a5b-474b-bdfb-7623a66a1422.jpg","width":863,"height":559},{"@type":"BreadcrumbList","@id":"https:\/\/www.notibras.com\/site\/o-cao-que-e-a-cara-do-brasil-inteligente-alegre-e-incansavel\/#breadcrumb","itemListElement":[{"@type":"ListItem","position":1,"name":"In\u00edcio","item":"https:\/\/www.notibras.com\/site\/"},{"@type":"ListItem","position":2,"name":"O c\u00e3o que \u00e9 a cara do Brasil \u2013 inteligente, alegre e incans\u00e1vel"}]},{"@type":"WebSite","@id":"https:\/\/www.notibras.com\/site\/#website","url":"https:\/\/www.notibras.com\/site\/","name":"Notibras","description":"Not\u00edcias de Bras\u00edlia, do Brasil e do Mundo","publisher":{"@id":"https:\/\/www.notibras.com\/site\/#organization"},"potentialAction":[{"@type":"SearchAction","target":{"@type":"EntryPoint","urlTemplate":"https:\/\/www.notibras.com\/site\/?s={search_term_string}"},"query-input":{"@type":"PropertyValueSpecification","valueRequired":true,"valueName":"search_term_string"}}],"inLanguage":"pt-BR"},{"@type":"Organization","@id":"https:\/\/www.notibras.com\/site\/#organization","name":"Grupo Notibras de Comunica\u00e7\u00e3o","url":"https:\/\/www.notibras.com\/site\/","logo":{"@type":"ImageObject","inLanguage":"pt-BR","@id":"https:\/\/www.notibras.com\/site\/#\/schema\/logo\/image\/","url":"https:\/\/www.notibras.com\/site\/wp-content\/uploads\/2023\/01\/notibras23.png","contentUrl":"https:\/\/www.notibras.com\/site\/wp-content\/uploads\/2023\/01\/notibras23.png","width":350,"height":87,"caption":"Grupo Notibras de Comunica\u00e7\u00e3o"},"image":{"@id":"https:\/\/www.notibras.com\/site\/#\/schema\/logo\/image\/"},"sameAs":["https:\/\/www.facebook.com\/notibras\/","https:\/\/x.com\/Notibras","https:\/\/www.instagram.com\/notibras\/"]},{"@type":"Person","@id":"https:\/\/www.notibras.com\/site\/#\/schema\/person\/5b7fabf2aedc3ada2105f03b22b4d3dd","name":"Eduardo Mart\u00ednez","image":{"@type":"ImageObject","inLanguage":"pt-BR","@id":"https:\/\/secure.gravatar.com\/avatar\/7902f906289926289cbcda644b5197c796b893c6ffd7b9a536a42d290f7704a0?s=96&d=mm&r=g","url":"https:\/\/secure.gravatar.com\/avatar\/7902f906289926289cbcda644b5197c796b893c6ffd7b9a536a42d290f7704a0?s=96&d=mm&r=g","contentUrl":"https:\/\/secure.gravatar.com\/avatar\/7902f906289926289cbcda644b5197c796b893c6ffd7b9a536a42d290f7704a0?s=96&d=mm&r=g","caption":"Eduardo Mart\u00ednez"}}]}},"amp_enabled":true,"_links":{"self":[{"href":"https:\/\/www.notibras.com\/site\/wp-json\/wp\/v2\/posts\/386213","targetHints":{"allow":["GET"]}}],"collection":[{"href":"https:\/\/www.notibras.com\/site\/wp-json\/wp\/v2\/posts"}],"about":[{"href":"https:\/\/www.notibras.com\/site\/wp-json\/wp\/v2\/types\/post"}],"author":[{"embeddable":true,"href":"https:\/\/www.notibras.com\/site\/wp-json\/wp\/v2\/users\/21"}],"replies":[{"embeddable":true,"href":"https:\/\/www.notibras.com\/site\/wp-json\/wp\/v2\/comments?post=386213"}],"version-history":[{"count":2,"href":"https:\/\/www.notibras.com\/site\/wp-json\/wp\/v2\/posts\/386213\/revisions"}],"predecessor-version":[{"id":386216,"href":"https:\/\/www.notibras.com\/site\/wp-json\/wp\/v2\/posts\/386213\/revisions\/386216"}],"wp:featuredmedia":[{"embeddable":true,"href":"https:\/\/www.notibras.com\/site\/wp-json\/wp\/v2\/media\/386214"}],"wp:attachment":[{"href":"https:\/\/www.notibras.com\/site\/wp-json\/wp\/v2\/media?parent=386213"}],"wp:term":[{"taxonomy":"category","embeddable":true,"href":"https:\/\/www.notibras.com\/site\/wp-json\/wp\/v2\/categories?post=386213"},{"taxonomy":"post_tag","embeddable":true,"href":"https:\/\/www.notibras.com\/site\/wp-json\/wp\/v2\/tags?post=386213"}],"curies":[{"name":"wp","href":"https:\/\/api.w.org\/{rel}","templated":true}]}}