{"id":386222,"date":"2026-03-09T02:15:01","date_gmt":"2026-03-09T05:15:01","guid":{"rendered":"https:\/\/www.notibras.com\/site\/?p=386222"},"modified":"2026-03-09T06:39:13","modified_gmt":"2026-03-09T09:39:13","slug":"desculpa-ai-mas-me-sinto-um-nojo-e-a-modestia-entrou-em-longas-ferias","status":"publish","type":"post","link":"https:\/\/www.notibras.com\/site\/desculpa-ai-mas-me-sinto-um-nojo-e-a-modestia-entrou-em-longas-ferias\/","title":{"rendered":"Desculpa a\u00ed, mas me sinto um nojo, e a mod\u00e9stia entrou em longas f\u00e9rias"},"content":{"rendered":"<p>O Palmeiras voltou a fazer o que sua torcida mais gosta: levantar ta\u00e7a. A conquista do Campeonato Paulista encerra um per\u00edodo incomum para o clube: um ano inteiro sem t\u00edtulos. Para outros times isso pode ser normal, mas para a Sociedade Esportiva Palmeiras, foi uma eternidade.<\/p>\n<p>A verdade \u00e9 que a torcida alviverde ficou mal-acostumada. Nos \u00faltimos anos, t\u00edtulos vieram em sequ\u00eancia, criando uma rotina de comemora\u00e7\u00f5es que parece natural. Ficar doze meses sem erguer trof\u00e9u j\u00e1 parecia um jejum intermin\u00e1vel. Por isso, quando finalmente a ta\u00e7a chegou, o al\u00edvio veio misturado com aquela dose inevit\u00e1vel de soberba futebol\u00edstica que todo torcedor conhece bem.<\/p>\n<p>E sim, eu admito: estou um nojo. Depois de um ano de abstin\u00eancia, o Palmeiras voltou a ser campe\u00e3o paulista e, quando o Palmeiras ganha, a mod\u00e9stia tira f\u00e9rias.<\/p>\n","protected":false},"excerpt":{"rendered":"<p>O Palmeiras voltou a fazer o que sua torcida mais gosta: levantar ta\u00e7a. A conquista do Campeonato Paulista encerra um per\u00edodo incomum para o clube: um ano inteiro sem t\u00edtulos. Para outros times isso pode ser normal, mas para a Sociedade Esportiva Palmeiras, foi uma eternidade. A verdade \u00e9 que a torcida alviverde ficou mal-acostumada. [&hellip;]<\/p>\n","protected":false},"author":21,"featured_media":386223,"comment_status":"closed","ping_status":"closed","sticky":false,"template":"","format":"standard","meta":{"_acf_changed":false,"footnotes":""},"categories":[235],"tags":[],"class_list":["post-386222","post","type-post","status-publish","format-standard","has-post-thumbnail","hentry","category-dona-irene"],"acf":[],"yoast_head":"<!-- This site is optimized with the Yoast SEO plugin v27.2 - https:\/\/yoast.com\/product\/yoast-seo-wordpress\/ -->\n<title>Desculpa a\u00ed, mas me sinto um nojo, e a mod\u00e9stia entrou em longas f\u00e9rias - Notibras<\/title>\n<meta name=\"robots\" content=\"index, follow, max-snippet:-1, max-image-preview:large, max-video-preview:-1\" \/>\n<link rel=\"canonical\" href=\"https:\/\/www.notibras.com\/site\/desculpa-ai-mas-me-sinto-um-nojo-e-a-modestia-entrou-em-longas-ferias\/\" \/>\n<meta property=\"og:locale\" content=\"pt_BR\" \/>\n<meta property=\"og:type\" content=\"article\" \/>\n<meta property=\"og:title\" content=\"Desculpa a\u00ed, mas me sinto um nojo, e a mod\u00e9stia entrou em longas f\u00e9rias - Notibras\" \/>\n<meta property=\"og:description\" content=\"O Palmeiras voltou a fazer o que sua torcida mais gosta: levantar ta\u00e7a. A conquista do Campeonato Paulista encerra um per\u00edodo incomum para o clube: um ano inteiro sem t\u00edtulos. Para outros times isso pode ser normal, mas para a Sociedade Esportiva Palmeiras, foi uma eternidade. A verdade \u00e9 que a torcida alviverde ficou mal-acostumada. [&hellip;]\" \/>\n<meta property=\"og:url\" content=\"https:\/\/www.notibras.com\/site\/desculpa-ai-mas-me-sinto-um-nojo-e-a-modestia-entrou-em-longas-ferias\/\" \/>\n<meta property=\"og:site_name\" content=\"Notibras\" \/>\n<meta property=\"article:publisher\" content=\"https:\/\/www.facebook.com\/notibras\/\" \/>\n<meta property=\"article:published_time\" content=\"2026-03-09T05:15:01+00:00\" \/>\n<meta property=\"article:modified_time\" content=\"2026-03-09T09:39:13+00:00\" \/>\n<meta property=\"og:image\" content=\"https:\/\/www.notibras.com\/site\/wp-content\/uploads\/2026\/03\/WhatsApp-Image-2026-03-09-at-00.11.01.jpeg\" \/>\n\t<meta property=\"og:image:width\" content=\"1280\" \/>\n\t<meta property=\"og:image:height\" content=\"720\" \/>\n\t<meta property=\"og:image:type\" content=\"image\/jpeg\" \/>\n<meta name=\"author\" content=\"Eduardo Mart\u00ednez\" \/>\n<meta name=\"twitter:card\" content=\"summary_large_image\" \/>\n<meta name=\"twitter:creator\" content=\"@Notibras\" \/>\n<meta name=\"twitter:site\" content=\"@Notibras\" \/>\n<meta name=\"twitter:label1\" content=\"Escrito por\" \/>\n\t<meta name=\"twitter:data1\" content=\"Eduardo Mart\u00ednez\" \/>\n\t<meta name=\"twitter:label2\" content=\"Est. tempo de leitura\" \/>\n\t<meta name=\"twitter:data2\" content=\"1 minuto\" \/>\n<script type=\"application\/ld+json\" class=\"yoast-schema-graph\">{\"@context\":\"https:\/\/schema.org\",\"@graph\":[{\"@type\":\"Article\",\"@id\":\"https:\/\/www.notibras.com\/site\/desculpa-ai-mas-me-sinto-um-nojo-e-a-modestia-entrou-em-longas-ferias\/#article\",\"isPartOf\":{\"@id\":\"https:\/\/www.notibras.com\/site\/desculpa-ai-mas-me-sinto-um-nojo-e-a-modestia-entrou-em-longas-ferias\/\"},\"author\":{\"name\":\"Eduardo Mart\u00ednez\",\"@id\":\"https:\/\/www.notibras.com\/site\/#\/schema\/person\/5b7fabf2aedc3ada2105f03b22b4d3dd\"},\"headline\":\"Desculpa a\u00ed, mas me sinto um nojo, e a mod\u00e9stia entrou em longas f\u00e9rias\",\"datePublished\":\"2026-03-09T05:15:01+00:00\",\"dateModified\":\"2026-03-09T09:39:13+00:00\",\"mainEntityOfPage\":{\"@id\":\"https:\/\/www.notibras.com\/site\/desculpa-ai-mas-me-sinto-um-nojo-e-a-modestia-entrou-em-longas-ferias\/\"},\"wordCount\":164,\"publisher\":{\"@id\":\"https:\/\/www.notibras.com\/site\/#organization\"},\"image\":{\"@id\":\"https:\/\/www.notibras.com\/site\/desculpa-ai-mas-me-sinto-um-nojo-e-a-modestia-entrou-em-longas-ferias\/#primaryimage\"},\"thumbnailUrl\":\"https:\/\/www.notibras.com\/site\/wp-content\/uploads\/2026\/03\/WhatsApp-Image-2026-03-09-at-00.11.01.jpeg\",\"articleSection\":[\"Dona Irene\"],\"inLanguage\":\"pt-BR\"},{\"@type\":\"WebPage\",\"@id\":\"https:\/\/www.notibras.com\/site\/desculpa-ai-mas-me-sinto-um-nojo-e-a-modestia-entrou-em-longas-ferias\/\",\"url\":\"https:\/\/www.notibras.com\/site\/desculpa-ai-mas-me-sinto-um-nojo-e-a-modestia-entrou-em-longas-ferias\/\",\"name\":\"Desculpa a\u00ed, mas me sinto um nojo, e a mod\u00e9stia entrou em longas f\u00e9rias - Notibras\",\"isPartOf\":{\"@id\":\"https:\/\/www.notibras.com\/site\/#website\"},\"primaryImageOfPage\":{\"@id\":\"https:\/\/www.notibras.com\/site\/desculpa-ai-mas-me-sinto-um-nojo-e-a-modestia-entrou-em-longas-ferias\/#primaryimage\"},\"image\":{\"@id\":\"https:\/\/www.notibras.com\/site\/desculpa-ai-mas-me-sinto-um-nojo-e-a-modestia-entrou-em-longas-ferias\/#primaryimage\"},\"thumbnailUrl\":\"https:\/\/www.notibras.com\/site\/wp-content\/uploads\/2026\/03\/WhatsApp-Image-2026-03-09-at-00.11.01.jpeg\",\"datePublished\":\"2026-03-09T05:15:01+00:00\",\"dateModified\":\"2026-03-09T09:39:13+00:00\",\"breadcrumb\":{\"@id\":\"https:\/\/www.notibras.com\/site\/desculpa-ai-mas-me-sinto-um-nojo-e-a-modestia-entrou-em-longas-ferias\/#breadcrumb\"},\"inLanguage\":\"pt-BR\",\"potentialAction\":[{\"@type\":\"ReadAction\",\"target\":[\"https:\/\/www.notibras.com\/site\/desculpa-ai-mas-me-sinto-um-nojo-e-a-modestia-entrou-em-longas-ferias\/\"]}]},{\"@type\":\"ImageObject\",\"inLanguage\":\"pt-BR\",\"@id\":\"https:\/\/www.notibras.com\/site\/desculpa-ai-mas-me-sinto-um-nojo-e-a-modestia-entrou-em-longas-ferias\/#primaryimage\",\"url\":\"https:\/\/www.notibras.com\/site\/wp-content\/uploads\/2026\/03\/WhatsApp-Image-2026-03-09-at-00.11.01.jpeg\",\"contentUrl\":\"https:\/\/www.notibras.com\/site\/wp-content\/uploads\/2026\/03\/WhatsApp-Image-2026-03-09-at-00.11.01.jpeg\",\"width\":1280,\"height\":720},{\"@type\":\"BreadcrumbList\",\"@id\":\"https:\/\/www.notibras.com\/site\/desculpa-ai-mas-me-sinto-um-nojo-e-a-modestia-entrou-em-longas-ferias\/#breadcrumb\",\"itemListElement\":[{\"@type\":\"ListItem\",\"position\":1,\"name\":\"In\u00edcio\",\"item\":\"https:\/\/www.notibras.com\/site\/\"},{\"@type\":\"ListItem\",\"position\":2,\"name\":\"Desculpa a\u00ed, mas me sinto um nojo, e a mod\u00e9stia entrou em longas f\u00e9rias\"}]},{\"@type\":\"WebSite\",\"@id\":\"https:\/\/www.notibras.com\/site\/#website\",\"url\":\"https:\/\/www.notibras.com\/site\/\",\"name\":\"Notibras\",\"description\":\"Not\u00edcias de Bras\u00edlia, do Brasil e do Mundo\",\"publisher\":{\"@id\":\"https:\/\/www.notibras.com\/site\/#organization\"},\"potentialAction\":[{\"@type\":\"SearchAction\",\"target\":{\"@type\":\"EntryPoint\",\"urlTemplate\":\"https:\/\/www.notibras.com\/site\/?s={search_term_string}\"},\"query-input\":{\"@type\":\"PropertyValueSpecification\",\"valueRequired\":true,\"valueName\":\"search_term_string\"}}],\"inLanguage\":\"pt-BR\"},{\"@type\":\"Organization\",\"@id\":\"https:\/\/www.notibras.com\/site\/#organization\",\"name\":\"Grupo Notibras de Comunica\u00e7\u00e3o\",\"url\":\"https:\/\/www.notibras.com\/site\/\",\"logo\":{\"@type\":\"ImageObject\",\"inLanguage\":\"pt-BR\",\"@id\":\"https:\/\/www.notibras.com\/site\/#\/schema\/logo\/image\/\",\"url\":\"https:\/\/www.notibras.com\/site\/wp-content\/uploads\/2023\/01\/notibras23.png\",\"contentUrl\":\"https:\/\/www.notibras.com\/site\/wp-content\/uploads\/2023\/01\/notibras23.png\",\"width\":350,\"height\":87,\"caption\":\"Grupo Notibras de Comunica\u00e7\u00e3o\"},\"image\":{\"@id\":\"https:\/\/www.notibras.com\/site\/#\/schema\/logo\/image\/\"},\"sameAs\":[\"https:\/\/www.facebook.com\/notibras\/\",\"https:\/\/x.com\/Notibras\",\"https:\/\/www.instagram.com\/notibras\/\"]},{\"@type\":\"Person\",\"@id\":\"https:\/\/www.notibras.com\/site\/#\/schema\/person\/5b7fabf2aedc3ada2105f03b22b4d3dd\",\"name\":\"Eduardo Mart\u00ednez\",\"image\":{\"@type\":\"ImageObject\",\"inLanguage\":\"pt-BR\",\"@id\":\"https:\/\/secure.gravatar.com\/avatar\/7902f906289926289cbcda644b5197c796b893c6ffd7b9a536a42d290f7704a0?s=96&d=mm&r=g\",\"url\":\"https:\/\/secure.gravatar.com\/avatar\/7902f906289926289cbcda644b5197c796b893c6ffd7b9a536a42d290f7704a0?s=96&d=mm&r=g\",\"contentUrl\":\"https:\/\/secure.gravatar.com\/avatar\/7902f906289926289cbcda644b5197c796b893c6ffd7b9a536a42d290f7704a0?s=96&d=mm&r=g\",\"caption\":\"Eduardo Mart\u00ednez\"}}]}<\/script>\n<!-- \/ Yoast SEO plugin. -->","yoast_head_json":{"title":"Desculpa a\u00ed, mas me sinto um nojo, e a mod\u00e9stia entrou em longas f\u00e9rias - Notibras","robots":{"index":"index","follow":"follow","max-snippet":"max-snippet:-1","max-image-preview":"max-image-preview:large","max-video-preview":"max-video-preview:-1"},"canonical":"https:\/\/www.notibras.com\/site\/desculpa-ai-mas-me-sinto-um-nojo-e-a-modestia-entrou-em-longas-ferias\/","og_locale":"pt_BR","og_type":"article","og_title":"Desculpa a\u00ed, mas me sinto um nojo, e a mod\u00e9stia entrou em longas f\u00e9rias - Notibras","og_description":"O Palmeiras voltou a fazer o que sua torcida mais gosta: levantar ta\u00e7a. A conquista do Campeonato Paulista encerra um per\u00edodo incomum para o clube: um ano inteiro sem t\u00edtulos. Para outros times isso pode ser normal, mas para a Sociedade Esportiva Palmeiras, foi uma eternidade. A verdade \u00e9 que a torcida alviverde ficou mal-acostumada. [&hellip;]","og_url":"https:\/\/www.notibras.com\/site\/desculpa-ai-mas-me-sinto-um-nojo-e-a-modestia-entrou-em-longas-ferias\/","og_site_name":"Notibras","article_publisher":"https:\/\/www.facebook.com\/notibras\/","article_published_time":"2026-03-09T05:15:01+00:00","article_modified_time":"2026-03-09T09:39:13+00:00","og_image":[{"width":1280,"height":720,"url":"https:\/\/www.notibras.com\/site\/wp-content\/uploads\/2026\/03\/WhatsApp-Image-2026-03-09-at-00.11.01.jpeg","type":"image\/jpeg"}],"author":"Eduardo Mart\u00ednez","twitter_card":"summary_large_image","twitter_creator":"@Notibras","twitter_site":"@Notibras","twitter_misc":{"Escrito por":"Eduardo Mart\u00ednez","Est. tempo de leitura":"1 minuto"},"schema":{"@context":"https:\/\/schema.org","@graph":[{"@type":"Article","@id":"https:\/\/www.notibras.com\/site\/desculpa-ai-mas-me-sinto-um-nojo-e-a-modestia-entrou-em-longas-ferias\/#article","isPartOf":{"@id":"https:\/\/www.notibras.com\/site\/desculpa-ai-mas-me-sinto-um-nojo-e-a-modestia-entrou-em-longas-ferias\/"},"author":{"name":"Eduardo Mart\u00ednez","@id":"https:\/\/www.notibras.com\/site\/#\/schema\/person\/5b7fabf2aedc3ada2105f03b22b4d3dd"},"headline":"Desculpa a\u00ed, mas me sinto um nojo, e a mod\u00e9stia entrou em longas f\u00e9rias","datePublished":"2026-03-09T05:15:01+00:00","dateModified":"2026-03-09T09:39:13+00:00","mainEntityOfPage":{"@id":"https:\/\/www.notibras.com\/site\/desculpa-ai-mas-me-sinto-um-nojo-e-a-modestia-entrou-em-longas-ferias\/"},"wordCount":164,"publisher":{"@id":"https:\/\/www.notibras.com\/site\/#organization"},"image":{"@id":"https:\/\/www.notibras.com\/site\/desculpa-ai-mas-me-sinto-um-nojo-e-a-modestia-entrou-em-longas-ferias\/#primaryimage"},"thumbnailUrl":"https:\/\/www.notibras.com\/site\/wp-content\/uploads\/2026\/03\/WhatsApp-Image-2026-03-09-at-00.11.01.jpeg","articleSection":["Dona Irene"],"inLanguage":"pt-BR"},{"@type":"WebPage","@id":"https:\/\/www.notibras.com\/site\/desculpa-ai-mas-me-sinto-um-nojo-e-a-modestia-entrou-em-longas-ferias\/","url":"https:\/\/www.notibras.com\/site\/desculpa-ai-mas-me-sinto-um-nojo-e-a-modestia-entrou-em-longas-ferias\/","name":"Desculpa a\u00ed, mas me sinto um nojo, e a mod\u00e9stia entrou em longas f\u00e9rias - Notibras","isPartOf":{"@id":"https:\/\/www.notibras.com\/site\/#website"},"primaryImageOfPage":{"@id":"https:\/\/www.notibras.com\/site\/desculpa-ai-mas-me-sinto-um-nojo-e-a-modestia-entrou-em-longas-ferias\/#primaryimage"},"image":{"@id":"https:\/\/www.notibras.com\/site\/desculpa-ai-mas-me-sinto-um-nojo-e-a-modestia-entrou-em-longas-ferias\/#primaryimage"},"thumbnailUrl":"https:\/\/www.notibras.com\/site\/wp-content\/uploads\/2026\/03\/WhatsApp-Image-2026-03-09-at-00.11.01.jpeg","datePublished":"2026-03-09T05:15:01+00:00","dateModified":"2026-03-09T09:39:13+00:00","breadcrumb":{"@id":"https:\/\/www.notibras.com\/site\/desculpa-ai-mas-me-sinto-um-nojo-e-a-modestia-entrou-em-longas-ferias\/#breadcrumb"},"inLanguage":"pt-BR","potentialAction":[{"@type":"ReadAction","target":["https:\/\/www.notibras.com\/site\/desculpa-ai-mas-me-sinto-um-nojo-e-a-modestia-entrou-em-longas-ferias\/"]}]},{"@type":"ImageObject","inLanguage":"pt-BR","@id":"https:\/\/www.notibras.com\/site\/desculpa-ai-mas-me-sinto-um-nojo-e-a-modestia-entrou-em-longas-ferias\/#primaryimage","url":"https:\/\/www.notibras.com\/site\/wp-content\/uploads\/2026\/03\/WhatsApp-Image-2026-03-09-at-00.11.01.jpeg","contentUrl":"https:\/\/www.notibras.com\/site\/wp-content\/uploads\/2026\/03\/WhatsApp-Image-2026-03-09-at-00.11.01.jpeg","width":1280,"height":720},{"@type":"BreadcrumbList","@id":"https:\/\/www.notibras.com\/site\/desculpa-ai-mas-me-sinto-um-nojo-e-a-modestia-entrou-em-longas-ferias\/#breadcrumb","itemListElement":[{"@type":"ListItem","position":1,"name":"In\u00edcio","item":"https:\/\/www.notibras.com\/site\/"},{"@type":"ListItem","position":2,"name":"Desculpa a\u00ed, mas me sinto um nojo, e a mod\u00e9stia entrou em longas f\u00e9rias"}]},{"@type":"WebSite","@id":"https:\/\/www.notibras.com\/site\/#website","url":"https:\/\/www.notibras.com\/site\/","name":"Notibras","description":"Not\u00edcias de Bras\u00edlia, do Brasil e do Mundo","publisher":{"@id":"https:\/\/www.notibras.com\/site\/#organization"},"potentialAction":[{"@type":"SearchAction","target":{"@type":"EntryPoint","urlTemplate":"https:\/\/www.notibras.com\/site\/?s={search_term_string}"},"query-input":{"@type":"PropertyValueSpecification","valueRequired":true,"valueName":"search_term_string"}}],"inLanguage":"pt-BR"},{"@type":"Organization","@id":"https:\/\/www.notibras.com\/site\/#organization","name":"Grupo Notibras de Comunica\u00e7\u00e3o","url":"https:\/\/www.notibras.com\/site\/","logo":{"@type":"ImageObject","inLanguage":"pt-BR","@id":"https:\/\/www.notibras.com\/site\/#\/schema\/logo\/image\/","url":"https:\/\/www.notibras.com\/site\/wp-content\/uploads\/2023\/01\/notibras23.png","contentUrl":"https:\/\/www.notibras.com\/site\/wp-content\/uploads\/2023\/01\/notibras23.png","width":350,"height":87,"caption":"Grupo Notibras de Comunica\u00e7\u00e3o"},"image":{"@id":"https:\/\/www.notibras.com\/site\/#\/schema\/logo\/image\/"},"sameAs":["https:\/\/www.facebook.com\/notibras\/","https:\/\/x.com\/Notibras","https:\/\/www.instagram.com\/notibras\/"]},{"@type":"Person","@id":"https:\/\/www.notibras.com\/site\/#\/schema\/person\/5b7fabf2aedc3ada2105f03b22b4d3dd","name":"Eduardo Mart\u00ednez","image":{"@type":"ImageObject","inLanguage":"pt-BR","@id":"https:\/\/secure.gravatar.com\/avatar\/7902f906289926289cbcda644b5197c796b893c6ffd7b9a536a42d290f7704a0?s=96&d=mm&r=g","url":"https:\/\/secure.gravatar.com\/avatar\/7902f906289926289cbcda644b5197c796b893c6ffd7b9a536a42d290f7704a0?s=96&d=mm&r=g","contentUrl":"https:\/\/secure.gravatar.com\/avatar\/7902f906289926289cbcda644b5197c796b893c6ffd7b9a536a42d290f7704a0?s=96&d=mm&r=g","caption":"Eduardo Mart\u00ednez"}}]}},"amp_enabled":true,"_links":{"self":[{"href":"https:\/\/www.notibras.com\/site\/wp-json\/wp\/v2\/posts\/386222","targetHints":{"allow":["GET"]}}],"collection":[{"href":"https:\/\/www.notibras.com\/site\/wp-json\/wp\/v2\/posts"}],"about":[{"href":"https:\/\/www.notibras.com\/site\/wp-json\/wp\/v2\/types\/post"}],"author":[{"embeddable":true,"href":"https:\/\/www.notibras.com\/site\/wp-json\/wp\/v2\/users\/21"}],"replies":[{"embeddable":true,"href":"https:\/\/www.notibras.com\/site\/wp-json\/wp\/v2\/comments?post=386222"}],"version-history":[{"count":9,"href":"https:\/\/www.notibras.com\/site\/wp-json\/wp\/v2\/posts\/386222\/revisions"}],"predecessor-version":[{"id":386244,"href":"https:\/\/www.notibras.com\/site\/wp-json\/wp\/v2\/posts\/386222\/revisions\/386244"}],"wp:featuredmedia":[{"embeddable":true,"href":"https:\/\/www.notibras.com\/site\/wp-json\/wp\/v2\/media\/386223"}],"wp:attachment":[{"href":"https:\/\/www.notibras.com\/site\/wp-json\/wp\/v2\/media?parent=386222"}],"wp:term":[{"taxonomy":"category","embeddable":true,"href":"https:\/\/www.notibras.com\/site\/wp-json\/wp\/v2\/categories?post=386222"},{"taxonomy":"post_tag","embeddable":true,"href":"https:\/\/www.notibras.com\/site\/wp-json\/wp\/v2\/tags?post=386222"}],"curies":[{"name":"wp","href":"https:\/\/api.w.org\/{rel}","templated":true}]}}