{"id":386229,"date":"2026-03-09T02:00:04","date_gmt":"2026-03-09T05:00:04","guid":{"rendered":"https:\/\/www.notibras.com\/site\/?p=386229"},"modified":"2026-03-09T06:41:45","modified_gmt":"2026-03-09T09:41:45","slug":"como-as-fake-news-tentam-desgastar-alexandre-de-moraes","status":"publish","type":"post","link":"https:\/\/www.notibras.com\/site\/como-as-fake-news-tentam-desgastar-alexandre-de-moraes\/","title":{"rendered":"Como as fake news tentam desgastar Alexandre de Moraes"},"content":{"rendered":"<p>O ministro do Supremo Tribunal Federal Alexandre de Moraes ganhou enorme notoriedade nos \u00faltimos anos ao enfrentar o bolsonarismo e sua sanha golpista. \u00c0 frente de investiga\u00e7\u00f5es que apuram ataques \u00e0s institui\u00e7\u00f5es, redes de desinforma\u00e7\u00e3o e articula\u00e7\u00f5es contra a democracia, Moraes tornou-se uma das figuras mais vis\u00edveis do sistema de justi\u00e7a brasileiro. N\u00e3o surpreende, portanto, que seja profundamente odiado por aqueles que tentaram ou apoiaram um golpe de Estado, bem como por setores que se sentiram diretamente atingidos pelas decis\u00f5es do Supremo.<\/p>\n<p>Mais recentemente, o ministro passou a ser alvo de novas acusa\u00e7\u00f5es. Entre elas, a de ter frequentado a mans\u00e3o do empres\u00e1rio Daniel Vorcaro, apontado como piv\u00f4 do esc\u00e2ndalo envolvendo o Banco Master. Tamb\u00e9m circularam informa\u00e7\u00f5es de que Moraes teria recebido mensagens de WhatsApp de Vorcaro no mesmo dia em que o empres\u00e1rio foi preso. As insinua\u00e7\u00f5es rapidamente ganharam espa\u00e7o em redes sociais e em certos c\u00edrculos pol\u00edticos, alimentando suspeitas e narrativas que buscam lan\u00e7ar d\u00favidas sobre a atua\u00e7\u00e3o do ministro. Entretanto, rapidamente a imprensa esclarece que se trata de informa\u00e7\u00f5es falsas.<\/p>\n<p>Diante desse cen\u00e1rio, a pergunta inevit\u00e1vel surge: quem tem interesse em desgastar a imagem de Alexandre de Moraes e por qual raz\u00e3o? Em um ambiente pol\u00edtico altamente polarizado, \u00e9 plaus\u00edvel imaginar que advers\u00e1rios atingidos por suas decis\u00f5es, especialmente aqueles ligados ao campo que questionou o resultado eleitoral e as institui\u00e7\u00f5es, vejam vantagem em fragilizar sua credibilidade p\u00fablica. Em momentos de forte tens\u00e3o institucional, disputas jur\u00eddicas frequentemente transbordam para o campo da narrativa pol\u00edtica, onde reputa\u00e7\u00f5es se tornam parte central da batalha pelo poder e pela opini\u00e3o p\u00fablica.<\/p>\n","protected":false},"excerpt":{"rendered":"<p>O ministro do Supremo Tribunal Federal Alexandre de Moraes ganhou enorme notoriedade nos \u00faltimos anos ao enfrentar o bolsonarismo e sua sanha golpista. \u00c0 frente de investiga\u00e7\u00f5es que apuram ataques \u00e0s institui\u00e7\u00f5es, redes de desinforma\u00e7\u00e3o e articula\u00e7\u00f5es contra a democracia, Moraes tornou-se uma das figuras mais vis\u00edveis do sistema de justi\u00e7a brasileiro. N\u00e3o surpreende, portanto, [&hellip;]<\/p>\n","protected":false},"author":21,"featured_media":386230,"comment_status":"closed","ping_status":"closed","sticky":false,"template":"","format":"standard","meta":{"_acf_changed":false,"footnotes":""},"categories":[235],"tags":[95],"class_list":["post-386229","post","type-post","status-publish","format-standard","has-post-thumbnail","hentry","category-dona-irene","tag-capa"],"acf":[],"yoast_head":"<!-- This site is optimized with the Yoast SEO plugin v27.2 - https:\/\/yoast.com\/product\/yoast-seo-wordpress\/ -->\n<title>Como as fake news tentam desgastar Alexandre de Moraes - Notibras<\/title>\n<meta name=\"robots\" content=\"index, follow, max-snippet:-1, max-image-preview:large, max-video-preview:-1\" \/>\n<link rel=\"canonical\" href=\"https:\/\/www.notibras.com\/site\/como-as-fake-news-tentam-desgastar-alexandre-de-moraes\/\" \/>\n<meta property=\"og:locale\" content=\"pt_BR\" \/>\n<meta property=\"og:type\" content=\"article\" \/>\n<meta property=\"og:title\" content=\"Como as fake news tentam desgastar Alexandre de Moraes - Notibras\" \/>\n<meta property=\"og:description\" content=\"O ministro do Supremo Tribunal Federal Alexandre de Moraes ganhou enorme notoriedade nos \u00faltimos anos ao enfrentar o bolsonarismo e sua sanha golpista. \u00c0 frente de investiga\u00e7\u00f5es que apuram ataques \u00e0s institui\u00e7\u00f5es, redes de desinforma\u00e7\u00e3o e articula\u00e7\u00f5es contra a democracia, Moraes tornou-se uma das figuras mais vis\u00edveis do sistema de justi\u00e7a brasileiro. N\u00e3o surpreende, portanto, [&hellip;]\" \/>\n<meta property=\"og:url\" content=\"https:\/\/www.notibras.com\/site\/como-as-fake-news-tentam-desgastar-alexandre-de-moraes\/\" \/>\n<meta property=\"og:site_name\" content=\"Notibras\" \/>\n<meta property=\"article:publisher\" content=\"https:\/\/www.facebook.com\/notibras\/\" \/>\n<meta property=\"article:published_time\" content=\"2026-03-09T05:00:04+00:00\" \/>\n<meta property=\"article:modified_time\" content=\"2026-03-09T09:41:45+00:00\" \/>\n<meta property=\"og:image\" content=\"https:\/\/www.notibras.com\/site\/wp-content\/uploads\/2026\/03\/tse_posse_moraes2.webp\" \/>\n\t<meta property=\"og:image:width\" content=\"1170\" \/>\n\t<meta property=\"og:image:height\" content=\"700\" \/>\n\t<meta property=\"og:image:type\" content=\"image\/webp\" \/>\n<meta name=\"author\" content=\"Eduardo Mart\u00ednez\" \/>\n<meta name=\"twitter:card\" content=\"summary_large_image\" \/>\n<meta name=\"twitter:creator\" content=\"@Notibras\" \/>\n<meta name=\"twitter:site\" content=\"@Notibras\" \/>\n<meta name=\"twitter:label1\" content=\"Escrito por\" \/>\n\t<meta name=\"twitter:data1\" content=\"Eduardo Mart\u00ednez\" \/>\n\t<meta name=\"twitter:label2\" content=\"Est. tempo de leitura\" \/>\n\t<meta name=\"twitter:data2\" content=\"2 minutos\" \/>\n<script type=\"application\/ld+json\" class=\"yoast-schema-graph\">{\"@context\":\"https:\/\/schema.org\",\"@graph\":[{\"@type\":\"Article\",\"@id\":\"https:\/\/www.notibras.com\/site\/como-as-fake-news-tentam-desgastar-alexandre-de-moraes\/#article\",\"isPartOf\":{\"@id\":\"https:\/\/www.notibras.com\/site\/como-as-fake-news-tentam-desgastar-alexandre-de-moraes\/\"},\"author\":{\"name\":\"Eduardo Mart\u00ednez\",\"@id\":\"https:\/\/www.notibras.com\/site\/#\/schema\/person\/5b7fabf2aedc3ada2105f03b22b4d3dd\"},\"headline\":\"Como as fake news tentam desgastar Alexandre de Moraes\",\"datePublished\":\"2026-03-09T05:00:04+00:00\",\"dateModified\":\"2026-03-09T09:41:45+00:00\",\"mainEntityOfPage\":{\"@id\":\"https:\/\/www.notibras.com\/site\/como-as-fake-news-tentam-desgastar-alexandre-de-moraes\/\"},\"wordCount\":305,\"publisher\":{\"@id\":\"https:\/\/www.notibras.com\/site\/#organization\"},\"image\":{\"@id\":\"https:\/\/www.notibras.com\/site\/como-as-fake-news-tentam-desgastar-alexandre-de-moraes\/#primaryimage\"},\"thumbnailUrl\":\"https:\/\/www.notibras.com\/site\/wp-content\/uploads\/2026\/03\/tse_posse_moraes2.webp\",\"keywords\":[\"capa\"],\"articleSection\":[\"Dona Irene\"],\"inLanguage\":\"pt-BR\"},{\"@type\":\"WebPage\",\"@id\":\"https:\/\/www.notibras.com\/site\/como-as-fake-news-tentam-desgastar-alexandre-de-moraes\/\",\"url\":\"https:\/\/www.notibras.com\/site\/como-as-fake-news-tentam-desgastar-alexandre-de-moraes\/\",\"name\":\"Como as fake news tentam desgastar Alexandre de Moraes - Notibras\",\"isPartOf\":{\"@id\":\"https:\/\/www.notibras.com\/site\/#website\"},\"primaryImageOfPage\":{\"@id\":\"https:\/\/www.notibras.com\/site\/como-as-fake-news-tentam-desgastar-alexandre-de-moraes\/#primaryimage\"},\"image\":{\"@id\":\"https:\/\/www.notibras.com\/site\/como-as-fake-news-tentam-desgastar-alexandre-de-moraes\/#primaryimage\"},\"thumbnailUrl\":\"https:\/\/www.notibras.com\/site\/wp-content\/uploads\/2026\/03\/tse_posse_moraes2.webp\",\"datePublished\":\"2026-03-09T05:00:04+00:00\",\"dateModified\":\"2026-03-09T09:41:45+00:00\",\"breadcrumb\":{\"@id\":\"https:\/\/www.notibras.com\/site\/como-as-fake-news-tentam-desgastar-alexandre-de-moraes\/#breadcrumb\"},\"inLanguage\":\"pt-BR\",\"potentialAction\":[{\"@type\":\"ReadAction\",\"target\":[\"https:\/\/www.notibras.com\/site\/como-as-fake-news-tentam-desgastar-alexandre-de-moraes\/\"]}]},{\"@type\":\"ImageObject\",\"inLanguage\":\"pt-BR\",\"@id\":\"https:\/\/www.notibras.com\/site\/como-as-fake-news-tentam-desgastar-alexandre-de-moraes\/#primaryimage\",\"url\":\"https:\/\/www.notibras.com\/site\/wp-content\/uploads\/2026\/03\/tse_posse_moraes2.webp\",\"contentUrl\":\"https:\/\/www.notibras.com\/site\/wp-content\/uploads\/2026\/03\/tse_posse_moraes2.webp\",\"width\":1170,\"height\":700},{\"@type\":\"BreadcrumbList\",\"@id\":\"https:\/\/www.notibras.com\/site\/como-as-fake-news-tentam-desgastar-alexandre-de-moraes\/#breadcrumb\",\"itemListElement\":[{\"@type\":\"ListItem\",\"position\":1,\"name\":\"In\u00edcio\",\"item\":\"https:\/\/www.notibras.com\/site\/\"},{\"@type\":\"ListItem\",\"position\":2,\"name\":\"Como as fake news tentam desgastar Alexandre de Moraes\"}]},{\"@type\":\"WebSite\",\"@id\":\"https:\/\/www.notibras.com\/site\/#website\",\"url\":\"https:\/\/www.notibras.com\/site\/\",\"name\":\"Notibras\",\"description\":\"Not\u00edcias de Bras\u00edlia, do Brasil e do Mundo\",\"publisher\":{\"@id\":\"https:\/\/www.notibras.com\/site\/#organization\"},\"potentialAction\":[{\"@type\":\"SearchAction\",\"target\":{\"@type\":\"EntryPoint\",\"urlTemplate\":\"https:\/\/www.notibras.com\/site\/?s={search_term_string}\"},\"query-input\":{\"@type\":\"PropertyValueSpecification\",\"valueRequired\":true,\"valueName\":\"search_term_string\"}}],\"inLanguage\":\"pt-BR\"},{\"@type\":\"Organization\",\"@id\":\"https:\/\/www.notibras.com\/site\/#organization\",\"name\":\"Grupo Notibras de Comunica\u00e7\u00e3o\",\"url\":\"https:\/\/www.notibras.com\/site\/\",\"logo\":{\"@type\":\"ImageObject\",\"inLanguage\":\"pt-BR\",\"@id\":\"https:\/\/www.notibras.com\/site\/#\/schema\/logo\/image\/\",\"url\":\"https:\/\/www.notibras.com\/site\/wp-content\/uploads\/2023\/01\/notibras23.png\",\"contentUrl\":\"https:\/\/www.notibras.com\/site\/wp-content\/uploads\/2023\/01\/notibras23.png\",\"width\":350,\"height\":87,\"caption\":\"Grupo Notibras de Comunica\u00e7\u00e3o\"},\"image\":{\"@id\":\"https:\/\/www.notibras.com\/site\/#\/schema\/logo\/image\/\"},\"sameAs\":[\"https:\/\/www.facebook.com\/notibras\/\",\"https:\/\/x.com\/Notibras\",\"https:\/\/www.instagram.com\/notibras\/\"]},{\"@type\":\"Person\",\"@id\":\"https:\/\/www.notibras.com\/site\/#\/schema\/person\/5b7fabf2aedc3ada2105f03b22b4d3dd\",\"name\":\"Eduardo Mart\u00ednez\",\"image\":{\"@type\":\"ImageObject\",\"inLanguage\":\"pt-BR\",\"@id\":\"https:\/\/secure.gravatar.com\/avatar\/7902f906289926289cbcda644b5197c796b893c6ffd7b9a536a42d290f7704a0?s=96&d=mm&r=g\",\"url\":\"https:\/\/secure.gravatar.com\/avatar\/7902f906289926289cbcda644b5197c796b893c6ffd7b9a536a42d290f7704a0?s=96&d=mm&r=g\",\"contentUrl\":\"https:\/\/secure.gravatar.com\/avatar\/7902f906289926289cbcda644b5197c796b893c6ffd7b9a536a42d290f7704a0?s=96&d=mm&r=g\",\"caption\":\"Eduardo Mart\u00ednez\"}}]}<\/script>\n<!-- \/ Yoast SEO plugin. -->","yoast_head_json":{"title":"Como as fake news tentam desgastar Alexandre de Moraes - Notibras","robots":{"index":"index","follow":"follow","max-snippet":"max-snippet:-1","max-image-preview":"max-image-preview:large","max-video-preview":"max-video-preview:-1"},"canonical":"https:\/\/www.notibras.com\/site\/como-as-fake-news-tentam-desgastar-alexandre-de-moraes\/","og_locale":"pt_BR","og_type":"article","og_title":"Como as fake news tentam desgastar Alexandre de Moraes - Notibras","og_description":"O ministro do Supremo Tribunal Federal Alexandre de Moraes ganhou enorme notoriedade nos \u00faltimos anos ao enfrentar o bolsonarismo e sua sanha golpista. \u00c0 frente de investiga\u00e7\u00f5es que apuram ataques \u00e0s institui\u00e7\u00f5es, redes de desinforma\u00e7\u00e3o e articula\u00e7\u00f5es contra a democracia, Moraes tornou-se uma das figuras mais vis\u00edveis do sistema de justi\u00e7a brasileiro. N\u00e3o surpreende, portanto, [&hellip;]","og_url":"https:\/\/www.notibras.com\/site\/como-as-fake-news-tentam-desgastar-alexandre-de-moraes\/","og_site_name":"Notibras","article_publisher":"https:\/\/www.facebook.com\/notibras\/","article_published_time":"2026-03-09T05:00:04+00:00","article_modified_time":"2026-03-09T09:41:45+00:00","og_image":[{"width":1170,"height":700,"url":"https:\/\/www.notibras.com\/site\/wp-content\/uploads\/2026\/03\/tse_posse_moraes2.webp","type":"image\/webp"}],"author":"Eduardo Mart\u00ednez","twitter_card":"summary_large_image","twitter_creator":"@Notibras","twitter_site":"@Notibras","twitter_misc":{"Escrito por":"Eduardo Mart\u00ednez","Est. tempo de leitura":"2 minutos"},"schema":{"@context":"https:\/\/schema.org","@graph":[{"@type":"Article","@id":"https:\/\/www.notibras.com\/site\/como-as-fake-news-tentam-desgastar-alexandre-de-moraes\/#article","isPartOf":{"@id":"https:\/\/www.notibras.com\/site\/como-as-fake-news-tentam-desgastar-alexandre-de-moraes\/"},"author":{"name":"Eduardo Mart\u00ednez","@id":"https:\/\/www.notibras.com\/site\/#\/schema\/person\/5b7fabf2aedc3ada2105f03b22b4d3dd"},"headline":"Como as fake news tentam desgastar Alexandre de Moraes","datePublished":"2026-03-09T05:00:04+00:00","dateModified":"2026-03-09T09:41:45+00:00","mainEntityOfPage":{"@id":"https:\/\/www.notibras.com\/site\/como-as-fake-news-tentam-desgastar-alexandre-de-moraes\/"},"wordCount":305,"publisher":{"@id":"https:\/\/www.notibras.com\/site\/#organization"},"image":{"@id":"https:\/\/www.notibras.com\/site\/como-as-fake-news-tentam-desgastar-alexandre-de-moraes\/#primaryimage"},"thumbnailUrl":"https:\/\/www.notibras.com\/site\/wp-content\/uploads\/2026\/03\/tse_posse_moraes2.webp","keywords":["capa"],"articleSection":["Dona Irene"],"inLanguage":"pt-BR"},{"@type":"WebPage","@id":"https:\/\/www.notibras.com\/site\/como-as-fake-news-tentam-desgastar-alexandre-de-moraes\/","url":"https:\/\/www.notibras.com\/site\/como-as-fake-news-tentam-desgastar-alexandre-de-moraes\/","name":"Como as fake news tentam desgastar Alexandre de Moraes - Notibras","isPartOf":{"@id":"https:\/\/www.notibras.com\/site\/#website"},"primaryImageOfPage":{"@id":"https:\/\/www.notibras.com\/site\/como-as-fake-news-tentam-desgastar-alexandre-de-moraes\/#primaryimage"},"image":{"@id":"https:\/\/www.notibras.com\/site\/como-as-fake-news-tentam-desgastar-alexandre-de-moraes\/#primaryimage"},"thumbnailUrl":"https:\/\/www.notibras.com\/site\/wp-content\/uploads\/2026\/03\/tse_posse_moraes2.webp","datePublished":"2026-03-09T05:00:04+00:00","dateModified":"2026-03-09T09:41:45+00:00","breadcrumb":{"@id":"https:\/\/www.notibras.com\/site\/como-as-fake-news-tentam-desgastar-alexandre-de-moraes\/#breadcrumb"},"inLanguage":"pt-BR","potentialAction":[{"@type":"ReadAction","target":["https:\/\/www.notibras.com\/site\/como-as-fake-news-tentam-desgastar-alexandre-de-moraes\/"]}]},{"@type":"ImageObject","inLanguage":"pt-BR","@id":"https:\/\/www.notibras.com\/site\/como-as-fake-news-tentam-desgastar-alexandre-de-moraes\/#primaryimage","url":"https:\/\/www.notibras.com\/site\/wp-content\/uploads\/2026\/03\/tse_posse_moraes2.webp","contentUrl":"https:\/\/www.notibras.com\/site\/wp-content\/uploads\/2026\/03\/tse_posse_moraes2.webp","width":1170,"height":700},{"@type":"BreadcrumbList","@id":"https:\/\/www.notibras.com\/site\/como-as-fake-news-tentam-desgastar-alexandre-de-moraes\/#breadcrumb","itemListElement":[{"@type":"ListItem","position":1,"name":"In\u00edcio","item":"https:\/\/www.notibras.com\/site\/"},{"@type":"ListItem","position":2,"name":"Como as fake news tentam desgastar Alexandre de Moraes"}]},{"@type":"WebSite","@id":"https:\/\/www.notibras.com\/site\/#website","url":"https:\/\/www.notibras.com\/site\/","name":"Notibras","description":"Not\u00edcias de Bras\u00edlia, do Brasil e do Mundo","publisher":{"@id":"https:\/\/www.notibras.com\/site\/#organization"},"potentialAction":[{"@type":"SearchAction","target":{"@type":"EntryPoint","urlTemplate":"https:\/\/www.notibras.com\/site\/?s={search_term_string}"},"query-input":{"@type":"PropertyValueSpecification","valueRequired":true,"valueName":"search_term_string"}}],"inLanguage":"pt-BR"},{"@type":"Organization","@id":"https:\/\/www.notibras.com\/site\/#organization","name":"Grupo Notibras de Comunica\u00e7\u00e3o","url":"https:\/\/www.notibras.com\/site\/","logo":{"@type":"ImageObject","inLanguage":"pt-BR","@id":"https:\/\/www.notibras.com\/site\/#\/schema\/logo\/image\/","url":"https:\/\/www.notibras.com\/site\/wp-content\/uploads\/2023\/01\/notibras23.png","contentUrl":"https:\/\/www.notibras.com\/site\/wp-content\/uploads\/2023\/01\/notibras23.png","width":350,"height":87,"caption":"Grupo Notibras de Comunica\u00e7\u00e3o"},"image":{"@id":"https:\/\/www.notibras.com\/site\/#\/schema\/logo\/image\/"},"sameAs":["https:\/\/www.facebook.com\/notibras\/","https:\/\/x.com\/Notibras","https:\/\/www.instagram.com\/notibras\/"]},{"@type":"Person","@id":"https:\/\/www.notibras.com\/site\/#\/schema\/person\/5b7fabf2aedc3ada2105f03b22b4d3dd","name":"Eduardo Mart\u00ednez","image":{"@type":"ImageObject","inLanguage":"pt-BR","@id":"https:\/\/secure.gravatar.com\/avatar\/7902f906289926289cbcda644b5197c796b893c6ffd7b9a536a42d290f7704a0?s=96&d=mm&r=g","url":"https:\/\/secure.gravatar.com\/avatar\/7902f906289926289cbcda644b5197c796b893c6ffd7b9a536a42d290f7704a0?s=96&d=mm&r=g","contentUrl":"https:\/\/secure.gravatar.com\/avatar\/7902f906289926289cbcda644b5197c796b893c6ffd7b9a536a42d290f7704a0?s=96&d=mm&r=g","caption":"Eduardo Mart\u00ednez"}}]}},"amp_enabled":true,"_links":{"self":[{"href":"https:\/\/www.notibras.com\/site\/wp-json\/wp\/v2\/posts\/386229","targetHints":{"allow":["GET"]}}],"collection":[{"href":"https:\/\/www.notibras.com\/site\/wp-json\/wp\/v2\/posts"}],"about":[{"href":"https:\/\/www.notibras.com\/site\/wp-json\/wp\/v2\/types\/post"}],"author":[{"embeddable":true,"href":"https:\/\/www.notibras.com\/site\/wp-json\/wp\/v2\/users\/21"}],"replies":[{"embeddable":true,"href":"https:\/\/www.notibras.com\/site\/wp-json\/wp\/v2\/comments?post=386229"}],"version-history":[{"count":5,"href":"https:\/\/www.notibras.com\/site\/wp-json\/wp\/v2\/posts\/386229\/revisions"}],"predecessor-version":[{"id":386248,"href":"https:\/\/www.notibras.com\/site\/wp-json\/wp\/v2\/posts\/386229\/revisions\/386248"}],"wp:featuredmedia":[{"embeddable":true,"href":"https:\/\/www.notibras.com\/site\/wp-json\/wp\/v2\/media\/386230"}],"wp:attachment":[{"href":"https:\/\/www.notibras.com\/site\/wp-json\/wp\/v2\/media?parent=386229"}],"wp:term":[{"taxonomy":"category","embeddable":true,"href":"https:\/\/www.notibras.com\/site\/wp-json\/wp\/v2\/categories?post=386229"},{"taxonomy":"post_tag","embeddable":true,"href":"https:\/\/www.notibras.com\/site\/wp-json\/wp\/v2\/tags?post=386229"}],"curies":[{"name":"wp","href":"https:\/\/api.w.org\/{rel}","templated":true}]}}