{"id":386237,"date":"2026-03-10T02:00:53","date_gmt":"2026-03-10T05:00:53","guid":{"rendered":"https:\/\/www.notibras.com\/site\/?p=386237"},"modified":"2026-03-09T02:33:52","modified_gmt":"2026-03-09T05:33:52","slug":"seu-gege-e-o-etarismo","status":"publish","type":"post","link":"https:\/\/www.notibras.com\/site\/seu-gege-e-o-etarismo\/","title":{"rendered":"Seu Geg\u00ea e o etarismo"},"content":{"rendered":"<p>Gerv\u00e1sio Guimar\u00e3es, o seu Geg\u00ea, era um dos mais not\u00f3rios frequentadores do Bar do Bosco, bem ali na 709 Norte, em Bras\u00edlia. Um tipo, no m\u00ednimo, ainda recordado por parte dos que tinham por h\u00e1bito ir ali, mesmo que fosse para comprar cigarros ou dividir uma breve cerveja com amigos.<\/p>\n<p>Beirando os 90 anos, o sujeito era vi\u00favo h\u00e1 pelo menos duas d\u00e9cadas, sem filhos, cachorro, gato, papagaio ou aqu\u00e1rio para se preocupar, chegava ao local duas ou tr\u00eas horas ap\u00f3s o almo\u00e7o. Raramente fazia o pedido \u00e0 mesa, preferia a crueza do balc\u00e3o. Sentava-se em um dos bancos altos, n\u00e3o aparentava prefer\u00eancia, mas evitava os pr\u00f3ximos ao banheiro.<\/p>\n<p>Dependendo do movimento, Bosco, o dono do boteco, dava certa aten\u00e7\u00e3o ao cliente ass\u00edduo. N\u00e3o era quest\u00e3o de bajular o coroa, mesmo porque, quando muito, seu Geg\u00ea n\u00e3o bebia nada al\u00e9m de um suco de laranja ou uma \u00e1gua com g\u00e1s. A quest\u00e3o era outra. \u00c9 que o comerciante ficava incomodado com certos indiv\u00edduos que se aproximavam do idoso para lhe contar as maiores mentiras, como se velhice pudesse ser alvo de tro\u00e7as,<\/p>\n<p>Se o Bosco parecia inconformado com aquela situa\u00e7\u00e3o, n\u00e3o se podia dizer o mesmo do seu Geg\u00ea. Na verdade, ele parecia at\u00e9 se divertir e, muitas vezes, se fazia de desentendido por conta de algum coment\u00e1rio carregado de etarismo.<\/p>\n<p>Intrigado com o comportamento passivo do seu Geg\u00ea, Bosco, em determinada ocasi\u00e3o, o questionou como \u00e9 que ele aguentava aquela conversa fiada. Seu Geg\u00ea apertou os olhos mi\u00fados e, com o sorriso que a dentadura lhe permitia, disse:<\/p>\n<p>\u2014 Bosco, meu amigo, nem ligo se a conversa \u00e9 fiada. Nesta altura da vida, o que me importa \u00e9 conversa, qualquer que seja. Sou praticamente um enterrado vivo no deserto do esquecimento.<\/p>\n<p><strong>\u2026\u2026\u2026\u2026\u2026\u2026\u2026\u2026<\/strong><\/p>\n<p><strong>Eduardo Mart\u00ednez \u00e9 autor do livro \u201957 Contos e Cr\u00f4nicas por um Autor Muito Velho\u2019 (Vencedor do Pr\u00eamio Liter\u00e1rio Clarice Lispector \u2013 2025 na categoria livro de contos).<\/strong><\/p>\n<p><strong>Compre aqui<\/strong><\/p>\n<p><a href=\"https:\/\/www.joanineditora.com.br\/57-contos-e-cronicas-por-um-autor-muito-velho\"><strong>https:\/\/www.joanineditora.com.br\/57-contos-e-cronicas-por-um-autor-muito-velho<\/strong><\/a><\/p>\n","protected":false},"excerpt":{"rendered":"<p>Gerv\u00e1sio Guimar\u00e3es, o seu Geg\u00ea, era um dos mais not\u00f3rios frequentadores do Bar do Bosco, bem ali na 709 Norte, em Bras\u00edlia. Um tipo, no m\u00ednimo, ainda recordado por parte dos que tinham por h\u00e1bito ir ali, mesmo que fosse para comprar cigarros ou dividir uma breve cerveja com amigos. Beirando os 90 anos, o [&hellip;]<\/p>\n","protected":false},"author":21,"featured_media":386238,"comment_status":"closed","ping_status":"closed","sticky":false,"template":"","format":"standard","meta":{"_acf_changed":false,"footnotes":""},"categories":[161],"tags":[],"class_list":["post-386237","post","type-post","status-publish","format-standard","has-post-thumbnail","hentry","category-quadradinho-em-foco"],"acf":[],"yoast_head":"<!-- This site is optimized with the Yoast SEO plugin v27.2 - https:\/\/yoast.com\/product\/yoast-seo-wordpress\/ -->\n<title>Seu Geg\u00ea e o etarismo - Notibras<\/title>\n<meta name=\"robots\" content=\"index, follow, max-snippet:-1, max-image-preview:large, max-video-preview:-1\" \/>\n<link rel=\"canonical\" href=\"https:\/\/www.notibras.com\/site\/seu-gege-e-o-etarismo\/\" \/>\n<meta property=\"og:locale\" content=\"pt_BR\" \/>\n<meta property=\"og:type\" content=\"article\" \/>\n<meta property=\"og:title\" content=\"Seu Geg\u00ea e o etarismo - Notibras\" \/>\n<meta property=\"og:description\" content=\"Gerv\u00e1sio Guimar\u00e3es, o seu Geg\u00ea, era um dos mais not\u00f3rios frequentadores do Bar do Bosco, bem ali na 709 Norte, em Bras\u00edlia. Um tipo, no m\u00ednimo, ainda recordado por parte dos que tinham por h\u00e1bito ir ali, mesmo que fosse para comprar cigarros ou dividir uma breve cerveja com amigos. Beirando os 90 anos, o [&hellip;]\" \/>\n<meta property=\"og:url\" content=\"https:\/\/www.notibras.com\/site\/seu-gege-e-o-etarismo\/\" \/>\n<meta property=\"og:site_name\" content=\"Notibras\" \/>\n<meta property=\"article:publisher\" content=\"https:\/\/www.facebook.com\/notibras\/\" \/>\n<meta property=\"article:published_time\" content=\"2026-03-10T05:00:53+00:00\" \/>\n<meta property=\"og:image\" content=\"https:\/\/www.notibras.com\/site\/wp-content\/uploads\/2026\/03\/WhatsApp-Image-2026-03-09-at-02.22.36.jpeg\" \/>\n\t<meta property=\"og:image:width\" content=\"1024\" \/>\n\t<meta property=\"og:image:height\" content=\"559\" \/>\n\t<meta property=\"og:image:type\" content=\"image\/jpeg\" \/>\n<meta name=\"author\" content=\"Eduardo Mart\u00ednez\" \/>\n<meta name=\"twitter:card\" content=\"summary_large_image\" \/>\n<meta name=\"twitter:creator\" content=\"@Notibras\" \/>\n<meta name=\"twitter:site\" content=\"@Notibras\" \/>\n<meta name=\"twitter:label1\" content=\"Escrito por\" \/>\n\t<meta name=\"twitter:data1\" content=\"Eduardo Mart\u00ednez\" \/>\n\t<meta name=\"twitter:label2\" content=\"Est. tempo de leitura\" \/>\n\t<meta name=\"twitter:data2\" content=\"3 minutos\" \/>\n<script type=\"application\/ld+json\" class=\"yoast-schema-graph\">{\"@context\":\"https:\/\/schema.org\",\"@graph\":[{\"@type\":\"Article\",\"@id\":\"https:\/\/www.notibras.com\/site\/seu-gege-e-o-etarismo\/#article\",\"isPartOf\":{\"@id\":\"https:\/\/www.notibras.com\/site\/seu-gege-e-o-etarismo\/\"},\"author\":{\"name\":\"Eduardo Mart\u00ednez\",\"@id\":\"https:\/\/www.notibras.com\/site\/#\/schema\/person\/5b7fabf2aedc3ada2105f03b22b4d3dd\"},\"headline\":\"Seu Geg\u00ea e o etarismo\",\"datePublished\":\"2026-03-10T05:00:53+00:00\",\"mainEntityOfPage\":{\"@id\":\"https:\/\/www.notibras.com\/site\/seu-gege-e-o-etarismo\/\"},\"wordCount\":356,\"publisher\":{\"@id\":\"https:\/\/www.notibras.com\/site\/#organization\"},\"image\":{\"@id\":\"https:\/\/www.notibras.com\/site\/seu-gege-e-o-etarismo\/#primaryimage\"},\"thumbnailUrl\":\"https:\/\/www.notibras.com\/site\/wp-content\/uploads\/2026\/03\/WhatsApp-Image-2026-03-09-at-02.22.36.jpeg\",\"articleSection\":[\"Quadradinho em Foco\"],\"inLanguage\":\"pt-BR\"},{\"@type\":\"WebPage\",\"@id\":\"https:\/\/www.notibras.com\/site\/seu-gege-e-o-etarismo\/\",\"url\":\"https:\/\/www.notibras.com\/site\/seu-gege-e-o-etarismo\/\",\"name\":\"Seu Geg\u00ea e o etarismo - Notibras\",\"isPartOf\":{\"@id\":\"https:\/\/www.notibras.com\/site\/#website\"},\"primaryImageOfPage\":{\"@id\":\"https:\/\/www.notibras.com\/site\/seu-gege-e-o-etarismo\/#primaryimage\"},\"image\":{\"@id\":\"https:\/\/www.notibras.com\/site\/seu-gege-e-o-etarismo\/#primaryimage\"},\"thumbnailUrl\":\"https:\/\/www.notibras.com\/site\/wp-content\/uploads\/2026\/03\/WhatsApp-Image-2026-03-09-at-02.22.36.jpeg\",\"datePublished\":\"2026-03-10T05:00:53+00:00\",\"breadcrumb\":{\"@id\":\"https:\/\/www.notibras.com\/site\/seu-gege-e-o-etarismo\/#breadcrumb\"},\"inLanguage\":\"pt-BR\",\"potentialAction\":[{\"@type\":\"ReadAction\",\"target\":[\"https:\/\/www.notibras.com\/site\/seu-gege-e-o-etarismo\/\"]}]},{\"@type\":\"ImageObject\",\"inLanguage\":\"pt-BR\",\"@id\":\"https:\/\/www.notibras.com\/site\/seu-gege-e-o-etarismo\/#primaryimage\",\"url\":\"https:\/\/www.notibras.com\/site\/wp-content\/uploads\/2026\/03\/WhatsApp-Image-2026-03-09-at-02.22.36.jpeg\",\"contentUrl\":\"https:\/\/www.notibras.com\/site\/wp-content\/uploads\/2026\/03\/WhatsApp-Image-2026-03-09-at-02.22.36.jpeg\",\"width\":1024,\"height\":559},{\"@type\":\"BreadcrumbList\",\"@id\":\"https:\/\/www.notibras.com\/site\/seu-gege-e-o-etarismo\/#breadcrumb\",\"itemListElement\":[{\"@type\":\"ListItem\",\"position\":1,\"name\":\"In\u00edcio\",\"item\":\"https:\/\/www.notibras.com\/site\/\"},{\"@type\":\"ListItem\",\"position\":2,\"name\":\"Seu Geg\u00ea e o etarismo\"}]},{\"@type\":\"WebSite\",\"@id\":\"https:\/\/www.notibras.com\/site\/#website\",\"url\":\"https:\/\/www.notibras.com\/site\/\",\"name\":\"Notibras\",\"description\":\"Not\u00edcias de Bras\u00edlia, do Brasil e do Mundo\",\"publisher\":{\"@id\":\"https:\/\/www.notibras.com\/site\/#organization\"},\"potentialAction\":[{\"@type\":\"SearchAction\",\"target\":{\"@type\":\"EntryPoint\",\"urlTemplate\":\"https:\/\/www.notibras.com\/site\/?s={search_term_string}\"},\"query-input\":{\"@type\":\"PropertyValueSpecification\",\"valueRequired\":true,\"valueName\":\"search_term_string\"}}],\"inLanguage\":\"pt-BR\"},{\"@type\":\"Organization\",\"@id\":\"https:\/\/www.notibras.com\/site\/#organization\",\"name\":\"Grupo Notibras de Comunica\u00e7\u00e3o\",\"url\":\"https:\/\/www.notibras.com\/site\/\",\"logo\":{\"@type\":\"ImageObject\",\"inLanguage\":\"pt-BR\",\"@id\":\"https:\/\/www.notibras.com\/site\/#\/schema\/logo\/image\/\",\"url\":\"https:\/\/www.notibras.com\/site\/wp-content\/uploads\/2023\/01\/notibras23.png\",\"contentUrl\":\"https:\/\/www.notibras.com\/site\/wp-content\/uploads\/2023\/01\/notibras23.png\",\"width\":350,\"height\":87,\"caption\":\"Grupo Notibras de Comunica\u00e7\u00e3o\"},\"image\":{\"@id\":\"https:\/\/www.notibras.com\/site\/#\/schema\/logo\/image\/\"},\"sameAs\":[\"https:\/\/www.facebook.com\/notibras\/\",\"https:\/\/x.com\/Notibras\",\"https:\/\/www.instagram.com\/notibras\/\"]},{\"@type\":\"Person\",\"@id\":\"https:\/\/www.notibras.com\/site\/#\/schema\/person\/5b7fabf2aedc3ada2105f03b22b4d3dd\",\"name\":\"Eduardo Mart\u00ednez\",\"image\":{\"@type\":\"ImageObject\",\"inLanguage\":\"pt-BR\",\"@id\":\"https:\/\/secure.gravatar.com\/avatar\/7902f906289926289cbcda644b5197c796b893c6ffd7b9a536a42d290f7704a0?s=96&d=mm&r=g\",\"url\":\"https:\/\/secure.gravatar.com\/avatar\/7902f906289926289cbcda644b5197c796b893c6ffd7b9a536a42d290f7704a0?s=96&d=mm&r=g\",\"contentUrl\":\"https:\/\/secure.gravatar.com\/avatar\/7902f906289926289cbcda644b5197c796b893c6ffd7b9a536a42d290f7704a0?s=96&d=mm&r=g\",\"caption\":\"Eduardo Mart\u00ednez\"}}]}<\/script>\n<!-- \/ Yoast SEO plugin. -->","yoast_head_json":{"title":"Seu Geg\u00ea e o etarismo - Notibras","robots":{"index":"index","follow":"follow","max-snippet":"max-snippet:-1","max-image-preview":"max-image-preview:large","max-video-preview":"max-video-preview:-1"},"canonical":"https:\/\/www.notibras.com\/site\/seu-gege-e-o-etarismo\/","og_locale":"pt_BR","og_type":"article","og_title":"Seu Geg\u00ea e o etarismo - Notibras","og_description":"Gerv\u00e1sio Guimar\u00e3es, o seu Geg\u00ea, era um dos mais not\u00f3rios frequentadores do Bar do Bosco, bem ali na 709 Norte, em Bras\u00edlia. Um tipo, no m\u00ednimo, ainda recordado por parte dos que tinham por h\u00e1bito ir ali, mesmo que fosse para comprar cigarros ou dividir uma breve cerveja com amigos. Beirando os 90 anos, o [&hellip;]","og_url":"https:\/\/www.notibras.com\/site\/seu-gege-e-o-etarismo\/","og_site_name":"Notibras","article_publisher":"https:\/\/www.facebook.com\/notibras\/","article_published_time":"2026-03-10T05:00:53+00:00","og_image":[{"width":1024,"height":559,"url":"https:\/\/www.notibras.com\/site\/wp-content\/uploads\/2026\/03\/WhatsApp-Image-2026-03-09-at-02.22.36.jpeg","type":"image\/jpeg"}],"author":"Eduardo Mart\u00ednez","twitter_card":"summary_large_image","twitter_creator":"@Notibras","twitter_site":"@Notibras","twitter_misc":{"Escrito por":"Eduardo Mart\u00ednez","Est. tempo de leitura":"3 minutos"},"schema":{"@context":"https:\/\/schema.org","@graph":[{"@type":"Article","@id":"https:\/\/www.notibras.com\/site\/seu-gege-e-o-etarismo\/#article","isPartOf":{"@id":"https:\/\/www.notibras.com\/site\/seu-gege-e-o-etarismo\/"},"author":{"name":"Eduardo Mart\u00ednez","@id":"https:\/\/www.notibras.com\/site\/#\/schema\/person\/5b7fabf2aedc3ada2105f03b22b4d3dd"},"headline":"Seu Geg\u00ea e o etarismo","datePublished":"2026-03-10T05:00:53+00:00","mainEntityOfPage":{"@id":"https:\/\/www.notibras.com\/site\/seu-gege-e-o-etarismo\/"},"wordCount":356,"publisher":{"@id":"https:\/\/www.notibras.com\/site\/#organization"},"image":{"@id":"https:\/\/www.notibras.com\/site\/seu-gege-e-o-etarismo\/#primaryimage"},"thumbnailUrl":"https:\/\/www.notibras.com\/site\/wp-content\/uploads\/2026\/03\/WhatsApp-Image-2026-03-09-at-02.22.36.jpeg","articleSection":["Quadradinho em Foco"],"inLanguage":"pt-BR"},{"@type":"WebPage","@id":"https:\/\/www.notibras.com\/site\/seu-gege-e-o-etarismo\/","url":"https:\/\/www.notibras.com\/site\/seu-gege-e-o-etarismo\/","name":"Seu Geg\u00ea e o etarismo - Notibras","isPartOf":{"@id":"https:\/\/www.notibras.com\/site\/#website"},"primaryImageOfPage":{"@id":"https:\/\/www.notibras.com\/site\/seu-gege-e-o-etarismo\/#primaryimage"},"image":{"@id":"https:\/\/www.notibras.com\/site\/seu-gege-e-o-etarismo\/#primaryimage"},"thumbnailUrl":"https:\/\/www.notibras.com\/site\/wp-content\/uploads\/2026\/03\/WhatsApp-Image-2026-03-09-at-02.22.36.jpeg","datePublished":"2026-03-10T05:00:53+00:00","breadcrumb":{"@id":"https:\/\/www.notibras.com\/site\/seu-gege-e-o-etarismo\/#breadcrumb"},"inLanguage":"pt-BR","potentialAction":[{"@type":"ReadAction","target":["https:\/\/www.notibras.com\/site\/seu-gege-e-o-etarismo\/"]}]},{"@type":"ImageObject","inLanguage":"pt-BR","@id":"https:\/\/www.notibras.com\/site\/seu-gege-e-o-etarismo\/#primaryimage","url":"https:\/\/www.notibras.com\/site\/wp-content\/uploads\/2026\/03\/WhatsApp-Image-2026-03-09-at-02.22.36.jpeg","contentUrl":"https:\/\/www.notibras.com\/site\/wp-content\/uploads\/2026\/03\/WhatsApp-Image-2026-03-09-at-02.22.36.jpeg","width":1024,"height":559},{"@type":"BreadcrumbList","@id":"https:\/\/www.notibras.com\/site\/seu-gege-e-o-etarismo\/#breadcrumb","itemListElement":[{"@type":"ListItem","position":1,"name":"In\u00edcio","item":"https:\/\/www.notibras.com\/site\/"},{"@type":"ListItem","position":2,"name":"Seu Geg\u00ea e o etarismo"}]},{"@type":"WebSite","@id":"https:\/\/www.notibras.com\/site\/#website","url":"https:\/\/www.notibras.com\/site\/","name":"Notibras","description":"Not\u00edcias de Bras\u00edlia, do Brasil e do Mundo","publisher":{"@id":"https:\/\/www.notibras.com\/site\/#organization"},"potentialAction":[{"@type":"SearchAction","target":{"@type":"EntryPoint","urlTemplate":"https:\/\/www.notibras.com\/site\/?s={search_term_string}"},"query-input":{"@type":"PropertyValueSpecification","valueRequired":true,"valueName":"search_term_string"}}],"inLanguage":"pt-BR"},{"@type":"Organization","@id":"https:\/\/www.notibras.com\/site\/#organization","name":"Grupo Notibras de Comunica\u00e7\u00e3o","url":"https:\/\/www.notibras.com\/site\/","logo":{"@type":"ImageObject","inLanguage":"pt-BR","@id":"https:\/\/www.notibras.com\/site\/#\/schema\/logo\/image\/","url":"https:\/\/www.notibras.com\/site\/wp-content\/uploads\/2023\/01\/notibras23.png","contentUrl":"https:\/\/www.notibras.com\/site\/wp-content\/uploads\/2023\/01\/notibras23.png","width":350,"height":87,"caption":"Grupo Notibras de Comunica\u00e7\u00e3o"},"image":{"@id":"https:\/\/www.notibras.com\/site\/#\/schema\/logo\/image\/"},"sameAs":["https:\/\/www.facebook.com\/notibras\/","https:\/\/x.com\/Notibras","https:\/\/www.instagram.com\/notibras\/"]},{"@type":"Person","@id":"https:\/\/www.notibras.com\/site\/#\/schema\/person\/5b7fabf2aedc3ada2105f03b22b4d3dd","name":"Eduardo Mart\u00ednez","image":{"@type":"ImageObject","inLanguage":"pt-BR","@id":"https:\/\/secure.gravatar.com\/avatar\/7902f906289926289cbcda644b5197c796b893c6ffd7b9a536a42d290f7704a0?s=96&d=mm&r=g","url":"https:\/\/secure.gravatar.com\/avatar\/7902f906289926289cbcda644b5197c796b893c6ffd7b9a536a42d290f7704a0?s=96&d=mm&r=g","contentUrl":"https:\/\/secure.gravatar.com\/avatar\/7902f906289926289cbcda644b5197c796b893c6ffd7b9a536a42d290f7704a0?s=96&d=mm&r=g","caption":"Eduardo Mart\u00ednez"}}]}},"amp_enabled":true,"_links":{"self":[{"href":"https:\/\/www.notibras.com\/site\/wp-json\/wp\/v2\/posts\/386237","targetHints":{"allow":["GET"]}}],"collection":[{"href":"https:\/\/www.notibras.com\/site\/wp-json\/wp\/v2\/posts"}],"about":[{"href":"https:\/\/www.notibras.com\/site\/wp-json\/wp\/v2\/types\/post"}],"author":[{"embeddable":true,"href":"https:\/\/www.notibras.com\/site\/wp-json\/wp\/v2\/users\/21"}],"replies":[{"embeddable":true,"href":"https:\/\/www.notibras.com\/site\/wp-json\/wp\/v2\/comments?post=386237"}],"version-history":[{"count":2,"href":"https:\/\/www.notibras.com\/site\/wp-json\/wp\/v2\/posts\/386237\/revisions"}],"predecessor-version":[{"id":386240,"href":"https:\/\/www.notibras.com\/site\/wp-json\/wp\/v2\/posts\/386237\/revisions\/386240"}],"wp:featuredmedia":[{"embeddable":true,"href":"https:\/\/www.notibras.com\/site\/wp-json\/wp\/v2\/media\/386238"}],"wp:attachment":[{"href":"https:\/\/www.notibras.com\/site\/wp-json\/wp\/v2\/media?parent=386237"}],"wp:term":[{"taxonomy":"category","embeddable":true,"href":"https:\/\/www.notibras.com\/site\/wp-json\/wp\/v2\/categories?post=386237"},{"taxonomy":"post_tag","embeddable":true,"href":"https:\/\/www.notibras.com\/site\/wp-json\/wp\/v2\/tags?post=386237"}],"curies":[{"name":"wp","href":"https:\/\/api.w.org\/{rel}","templated":true}]}}