{"id":386249,"date":"2026-03-09T06:50:52","date_gmt":"2026-03-09T09:50:52","guid":{"rendered":"https:\/\/www.notibras.com\/site\/?p=386249"},"modified":"2026-03-09T06:50:52","modified_gmt":"2026-03-09T09:50:52","slug":"historia-pode-mudar-a-estoria-de-davi-e-golias","status":"publish","type":"post","link":"https:\/\/www.notibras.com\/site\/historia-pode-mudar-a-estoria-de-davi-e-golias\/","title":{"rendered":"Hist\u00f3ria pode mudar a est\u00f3ria de Davi e Golias"},"content":{"rendered":"<p>O embate entre Davi e Golias \u00e9 um dos epis\u00f3dios mais conhecidos da tradi\u00e7\u00e3o b\u00edblica, narrado no Primeiro Livro de Samuel (1Sm 17). A hist\u00f3ria remete \u00e0s guerras entre os israelitas e os filisteus, quando o ex\u00e9rcito de Israel \u00e9 desafiado por Golias, um gigante guerreiro, descrito como um combatente tem\u00edvel e fortemente armado. Segundo o texto b\u00edblico, Golias media cerca de \u201cseis c\u00f4vados e um palmo\u201d (2,90 metros, aproximadamente) e desafiava diariamente os israelitas a enviarem um campe\u00e3o para enfrent\u00e1-lo (B\u00cdBLIA, 1Sm 17:4).<\/p>\n<p>Davi, ent\u00e3o um jovem pastor e futuro rei de Israel, n\u00e3o era soldado nem possu\u00eda armadura. Munido apenas de uma funda e algumas pedras do rio, ele aceita o desafio, afirmando confiar n\u00e3o em armas, mas na prote\u00e7\u00e3o divina: \u201cTu vens a mim com espada, lan\u00e7a e escudo; eu, por\u00e9m, vou contra ti em nome do Senhor dos Ex\u00e9rcitos\u201d (B\u00cdBLIA, 1Sm 17:45).<\/p>\n<p>O confronto termina quando Davi lan\u00e7a uma pedra que atinge a testa do gigante, derrubando-o. Em seguida, ele utiliza a pr\u00f3pria espada de Golias para derrot\u00e1-lo definitivamente, simbolizando a vit\u00f3ria do fraco. A narrativa tornou-se, ao longo dos s\u00e9culos, uma poderosa met\u00e1fora moral e espiritual. Do ponto de vista simb\u00f3lico, o epis\u00f3dio representa o triunfo da confian\u00e7a em Deus e da coragem individual diante de for\u00e7as aparentemente invenc\u00edveis. Na tradi\u00e7\u00e3o judaico-crist\u00e3, Davi passa a ser visto como modelo de lideran\u00e7a providencial e instrumento da vontade divina.<\/p>\n<p>Assim, o mito de Davi e Golias permanece como um arqu\u00e9tipo cultural universal, adequando-se ao atual conflito do Iran contra os Estados Unidos da Am\u00e9rica, apoiado por Israel. A correla\u00e7\u00e3o de for\u00e7as, com evidente desvantagem para o Iran \u00e9 indiscut\u00edvel; mas como uma \u201croleta russa\u201d, o inesperado pode acontecer.<\/p>\n<p><img loading=\"lazy\" decoding=\"async\" class=\"wp-image-386250 aligncenter\" src=\"https:\/\/www.notibras.com\/site\/wp-content\/uploads\/2026\/03\/tarodentro-169x300.jpg\" alt=\"\" width=\"323\" height=\"573\" srcset=\"https:\/\/www.notibras.com\/site\/wp-content\/uploads\/2026\/03\/tarodentro-169x300.jpg 169w, https:\/\/www.notibras.com\/site\/wp-content\/uploads\/2026\/03\/tarodentro-576x1024.jpg 576w, https:\/\/www.notibras.com\/site\/wp-content\/uploads\/2026\/03\/tarodentro.jpg 720w\" sizes=\"auto, (max-width: 323px) 100vw, 323px\" \/><\/p>\n<p>Numa simples em breve consulta ao Tarot Eg\u00edpcio, com a tiragem de seis cartas na manh\u00e3 do dia 8 de mar\u00e7o, do ano corrente, mentalizando a guerra Iran x EUA\/Israel. As l\u00e2minas retiradas em sequ\u00eancia s\u00e3o as seguintes:<\/p>\n<p>26. A sorte (invertida) \u2013 Quebra de acordo, perigos que amea\u00e7am;<\/p>\n<p>25. A Conquista (invertida) &#8211; Mudan\u00e7as, querelas, aventuras perigosas, algo que se adquire em troca de muito que se perde;<\/p>\n<p>69. A casualidade (Em p\u00e9) \u2013 Fortuna vari\u00e1vel, ganhos e perdas, renova\u00e7\u00e3o;<\/p>\n<p>78. O Renascer (Em p\u00e9) &#8211; Princ\u00edpio da evolu\u00e7\u00e3o, transforma\u00e7\u00e3o espiritual, novo ciclo que se inicia. Axioma: \u201cDias de Sol, noites de Lua, gra\u00e7as pela boa e m\u00e1 sorte\u201d.<\/p>\n<p>17. O Destino (Em p\u00e9) \u2013 Despertar da consci\u00eancia, harmonia, equil\u00edbrio; poder de realiza\u00e7\u00e3o pela magia da f\u00e9.<\/p>\n<p>A interpreta\u00e7\u00e3o no conjunto das cartas \u00e9 que a guerra foi deflagrada em raz\u00e3o da quebra do acordo diplom\u00e1tico entre EUA e Iran (Carta 26), rompido pelo primeiro quando iniciou os ataques \u00e0 Teeran, e outras localidades em territ\u00f3rio iraniano, em 28 de fevereiro, numa a\u00e7\u00e3o em conjunto com Israel. Os preju\u00edzos econ\u00f4micos e morais para os invasores s\u00e3o evidentes, contabilizados os assassinatos em massa de civis, principalmente, e os elevados custos de ataque e defesa (Carta 25). A guerra emprega tecnologias avan\u00e7adas, dos dois lados, com utiliza\u00e7\u00e3o de drones modernos, avi\u00f5es, m\u00edsseis ultramodernos e intelig\u00eancia artificial (Carta 69); a Carta 78 aponta para o renascimento, a calmaria, a esperan\u00e7a, num futuro pr\u00f3ximo. A l\u00e2mina 34 revela que, apesar dos acordos de paz, eles s\u00e3o t\u00eanues, e os ataques e atentados v\u00e3o prosseguir tanto na regi\u00e3o do conflito como fora dela.<\/p>\n<p>Quanto \u00e0 \u00faltima carta, 17 \u2013 Destino, que surgiu ao acaso, \u00e9 tamb\u00e9m conhecida como \u201cA Esperan\u00e7a\u201d, ou \u201cA Estrela\u201d.<\/p>\n<p>S\u00f3 nos resta aguardar o que vir\u00e1. Se hist\u00f3ria, que narra fatos documentados e situa\u00e7\u00f5es reais sobre o passado da humanidade, ou est\u00f3ria, que se refere a fatos imagin\u00e1rios, de fic\u00e7\u00e3o.<\/p>\n<p>&#8230;&#8230;<\/p>\n<p><strong>Giovanni Seabra<\/strong><br \/>\n<strong>@giovanniseabra.esoterico<\/strong><br \/>\n<strong>Gr\u00e3o-Mestre do Col\u00e9gio dos Magos e Sacerdotisas<\/strong><br \/>\n<strong>@colegiodosmagosesacerdotisas<\/strong><\/p>\n<p><strong>O Col\u00e9gio dos Magos e Sacerdotisas est\u00e1 aberto aos novos membros, ne\u00f3fitos e iniciados, para o aprendizado e aprimoramento das Ci\u00eancias Ocultas. Os interessados podem entrar em contato direto atrav\u00e9s da Bio, Direct e o Whatsapp: 81 997302139.<\/strong><\/p>\n","protected":false},"excerpt":{"rendered":"<p>O embate entre Davi e Golias \u00e9 um dos epis\u00f3dios mais conhecidos da tradi\u00e7\u00e3o b\u00edblica, narrado no Primeiro Livro de Samuel (1Sm 17). A hist\u00f3ria remete \u00e0s guerras entre os israelitas e os filisteus, quando o ex\u00e9rcito de Israel \u00e9 desafiado por Golias, um gigante guerreiro, descrito como um combatente tem\u00edvel e fortemente armado. Segundo [&hellip;]<\/p>\n","protected":false},"author":2,"featured_media":386251,"comment_status":"closed","ping_status":"closed","sticky":false,"template":"","format":"standard","meta":{"_acf_changed":false,"footnotes":""},"categories":[237],"tags":[],"class_list":["post-386249","post","type-post","status-publish","format-standard","has-post-thumbnail","hentry","category-oraculos"],"acf":[],"yoast_head":"<!-- This site is optimized with the Yoast SEO plugin v27.2 - https:\/\/yoast.com\/product\/yoast-seo-wordpress\/ -->\n<title>Hist\u00f3ria pode mudar a est\u00f3ria de Davi e Golias - Notibras<\/title>\n<meta name=\"robots\" content=\"index, follow, max-snippet:-1, max-image-preview:large, max-video-preview:-1\" \/>\n<link rel=\"canonical\" href=\"https:\/\/www.notibras.com\/site\/historia-pode-mudar-a-estoria-de-davi-e-golias\/\" \/>\n<meta property=\"og:locale\" content=\"pt_BR\" \/>\n<meta property=\"og:type\" content=\"article\" \/>\n<meta property=\"og:title\" content=\"Hist\u00f3ria pode mudar a est\u00f3ria de Davi e Golias - Notibras\" \/>\n<meta property=\"og:description\" content=\"O embate entre Davi e Golias \u00e9 um dos epis\u00f3dios mais conhecidos da tradi\u00e7\u00e3o b\u00edblica, narrado no Primeiro Livro de Samuel (1Sm 17). A hist\u00f3ria remete \u00e0s guerras entre os israelitas e os filisteus, quando o ex\u00e9rcito de Israel \u00e9 desafiado por Golias, um gigante guerreiro, descrito como um combatente tem\u00edvel e fortemente armado. Segundo [&hellip;]\" \/>\n<meta property=\"og:url\" content=\"https:\/\/www.notibras.com\/site\/historia-pode-mudar-a-estoria-de-davi-e-golias\/\" \/>\n<meta property=\"og:site_name\" content=\"Notibras\" \/>\n<meta property=\"article:publisher\" content=\"https:\/\/www.facebook.com\/notibras\/\" \/>\n<meta property=\"article:published_time\" content=\"2026-03-09T09:50:52+00:00\" \/>\n<meta property=\"og:image\" content=\"https:\/\/www.notibras.com\/site\/wp-content\/uploads\/2026\/03\/daviegolias.jpg\" \/>\n\t<meta property=\"og:image:width\" content=\"1024\" \/>\n\t<meta property=\"og:image:height\" content=\"1536\" \/>\n\t<meta property=\"og:image:type\" content=\"image\/jpeg\" \/>\n<meta name=\"author\" content=\"Reda\u00e7\u00e3o\" \/>\n<meta name=\"twitter:card\" content=\"summary_large_image\" \/>\n<meta name=\"twitter:creator\" content=\"@Notibras\" \/>\n<meta name=\"twitter:site\" content=\"@Notibras\" \/>\n<meta name=\"twitter:label1\" content=\"Escrito por\" \/>\n\t<meta name=\"twitter:data1\" content=\"Reda\u00e7\u00e3o\" \/>\n\t<meta name=\"twitter:label2\" content=\"Est. tempo de leitura\" \/>\n\t<meta name=\"twitter:data2\" content=\"5 minutos\" \/>\n<script type=\"application\/ld+json\" class=\"yoast-schema-graph\">{\"@context\":\"https:\/\/schema.org\",\"@graph\":[{\"@type\":\"Article\",\"@id\":\"https:\/\/www.notibras.com\/site\/historia-pode-mudar-a-estoria-de-davi-e-golias\/#article\",\"isPartOf\":{\"@id\":\"https:\/\/www.notibras.com\/site\/historia-pode-mudar-a-estoria-de-davi-e-golias\/\"},\"author\":{\"name\":\"Reda\u00e7\u00e3o\",\"@id\":\"https:\/\/www.notibras.com\/site\/#\/schema\/person\/36ab0979449956132d3e5b517ea76ac8\"},\"headline\":\"Hist\u00f3ria pode mudar a est\u00f3ria de Davi e Golias\",\"datePublished\":\"2026-03-09T09:50:52+00:00\",\"mainEntityOfPage\":{\"@id\":\"https:\/\/www.notibras.com\/site\/historia-pode-mudar-a-estoria-de-davi-e-golias\/\"},\"wordCount\":720,\"publisher\":{\"@id\":\"https:\/\/www.notibras.com\/site\/#organization\"},\"image\":{\"@id\":\"https:\/\/www.notibras.com\/site\/historia-pode-mudar-a-estoria-de-davi-e-golias\/#primaryimage\"},\"thumbnailUrl\":\"https:\/\/www.notibras.com\/site\/wp-content\/uploads\/2026\/03\/daviegolias.jpg\",\"articleSection\":[\"Or\u00e1culos\"],\"inLanguage\":\"pt-BR\"},{\"@type\":\"WebPage\",\"@id\":\"https:\/\/www.notibras.com\/site\/historia-pode-mudar-a-estoria-de-davi-e-golias\/\",\"url\":\"https:\/\/www.notibras.com\/site\/historia-pode-mudar-a-estoria-de-davi-e-golias\/\",\"name\":\"Hist\u00f3ria pode mudar a est\u00f3ria de Davi e Golias - Notibras\",\"isPartOf\":{\"@id\":\"https:\/\/www.notibras.com\/site\/#website\"},\"primaryImageOfPage\":{\"@id\":\"https:\/\/www.notibras.com\/site\/historia-pode-mudar-a-estoria-de-davi-e-golias\/#primaryimage\"},\"image\":{\"@id\":\"https:\/\/www.notibras.com\/site\/historia-pode-mudar-a-estoria-de-davi-e-golias\/#primaryimage\"},\"thumbnailUrl\":\"https:\/\/www.notibras.com\/site\/wp-content\/uploads\/2026\/03\/daviegolias.jpg\",\"datePublished\":\"2026-03-09T09:50:52+00:00\",\"breadcrumb\":{\"@id\":\"https:\/\/www.notibras.com\/site\/historia-pode-mudar-a-estoria-de-davi-e-golias\/#breadcrumb\"},\"inLanguage\":\"pt-BR\",\"potentialAction\":[{\"@type\":\"ReadAction\",\"target\":[\"https:\/\/www.notibras.com\/site\/historia-pode-mudar-a-estoria-de-davi-e-golias\/\"]}]},{\"@type\":\"ImageObject\",\"inLanguage\":\"pt-BR\",\"@id\":\"https:\/\/www.notibras.com\/site\/historia-pode-mudar-a-estoria-de-davi-e-golias\/#primaryimage\",\"url\":\"https:\/\/www.notibras.com\/site\/wp-content\/uploads\/2026\/03\/daviegolias.jpg\",\"contentUrl\":\"https:\/\/www.notibras.com\/site\/wp-content\/uploads\/2026\/03\/daviegolias.jpg\",\"width\":1024,\"height\":1536},{\"@type\":\"BreadcrumbList\",\"@id\":\"https:\/\/www.notibras.com\/site\/historia-pode-mudar-a-estoria-de-davi-e-golias\/#breadcrumb\",\"itemListElement\":[{\"@type\":\"ListItem\",\"position\":1,\"name\":\"In\u00edcio\",\"item\":\"https:\/\/www.notibras.com\/site\/\"},{\"@type\":\"ListItem\",\"position\":2,\"name\":\"Hist\u00f3ria pode mudar a est\u00f3ria de Davi e Golias\"}]},{\"@type\":\"WebSite\",\"@id\":\"https:\/\/www.notibras.com\/site\/#website\",\"url\":\"https:\/\/www.notibras.com\/site\/\",\"name\":\"Notibras\",\"description\":\"Not\u00edcias de Bras\u00edlia, do Brasil e do Mundo\",\"publisher\":{\"@id\":\"https:\/\/www.notibras.com\/site\/#organization\"},\"potentialAction\":[{\"@type\":\"SearchAction\",\"target\":{\"@type\":\"EntryPoint\",\"urlTemplate\":\"https:\/\/www.notibras.com\/site\/?s={search_term_string}\"},\"query-input\":{\"@type\":\"PropertyValueSpecification\",\"valueRequired\":true,\"valueName\":\"search_term_string\"}}],\"inLanguage\":\"pt-BR\"},{\"@type\":\"Organization\",\"@id\":\"https:\/\/www.notibras.com\/site\/#organization\",\"name\":\"Grupo Notibras de Comunica\u00e7\u00e3o\",\"url\":\"https:\/\/www.notibras.com\/site\/\",\"logo\":{\"@type\":\"ImageObject\",\"inLanguage\":\"pt-BR\",\"@id\":\"https:\/\/www.notibras.com\/site\/#\/schema\/logo\/image\/\",\"url\":\"https:\/\/www.notibras.com\/site\/wp-content\/uploads\/2023\/01\/notibras23.png\",\"contentUrl\":\"https:\/\/www.notibras.com\/site\/wp-content\/uploads\/2023\/01\/notibras23.png\",\"width\":350,\"height\":87,\"caption\":\"Grupo Notibras de Comunica\u00e7\u00e3o\"},\"image\":{\"@id\":\"https:\/\/www.notibras.com\/site\/#\/schema\/logo\/image\/\"},\"sameAs\":[\"https:\/\/www.facebook.com\/notibras\/\",\"https:\/\/x.com\/Notibras\",\"https:\/\/www.instagram.com\/notibras\/\"]},{\"@type\":\"Person\",\"@id\":\"https:\/\/www.notibras.com\/site\/#\/schema\/person\/36ab0979449956132d3e5b517ea76ac8\",\"name\":\"Reda\u00e7\u00e3o\",\"image\":{\"@type\":\"ImageObject\",\"inLanguage\":\"pt-BR\",\"@id\":\"https:\/\/secure.gravatar.com\/avatar\/e0a867bdedb85fd243eadf09663511f96fc81e0720a4a42581f334ad4303aa6b?s=96&d=mm&r=g\",\"url\":\"https:\/\/secure.gravatar.com\/avatar\/e0a867bdedb85fd243eadf09663511f96fc81e0720a4a42581f334ad4303aa6b?s=96&d=mm&r=g\",\"contentUrl\":\"https:\/\/secure.gravatar.com\/avatar\/e0a867bdedb85fd243eadf09663511f96fc81e0720a4a42581f334ad4303aa6b?s=96&d=mm&r=g\",\"caption\":\"Reda\u00e7\u00e3o\"}}]}<\/script>\n<!-- \/ Yoast SEO plugin. -->","yoast_head_json":{"title":"Hist\u00f3ria pode mudar a est\u00f3ria de Davi e Golias - Notibras","robots":{"index":"index","follow":"follow","max-snippet":"max-snippet:-1","max-image-preview":"max-image-preview:large","max-video-preview":"max-video-preview:-1"},"canonical":"https:\/\/www.notibras.com\/site\/historia-pode-mudar-a-estoria-de-davi-e-golias\/","og_locale":"pt_BR","og_type":"article","og_title":"Hist\u00f3ria pode mudar a est\u00f3ria de Davi e Golias - Notibras","og_description":"O embate entre Davi e Golias \u00e9 um dos epis\u00f3dios mais conhecidos da tradi\u00e7\u00e3o b\u00edblica, narrado no Primeiro Livro de Samuel (1Sm 17). A hist\u00f3ria remete \u00e0s guerras entre os israelitas e os filisteus, quando o ex\u00e9rcito de Israel \u00e9 desafiado por Golias, um gigante guerreiro, descrito como um combatente tem\u00edvel e fortemente armado. Segundo [&hellip;]","og_url":"https:\/\/www.notibras.com\/site\/historia-pode-mudar-a-estoria-de-davi-e-golias\/","og_site_name":"Notibras","article_publisher":"https:\/\/www.facebook.com\/notibras\/","article_published_time":"2026-03-09T09:50:52+00:00","og_image":[{"width":1024,"height":1536,"url":"https:\/\/www.notibras.com\/site\/wp-content\/uploads\/2026\/03\/daviegolias.jpg","type":"image\/jpeg"}],"author":"Reda\u00e7\u00e3o","twitter_card":"summary_large_image","twitter_creator":"@Notibras","twitter_site":"@Notibras","twitter_misc":{"Escrito por":"Reda\u00e7\u00e3o","Est. tempo de leitura":"5 minutos"},"schema":{"@context":"https:\/\/schema.org","@graph":[{"@type":"Article","@id":"https:\/\/www.notibras.com\/site\/historia-pode-mudar-a-estoria-de-davi-e-golias\/#article","isPartOf":{"@id":"https:\/\/www.notibras.com\/site\/historia-pode-mudar-a-estoria-de-davi-e-golias\/"},"author":{"name":"Reda\u00e7\u00e3o","@id":"https:\/\/www.notibras.com\/site\/#\/schema\/person\/36ab0979449956132d3e5b517ea76ac8"},"headline":"Hist\u00f3ria pode mudar a est\u00f3ria de Davi e Golias","datePublished":"2026-03-09T09:50:52+00:00","mainEntityOfPage":{"@id":"https:\/\/www.notibras.com\/site\/historia-pode-mudar-a-estoria-de-davi-e-golias\/"},"wordCount":720,"publisher":{"@id":"https:\/\/www.notibras.com\/site\/#organization"},"image":{"@id":"https:\/\/www.notibras.com\/site\/historia-pode-mudar-a-estoria-de-davi-e-golias\/#primaryimage"},"thumbnailUrl":"https:\/\/www.notibras.com\/site\/wp-content\/uploads\/2026\/03\/daviegolias.jpg","articleSection":["Or\u00e1culos"],"inLanguage":"pt-BR"},{"@type":"WebPage","@id":"https:\/\/www.notibras.com\/site\/historia-pode-mudar-a-estoria-de-davi-e-golias\/","url":"https:\/\/www.notibras.com\/site\/historia-pode-mudar-a-estoria-de-davi-e-golias\/","name":"Hist\u00f3ria pode mudar a est\u00f3ria de Davi e Golias - Notibras","isPartOf":{"@id":"https:\/\/www.notibras.com\/site\/#website"},"primaryImageOfPage":{"@id":"https:\/\/www.notibras.com\/site\/historia-pode-mudar-a-estoria-de-davi-e-golias\/#primaryimage"},"image":{"@id":"https:\/\/www.notibras.com\/site\/historia-pode-mudar-a-estoria-de-davi-e-golias\/#primaryimage"},"thumbnailUrl":"https:\/\/www.notibras.com\/site\/wp-content\/uploads\/2026\/03\/daviegolias.jpg","datePublished":"2026-03-09T09:50:52+00:00","breadcrumb":{"@id":"https:\/\/www.notibras.com\/site\/historia-pode-mudar-a-estoria-de-davi-e-golias\/#breadcrumb"},"inLanguage":"pt-BR","potentialAction":[{"@type":"ReadAction","target":["https:\/\/www.notibras.com\/site\/historia-pode-mudar-a-estoria-de-davi-e-golias\/"]}]},{"@type":"ImageObject","inLanguage":"pt-BR","@id":"https:\/\/www.notibras.com\/site\/historia-pode-mudar-a-estoria-de-davi-e-golias\/#primaryimage","url":"https:\/\/www.notibras.com\/site\/wp-content\/uploads\/2026\/03\/daviegolias.jpg","contentUrl":"https:\/\/www.notibras.com\/site\/wp-content\/uploads\/2026\/03\/daviegolias.jpg","width":1024,"height":1536},{"@type":"BreadcrumbList","@id":"https:\/\/www.notibras.com\/site\/historia-pode-mudar-a-estoria-de-davi-e-golias\/#breadcrumb","itemListElement":[{"@type":"ListItem","position":1,"name":"In\u00edcio","item":"https:\/\/www.notibras.com\/site\/"},{"@type":"ListItem","position":2,"name":"Hist\u00f3ria pode mudar a est\u00f3ria de Davi e Golias"}]},{"@type":"WebSite","@id":"https:\/\/www.notibras.com\/site\/#website","url":"https:\/\/www.notibras.com\/site\/","name":"Notibras","description":"Not\u00edcias de Bras\u00edlia, do Brasil e do Mundo","publisher":{"@id":"https:\/\/www.notibras.com\/site\/#organization"},"potentialAction":[{"@type":"SearchAction","target":{"@type":"EntryPoint","urlTemplate":"https:\/\/www.notibras.com\/site\/?s={search_term_string}"},"query-input":{"@type":"PropertyValueSpecification","valueRequired":true,"valueName":"search_term_string"}}],"inLanguage":"pt-BR"},{"@type":"Organization","@id":"https:\/\/www.notibras.com\/site\/#organization","name":"Grupo Notibras de Comunica\u00e7\u00e3o","url":"https:\/\/www.notibras.com\/site\/","logo":{"@type":"ImageObject","inLanguage":"pt-BR","@id":"https:\/\/www.notibras.com\/site\/#\/schema\/logo\/image\/","url":"https:\/\/www.notibras.com\/site\/wp-content\/uploads\/2023\/01\/notibras23.png","contentUrl":"https:\/\/www.notibras.com\/site\/wp-content\/uploads\/2023\/01\/notibras23.png","width":350,"height":87,"caption":"Grupo Notibras de Comunica\u00e7\u00e3o"},"image":{"@id":"https:\/\/www.notibras.com\/site\/#\/schema\/logo\/image\/"},"sameAs":["https:\/\/www.facebook.com\/notibras\/","https:\/\/x.com\/Notibras","https:\/\/www.instagram.com\/notibras\/"]},{"@type":"Person","@id":"https:\/\/www.notibras.com\/site\/#\/schema\/person\/36ab0979449956132d3e5b517ea76ac8","name":"Reda\u00e7\u00e3o","image":{"@type":"ImageObject","inLanguage":"pt-BR","@id":"https:\/\/secure.gravatar.com\/avatar\/e0a867bdedb85fd243eadf09663511f96fc81e0720a4a42581f334ad4303aa6b?s=96&d=mm&r=g","url":"https:\/\/secure.gravatar.com\/avatar\/e0a867bdedb85fd243eadf09663511f96fc81e0720a4a42581f334ad4303aa6b?s=96&d=mm&r=g","contentUrl":"https:\/\/secure.gravatar.com\/avatar\/e0a867bdedb85fd243eadf09663511f96fc81e0720a4a42581f334ad4303aa6b?s=96&d=mm&r=g","caption":"Reda\u00e7\u00e3o"}}]}},"amp_enabled":true,"_links":{"self":[{"href":"https:\/\/www.notibras.com\/site\/wp-json\/wp\/v2\/posts\/386249","targetHints":{"allow":["GET"]}}],"collection":[{"href":"https:\/\/www.notibras.com\/site\/wp-json\/wp\/v2\/posts"}],"about":[{"href":"https:\/\/www.notibras.com\/site\/wp-json\/wp\/v2\/types\/post"}],"author":[{"embeddable":true,"href":"https:\/\/www.notibras.com\/site\/wp-json\/wp\/v2\/users\/2"}],"replies":[{"embeddable":true,"href":"https:\/\/www.notibras.com\/site\/wp-json\/wp\/v2\/comments?post=386249"}],"version-history":[{"count":1,"href":"https:\/\/www.notibras.com\/site\/wp-json\/wp\/v2\/posts\/386249\/revisions"}],"predecessor-version":[{"id":386252,"href":"https:\/\/www.notibras.com\/site\/wp-json\/wp\/v2\/posts\/386249\/revisions\/386252"}],"wp:featuredmedia":[{"embeddable":true,"href":"https:\/\/www.notibras.com\/site\/wp-json\/wp\/v2\/media\/386251"}],"wp:attachment":[{"href":"https:\/\/www.notibras.com\/site\/wp-json\/wp\/v2\/media?parent=386249"}],"wp:term":[{"taxonomy":"category","embeddable":true,"href":"https:\/\/www.notibras.com\/site\/wp-json\/wp\/v2\/categories?post=386249"},{"taxonomy":"post_tag","embeddable":true,"href":"https:\/\/www.notibras.com\/site\/wp-json\/wp\/v2\/tags?post=386249"}],"curies":[{"name":"wp","href":"https:\/\/api.w.org\/{rel}","templated":true}]}}