{"id":386253,"date":"2026-03-09T07:02:58","date_gmt":"2026-03-09T10:02:58","guid":{"rendered":"https:\/\/www.notibras.com\/site\/?p=386253"},"modified":"2026-03-09T07:02:58","modified_gmt":"2026-03-09T10:02:58","slug":"o-homem-perdeu-seu-dia-e-luta-para-se-manter-como-animal-indefeso","status":"publish","type":"post","link":"https:\/\/www.notibras.com\/site\/o-homem-perdeu-seu-dia-e-luta-para-se-manter-como-animal-indefeso\/","title":{"rendered":"O homem perdeu seu dia e luta para se manter como animal indefeso"},"content":{"rendered":"<p>Um dia depois do Dia Internacional da Mulher, hoje j\u00e1 posso contar a verdadeira hist\u00f3ria da data. Conforme os historiadores femininos, o dia 6 de mar\u00e7o \u00e9 que foi inicialmente destinado a elas. Ocorre que as mo\u00e7as, mo\u00e7oilas e mocinhas demoraram dois dias para ficarem prontas, perfumadas, penteadas, maquiadas e lindas. Eis a raz\u00e3o para o adiamento. Considerando que todos os dias do ano s\u00e3o delas, pouco importa que seja, 6, 8 ou 9 de mar\u00e7o. E por que nunca pensaram em um dia exclusivo para os homens?<\/p>\n<p>\u00c9 claro que algu\u00e9m pensou. Dizem que foi um norte-americano com ascend\u00eancia iraniana e com a abund\u00e2ncia virada para o sol nascente da China. O nome do safardana ningu\u00e9m jamais soube. O que todos sabem que o Dia do Homem tamb\u00e9m foi intensa e entusiasmadamente planejado. O problema \u00e9 que, como de costume, a homarada, eu inclusive, esqueceu a data. Azar o nosso. Pensamos que era dia de todos os santos ou dos gatos, mas rapidamente descobrimos que, de le\u00f5es indomados, hoje n\u00e3o passamos de d\u00f3ceis bichanos da sala de estar.<\/p>\n<p>Meses, anos, d\u00e9cadas e s\u00e9culos j\u00e1 se foram desde que Deus criou o homem para ser somente um seguidor das mulheres. Somos igualmente feitos de carne, mas temos de viver como se f\u00f4ssemos de ferro. Ou seja, nascemos para viver a reboque. E n\u00e3o temos a prerrogativa constitucional, democr\u00e1tica e igualit\u00e1ria de reclamar, pois, de acordo com a m\u00e1xima dos principais pensadores do Universo, na vingan\u00e7a e no amor, a mulher \u00e9 infinitamente mais b\u00e1rbara do que o homem. Afinal, elas normalmente se distinguem pelo que nos levam a fazer. Simples assim.<\/p>\n<p>De acordo com a sapi\u00eancia do fil\u00f3sofo e historiador franc\u00eas Voltaire, \u00e9 mais claro do que o sol que Deus criou a mulher para domar o homem. E ponto e v\u00edrgula, sem direito a exclama\u00e7\u00e3o. Como fa\u00e7o quest\u00e3o de me incluir na cada vez mais diminuta lista dos machos alfas com instintos animalescos, busquei nas escrituras sagradas denominadas Assim Falou Zaratustra pelo menos uma raz\u00e3o capaz de justificar a subservi\u00eancia masculina diante de um rabo de saia. Encontrei duas em uma s\u00f3.<\/p>\n<p>Perigo e jogo s\u00e3o as duas coisas que o verdadeiro homem sempre desejou na vida. Por isso, todos querem a mulher, reconhecidamente o jogo mais perigoso. Se algu\u00e9m duvida, pare, pense e reflita sobre a tese recorrente nas mesas de botequim de periferia: N\u00e3o h\u00e1 nada que um homem n\u00e3o seja capaz de fazer quando uma mulher olha para ele. Para quem perdeu o timing de sua pr\u00f3pria data, o pior de tudo s\u00e3o os surtos e o que teimam em botar na cabe\u00e7a dos homens. Refiro-me aos chifres, adere\u00e7o que s\u00f3 conseguimos quando elas querem.<\/p>\n<p>Besteira esse tal de chifre, pois, como afirmam os poetas do absurdo, um homem sem chifre n\u00e3o passa de um animal indefeso. Ali\u00e1s, o par\u00e1grafo 2\u00ba. do artigo 1\u00ba. da literatura m\u00e9dica do s\u00e9culo 21 revela que chifre \u00e9 exatamente igual a anemia, isto \u00e9, s\u00f3 tem quem n\u00e3o come direito. De modo a se contrapor \u00e0 machista, mis\u00f3gina e rocambolesca legisla\u00e7\u00e3o bolsonarista, resta \u00e0s mulheres inventar o chifre culposo, quando n\u00e3o h\u00e1 inten\u00e7\u00e3o de chifrar. Nada a ver incluir o chifre na narrativa, mas, como h\u00e1 espa\u00e7o, n\u00e3o custa lembrar que o homem pode colocar mil chifres, mas se a mulher colocar um derruba os mil e ainda endoida o boi. A moral da hist\u00f3ria \u00e9 simples: o homem perdeu seu dia e agora luta para se manter como animal indefeso.<\/p>\n<p>&#8230;..<\/p>\n<p><strong>Wenceslau Ara\u00fajo \u00e9 Editor-Chefe de Notibras<\/strong><\/p>\n","protected":false},"excerpt":{"rendered":"<p>Um dia depois do Dia Internacional da Mulher, hoje j\u00e1 posso contar a verdadeira hist\u00f3ria da data. Conforme os historiadores femininos, o dia 6 de mar\u00e7o \u00e9 que foi inicialmente destinado a elas. Ocorre que as mo\u00e7as, mo\u00e7oilas e mocinhas demoraram dois dias para ficarem prontas, perfumadas, penteadas, maquiadas e lindas. Eis a raz\u00e3o para [&hellip;]<\/p>\n","protected":false},"author":2,"featured_media":386255,"comment_status":"closed","ping_status":"closed","sticky":false,"template":"","format":"standard","meta":{"_acf_changed":false,"footnotes":""},"categories":[155],"tags":[],"class_list":["post-386253","post","type-post","status-publish","format-standard","has-post-thumbnail","hentry","category-leitura-vip"],"acf":[],"yoast_head":"<!-- This site is optimized with the Yoast SEO plugin v27.2 - https:\/\/yoast.com\/product\/yoast-seo-wordpress\/ -->\n<title>O homem perdeu seu dia e luta para se manter como animal indefeso - Notibras<\/title>\n<meta name=\"robots\" content=\"index, follow, max-snippet:-1, max-image-preview:large, max-video-preview:-1\" \/>\n<link rel=\"canonical\" href=\"https:\/\/www.notibras.com\/site\/o-homem-perdeu-seu-dia-e-luta-para-se-manter-como-animal-indefeso\/\" \/>\n<meta property=\"og:locale\" content=\"pt_BR\" \/>\n<meta property=\"og:type\" content=\"article\" \/>\n<meta property=\"og:title\" content=\"O homem perdeu seu dia e luta para se manter como animal indefeso - Notibras\" \/>\n<meta property=\"og:description\" content=\"Um dia depois do Dia Internacional da Mulher, hoje j\u00e1 posso contar a verdadeira hist\u00f3ria da data. Conforme os historiadores femininos, o dia 6 de mar\u00e7o \u00e9 que foi inicialmente destinado a elas. Ocorre que as mo\u00e7as, mo\u00e7oilas e mocinhas demoraram dois dias para ficarem prontas, perfumadas, penteadas, maquiadas e lindas. Eis a raz\u00e3o para [&hellip;]\" \/>\n<meta property=\"og:url\" content=\"https:\/\/www.notibras.com\/site\/o-homem-perdeu-seu-dia-e-luta-para-se-manter-como-animal-indefeso\/\" \/>\n<meta property=\"og:site_name\" content=\"Notibras\" \/>\n<meta property=\"article:publisher\" content=\"https:\/\/www.facebook.com\/notibras\/\" \/>\n<meta property=\"article:published_time\" content=\"2026-03-09T10:02:58+00:00\" \/>\n<meta property=\"og:image\" content=\"https:\/\/www.notibras.com\/site\/wp-content\/uploads\/2026\/03\/19faf1f2-b2d0-4b72-9d05-53bbd44bba9a-683x1024.png\" \/>\n\t<meta property=\"og:image:width\" content=\"683\" \/>\n\t<meta property=\"og:image:height\" content=\"1024\" \/>\n\t<meta property=\"og:image:type\" content=\"image\/png\" \/>\n<meta name=\"author\" content=\"Reda\u00e7\u00e3o\" \/>\n<meta name=\"twitter:card\" content=\"summary_large_image\" \/>\n<meta name=\"twitter:creator\" content=\"@Notibras\" \/>\n<meta name=\"twitter:site\" content=\"@Notibras\" \/>\n<meta name=\"twitter:label1\" content=\"Escrito por\" \/>\n\t<meta name=\"twitter:data1\" content=\"Reda\u00e7\u00e3o\" \/>\n\t<meta name=\"twitter:label2\" content=\"Est. tempo de leitura\" \/>\n\t<meta name=\"twitter:data2\" content=\"4 minutos\" \/>\n<script type=\"application\/ld+json\" class=\"yoast-schema-graph\">{\"@context\":\"https:\/\/schema.org\",\"@graph\":[{\"@type\":\"Article\",\"@id\":\"https:\/\/www.notibras.com\/site\/o-homem-perdeu-seu-dia-e-luta-para-se-manter-como-animal-indefeso\/#article\",\"isPartOf\":{\"@id\":\"https:\/\/www.notibras.com\/site\/o-homem-perdeu-seu-dia-e-luta-para-se-manter-como-animal-indefeso\/\"},\"author\":{\"name\":\"Reda\u00e7\u00e3o\",\"@id\":\"https:\/\/www.notibras.com\/site\/#\/schema\/person\/36ab0979449956132d3e5b517ea76ac8\"},\"headline\":\"O homem perdeu seu dia e luta para se manter como animal indefeso\",\"datePublished\":\"2026-03-09T10:02:58+00:00\",\"mainEntityOfPage\":{\"@id\":\"https:\/\/www.notibras.com\/site\/o-homem-perdeu-seu-dia-e-luta-para-se-manter-como-animal-indefeso\/\"},\"wordCount\":638,\"publisher\":{\"@id\":\"https:\/\/www.notibras.com\/site\/#organization\"},\"image\":{\"@id\":\"https:\/\/www.notibras.com\/site\/o-homem-perdeu-seu-dia-e-luta-para-se-manter-como-animal-indefeso\/#primaryimage\"},\"thumbnailUrl\":\"https:\/\/www.notibras.com\/site\/wp-content\/uploads\/2026\/03\/19faf1f2-b2d0-4b72-9d05-53bbd44bba9a.png\",\"articleSection\":[\"Leitura Vip\"],\"inLanguage\":\"pt-BR\"},{\"@type\":\"WebPage\",\"@id\":\"https:\/\/www.notibras.com\/site\/o-homem-perdeu-seu-dia-e-luta-para-se-manter-como-animal-indefeso\/\",\"url\":\"https:\/\/www.notibras.com\/site\/o-homem-perdeu-seu-dia-e-luta-para-se-manter-como-animal-indefeso\/\",\"name\":\"O homem perdeu seu dia e luta para se manter como animal indefeso - Notibras\",\"isPartOf\":{\"@id\":\"https:\/\/www.notibras.com\/site\/#website\"},\"primaryImageOfPage\":{\"@id\":\"https:\/\/www.notibras.com\/site\/o-homem-perdeu-seu-dia-e-luta-para-se-manter-como-animal-indefeso\/#primaryimage\"},\"image\":{\"@id\":\"https:\/\/www.notibras.com\/site\/o-homem-perdeu-seu-dia-e-luta-para-se-manter-como-animal-indefeso\/#primaryimage\"},\"thumbnailUrl\":\"https:\/\/www.notibras.com\/site\/wp-content\/uploads\/2026\/03\/19faf1f2-b2d0-4b72-9d05-53bbd44bba9a.png\",\"datePublished\":\"2026-03-09T10:02:58+00:00\",\"breadcrumb\":{\"@id\":\"https:\/\/www.notibras.com\/site\/o-homem-perdeu-seu-dia-e-luta-para-se-manter-como-animal-indefeso\/#breadcrumb\"},\"inLanguage\":\"pt-BR\",\"potentialAction\":[{\"@type\":\"ReadAction\",\"target\":[\"https:\/\/www.notibras.com\/site\/o-homem-perdeu-seu-dia-e-luta-para-se-manter-como-animal-indefeso\/\"]}]},{\"@type\":\"ImageObject\",\"inLanguage\":\"pt-BR\",\"@id\":\"https:\/\/www.notibras.com\/site\/o-homem-perdeu-seu-dia-e-luta-para-se-manter-como-animal-indefeso\/#primaryimage\",\"url\":\"https:\/\/www.notibras.com\/site\/wp-content\/uploads\/2026\/03\/19faf1f2-b2d0-4b72-9d05-53bbd44bba9a.png\",\"contentUrl\":\"https:\/\/www.notibras.com\/site\/wp-content\/uploads\/2026\/03\/19faf1f2-b2d0-4b72-9d05-53bbd44bba9a.png\",\"width\":1024,\"height\":1536},{\"@type\":\"BreadcrumbList\",\"@id\":\"https:\/\/www.notibras.com\/site\/o-homem-perdeu-seu-dia-e-luta-para-se-manter-como-animal-indefeso\/#breadcrumb\",\"itemListElement\":[{\"@type\":\"ListItem\",\"position\":1,\"name\":\"In\u00edcio\",\"item\":\"https:\/\/www.notibras.com\/site\/\"},{\"@type\":\"ListItem\",\"position\":2,\"name\":\"O homem perdeu seu dia e luta para se manter como animal indefeso\"}]},{\"@type\":\"WebSite\",\"@id\":\"https:\/\/www.notibras.com\/site\/#website\",\"url\":\"https:\/\/www.notibras.com\/site\/\",\"name\":\"Notibras\",\"description\":\"Not\u00edcias de Bras\u00edlia, do Brasil e do Mundo\",\"publisher\":{\"@id\":\"https:\/\/www.notibras.com\/site\/#organization\"},\"potentialAction\":[{\"@type\":\"SearchAction\",\"target\":{\"@type\":\"EntryPoint\",\"urlTemplate\":\"https:\/\/www.notibras.com\/site\/?s={search_term_string}\"},\"query-input\":{\"@type\":\"PropertyValueSpecification\",\"valueRequired\":true,\"valueName\":\"search_term_string\"}}],\"inLanguage\":\"pt-BR\"},{\"@type\":\"Organization\",\"@id\":\"https:\/\/www.notibras.com\/site\/#organization\",\"name\":\"Grupo Notibras de Comunica\u00e7\u00e3o\",\"url\":\"https:\/\/www.notibras.com\/site\/\",\"logo\":{\"@type\":\"ImageObject\",\"inLanguage\":\"pt-BR\",\"@id\":\"https:\/\/www.notibras.com\/site\/#\/schema\/logo\/image\/\",\"url\":\"https:\/\/www.notibras.com\/site\/wp-content\/uploads\/2023\/01\/notibras23.png\",\"contentUrl\":\"https:\/\/www.notibras.com\/site\/wp-content\/uploads\/2023\/01\/notibras23.png\",\"width\":350,\"height\":87,\"caption\":\"Grupo Notibras de Comunica\u00e7\u00e3o\"},\"image\":{\"@id\":\"https:\/\/www.notibras.com\/site\/#\/schema\/logo\/image\/\"},\"sameAs\":[\"https:\/\/www.facebook.com\/notibras\/\",\"https:\/\/x.com\/Notibras\",\"https:\/\/www.instagram.com\/notibras\/\"]},{\"@type\":\"Person\",\"@id\":\"https:\/\/www.notibras.com\/site\/#\/schema\/person\/36ab0979449956132d3e5b517ea76ac8\",\"name\":\"Reda\u00e7\u00e3o\",\"image\":{\"@type\":\"ImageObject\",\"inLanguage\":\"pt-BR\",\"@id\":\"https:\/\/secure.gravatar.com\/avatar\/e0a867bdedb85fd243eadf09663511f96fc81e0720a4a42581f334ad4303aa6b?s=96&d=mm&r=g\",\"url\":\"https:\/\/secure.gravatar.com\/avatar\/e0a867bdedb85fd243eadf09663511f96fc81e0720a4a42581f334ad4303aa6b?s=96&d=mm&r=g\",\"contentUrl\":\"https:\/\/secure.gravatar.com\/avatar\/e0a867bdedb85fd243eadf09663511f96fc81e0720a4a42581f334ad4303aa6b?s=96&d=mm&r=g\",\"caption\":\"Reda\u00e7\u00e3o\"}}]}<\/script>\n<!-- \/ Yoast SEO plugin. -->","yoast_head_json":{"title":"O homem perdeu seu dia e luta para se manter como animal indefeso - Notibras","robots":{"index":"index","follow":"follow","max-snippet":"max-snippet:-1","max-image-preview":"max-image-preview:large","max-video-preview":"max-video-preview:-1"},"canonical":"https:\/\/www.notibras.com\/site\/o-homem-perdeu-seu-dia-e-luta-para-se-manter-como-animal-indefeso\/","og_locale":"pt_BR","og_type":"article","og_title":"O homem perdeu seu dia e luta para se manter como animal indefeso - Notibras","og_description":"Um dia depois do Dia Internacional da Mulher, hoje j\u00e1 posso contar a verdadeira hist\u00f3ria da data. Conforme os historiadores femininos, o dia 6 de mar\u00e7o \u00e9 que foi inicialmente destinado a elas. Ocorre que as mo\u00e7as, mo\u00e7oilas e mocinhas demoraram dois dias para ficarem prontas, perfumadas, penteadas, maquiadas e lindas. Eis a raz\u00e3o para [&hellip;]","og_url":"https:\/\/www.notibras.com\/site\/o-homem-perdeu-seu-dia-e-luta-para-se-manter-como-animal-indefeso\/","og_site_name":"Notibras","article_publisher":"https:\/\/www.facebook.com\/notibras\/","article_published_time":"2026-03-09T10:02:58+00:00","og_image":[{"width":683,"height":1024,"url":"https:\/\/www.notibras.com\/site\/wp-content\/uploads\/2026\/03\/19faf1f2-b2d0-4b72-9d05-53bbd44bba9a-683x1024.png","type":"image\/png"}],"author":"Reda\u00e7\u00e3o","twitter_card":"summary_large_image","twitter_creator":"@Notibras","twitter_site":"@Notibras","twitter_misc":{"Escrito por":"Reda\u00e7\u00e3o","Est. tempo de leitura":"4 minutos"},"schema":{"@context":"https:\/\/schema.org","@graph":[{"@type":"Article","@id":"https:\/\/www.notibras.com\/site\/o-homem-perdeu-seu-dia-e-luta-para-se-manter-como-animal-indefeso\/#article","isPartOf":{"@id":"https:\/\/www.notibras.com\/site\/o-homem-perdeu-seu-dia-e-luta-para-se-manter-como-animal-indefeso\/"},"author":{"name":"Reda\u00e7\u00e3o","@id":"https:\/\/www.notibras.com\/site\/#\/schema\/person\/36ab0979449956132d3e5b517ea76ac8"},"headline":"O homem perdeu seu dia e luta para se manter como animal indefeso","datePublished":"2026-03-09T10:02:58+00:00","mainEntityOfPage":{"@id":"https:\/\/www.notibras.com\/site\/o-homem-perdeu-seu-dia-e-luta-para-se-manter-como-animal-indefeso\/"},"wordCount":638,"publisher":{"@id":"https:\/\/www.notibras.com\/site\/#organization"},"image":{"@id":"https:\/\/www.notibras.com\/site\/o-homem-perdeu-seu-dia-e-luta-para-se-manter-como-animal-indefeso\/#primaryimage"},"thumbnailUrl":"https:\/\/www.notibras.com\/site\/wp-content\/uploads\/2026\/03\/19faf1f2-b2d0-4b72-9d05-53bbd44bba9a.png","articleSection":["Leitura Vip"],"inLanguage":"pt-BR"},{"@type":"WebPage","@id":"https:\/\/www.notibras.com\/site\/o-homem-perdeu-seu-dia-e-luta-para-se-manter-como-animal-indefeso\/","url":"https:\/\/www.notibras.com\/site\/o-homem-perdeu-seu-dia-e-luta-para-se-manter-como-animal-indefeso\/","name":"O homem perdeu seu dia e luta para se manter como animal indefeso - Notibras","isPartOf":{"@id":"https:\/\/www.notibras.com\/site\/#website"},"primaryImageOfPage":{"@id":"https:\/\/www.notibras.com\/site\/o-homem-perdeu-seu-dia-e-luta-para-se-manter-como-animal-indefeso\/#primaryimage"},"image":{"@id":"https:\/\/www.notibras.com\/site\/o-homem-perdeu-seu-dia-e-luta-para-se-manter-como-animal-indefeso\/#primaryimage"},"thumbnailUrl":"https:\/\/www.notibras.com\/site\/wp-content\/uploads\/2026\/03\/19faf1f2-b2d0-4b72-9d05-53bbd44bba9a.png","datePublished":"2026-03-09T10:02:58+00:00","breadcrumb":{"@id":"https:\/\/www.notibras.com\/site\/o-homem-perdeu-seu-dia-e-luta-para-se-manter-como-animal-indefeso\/#breadcrumb"},"inLanguage":"pt-BR","potentialAction":[{"@type":"ReadAction","target":["https:\/\/www.notibras.com\/site\/o-homem-perdeu-seu-dia-e-luta-para-se-manter-como-animal-indefeso\/"]}]},{"@type":"ImageObject","inLanguage":"pt-BR","@id":"https:\/\/www.notibras.com\/site\/o-homem-perdeu-seu-dia-e-luta-para-se-manter-como-animal-indefeso\/#primaryimage","url":"https:\/\/www.notibras.com\/site\/wp-content\/uploads\/2026\/03\/19faf1f2-b2d0-4b72-9d05-53bbd44bba9a.png","contentUrl":"https:\/\/www.notibras.com\/site\/wp-content\/uploads\/2026\/03\/19faf1f2-b2d0-4b72-9d05-53bbd44bba9a.png","width":1024,"height":1536},{"@type":"BreadcrumbList","@id":"https:\/\/www.notibras.com\/site\/o-homem-perdeu-seu-dia-e-luta-para-se-manter-como-animal-indefeso\/#breadcrumb","itemListElement":[{"@type":"ListItem","position":1,"name":"In\u00edcio","item":"https:\/\/www.notibras.com\/site\/"},{"@type":"ListItem","position":2,"name":"O homem perdeu seu dia e luta para se manter como animal indefeso"}]},{"@type":"WebSite","@id":"https:\/\/www.notibras.com\/site\/#website","url":"https:\/\/www.notibras.com\/site\/","name":"Notibras","description":"Not\u00edcias de Bras\u00edlia, do Brasil e do Mundo","publisher":{"@id":"https:\/\/www.notibras.com\/site\/#organization"},"potentialAction":[{"@type":"SearchAction","target":{"@type":"EntryPoint","urlTemplate":"https:\/\/www.notibras.com\/site\/?s={search_term_string}"},"query-input":{"@type":"PropertyValueSpecification","valueRequired":true,"valueName":"search_term_string"}}],"inLanguage":"pt-BR"},{"@type":"Organization","@id":"https:\/\/www.notibras.com\/site\/#organization","name":"Grupo Notibras de Comunica\u00e7\u00e3o","url":"https:\/\/www.notibras.com\/site\/","logo":{"@type":"ImageObject","inLanguage":"pt-BR","@id":"https:\/\/www.notibras.com\/site\/#\/schema\/logo\/image\/","url":"https:\/\/www.notibras.com\/site\/wp-content\/uploads\/2023\/01\/notibras23.png","contentUrl":"https:\/\/www.notibras.com\/site\/wp-content\/uploads\/2023\/01\/notibras23.png","width":350,"height":87,"caption":"Grupo Notibras de Comunica\u00e7\u00e3o"},"image":{"@id":"https:\/\/www.notibras.com\/site\/#\/schema\/logo\/image\/"},"sameAs":["https:\/\/www.facebook.com\/notibras\/","https:\/\/x.com\/Notibras","https:\/\/www.instagram.com\/notibras\/"]},{"@type":"Person","@id":"https:\/\/www.notibras.com\/site\/#\/schema\/person\/36ab0979449956132d3e5b517ea76ac8","name":"Reda\u00e7\u00e3o","image":{"@type":"ImageObject","inLanguage":"pt-BR","@id":"https:\/\/secure.gravatar.com\/avatar\/e0a867bdedb85fd243eadf09663511f96fc81e0720a4a42581f334ad4303aa6b?s=96&d=mm&r=g","url":"https:\/\/secure.gravatar.com\/avatar\/e0a867bdedb85fd243eadf09663511f96fc81e0720a4a42581f334ad4303aa6b?s=96&d=mm&r=g","contentUrl":"https:\/\/secure.gravatar.com\/avatar\/e0a867bdedb85fd243eadf09663511f96fc81e0720a4a42581f334ad4303aa6b?s=96&d=mm&r=g","caption":"Reda\u00e7\u00e3o"}}]}},"amp_enabled":true,"_links":{"self":[{"href":"https:\/\/www.notibras.com\/site\/wp-json\/wp\/v2\/posts\/386253","targetHints":{"allow":["GET"]}}],"collection":[{"href":"https:\/\/www.notibras.com\/site\/wp-json\/wp\/v2\/posts"}],"about":[{"href":"https:\/\/www.notibras.com\/site\/wp-json\/wp\/v2\/types\/post"}],"author":[{"embeddable":true,"href":"https:\/\/www.notibras.com\/site\/wp-json\/wp\/v2\/users\/2"}],"replies":[{"embeddable":true,"href":"https:\/\/www.notibras.com\/site\/wp-json\/wp\/v2\/comments?post=386253"}],"version-history":[{"count":1,"href":"https:\/\/www.notibras.com\/site\/wp-json\/wp\/v2\/posts\/386253\/revisions"}],"predecessor-version":[{"id":386256,"href":"https:\/\/www.notibras.com\/site\/wp-json\/wp\/v2\/posts\/386253\/revisions\/386256"}],"wp:featuredmedia":[{"embeddable":true,"href":"https:\/\/www.notibras.com\/site\/wp-json\/wp\/v2\/media\/386255"}],"wp:attachment":[{"href":"https:\/\/www.notibras.com\/site\/wp-json\/wp\/v2\/media?parent=386253"}],"wp:term":[{"taxonomy":"category","embeddable":true,"href":"https:\/\/www.notibras.com\/site\/wp-json\/wp\/v2\/categories?post=386253"},{"taxonomy":"post_tag","embeddable":true,"href":"https:\/\/www.notibras.com\/site\/wp-json\/wp\/v2\/tags?post=386253"}],"curies":[{"name":"wp","href":"https:\/\/api.w.org\/{rel}","templated":true}]}}