{"id":386257,"date":"2026-03-09T07:26:14","date_gmt":"2026-03-09T10:26:14","guid":{"rendered":"https:\/\/www.notibras.com\/site\/?p=386257"},"modified":"2026-03-09T07:26:14","modified_gmt":"2026-03-09T10:26:14","slug":"vorcaroduto-espirra-nos-poderes-mas-ainda-nao-atingiu-o-regente-politico","status":"publish","type":"post","link":"https:\/\/www.notibras.com\/site\/vorcaroduto-espirra-nos-poderes-mas-ainda-nao-atingiu-o-regente-politico\/","title":{"rendered":"&#8216;Vorcaroduto&#8217; espirra nos poderes, mas ainda n\u00e3o atingiu o regente pol\u00edtico"},"content":{"rendered":"<p>Fidedigno ou manipulado, o \u201cvorcaroduto\u201d, vazamento das mensagens particulares ou \u00edntimas trocadas pelo banqueiro Daniel Vorcaro com autoridades dos Tr\u00eas Poderes e com a namorada, n\u00e3o pode ser considerado legal por dois motivos \u00f3bvios: violou o sigilo das investiga\u00e7\u00f5es e tamb\u00e9m a privacidade dos envolvidos. Apesar da obviedade, os conte\u00fados do celular do dono do Master continuam lotando as redes sociais de interessados em incriminar ministros do STF e familiares do presidente da Rep\u00fablica.<\/p>\n<p>N\u00e3o \u00e9 nada, n\u00e3o \u00e9 nada, mas os respons\u00e1veis pelo vazamento sabiam muito bem a quem queriam e querem atingir. \u00c9 a estrat\u00e9gia da exposi\u00e7\u00e3o, do desgaste e da humilha\u00e7\u00e3o. J\u00e1 ouvi patriotas dizendo que ocorreu a mesma coisa com o ex-presidente Jair Messias, hoje apenas o presidi\u00e1rio Bolsonaro, e com os presos do 8 de janeiro de 2023. Segundo eles, a pol\u00edcia e autoridades prisionais s\u00f3 agem por ordem de algu\u00e9m. Trata-se da t\u00e9cnica de se defender atacando.<\/p>\n<p>Que perdoem os que exageram no patriotismo, mas sugerir ou imaginar que algu\u00e9m do governo manda expor, desgastar e humilhar presos como Vorcaro e Bolsonaro \u00e9 insistir com o pensamento de ameba. Esse tipo de imagina\u00e7\u00e3o justifica o amadorismo de fundamentalistas que se dizem mais realistas do que o rei. Qualquer menino do Maternal II n\u00e3o acreditaria na hip\u00f3tese de Luiz In\u00e1cio Lula da Silva ou algum de seus comandados atirar ou mandar atirar no pr\u00f3prio p\u00e9. Nada de anormal para os que permanecem apostando no quanto pior, melhor.<\/p>\n<p>Est\u00e3o enganados aqueles que acham que Lula n\u00e3o tem amplo conhecimento de at\u00e9 onde vai o envolvimento de Lulinha com Vorcaro. N\u00e3o tenho meios, tampouco informa\u00e7\u00f5es para assegurar que o filho do presidente da l\u00edngua presa n\u00e3o tenha o rabo solto, mas duvido que, havendo algum conluio entre eles, a oposi\u00e7\u00e3o se beneficie politicamente. Repito que, apesar da suposta cara de besta, Lula \u00e9 muito mais inteligente do que sup\u00f5e a v\u00e3 filosofia dos bolsonaristas. Ali\u00e1s, at\u00e9 agora nada aconteceu com aquele que os patriotas tentam atingir.<\/p>\n<p>Como o pr\u00f3prio Lula pai j\u00e1 adiantou, se, porventura, Lulinha estiver devendo que ele enfrente a Justi\u00e7a como qualquer outro brasileiro. Por isso, hoje \u00e9 imposs\u00edvel afirmar que uma eventual liga\u00e7\u00e3o de Lulinha com o banqueiro possa prejudicar a consolidada candidatura presidencial do l\u00edder petista. Enquanto o fogareiro arde, \u00e9 bom que deputados, senadores, governadores e at\u00e9 magistrados n\u00e3o esque\u00e7am que, por muito menos, anularam as atua\u00e7\u00f5es do ex-juiz e atual senador S\u00e9rgio Moro e do ex-procurador e ex-deputado federal Deltan Dallagnol na Lava-Jato. Na verdade, no Big-Brother do caso Master poucos ainda se entendem.<\/p>\n<p>Como tudo de ruim no Brasil, \u00e0 tarde os vazamentos que eram s\u00f3 coincid\u00eancias pela manh\u00e3 viram conveni\u00eancia. \u00c0s vezes, eles se transformam em caos \u00e0 noite. Tudo de acordo com a vontade do vazador. Entre mensagens, prints e manchetes em jornais nacionais, o que realmente falta s\u00e3o respostas claras para as d\u00favidas que os interessados na desordem e na anarquia apresentam diariamente. As for\u00e7as do mal n\u00e3o cessam. Gra\u00e7as a Deus, para o regente pol\u00edtico do pa\u00eds as tens\u00f5es n\u00e3o alcan\u00e7am o Pal\u00e1cio do Planalto. \u00c9 como se ele estivesse sendo regido pela tese da Hakuna Matata, cuja defini\u00e7\u00e3o \u00e9 que n\u00e3o h\u00e1 problemas ou n\u00e3o h\u00e1 com o que se preocupar no presente.<\/p>\n<p>Oxal\u00e1! Oremos!<\/p>\n<p>&#8230;&#8230;<\/p>\n<p><strong>Mathuzal\u00e9m J\u00fanior \u00e9 jornalista profissional desde 1978<\/strong><\/p>\n","protected":false},"excerpt":{"rendered":"<p>Fidedigno ou manipulado, o \u201cvorcaroduto\u201d, vazamento das mensagens particulares ou \u00edntimas trocadas pelo banqueiro Daniel Vorcaro com autoridades dos Tr\u00eas Poderes e com a namorada, n\u00e3o pode ser considerado legal por dois motivos \u00f3bvios: violou o sigilo das investiga\u00e7\u00f5es e tamb\u00e9m a privacidade dos envolvidos. Apesar da obviedade, os conte\u00fados do celular do dono do [&hellip;]<\/p>\n","protected":false},"author":2,"featured_media":386258,"comment_status":"closed","ping_status":"closed","sticky":false,"template":"","format":"standard","meta":{"_acf_changed":false,"footnotes":""},"categories":[16],"tags":[],"class_list":["post-386257","post","type-post","status-publish","format-standard","has-post-thumbnail","hentry","category-brasil"],"acf":[],"yoast_head":"<!-- This site is optimized with the Yoast SEO plugin v27.2 - https:\/\/yoast.com\/product\/yoast-seo-wordpress\/ -->\n<title>&#039;Vorcaroduto&#039; espirra nos poderes, mas ainda n\u00e3o atingiu o regente pol\u00edtico - Notibras<\/title>\n<meta name=\"robots\" content=\"index, follow, max-snippet:-1, max-image-preview:large, max-video-preview:-1\" \/>\n<link rel=\"canonical\" href=\"https:\/\/www.notibras.com\/site\/vorcaroduto-espirra-nos-poderes-mas-ainda-nao-atingiu-o-regente-politico\/\" \/>\n<meta property=\"og:locale\" content=\"pt_BR\" \/>\n<meta property=\"og:type\" content=\"article\" \/>\n<meta property=\"og:title\" content=\"&#039;Vorcaroduto&#039; espirra nos poderes, mas ainda n\u00e3o atingiu o regente pol\u00edtico - Notibras\" \/>\n<meta property=\"og:description\" content=\"Fidedigno ou manipulado, o \u201cvorcaroduto\u201d, vazamento das mensagens particulares ou \u00edntimas trocadas pelo banqueiro Daniel Vorcaro com autoridades dos Tr\u00eas Poderes e com a namorada, n\u00e3o pode ser considerado legal por dois motivos \u00f3bvios: violou o sigilo das investiga\u00e7\u00f5es e tamb\u00e9m a privacidade dos envolvidos. Apesar da obviedade, os conte\u00fados do celular do dono do [&hellip;]\" \/>\n<meta property=\"og:url\" content=\"https:\/\/www.notibras.com\/site\/vorcaroduto-espirra-nos-poderes-mas-ainda-nao-atingiu-o-regente-politico\/\" \/>\n<meta property=\"og:site_name\" content=\"Notibras\" \/>\n<meta property=\"article:publisher\" content=\"https:\/\/www.facebook.com\/notibras\/\" \/>\n<meta property=\"article:published_time\" content=\"2026-03-09T10:26:14+00:00\" \/>\n<meta property=\"og:image\" content=\"https:\/\/www.notibras.com\/site\/wp-content\/uploads\/2026\/03\/baa9c019-4e9b-48b4-8e94-90cd1d866018-683x1024.png\" \/>\n\t<meta property=\"og:image:width\" content=\"683\" \/>\n\t<meta property=\"og:image:height\" content=\"1024\" \/>\n\t<meta property=\"og:image:type\" content=\"image\/png\" \/>\n<meta name=\"author\" content=\"Reda\u00e7\u00e3o\" \/>\n<meta name=\"twitter:card\" content=\"summary_large_image\" \/>\n<meta name=\"twitter:creator\" content=\"@Notibras\" \/>\n<meta name=\"twitter:site\" content=\"@Notibras\" \/>\n<meta name=\"twitter:label1\" content=\"Escrito por\" \/>\n\t<meta name=\"twitter:data1\" content=\"Reda\u00e7\u00e3o\" \/>\n\t<meta name=\"twitter:label2\" content=\"Est. tempo de leitura\" \/>\n\t<meta name=\"twitter:data2\" content=\"4 minutos\" \/>\n<script type=\"application\/ld+json\" class=\"yoast-schema-graph\">{\"@context\":\"https:\/\/schema.org\",\"@graph\":[{\"@type\":\"Article\",\"@id\":\"https:\/\/www.notibras.com\/site\/vorcaroduto-espirra-nos-poderes-mas-ainda-nao-atingiu-o-regente-politico\/#article\",\"isPartOf\":{\"@id\":\"https:\/\/www.notibras.com\/site\/vorcaroduto-espirra-nos-poderes-mas-ainda-nao-atingiu-o-regente-politico\/\"},\"author\":{\"name\":\"Reda\u00e7\u00e3o\",\"@id\":\"https:\/\/www.notibras.com\/site\/#\/schema\/person\/36ab0979449956132d3e5b517ea76ac8\"},\"headline\":\"&#8216;Vorcaroduto&#8217; espirra nos poderes, mas ainda n\u00e3o atingiu o regente pol\u00edtico\",\"datePublished\":\"2026-03-09T10:26:14+00:00\",\"mainEntityOfPage\":{\"@id\":\"https:\/\/www.notibras.com\/site\/vorcaroduto-espirra-nos-poderes-mas-ainda-nao-atingiu-o-regente-politico\/\"},\"wordCount\":604,\"publisher\":{\"@id\":\"https:\/\/www.notibras.com\/site\/#organization\"},\"image\":{\"@id\":\"https:\/\/www.notibras.com\/site\/vorcaroduto-espirra-nos-poderes-mas-ainda-nao-atingiu-o-regente-politico\/#primaryimage\"},\"thumbnailUrl\":\"https:\/\/www.notibras.com\/site\/wp-content\/uploads\/2026\/03\/baa9c019-4e9b-48b4-8e94-90cd1d866018.png\",\"articleSection\":[\"Brasil\"],\"inLanguage\":\"pt-BR\"},{\"@type\":\"WebPage\",\"@id\":\"https:\/\/www.notibras.com\/site\/vorcaroduto-espirra-nos-poderes-mas-ainda-nao-atingiu-o-regente-politico\/\",\"url\":\"https:\/\/www.notibras.com\/site\/vorcaroduto-espirra-nos-poderes-mas-ainda-nao-atingiu-o-regente-politico\/\",\"name\":\"'Vorcaroduto' espirra nos poderes, mas ainda n\u00e3o atingiu o regente pol\u00edtico - Notibras\",\"isPartOf\":{\"@id\":\"https:\/\/www.notibras.com\/site\/#website\"},\"primaryImageOfPage\":{\"@id\":\"https:\/\/www.notibras.com\/site\/vorcaroduto-espirra-nos-poderes-mas-ainda-nao-atingiu-o-regente-politico\/#primaryimage\"},\"image\":{\"@id\":\"https:\/\/www.notibras.com\/site\/vorcaroduto-espirra-nos-poderes-mas-ainda-nao-atingiu-o-regente-politico\/#primaryimage\"},\"thumbnailUrl\":\"https:\/\/www.notibras.com\/site\/wp-content\/uploads\/2026\/03\/baa9c019-4e9b-48b4-8e94-90cd1d866018.png\",\"datePublished\":\"2026-03-09T10:26:14+00:00\",\"breadcrumb\":{\"@id\":\"https:\/\/www.notibras.com\/site\/vorcaroduto-espirra-nos-poderes-mas-ainda-nao-atingiu-o-regente-politico\/#breadcrumb\"},\"inLanguage\":\"pt-BR\",\"potentialAction\":[{\"@type\":\"ReadAction\",\"target\":[\"https:\/\/www.notibras.com\/site\/vorcaroduto-espirra-nos-poderes-mas-ainda-nao-atingiu-o-regente-politico\/\"]}]},{\"@type\":\"ImageObject\",\"inLanguage\":\"pt-BR\",\"@id\":\"https:\/\/www.notibras.com\/site\/vorcaroduto-espirra-nos-poderes-mas-ainda-nao-atingiu-o-regente-politico\/#primaryimage\",\"url\":\"https:\/\/www.notibras.com\/site\/wp-content\/uploads\/2026\/03\/baa9c019-4e9b-48b4-8e94-90cd1d866018.png\",\"contentUrl\":\"https:\/\/www.notibras.com\/site\/wp-content\/uploads\/2026\/03\/baa9c019-4e9b-48b4-8e94-90cd1d866018.png\",\"width\":1024,\"height\":1536},{\"@type\":\"BreadcrumbList\",\"@id\":\"https:\/\/www.notibras.com\/site\/vorcaroduto-espirra-nos-poderes-mas-ainda-nao-atingiu-o-regente-politico\/#breadcrumb\",\"itemListElement\":[{\"@type\":\"ListItem\",\"position\":1,\"name\":\"In\u00edcio\",\"item\":\"https:\/\/www.notibras.com\/site\/\"},{\"@type\":\"ListItem\",\"position\":2,\"name\":\"&#8216;Vorcaroduto&#8217; espirra nos poderes, mas ainda n\u00e3o atingiu o regente pol\u00edtico\"}]},{\"@type\":\"WebSite\",\"@id\":\"https:\/\/www.notibras.com\/site\/#website\",\"url\":\"https:\/\/www.notibras.com\/site\/\",\"name\":\"Notibras\",\"description\":\"Not\u00edcias de Bras\u00edlia, do Brasil e do Mundo\",\"publisher\":{\"@id\":\"https:\/\/www.notibras.com\/site\/#organization\"},\"potentialAction\":[{\"@type\":\"SearchAction\",\"target\":{\"@type\":\"EntryPoint\",\"urlTemplate\":\"https:\/\/www.notibras.com\/site\/?s={search_term_string}\"},\"query-input\":{\"@type\":\"PropertyValueSpecification\",\"valueRequired\":true,\"valueName\":\"search_term_string\"}}],\"inLanguage\":\"pt-BR\"},{\"@type\":\"Organization\",\"@id\":\"https:\/\/www.notibras.com\/site\/#organization\",\"name\":\"Grupo Notibras de Comunica\u00e7\u00e3o\",\"url\":\"https:\/\/www.notibras.com\/site\/\",\"logo\":{\"@type\":\"ImageObject\",\"inLanguage\":\"pt-BR\",\"@id\":\"https:\/\/www.notibras.com\/site\/#\/schema\/logo\/image\/\",\"url\":\"https:\/\/www.notibras.com\/site\/wp-content\/uploads\/2023\/01\/notibras23.png\",\"contentUrl\":\"https:\/\/www.notibras.com\/site\/wp-content\/uploads\/2023\/01\/notibras23.png\",\"width\":350,\"height\":87,\"caption\":\"Grupo Notibras de Comunica\u00e7\u00e3o\"},\"image\":{\"@id\":\"https:\/\/www.notibras.com\/site\/#\/schema\/logo\/image\/\"},\"sameAs\":[\"https:\/\/www.facebook.com\/notibras\/\",\"https:\/\/x.com\/Notibras\",\"https:\/\/www.instagram.com\/notibras\/\"]},{\"@type\":\"Person\",\"@id\":\"https:\/\/www.notibras.com\/site\/#\/schema\/person\/36ab0979449956132d3e5b517ea76ac8\",\"name\":\"Reda\u00e7\u00e3o\",\"image\":{\"@type\":\"ImageObject\",\"inLanguage\":\"pt-BR\",\"@id\":\"https:\/\/secure.gravatar.com\/avatar\/e0a867bdedb85fd243eadf09663511f96fc81e0720a4a42581f334ad4303aa6b?s=96&d=mm&r=g\",\"url\":\"https:\/\/secure.gravatar.com\/avatar\/e0a867bdedb85fd243eadf09663511f96fc81e0720a4a42581f334ad4303aa6b?s=96&d=mm&r=g\",\"contentUrl\":\"https:\/\/secure.gravatar.com\/avatar\/e0a867bdedb85fd243eadf09663511f96fc81e0720a4a42581f334ad4303aa6b?s=96&d=mm&r=g\",\"caption\":\"Reda\u00e7\u00e3o\"}}]}<\/script>\n<!-- \/ Yoast SEO plugin. -->","yoast_head_json":{"title":"'Vorcaroduto' espirra nos poderes, mas ainda n\u00e3o atingiu o regente pol\u00edtico - Notibras","robots":{"index":"index","follow":"follow","max-snippet":"max-snippet:-1","max-image-preview":"max-image-preview:large","max-video-preview":"max-video-preview:-1"},"canonical":"https:\/\/www.notibras.com\/site\/vorcaroduto-espirra-nos-poderes-mas-ainda-nao-atingiu-o-regente-politico\/","og_locale":"pt_BR","og_type":"article","og_title":"'Vorcaroduto' espirra nos poderes, mas ainda n\u00e3o atingiu o regente pol\u00edtico - Notibras","og_description":"Fidedigno ou manipulado, o \u201cvorcaroduto\u201d, vazamento das mensagens particulares ou \u00edntimas trocadas pelo banqueiro Daniel Vorcaro com autoridades dos Tr\u00eas Poderes e com a namorada, n\u00e3o pode ser considerado legal por dois motivos \u00f3bvios: violou o sigilo das investiga\u00e7\u00f5es e tamb\u00e9m a privacidade dos envolvidos. Apesar da obviedade, os conte\u00fados do celular do dono do [&hellip;]","og_url":"https:\/\/www.notibras.com\/site\/vorcaroduto-espirra-nos-poderes-mas-ainda-nao-atingiu-o-regente-politico\/","og_site_name":"Notibras","article_publisher":"https:\/\/www.facebook.com\/notibras\/","article_published_time":"2026-03-09T10:26:14+00:00","og_image":[{"width":683,"height":1024,"url":"https:\/\/www.notibras.com\/site\/wp-content\/uploads\/2026\/03\/baa9c019-4e9b-48b4-8e94-90cd1d866018-683x1024.png","type":"image\/png"}],"author":"Reda\u00e7\u00e3o","twitter_card":"summary_large_image","twitter_creator":"@Notibras","twitter_site":"@Notibras","twitter_misc":{"Escrito por":"Reda\u00e7\u00e3o","Est. tempo de leitura":"4 minutos"},"schema":{"@context":"https:\/\/schema.org","@graph":[{"@type":"Article","@id":"https:\/\/www.notibras.com\/site\/vorcaroduto-espirra-nos-poderes-mas-ainda-nao-atingiu-o-regente-politico\/#article","isPartOf":{"@id":"https:\/\/www.notibras.com\/site\/vorcaroduto-espirra-nos-poderes-mas-ainda-nao-atingiu-o-regente-politico\/"},"author":{"name":"Reda\u00e7\u00e3o","@id":"https:\/\/www.notibras.com\/site\/#\/schema\/person\/36ab0979449956132d3e5b517ea76ac8"},"headline":"&#8216;Vorcaroduto&#8217; espirra nos poderes, mas ainda n\u00e3o atingiu o regente pol\u00edtico","datePublished":"2026-03-09T10:26:14+00:00","mainEntityOfPage":{"@id":"https:\/\/www.notibras.com\/site\/vorcaroduto-espirra-nos-poderes-mas-ainda-nao-atingiu-o-regente-politico\/"},"wordCount":604,"publisher":{"@id":"https:\/\/www.notibras.com\/site\/#organization"},"image":{"@id":"https:\/\/www.notibras.com\/site\/vorcaroduto-espirra-nos-poderes-mas-ainda-nao-atingiu-o-regente-politico\/#primaryimage"},"thumbnailUrl":"https:\/\/www.notibras.com\/site\/wp-content\/uploads\/2026\/03\/baa9c019-4e9b-48b4-8e94-90cd1d866018.png","articleSection":["Brasil"],"inLanguage":"pt-BR"},{"@type":"WebPage","@id":"https:\/\/www.notibras.com\/site\/vorcaroduto-espirra-nos-poderes-mas-ainda-nao-atingiu-o-regente-politico\/","url":"https:\/\/www.notibras.com\/site\/vorcaroduto-espirra-nos-poderes-mas-ainda-nao-atingiu-o-regente-politico\/","name":"'Vorcaroduto' espirra nos poderes, mas ainda n\u00e3o atingiu o regente pol\u00edtico - Notibras","isPartOf":{"@id":"https:\/\/www.notibras.com\/site\/#website"},"primaryImageOfPage":{"@id":"https:\/\/www.notibras.com\/site\/vorcaroduto-espirra-nos-poderes-mas-ainda-nao-atingiu-o-regente-politico\/#primaryimage"},"image":{"@id":"https:\/\/www.notibras.com\/site\/vorcaroduto-espirra-nos-poderes-mas-ainda-nao-atingiu-o-regente-politico\/#primaryimage"},"thumbnailUrl":"https:\/\/www.notibras.com\/site\/wp-content\/uploads\/2026\/03\/baa9c019-4e9b-48b4-8e94-90cd1d866018.png","datePublished":"2026-03-09T10:26:14+00:00","breadcrumb":{"@id":"https:\/\/www.notibras.com\/site\/vorcaroduto-espirra-nos-poderes-mas-ainda-nao-atingiu-o-regente-politico\/#breadcrumb"},"inLanguage":"pt-BR","potentialAction":[{"@type":"ReadAction","target":["https:\/\/www.notibras.com\/site\/vorcaroduto-espirra-nos-poderes-mas-ainda-nao-atingiu-o-regente-politico\/"]}]},{"@type":"ImageObject","inLanguage":"pt-BR","@id":"https:\/\/www.notibras.com\/site\/vorcaroduto-espirra-nos-poderes-mas-ainda-nao-atingiu-o-regente-politico\/#primaryimage","url":"https:\/\/www.notibras.com\/site\/wp-content\/uploads\/2026\/03\/baa9c019-4e9b-48b4-8e94-90cd1d866018.png","contentUrl":"https:\/\/www.notibras.com\/site\/wp-content\/uploads\/2026\/03\/baa9c019-4e9b-48b4-8e94-90cd1d866018.png","width":1024,"height":1536},{"@type":"BreadcrumbList","@id":"https:\/\/www.notibras.com\/site\/vorcaroduto-espirra-nos-poderes-mas-ainda-nao-atingiu-o-regente-politico\/#breadcrumb","itemListElement":[{"@type":"ListItem","position":1,"name":"In\u00edcio","item":"https:\/\/www.notibras.com\/site\/"},{"@type":"ListItem","position":2,"name":"&#8216;Vorcaroduto&#8217; espirra nos poderes, mas ainda n\u00e3o atingiu o regente pol\u00edtico"}]},{"@type":"WebSite","@id":"https:\/\/www.notibras.com\/site\/#website","url":"https:\/\/www.notibras.com\/site\/","name":"Notibras","description":"Not\u00edcias de Bras\u00edlia, do Brasil e do Mundo","publisher":{"@id":"https:\/\/www.notibras.com\/site\/#organization"},"potentialAction":[{"@type":"SearchAction","target":{"@type":"EntryPoint","urlTemplate":"https:\/\/www.notibras.com\/site\/?s={search_term_string}"},"query-input":{"@type":"PropertyValueSpecification","valueRequired":true,"valueName":"search_term_string"}}],"inLanguage":"pt-BR"},{"@type":"Organization","@id":"https:\/\/www.notibras.com\/site\/#organization","name":"Grupo Notibras de Comunica\u00e7\u00e3o","url":"https:\/\/www.notibras.com\/site\/","logo":{"@type":"ImageObject","inLanguage":"pt-BR","@id":"https:\/\/www.notibras.com\/site\/#\/schema\/logo\/image\/","url":"https:\/\/www.notibras.com\/site\/wp-content\/uploads\/2023\/01\/notibras23.png","contentUrl":"https:\/\/www.notibras.com\/site\/wp-content\/uploads\/2023\/01\/notibras23.png","width":350,"height":87,"caption":"Grupo Notibras de Comunica\u00e7\u00e3o"},"image":{"@id":"https:\/\/www.notibras.com\/site\/#\/schema\/logo\/image\/"},"sameAs":["https:\/\/www.facebook.com\/notibras\/","https:\/\/x.com\/Notibras","https:\/\/www.instagram.com\/notibras\/"]},{"@type":"Person","@id":"https:\/\/www.notibras.com\/site\/#\/schema\/person\/36ab0979449956132d3e5b517ea76ac8","name":"Reda\u00e7\u00e3o","image":{"@type":"ImageObject","inLanguage":"pt-BR","@id":"https:\/\/secure.gravatar.com\/avatar\/e0a867bdedb85fd243eadf09663511f96fc81e0720a4a42581f334ad4303aa6b?s=96&d=mm&r=g","url":"https:\/\/secure.gravatar.com\/avatar\/e0a867bdedb85fd243eadf09663511f96fc81e0720a4a42581f334ad4303aa6b?s=96&d=mm&r=g","contentUrl":"https:\/\/secure.gravatar.com\/avatar\/e0a867bdedb85fd243eadf09663511f96fc81e0720a4a42581f334ad4303aa6b?s=96&d=mm&r=g","caption":"Reda\u00e7\u00e3o"}}]}},"amp_enabled":true,"_links":{"self":[{"href":"https:\/\/www.notibras.com\/site\/wp-json\/wp\/v2\/posts\/386257","targetHints":{"allow":["GET"]}}],"collection":[{"href":"https:\/\/www.notibras.com\/site\/wp-json\/wp\/v2\/posts"}],"about":[{"href":"https:\/\/www.notibras.com\/site\/wp-json\/wp\/v2\/types\/post"}],"author":[{"embeddable":true,"href":"https:\/\/www.notibras.com\/site\/wp-json\/wp\/v2\/users\/2"}],"replies":[{"embeddable":true,"href":"https:\/\/www.notibras.com\/site\/wp-json\/wp\/v2\/comments?post=386257"}],"version-history":[{"count":1,"href":"https:\/\/www.notibras.com\/site\/wp-json\/wp\/v2\/posts\/386257\/revisions"}],"predecessor-version":[{"id":386259,"href":"https:\/\/www.notibras.com\/site\/wp-json\/wp\/v2\/posts\/386257\/revisions\/386259"}],"wp:featuredmedia":[{"embeddable":true,"href":"https:\/\/www.notibras.com\/site\/wp-json\/wp\/v2\/media\/386258"}],"wp:attachment":[{"href":"https:\/\/www.notibras.com\/site\/wp-json\/wp\/v2\/media?parent=386257"}],"wp:term":[{"taxonomy":"category","embeddable":true,"href":"https:\/\/www.notibras.com\/site\/wp-json\/wp\/v2\/categories?post=386257"},{"taxonomy":"post_tag","embeddable":true,"href":"https:\/\/www.notibras.com\/site\/wp-json\/wp\/v2\/tags?post=386257"}],"curies":[{"name":"wp","href":"https:\/\/api.w.org\/{rel}","templated":true}]}}