{"id":386260,"date":"2026-03-09T06:35:32","date_gmt":"2026-03-09T09:35:32","guid":{"rendered":"https:\/\/www.notibras.com\/site\/?p=386260"},"modified":"2026-03-09T07:38:14","modified_gmt":"2026-03-09T10:38:14","slug":"paes-dispara-para-o-governo-e-castro-lidera-para-uma-das-vagas-ao-senado","status":"publish","type":"post","link":"https:\/\/www.notibras.com\/site\/paes-dispara-para-o-governo-e-castro-lidera-para-uma-das-vagas-ao-senado\/","title":{"rendered":"Paes dispara para o governo e Castro lidera para uma das vagas ao Senado"},"content":{"rendered":"<p>A quarta rodada da pesquisa do Instituto Gerp para o governo do Estado do Rio de Janeiro revela um cen\u00e1rio de ampla vantagem para o prefeito da capital, Eduardo Paes, e ao mesmo tempo indica que a elei\u00e7\u00e3o de 2026 ainda parece estar longe de mobilizar a maior parte do eleitorado fluminense.<\/p>\n<p>Paes lidera com folga no cen\u00e1rio estimulado No cen\u00e1rio estimulado para governador \u2014 quando os nomes dos poss\u00edveis candidatos s\u00e3o apresentados aos entrevistados \u2014 Eduardo Paes aparece com 46% das inten\u00e7\u00f5es de voto, consolidando ampla vantagem sobre os demais concorrentes.<\/p>\n<p>Na sequ\u00eancia surgem:<br \/>\n\u2713 Garotinho \u2014 8%<br \/>\n\u2713 Glauber Braga \u2014 6%<br \/>\n\u2713 Felipe Curi \u2014 5%<br \/>\n\u2713 Douglas Ruas \u2014 4%<br \/>\n\u2713 General Pazuello \u2014 4%<br \/>\n\u2713 Wilson Witzel \u2014 3%<\/p>\n<p>Outros nomes aparecem com 1% cada, enquanto alguns sequer pontuaram. Al\u00e9m disso, 12% afirmam n\u00e3o votar em nenhum deles e 10% n\u00e3o souberam ou n\u00e3o responderam.<\/p>\n<p>A diferen\u00e7a entre o l\u00edder e os demais candidatos revela um cen\u00e1rio incomum: uma disputa que, ao menos neste momento, n\u00e3o apresenta sinais claros de competitividade.<\/p>\n<p>Mas o dado mais revelador da pesquisa talvez n\u00e3o seja a lideran\u00e7a de Paes \u2014 e sim o grau de desinteresse do eleitorado pela elei\u00e7\u00e3o para governador.<\/p>\n<p>Quando a pergunta \u00e9 feita de forma espont\u00e2nea, sem apresenta\u00e7\u00e3o de nomes, 60% dos eleitores afirmam n\u00e3o saber em quem votar para governador ou preferem n\u00e3o responder.<\/p>\n<p>Mesmo quando os nomes s\u00e3o apresentados aos entrevistados, a indefini\u00e7\u00e3o continua elevada: 22% do eleitorado permanece sem escolha mesmo ap\u00f3s a apresenta\u00e7\u00e3o das op\u00e7\u00f5es.<\/p>\n<p>Na pr\u00e1tica, os n\u00fameros sugerem que, para grande parte da popula\u00e7\u00e3o, a elei\u00e7\u00e3o estadual ainda nem come\u00e7ou, apesar de o calend\u00e1rio j\u00e1 estar no m\u00eas de mar\u00e7o do ano eleitoral.<\/p>\n<p>Diante desse cen\u00e1rio de baixo engajamento do eleitorado, tudo indica que ser\u00e3o as campanhas eleitorais que assumir\u00e3o o protagonismo na disputa deste ano no Estado do Rio de Janeiro, com potencial para redefinir o n\u00edvel de conhecimento dos candidatos e reorganizar o quadro eleitoral \u00e0 medida que o debate pol\u00edtico ganhar intensidade.<\/p>\n<p>Nesse tipo de ambiente, candidatos com alto grau de conhecimento p\u00fablico tendem a largar na frente, enquanto advers\u00e1rios menos conhecidos ainda lutam para se tornar familiares ao eleitor.<\/p>\n<p><strong>Senado fragmentado<\/strong><br \/>\nA disputa para o Senado Federal apresenta um quadro bem mais competitivo. Nenhum dos nomes testados aparece com vantagem expressiva sobre os demais, indicando que a corrida pelas vagas no Senado ainda est\u00e1 longe de se consolidar.<\/p>\n<p>No primeiro voto estimulado para senador, os resultados s\u00e3o:<br \/>\n\u2713 Cl\u00e1udio Castro \u2014 20%<br \/>\n\u2713 Benedita da Silva \u2014 16%<br \/>\n\u2713 Marcelo Crivella \u2014 11%<br \/>\n\u2713 Marcio Canela \u2014 7%<br \/>\n\u2713 Rodrigo Pimentel \u2014 7%<br \/>\n\u2713 Alessandro Molon \u2014 6%<\/p>\n<p>Outros candidatos aparecem com percentuais menores. Al\u00e9m disso, 10% afirmam n\u00e3o votar em nenhum nome apresentado e 6% ainda n\u00e3o sabem em quem votar.<\/p>\n<p>Quando considerado o segundo voto para senador \u2014 j\u00e1 que cada eleitor pode escolher dois candidatos \u2014 o cen\u00e1rio permanece bastante aberto e sem a forma\u00e7\u00e3o de um bloco claramente dominante. Esse comportamento refor\u00e7a o car\u00e1ter competitivo da disputa e indica que o resultado final dever\u00e1 depender fortemente da din\u00e2mica da campanha e das alian\u00e7as pol\u00edticas que ser\u00e3o formadas ao longo do processo eleitoral.<\/p>\n<p>\u2713 Cl\u00e1udio Castro \u2014 13%<br \/>\n\u2713 Benedita da Silva \u2014 11%<br \/>\n\u2713 Marcelo Crivella \u2014 8%<br \/>\n\u2713 Alessandro Molon \u2014 8%<br \/>\n\u2713 Rodrigo Pimentel \u2014 5%<br \/>\n\u2713 Marcio Canela \u2014 3%<\/p>\n<p>Esse tipo de elei\u00e7\u00e3o costuma ser mais vol\u00e1til, justamente porque cada eleitor pode votar em dois candidatos, o que amplia o espa\u00e7o para rearranjos pol\u00edticos ao longo da campanha.<\/p>\n<p><strong>Reflexos da polariza\u00e7\u00e3o<\/strong><br \/>\nNa disputa presidencial, a pesquisa mostra que o eleitorado fluminense segue dividido entre os dois principais polos da pol\u00edtica nacional.<\/p>\n<p>No estado do Rio de Janeiro, Lula aparece com 38% das inten\u00e7\u00f5es de voto, enquanto Fl\u00e1vio Bolsonaro registra 37%, configurando empate t\u00e9cnico dentro da margem de erro da pesquisa.<\/p>\n<p>Outros nomes aparecem com percentuais menores, como Ciro Gomes com 6% e Ratinho Jr com 3%. Ainda segundo o levantamento, 5% afirmam n\u00e3o votar em nenhum deles e 6% n\u00e3o souberam ou n\u00e3o responderam, n\u00edvel de indefini\u00e7\u00e3o considerado normal para esta fase inicial de um ano eleitoral.<\/p>\n<p>A pesquisa foi realizada entre os dias 2 e 6 de mar\u00e7o de 2026, com 1.200 entrevistas por telefone em todo o estado, margem de erro de 2,89 pontos percentuais e n\u00edvel de confian\u00e7a de 95,5%. O levantamento foi registrado no Tribunal Superior Eleitoral sob o n\u00famero RJ-00841\/2026, com divulga\u00e7\u00e3o autorizada a partir do dia 8 de mar\u00e7o.<\/p>\n","protected":false},"excerpt":{"rendered":"<p>A quarta rodada da pesquisa do Instituto Gerp para o governo do Estado do Rio de Janeiro revela um cen\u00e1rio de ampla vantagem para o prefeito da capital, Eduardo Paes, e ao mesmo tempo indica que a elei\u00e7\u00e3o de 2026 ainda parece estar longe de mobilizar a maior parte do eleitorado fluminense. Paes lidera com [&hellip;]<\/p>\n","protected":false},"author":2,"featured_media":309755,"comment_status":"closed","ping_status":"closed","sticky":false,"template":"","format":"standard","meta":{"_acf_changed":false,"footnotes":""},"categories":[16],"tags":[],"class_list":["post-386260","post","type-post","status-publish","format-standard","has-post-thumbnail","hentry","category-brasil"],"acf":[],"yoast_head":"<!-- This site is optimized with the Yoast SEO plugin v27.2 - https:\/\/yoast.com\/product\/yoast-seo-wordpress\/ -->\n<title>Paes dispara para o governo e Castro lidera para uma das vagas ao Senado - Notibras<\/title>\n<meta name=\"robots\" content=\"index, follow, max-snippet:-1, max-image-preview:large, max-video-preview:-1\" \/>\n<link rel=\"canonical\" href=\"https:\/\/www.notibras.com\/site\/paes-dispara-para-o-governo-e-castro-lidera-para-uma-das-vagas-ao-senado\/\" \/>\n<meta property=\"og:locale\" content=\"pt_BR\" \/>\n<meta property=\"og:type\" content=\"article\" \/>\n<meta property=\"og:title\" content=\"Paes dispara para o governo e Castro lidera para uma das vagas ao Senado - Notibras\" \/>\n<meta property=\"og:description\" content=\"A quarta rodada da pesquisa do Instituto Gerp para o governo do Estado do Rio de Janeiro revela um cen\u00e1rio de ampla vantagem para o prefeito da capital, Eduardo Paes, e ao mesmo tempo indica que a elei\u00e7\u00e3o de 2026 ainda parece estar longe de mobilizar a maior parte do eleitorado fluminense. Paes lidera com [&hellip;]\" \/>\n<meta property=\"og:url\" content=\"https:\/\/www.notibras.com\/site\/paes-dispara-para-o-governo-e-castro-lidera-para-uma-das-vagas-ao-senado\/\" \/>\n<meta property=\"og:site_name\" content=\"Notibras\" \/>\n<meta property=\"article:publisher\" content=\"https:\/\/www.facebook.com\/notibras\/\" \/>\n<meta property=\"article:published_time\" content=\"2026-03-09T09:35:32+00:00\" \/>\n<meta property=\"article:modified_time\" content=\"2026-03-09T10:38:14+00:00\" \/>\n<meta property=\"og:image\" content=\"https:\/\/www.notibras.com\/site\/wp-content\/uploads\/2023\/07\/dsc5931.jpg\" \/>\n\t<meta property=\"og:image:width\" content=\"1170\" \/>\n\t<meta property=\"og:image:height\" content=\"700\" \/>\n\t<meta property=\"og:image:type\" content=\"image\/jpeg\" \/>\n<meta name=\"author\" content=\"Reda\u00e7\u00e3o\" \/>\n<meta name=\"twitter:card\" content=\"summary_large_image\" \/>\n<meta name=\"twitter:creator\" content=\"@Notibras\" \/>\n<meta name=\"twitter:site\" content=\"@Notibras\" \/>\n<meta name=\"twitter:label1\" content=\"Escrito por\" \/>\n\t<meta name=\"twitter:data1\" content=\"Reda\u00e7\u00e3o\" \/>\n\t<meta name=\"twitter:label2\" content=\"Est. tempo de leitura\" \/>\n\t<meta name=\"twitter:data2\" content=\"5 minutos\" \/>\n<script type=\"application\/ld+json\" class=\"yoast-schema-graph\">{\"@context\":\"https:\/\/schema.org\",\"@graph\":[{\"@type\":\"Article\",\"@id\":\"https:\/\/www.notibras.com\/site\/paes-dispara-para-o-governo-e-castro-lidera-para-uma-das-vagas-ao-senado\/#article\",\"isPartOf\":{\"@id\":\"https:\/\/www.notibras.com\/site\/paes-dispara-para-o-governo-e-castro-lidera-para-uma-das-vagas-ao-senado\/\"},\"author\":{\"name\":\"Reda\u00e7\u00e3o\",\"@id\":\"https:\/\/www.notibras.com\/site\/#\/schema\/person\/36ab0979449956132d3e5b517ea76ac8\"},\"headline\":\"Paes dispara para o governo e Castro lidera para uma das vagas ao Senado\",\"datePublished\":\"2026-03-09T09:35:32+00:00\",\"dateModified\":\"2026-03-09T10:38:14+00:00\",\"mainEntityOfPage\":{\"@id\":\"https:\/\/www.notibras.com\/site\/paes-dispara-para-o-governo-e-castro-lidera-para-uma-das-vagas-ao-senado\/\"},\"wordCount\":756,\"publisher\":{\"@id\":\"https:\/\/www.notibras.com\/site\/#organization\"},\"image\":{\"@id\":\"https:\/\/www.notibras.com\/site\/paes-dispara-para-o-governo-e-castro-lidera-para-uma-das-vagas-ao-senado\/#primaryimage\"},\"thumbnailUrl\":\"https:\/\/www.notibras.com\/site\/wp-content\/uploads\/2023\/07\/dsc5931.jpg\",\"articleSection\":[\"Brasil\"],\"inLanguage\":\"pt-BR\"},{\"@type\":\"WebPage\",\"@id\":\"https:\/\/www.notibras.com\/site\/paes-dispara-para-o-governo-e-castro-lidera-para-uma-das-vagas-ao-senado\/\",\"url\":\"https:\/\/www.notibras.com\/site\/paes-dispara-para-o-governo-e-castro-lidera-para-uma-das-vagas-ao-senado\/\",\"name\":\"Paes dispara para o governo e Castro lidera para uma das vagas ao Senado - Notibras\",\"isPartOf\":{\"@id\":\"https:\/\/www.notibras.com\/site\/#website\"},\"primaryImageOfPage\":{\"@id\":\"https:\/\/www.notibras.com\/site\/paes-dispara-para-o-governo-e-castro-lidera-para-uma-das-vagas-ao-senado\/#primaryimage\"},\"image\":{\"@id\":\"https:\/\/www.notibras.com\/site\/paes-dispara-para-o-governo-e-castro-lidera-para-uma-das-vagas-ao-senado\/#primaryimage\"},\"thumbnailUrl\":\"https:\/\/www.notibras.com\/site\/wp-content\/uploads\/2023\/07\/dsc5931.jpg\",\"datePublished\":\"2026-03-09T09:35:32+00:00\",\"dateModified\":\"2026-03-09T10:38:14+00:00\",\"breadcrumb\":{\"@id\":\"https:\/\/www.notibras.com\/site\/paes-dispara-para-o-governo-e-castro-lidera-para-uma-das-vagas-ao-senado\/#breadcrumb\"},\"inLanguage\":\"pt-BR\",\"potentialAction\":[{\"@type\":\"ReadAction\",\"target\":[\"https:\/\/www.notibras.com\/site\/paes-dispara-para-o-governo-e-castro-lidera-para-uma-das-vagas-ao-senado\/\"]}]},{\"@type\":\"ImageObject\",\"inLanguage\":\"pt-BR\",\"@id\":\"https:\/\/www.notibras.com\/site\/paes-dispara-para-o-governo-e-castro-lidera-para-uma-das-vagas-ao-senado\/#primaryimage\",\"url\":\"https:\/\/www.notibras.com\/site\/wp-content\/uploads\/2023\/07\/dsc5931.jpg\",\"contentUrl\":\"https:\/\/www.notibras.com\/site\/wp-content\/uploads\/2023\/07\/dsc5931.jpg\",\"width\":1170,\"height\":700,\"caption\":\"RIO DE JANEIRO (RJ), 26\/07\/2023 \u2013 O prefeito Eduardo Paes fala durante lan\u00e7amento do Pr\u00f3-carioca Audiovisual, Programa de Fomento Carioca em 2023, no Pal\u00e1cio da Cidade, na zona sul da capital fluminense. Foto: Tomaz Silva\/Ag\u00eancia Brasil\"},{\"@type\":\"BreadcrumbList\",\"@id\":\"https:\/\/www.notibras.com\/site\/paes-dispara-para-o-governo-e-castro-lidera-para-uma-das-vagas-ao-senado\/#breadcrumb\",\"itemListElement\":[{\"@type\":\"ListItem\",\"position\":1,\"name\":\"In\u00edcio\",\"item\":\"https:\/\/www.notibras.com\/site\/\"},{\"@type\":\"ListItem\",\"position\":2,\"name\":\"Paes dispara para o governo e Castro lidera para uma das vagas ao Senado\"}]},{\"@type\":\"WebSite\",\"@id\":\"https:\/\/www.notibras.com\/site\/#website\",\"url\":\"https:\/\/www.notibras.com\/site\/\",\"name\":\"Notibras\",\"description\":\"Not\u00edcias de Bras\u00edlia, do Brasil e do Mundo\",\"publisher\":{\"@id\":\"https:\/\/www.notibras.com\/site\/#organization\"},\"potentialAction\":[{\"@type\":\"SearchAction\",\"target\":{\"@type\":\"EntryPoint\",\"urlTemplate\":\"https:\/\/www.notibras.com\/site\/?s={search_term_string}\"},\"query-input\":{\"@type\":\"PropertyValueSpecification\",\"valueRequired\":true,\"valueName\":\"search_term_string\"}}],\"inLanguage\":\"pt-BR\"},{\"@type\":\"Organization\",\"@id\":\"https:\/\/www.notibras.com\/site\/#organization\",\"name\":\"Grupo Notibras de Comunica\u00e7\u00e3o\",\"url\":\"https:\/\/www.notibras.com\/site\/\",\"logo\":{\"@type\":\"ImageObject\",\"inLanguage\":\"pt-BR\",\"@id\":\"https:\/\/www.notibras.com\/site\/#\/schema\/logo\/image\/\",\"url\":\"https:\/\/www.notibras.com\/site\/wp-content\/uploads\/2023\/01\/notibras23.png\",\"contentUrl\":\"https:\/\/www.notibras.com\/site\/wp-content\/uploads\/2023\/01\/notibras23.png\",\"width\":350,\"height\":87,\"caption\":\"Grupo Notibras de Comunica\u00e7\u00e3o\"},\"image\":{\"@id\":\"https:\/\/www.notibras.com\/site\/#\/schema\/logo\/image\/\"},\"sameAs\":[\"https:\/\/www.facebook.com\/notibras\/\",\"https:\/\/x.com\/Notibras\",\"https:\/\/www.instagram.com\/notibras\/\"]},{\"@type\":\"Person\",\"@id\":\"https:\/\/www.notibras.com\/site\/#\/schema\/person\/36ab0979449956132d3e5b517ea76ac8\",\"name\":\"Reda\u00e7\u00e3o\",\"image\":{\"@type\":\"ImageObject\",\"inLanguage\":\"pt-BR\",\"@id\":\"https:\/\/secure.gravatar.com\/avatar\/e0a867bdedb85fd243eadf09663511f96fc81e0720a4a42581f334ad4303aa6b?s=96&d=mm&r=g\",\"url\":\"https:\/\/secure.gravatar.com\/avatar\/e0a867bdedb85fd243eadf09663511f96fc81e0720a4a42581f334ad4303aa6b?s=96&d=mm&r=g\",\"contentUrl\":\"https:\/\/secure.gravatar.com\/avatar\/e0a867bdedb85fd243eadf09663511f96fc81e0720a4a42581f334ad4303aa6b?s=96&d=mm&r=g\",\"caption\":\"Reda\u00e7\u00e3o\"}}]}<\/script>\n<!-- \/ Yoast SEO plugin. -->","yoast_head_json":{"title":"Paes dispara para o governo e Castro lidera para uma das vagas ao Senado - Notibras","robots":{"index":"index","follow":"follow","max-snippet":"max-snippet:-1","max-image-preview":"max-image-preview:large","max-video-preview":"max-video-preview:-1"},"canonical":"https:\/\/www.notibras.com\/site\/paes-dispara-para-o-governo-e-castro-lidera-para-uma-das-vagas-ao-senado\/","og_locale":"pt_BR","og_type":"article","og_title":"Paes dispara para o governo e Castro lidera para uma das vagas ao Senado - Notibras","og_description":"A quarta rodada da pesquisa do Instituto Gerp para o governo do Estado do Rio de Janeiro revela um cen\u00e1rio de ampla vantagem para o prefeito da capital, Eduardo Paes, e ao mesmo tempo indica que a elei\u00e7\u00e3o de 2026 ainda parece estar longe de mobilizar a maior parte do eleitorado fluminense. Paes lidera com [&hellip;]","og_url":"https:\/\/www.notibras.com\/site\/paes-dispara-para-o-governo-e-castro-lidera-para-uma-das-vagas-ao-senado\/","og_site_name":"Notibras","article_publisher":"https:\/\/www.facebook.com\/notibras\/","article_published_time":"2026-03-09T09:35:32+00:00","article_modified_time":"2026-03-09T10:38:14+00:00","og_image":[{"width":1170,"height":700,"url":"https:\/\/www.notibras.com\/site\/wp-content\/uploads\/2023\/07\/dsc5931.jpg","type":"image\/jpeg"}],"author":"Reda\u00e7\u00e3o","twitter_card":"summary_large_image","twitter_creator":"@Notibras","twitter_site":"@Notibras","twitter_misc":{"Escrito por":"Reda\u00e7\u00e3o","Est. tempo de leitura":"5 minutos"},"schema":{"@context":"https:\/\/schema.org","@graph":[{"@type":"Article","@id":"https:\/\/www.notibras.com\/site\/paes-dispara-para-o-governo-e-castro-lidera-para-uma-das-vagas-ao-senado\/#article","isPartOf":{"@id":"https:\/\/www.notibras.com\/site\/paes-dispara-para-o-governo-e-castro-lidera-para-uma-das-vagas-ao-senado\/"},"author":{"name":"Reda\u00e7\u00e3o","@id":"https:\/\/www.notibras.com\/site\/#\/schema\/person\/36ab0979449956132d3e5b517ea76ac8"},"headline":"Paes dispara para o governo e Castro lidera para uma das vagas ao Senado","datePublished":"2026-03-09T09:35:32+00:00","dateModified":"2026-03-09T10:38:14+00:00","mainEntityOfPage":{"@id":"https:\/\/www.notibras.com\/site\/paes-dispara-para-o-governo-e-castro-lidera-para-uma-das-vagas-ao-senado\/"},"wordCount":756,"publisher":{"@id":"https:\/\/www.notibras.com\/site\/#organization"},"image":{"@id":"https:\/\/www.notibras.com\/site\/paes-dispara-para-o-governo-e-castro-lidera-para-uma-das-vagas-ao-senado\/#primaryimage"},"thumbnailUrl":"https:\/\/www.notibras.com\/site\/wp-content\/uploads\/2023\/07\/dsc5931.jpg","articleSection":["Brasil"],"inLanguage":"pt-BR"},{"@type":"WebPage","@id":"https:\/\/www.notibras.com\/site\/paes-dispara-para-o-governo-e-castro-lidera-para-uma-das-vagas-ao-senado\/","url":"https:\/\/www.notibras.com\/site\/paes-dispara-para-o-governo-e-castro-lidera-para-uma-das-vagas-ao-senado\/","name":"Paes dispara para o governo e Castro lidera para uma das vagas ao Senado - Notibras","isPartOf":{"@id":"https:\/\/www.notibras.com\/site\/#website"},"primaryImageOfPage":{"@id":"https:\/\/www.notibras.com\/site\/paes-dispara-para-o-governo-e-castro-lidera-para-uma-das-vagas-ao-senado\/#primaryimage"},"image":{"@id":"https:\/\/www.notibras.com\/site\/paes-dispara-para-o-governo-e-castro-lidera-para-uma-das-vagas-ao-senado\/#primaryimage"},"thumbnailUrl":"https:\/\/www.notibras.com\/site\/wp-content\/uploads\/2023\/07\/dsc5931.jpg","datePublished":"2026-03-09T09:35:32+00:00","dateModified":"2026-03-09T10:38:14+00:00","breadcrumb":{"@id":"https:\/\/www.notibras.com\/site\/paes-dispara-para-o-governo-e-castro-lidera-para-uma-das-vagas-ao-senado\/#breadcrumb"},"inLanguage":"pt-BR","potentialAction":[{"@type":"ReadAction","target":["https:\/\/www.notibras.com\/site\/paes-dispara-para-o-governo-e-castro-lidera-para-uma-das-vagas-ao-senado\/"]}]},{"@type":"ImageObject","inLanguage":"pt-BR","@id":"https:\/\/www.notibras.com\/site\/paes-dispara-para-o-governo-e-castro-lidera-para-uma-das-vagas-ao-senado\/#primaryimage","url":"https:\/\/www.notibras.com\/site\/wp-content\/uploads\/2023\/07\/dsc5931.jpg","contentUrl":"https:\/\/www.notibras.com\/site\/wp-content\/uploads\/2023\/07\/dsc5931.jpg","width":1170,"height":700,"caption":"RIO DE JANEIRO (RJ), 26\/07\/2023 \u2013 O prefeito Eduardo Paes fala durante lan\u00e7amento do Pr\u00f3-carioca Audiovisual, Programa de Fomento Carioca em 2023, no Pal\u00e1cio da Cidade, na zona sul da capital fluminense. Foto: Tomaz Silva\/Ag\u00eancia Brasil"},{"@type":"BreadcrumbList","@id":"https:\/\/www.notibras.com\/site\/paes-dispara-para-o-governo-e-castro-lidera-para-uma-das-vagas-ao-senado\/#breadcrumb","itemListElement":[{"@type":"ListItem","position":1,"name":"In\u00edcio","item":"https:\/\/www.notibras.com\/site\/"},{"@type":"ListItem","position":2,"name":"Paes dispara para o governo e Castro lidera para uma das vagas ao Senado"}]},{"@type":"WebSite","@id":"https:\/\/www.notibras.com\/site\/#website","url":"https:\/\/www.notibras.com\/site\/","name":"Notibras","description":"Not\u00edcias de Bras\u00edlia, do Brasil e do Mundo","publisher":{"@id":"https:\/\/www.notibras.com\/site\/#organization"},"potentialAction":[{"@type":"SearchAction","target":{"@type":"EntryPoint","urlTemplate":"https:\/\/www.notibras.com\/site\/?s={search_term_string}"},"query-input":{"@type":"PropertyValueSpecification","valueRequired":true,"valueName":"search_term_string"}}],"inLanguage":"pt-BR"},{"@type":"Organization","@id":"https:\/\/www.notibras.com\/site\/#organization","name":"Grupo Notibras de Comunica\u00e7\u00e3o","url":"https:\/\/www.notibras.com\/site\/","logo":{"@type":"ImageObject","inLanguage":"pt-BR","@id":"https:\/\/www.notibras.com\/site\/#\/schema\/logo\/image\/","url":"https:\/\/www.notibras.com\/site\/wp-content\/uploads\/2023\/01\/notibras23.png","contentUrl":"https:\/\/www.notibras.com\/site\/wp-content\/uploads\/2023\/01\/notibras23.png","width":350,"height":87,"caption":"Grupo Notibras de Comunica\u00e7\u00e3o"},"image":{"@id":"https:\/\/www.notibras.com\/site\/#\/schema\/logo\/image\/"},"sameAs":["https:\/\/www.facebook.com\/notibras\/","https:\/\/x.com\/Notibras","https:\/\/www.instagram.com\/notibras\/"]},{"@type":"Person","@id":"https:\/\/www.notibras.com\/site\/#\/schema\/person\/36ab0979449956132d3e5b517ea76ac8","name":"Reda\u00e7\u00e3o","image":{"@type":"ImageObject","inLanguage":"pt-BR","@id":"https:\/\/secure.gravatar.com\/avatar\/e0a867bdedb85fd243eadf09663511f96fc81e0720a4a42581f334ad4303aa6b?s=96&d=mm&r=g","url":"https:\/\/secure.gravatar.com\/avatar\/e0a867bdedb85fd243eadf09663511f96fc81e0720a4a42581f334ad4303aa6b?s=96&d=mm&r=g","contentUrl":"https:\/\/secure.gravatar.com\/avatar\/e0a867bdedb85fd243eadf09663511f96fc81e0720a4a42581f334ad4303aa6b?s=96&d=mm&r=g","caption":"Reda\u00e7\u00e3o"}}]}},"amp_enabled":true,"_links":{"self":[{"href":"https:\/\/www.notibras.com\/site\/wp-json\/wp\/v2\/posts\/386260","targetHints":{"allow":["GET"]}}],"collection":[{"href":"https:\/\/www.notibras.com\/site\/wp-json\/wp\/v2\/posts"}],"about":[{"href":"https:\/\/www.notibras.com\/site\/wp-json\/wp\/v2\/types\/post"}],"author":[{"embeddable":true,"href":"https:\/\/www.notibras.com\/site\/wp-json\/wp\/v2\/users\/2"}],"replies":[{"embeddable":true,"href":"https:\/\/www.notibras.com\/site\/wp-json\/wp\/v2\/comments?post=386260"}],"version-history":[{"count":1,"href":"https:\/\/www.notibras.com\/site\/wp-json\/wp\/v2\/posts\/386260\/revisions"}],"predecessor-version":[{"id":386261,"href":"https:\/\/www.notibras.com\/site\/wp-json\/wp\/v2\/posts\/386260\/revisions\/386261"}],"wp:featuredmedia":[{"embeddable":true,"href":"https:\/\/www.notibras.com\/site\/wp-json\/wp\/v2\/media\/309755"}],"wp:attachment":[{"href":"https:\/\/www.notibras.com\/site\/wp-json\/wp\/v2\/media?parent=386260"}],"wp:term":[{"taxonomy":"category","embeddable":true,"href":"https:\/\/www.notibras.com\/site\/wp-json\/wp\/v2\/categories?post=386260"},{"taxonomy":"post_tag","embeddable":true,"href":"https:\/\/www.notibras.com\/site\/wp-json\/wp\/v2\/tags?post=386260"}],"curies":[{"name":"wp","href":"https:\/\/api.w.org\/{rel}","templated":true}]}}