{"id":386265,"date":"2026-03-09T00:00:14","date_gmt":"2026-03-09T03:00:14","guid":{"rendered":"https:\/\/www.notibras.com\/site\/?p=386265"},"modified":"2026-03-09T07:51:08","modified_gmt":"2026-03-09T10:51:08","slug":"abramed-alerta-para-riscos-apos-alteracao-nas-regras-de-transito","status":"publish","type":"post","link":"https:\/\/www.notibras.com\/site\/abramed-alerta-para-riscos-apos-alteracao-nas-regras-de-transito\/","title":{"rendered":"Abramed alerta para riscos ap\u00f3s altera\u00e7\u00e3o nas regras de tr\u00e2nsito"},"content":{"rendered":"<p>Aumentar a velocidade permitida em uma via em apenas 5% pode elevar em at\u00e9 20% o n\u00famero de mortes entre usu\u00e1rios que circulam por ela. Os dados s\u00e3o da Associa\u00e7\u00e3o Brasileira de Medicina de Tr\u00e1fego (Abramet) e serviram de base para a nova diretriz Toler\u00e2ncia Humana a Impactos: implica\u00e7\u00f5es para a seguran\u00e7a vi\u00e1ria.<\/p>\n<p>O documento surge em meio \u00e0 recente vig\u00eancia da medida provis\u00f3ria que autoriza a renova\u00e7\u00e3o autom\u00e1tica da Carteira Nacional de Habilita\u00e7\u00e3o (CNH) sem a necessidade de fazer exames de aptid\u00e3o f\u00edsica e mental.<\/p>\n<p>Em nota, a Abramet avalia que a diretriz consolida dados cient\u00edficos que refor\u00e7am que decis\u00f5es administrativas no tr\u00e2nsito precisam considerar os limites biomec\u00e2nicos do corpo humano e o impacto direto da velocidade na gravidade dos sinistros.<\/p>\n<p>\u201cA diretriz parte de um princ\u00edpio central: o corpo humano possui limites biomec\u00e2nicos inegoci\u00e1veis e eles devem ser o ponto de partida das pol\u00edticas p\u00fablicas de tr\u00e2nsito\u201d, destacou o comunicado.<\/p>\n<p>Em suma, o documento demonstra que a energia liberada em um sinistro cresce exponencialmente com a velocidade e rapidamente ultrapassa a capacidade fisiol\u00f3gica de absor\u00e7\u00e3o do impacto, sobretudo entre usu\u00e1rios vulner\u00e1veis das vias, como pedestres, ciclistas e motociclistas.<\/p>\n<p>\u201cA diretriz evidencia que n\u00e3o estamos lidando apenas com comportamento ou engenharia, mas com limites biol\u00f3gicos. Quando esses limites s\u00e3o ignorados, o resultado \u00e9 o aumento de mortes e sequelas graves, mesmo em velocidades consideradas legais\u201d, avaliou o presidente da Abramet, Antonio Meira J\u00fanior.<\/p>\n<p><strong>Dados<\/strong><br \/>\nO documento mostra que pequenas redu\u00e7\u00f5es de velocidade geram quedas expressivas no risco de morte, enquanto acr\u00e9scimos aparentemente modestos elevam de forma desproporcional a gravidade dos sinistros.<\/p>\n<p>A diretriz tamb\u00e9m chama aten\u00e7\u00e3o para o impacto crescente da expans\u00e3o da frota de SUVs e de ve\u00edculos com frente elevada, associados a maior risco de les\u00f5es fatais em pedestres e ciclistas, mesmo em velocidades moderadas.<\/p>\n<p>A norma evidencia ainda que, em colis\u00f5es com usu\u00e1rios fora do ve\u00edculo, a velocidade responde por cerca de 90% da energia transferida ao corpo da v\u00edtima.<\/p>\n<p>A diretiva cita que dados recentes do DataSUS mostram que pedestres, ciclistas e motociclistas respondem por mais de tr\u00eas quartos das interna\u00e7\u00f5es hospitalares relacionadas ao tr\u00e2nsito, \u201ccen\u00e1rio agravado pela combina\u00e7\u00e3o entre alta velocidade, infraestrutura inadequada e baixa prote\u00e7\u00e3o f\u00edsica\u201d.<\/p>\n<p><strong>Renova\u00e7\u00e3o da CNH<\/strong><br \/>\nA diretriz aborda ainda implica\u00e7\u00f5es para a atua\u00e7\u00e3o de m\u00e9dicos do tr\u00e1fego, tema avaliado pela Abramet como \u201cespecialmente sens\u00edvel\u201d diante do cen\u00e1rio de renova\u00e7\u00e3o autom\u00e1tica da CNH.<\/p>\n<p>\u201cO documento refor\u00e7a que condi\u00e7\u00f5es cl\u00ednicas como envelhecimento, doen\u00e7as neurol\u00f3gicas e cardiovasculares, dist\u00farbios do sono, osteoporose e sequelas de traumatismos reduzem significativamente a toler\u00e2ncia humana a impactos e \u00e0 desacelera\u00e7\u00e3o, exigindo avalia\u00e7\u00e3o peri\u00f3dica e individualizada pelo m\u00e9dico do tr\u00e1fego.\u201d<\/p>\n<p>A diretriz demostra, portanto, que a aptid\u00e3o para dirigir n\u00e3o \u00e9 um estado permanente, mas varia conforme a condi\u00e7\u00e3o de sa\u00fade, a idade e o contexto de exposi\u00e7\u00e3o ao risco.<\/p>\n<p><strong>Recomenda\u00e7\u00f5es<\/strong><br \/>\nA norma tamb\u00e9m apresenta recomenda\u00e7\u00f5es para gestores p\u00fablicos, institui\u00e7\u00f5es de ensino e sociedade, defendendo a ado\u00e7\u00e3o de limites de velocidade compat\u00edveis com a toler\u00e2ncia humana, al\u00e9m de pol\u00edticas permanentes de gest\u00e3o da velocidade e campanhas educativas.<\/p>\n<p>\u201cAo reunir dados epidemiol\u00f3gicos, biomec\u00e2nicos e cl\u00ednicos, a Abramet refor\u00e7a que decis\u00f5es sobre tr\u00e2nsito n\u00e3o podem se apoiar apenas na fluidez ou na conveni\u00eancia administrativa\u201d, destacou a Abramet.<\/p>\n<p><strong>Entenda<\/strong><br \/>\nO programa de renova\u00e7\u00e3o autom\u00e1tica da Carteira Nacional de Habilita\u00e7\u00e3o (CNH), regulamentado pela Medida Provis\u00f3ria 1327\/2025, beneficiou 323.459 condutores na primeira semana de validade.<\/p>\n<p>A medida inclui motoristas que est\u00e3o no Registro Nacional Positivo de Condutores (RNPC) e economizou R$ 226 milh\u00f5es, que seriam pagos em taxas, exames e custos administrativos.<\/p>\n<p>A maior parte dos beneficiados s\u00e3o motoristas com a CNH de categoria B, exclusiva para carros, com 52% de renova\u00e7\u00f5es autom\u00e1ticas.<\/p>\n<p>Condutores com a licen\u00e7a AB, que permite dirigir carros e motocicletas, foram 45% dos beneficiados e aqueles que dirigem somente motocicletas (categoria A) somaram 3% das renova\u00e7\u00f5es autom\u00e1ticas.<\/p>\n<p>Os demais s\u00e3o condutores profissionais (categorias C e D).<\/p>\n<p>Para fazer parte do RNPC, o condutor n\u00e3o pode ter tido registro de infra\u00e7\u00f5es de tr\u00e2nsito nos \u00faltimos 12 meses e deve realizar o cadastro no aplicativo por meio do aplicativo Carteira Digital de Tr\u00e2nsito (CDT) ou no Portal de Servi\u00e7os da Secretaria Nacional de Tr\u00e2nsito (Senatran).<\/p>\n<p><strong>Exce\u00e7\u00f5es<\/strong><br \/>\nAlguns grupos de motoristas n\u00e3o ter\u00e3o direito ao processo autom\u00e1tico e devem continuar procurando os Detrans estaduais. \u00c9 o caso de motoristas com 70 anos ou mais, que precisam renovar o documento a cada tr\u00eas anos.<\/p>\n<p>Tamb\u00e9m \u00e9 o caso daqueles que tiveram a validade da CNH reduzida por recomenda\u00e7\u00e3o m\u00e9dica, em casos de doen\u00e7as progressivas ou condi\u00e7\u00f5es que demandem acompanhamento cont\u00ednuo de sa\u00fade, al\u00e9m daqueles com o documento vencido h\u00e1 mais de 30 dias.<\/p>\n<p>Para os motoristas com mais de 50 anos, que precisam renovar a CNH a cada cinco anos, o processo autom\u00e1tico ser\u00e1 permitido uma \u00fanica vez.<\/p>\n","protected":false},"excerpt":{"rendered":"<p>Aumentar a velocidade permitida em uma via em apenas 5% pode elevar em at\u00e9 20% o n\u00famero de mortes entre usu\u00e1rios que circulam por ela. Os dados s\u00e3o da Associa\u00e7\u00e3o Brasileira de Medicina de Tr\u00e1fego (Abramet) e serviram de base para a nova diretriz Toler\u00e2ncia Humana a Impactos: implica\u00e7\u00f5es para a seguran\u00e7a vi\u00e1ria. O documento [&hellip;]<\/p>\n","protected":false},"author":2,"featured_media":386266,"comment_status":"closed","ping_status":"closed","sticky":false,"template":"","format":"standard","meta":{"_acf_changed":false,"footnotes":""},"categories":[16],"tags":[],"class_list":["post-386265","post","type-post","status-publish","format-standard","has-post-thumbnail","hentry","category-brasil"],"acf":[],"yoast_head":"<!-- This site is optimized with the Yoast SEO plugin v27.2 - https:\/\/yoast.com\/product\/yoast-seo-wordpress\/ -->\n<title>Abramed alerta para riscos ap\u00f3s altera\u00e7\u00e3o nas regras de tr\u00e2nsito - Notibras<\/title>\n<meta name=\"robots\" content=\"index, follow, max-snippet:-1, max-image-preview:large, max-video-preview:-1\" \/>\n<link rel=\"canonical\" href=\"https:\/\/www.notibras.com\/site\/abramed-alerta-para-riscos-apos-alteracao-nas-regras-de-transito\/\" \/>\n<meta property=\"og:locale\" content=\"pt_BR\" \/>\n<meta property=\"og:type\" content=\"article\" \/>\n<meta property=\"og:title\" content=\"Abramed alerta para riscos ap\u00f3s altera\u00e7\u00e3o nas regras de tr\u00e2nsito - Notibras\" \/>\n<meta property=\"og:description\" content=\"Aumentar a velocidade permitida em uma via em apenas 5% pode elevar em at\u00e9 20% o n\u00famero de mortes entre usu\u00e1rios que circulam por ela. Os dados s\u00e3o da Associa\u00e7\u00e3o Brasileira de Medicina de Tr\u00e1fego (Abramet) e serviram de base para a nova diretriz Toler\u00e2ncia Humana a Impactos: implica\u00e7\u00f5es para a seguran\u00e7a vi\u00e1ria. O documento [&hellip;]\" \/>\n<meta property=\"og:url\" content=\"https:\/\/www.notibras.com\/site\/abramed-alerta-para-riscos-apos-alteracao-nas-regras-de-transito\/\" \/>\n<meta property=\"og:site_name\" content=\"Notibras\" \/>\n<meta property=\"article:publisher\" content=\"https:\/\/www.facebook.com\/notibras\/\" \/>\n<meta property=\"article:published_time\" content=\"2026-03-09T03:00:14+00:00\" \/>\n<meta property=\"article:modified_time\" content=\"2026-03-09T10:51:08+00:00\" \/>\n<meta property=\"og:image\" content=\"https:\/\/www.notibras.com\/site\/wp-content\/uploads\/2026\/03\/cnh_digital_abr1305223951-1.webp\" \/>\n\t<meta property=\"og:image:width\" content=\"1170\" \/>\n\t<meta property=\"og:image:height\" content=\"700\" \/>\n\t<meta property=\"og:image:type\" content=\"image\/webp\" \/>\n<meta name=\"author\" content=\"Reda\u00e7\u00e3o\" \/>\n<meta name=\"twitter:card\" content=\"summary_large_image\" \/>\n<meta name=\"twitter:creator\" content=\"@Notibras\" \/>\n<meta name=\"twitter:site\" content=\"@Notibras\" \/>\n<meta name=\"twitter:label1\" content=\"Escrito por\" \/>\n\t<meta name=\"twitter:data1\" content=\"Reda\u00e7\u00e3o\" \/>\n\t<meta name=\"twitter:label2\" content=\"Est. tempo de leitura\" \/>\n\t<meta name=\"twitter:data2\" content=\"5 minutos\" \/>\n<script type=\"application\/ld+json\" class=\"yoast-schema-graph\">{\"@context\":\"https:\/\/schema.org\",\"@graph\":[{\"@type\":\"Article\",\"@id\":\"https:\/\/www.notibras.com\/site\/abramed-alerta-para-riscos-apos-alteracao-nas-regras-de-transito\/#article\",\"isPartOf\":{\"@id\":\"https:\/\/www.notibras.com\/site\/abramed-alerta-para-riscos-apos-alteracao-nas-regras-de-transito\/\"},\"author\":{\"name\":\"Reda\u00e7\u00e3o\",\"@id\":\"https:\/\/www.notibras.com\/site\/#\/schema\/person\/36ab0979449956132d3e5b517ea76ac8\"},\"headline\":\"Abramed alerta para riscos ap\u00f3s altera\u00e7\u00e3o nas regras de tr\u00e2nsito\",\"datePublished\":\"2026-03-09T03:00:14+00:00\",\"dateModified\":\"2026-03-09T10:51:08+00:00\",\"mainEntityOfPage\":{\"@id\":\"https:\/\/www.notibras.com\/site\/abramed-alerta-para-riscos-apos-alteracao-nas-regras-de-transito\/\"},\"wordCount\":910,\"publisher\":{\"@id\":\"https:\/\/www.notibras.com\/site\/#organization\"},\"image\":{\"@id\":\"https:\/\/www.notibras.com\/site\/abramed-alerta-para-riscos-apos-alteracao-nas-regras-de-transito\/#primaryimage\"},\"thumbnailUrl\":\"https:\/\/www.notibras.com\/site\/wp-content\/uploads\/2026\/03\/cnh_digital_abr1305223951-1.webp\",\"articleSection\":[\"Brasil\"],\"inLanguage\":\"pt-BR\"},{\"@type\":\"WebPage\",\"@id\":\"https:\/\/www.notibras.com\/site\/abramed-alerta-para-riscos-apos-alteracao-nas-regras-de-transito\/\",\"url\":\"https:\/\/www.notibras.com\/site\/abramed-alerta-para-riscos-apos-alteracao-nas-regras-de-transito\/\",\"name\":\"Abramed alerta para riscos ap\u00f3s altera\u00e7\u00e3o nas regras de tr\u00e2nsito - Notibras\",\"isPartOf\":{\"@id\":\"https:\/\/www.notibras.com\/site\/#website\"},\"primaryImageOfPage\":{\"@id\":\"https:\/\/www.notibras.com\/site\/abramed-alerta-para-riscos-apos-alteracao-nas-regras-de-transito\/#primaryimage\"},\"image\":{\"@id\":\"https:\/\/www.notibras.com\/site\/abramed-alerta-para-riscos-apos-alteracao-nas-regras-de-transito\/#primaryimage\"},\"thumbnailUrl\":\"https:\/\/www.notibras.com\/site\/wp-content\/uploads\/2026\/03\/cnh_digital_abr1305223951-1.webp\",\"datePublished\":\"2026-03-09T03:00:14+00:00\",\"dateModified\":\"2026-03-09T10:51:08+00:00\",\"breadcrumb\":{\"@id\":\"https:\/\/www.notibras.com\/site\/abramed-alerta-para-riscos-apos-alteracao-nas-regras-de-transito\/#breadcrumb\"},\"inLanguage\":\"pt-BR\",\"potentialAction\":[{\"@type\":\"ReadAction\",\"target\":[\"https:\/\/www.notibras.com\/site\/abramed-alerta-para-riscos-apos-alteracao-nas-regras-de-transito\/\"]}]},{\"@type\":\"ImageObject\",\"inLanguage\":\"pt-BR\",\"@id\":\"https:\/\/www.notibras.com\/site\/abramed-alerta-para-riscos-apos-alteracao-nas-regras-de-transito\/#primaryimage\",\"url\":\"https:\/\/www.notibras.com\/site\/wp-content\/uploads\/2026\/03\/cnh_digital_abr1305223951-1.webp\",\"contentUrl\":\"https:\/\/www.notibras.com\/site\/wp-content\/uploads\/2026\/03\/cnh_digital_abr1305223951-1.webp\",\"width\":1170,\"height\":700},{\"@type\":\"BreadcrumbList\",\"@id\":\"https:\/\/www.notibras.com\/site\/abramed-alerta-para-riscos-apos-alteracao-nas-regras-de-transito\/#breadcrumb\",\"itemListElement\":[{\"@type\":\"ListItem\",\"position\":1,\"name\":\"In\u00edcio\",\"item\":\"https:\/\/www.notibras.com\/site\/\"},{\"@type\":\"ListItem\",\"position\":2,\"name\":\"Abramed alerta para riscos ap\u00f3s altera\u00e7\u00e3o nas regras de tr\u00e2nsito\"}]},{\"@type\":\"WebSite\",\"@id\":\"https:\/\/www.notibras.com\/site\/#website\",\"url\":\"https:\/\/www.notibras.com\/site\/\",\"name\":\"Notibras\",\"description\":\"Not\u00edcias de Bras\u00edlia, do Brasil e do Mundo\",\"publisher\":{\"@id\":\"https:\/\/www.notibras.com\/site\/#organization\"},\"potentialAction\":[{\"@type\":\"SearchAction\",\"target\":{\"@type\":\"EntryPoint\",\"urlTemplate\":\"https:\/\/www.notibras.com\/site\/?s={search_term_string}\"},\"query-input\":{\"@type\":\"PropertyValueSpecification\",\"valueRequired\":true,\"valueName\":\"search_term_string\"}}],\"inLanguage\":\"pt-BR\"},{\"@type\":\"Organization\",\"@id\":\"https:\/\/www.notibras.com\/site\/#organization\",\"name\":\"Grupo Notibras de Comunica\u00e7\u00e3o\",\"url\":\"https:\/\/www.notibras.com\/site\/\",\"logo\":{\"@type\":\"ImageObject\",\"inLanguage\":\"pt-BR\",\"@id\":\"https:\/\/www.notibras.com\/site\/#\/schema\/logo\/image\/\",\"url\":\"https:\/\/www.notibras.com\/site\/wp-content\/uploads\/2023\/01\/notibras23.png\",\"contentUrl\":\"https:\/\/www.notibras.com\/site\/wp-content\/uploads\/2023\/01\/notibras23.png\",\"width\":350,\"height\":87,\"caption\":\"Grupo Notibras de Comunica\u00e7\u00e3o\"},\"image\":{\"@id\":\"https:\/\/www.notibras.com\/site\/#\/schema\/logo\/image\/\"},\"sameAs\":[\"https:\/\/www.facebook.com\/notibras\/\",\"https:\/\/x.com\/Notibras\",\"https:\/\/www.instagram.com\/notibras\/\"]},{\"@type\":\"Person\",\"@id\":\"https:\/\/www.notibras.com\/site\/#\/schema\/person\/36ab0979449956132d3e5b517ea76ac8\",\"name\":\"Reda\u00e7\u00e3o\",\"image\":{\"@type\":\"ImageObject\",\"inLanguage\":\"pt-BR\",\"@id\":\"https:\/\/secure.gravatar.com\/avatar\/e0a867bdedb85fd243eadf09663511f96fc81e0720a4a42581f334ad4303aa6b?s=96&d=mm&r=g\",\"url\":\"https:\/\/secure.gravatar.com\/avatar\/e0a867bdedb85fd243eadf09663511f96fc81e0720a4a42581f334ad4303aa6b?s=96&d=mm&r=g\",\"contentUrl\":\"https:\/\/secure.gravatar.com\/avatar\/e0a867bdedb85fd243eadf09663511f96fc81e0720a4a42581f334ad4303aa6b?s=96&d=mm&r=g\",\"caption\":\"Reda\u00e7\u00e3o\"}}]}<\/script>\n<!-- \/ Yoast SEO plugin. -->","yoast_head_json":{"title":"Abramed alerta para riscos ap\u00f3s altera\u00e7\u00e3o nas regras de tr\u00e2nsito - Notibras","robots":{"index":"index","follow":"follow","max-snippet":"max-snippet:-1","max-image-preview":"max-image-preview:large","max-video-preview":"max-video-preview:-1"},"canonical":"https:\/\/www.notibras.com\/site\/abramed-alerta-para-riscos-apos-alteracao-nas-regras-de-transito\/","og_locale":"pt_BR","og_type":"article","og_title":"Abramed alerta para riscos ap\u00f3s altera\u00e7\u00e3o nas regras de tr\u00e2nsito - Notibras","og_description":"Aumentar a velocidade permitida em uma via em apenas 5% pode elevar em at\u00e9 20% o n\u00famero de mortes entre usu\u00e1rios que circulam por ela. Os dados s\u00e3o da Associa\u00e7\u00e3o Brasileira de Medicina de Tr\u00e1fego (Abramet) e serviram de base para a nova diretriz Toler\u00e2ncia Humana a Impactos: implica\u00e7\u00f5es para a seguran\u00e7a vi\u00e1ria. O documento [&hellip;]","og_url":"https:\/\/www.notibras.com\/site\/abramed-alerta-para-riscos-apos-alteracao-nas-regras-de-transito\/","og_site_name":"Notibras","article_publisher":"https:\/\/www.facebook.com\/notibras\/","article_published_time":"2026-03-09T03:00:14+00:00","article_modified_time":"2026-03-09T10:51:08+00:00","og_image":[{"width":1170,"height":700,"url":"https:\/\/www.notibras.com\/site\/wp-content\/uploads\/2026\/03\/cnh_digital_abr1305223951-1.webp","type":"image\/webp"}],"author":"Reda\u00e7\u00e3o","twitter_card":"summary_large_image","twitter_creator":"@Notibras","twitter_site":"@Notibras","twitter_misc":{"Escrito por":"Reda\u00e7\u00e3o","Est. tempo de leitura":"5 minutos"},"schema":{"@context":"https:\/\/schema.org","@graph":[{"@type":"Article","@id":"https:\/\/www.notibras.com\/site\/abramed-alerta-para-riscos-apos-alteracao-nas-regras-de-transito\/#article","isPartOf":{"@id":"https:\/\/www.notibras.com\/site\/abramed-alerta-para-riscos-apos-alteracao-nas-regras-de-transito\/"},"author":{"name":"Reda\u00e7\u00e3o","@id":"https:\/\/www.notibras.com\/site\/#\/schema\/person\/36ab0979449956132d3e5b517ea76ac8"},"headline":"Abramed alerta para riscos ap\u00f3s altera\u00e7\u00e3o nas regras de tr\u00e2nsito","datePublished":"2026-03-09T03:00:14+00:00","dateModified":"2026-03-09T10:51:08+00:00","mainEntityOfPage":{"@id":"https:\/\/www.notibras.com\/site\/abramed-alerta-para-riscos-apos-alteracao-nas-regras-de-transito\/"},"wordCount":910,"publisher":{"@id":"https:\/\/www.notibras.com\/site\/#organization"},"image":{"@id":"https:\/\/www.notibras.com\/site\/abramed-alerta-para-riscos-apos-alteracao-nas-regras-de-transito\/#primaryimage"},"thumbnailUrl":"https:\/\/www.notibras.com\/site\/wp-content\/uploads\/2026\/03\/cnh_digital_abr1305223951-1.webp","articleSection":["Brasil"],"inLanguage":"pt-BR"},{"@type":"WebPage","@id":"https:\/\/www.notibras.com\/site\/abramed-alerta-para-riscos-apos-alteracao-nas-regras-de-transito\/","url":"https:\/\/www.notibras.com\/site\/abramed-alerta-para-riscos-apos-alteracao-nas-regras-de-transito\/","name":"Abramed alerta para riscos ap\u00f3s altera\u00e7\u00e3o nas regras de tr\u00e2nsito - Notibras","isPartOf":{"@id":"https:\/\/www.notibras.com\/site\/#website"},"primaryImageOfPage":{"@id":"https:\/\/www.notibras.com\/site\/abramed-alerta-para-riscos-apos-alteracao-nas-regras-de-transito\/#primaryimage"},"image":{"@id":"https:\/\/www.notibras.com\/site\/abramed-alerta-para-riscos-apos-alteracao-nas-regras-de-transito\/#primaryimage"},"thumbnailUrl":"https:\/\/www.notibras.com\/site\/wp-content\/uploads\/2026\/03\/cnh_digital_abr1305223951-1.webp","datePublished":"2026-03-09T03:00:14+00:00","dateModified":"2026-03-09T10:51:08+00:00","breadcrumb":{"@id":"https:\/\/www.notibras.com\/site\/abramed-alerta-para-riscos-apos-alteracao-nas-regras-de-transito\/#breadcrumb"},"inLanguage":"pt-BR","potentialAction":[{"@type":"ReadAction","target":["https:\/\/www.notibras.com\/site\/abramed-alerta-para-riscos-apos-alteracao-nas-regras-de-transito\/"]}]},{"@type":"ImageObject","inLanguage":"pt-BR","@id":"https:\/\/www.notibras.com\/site\/abramed-alerta-para-riscos-apos-alteracao-nas-regras-de-transito\/#primaryimage","url":"https:\/\/www.notibras.com\/site\/wp-content\/uploads\/2026\/03\/cnh_digital_abr1305223951-1.webp","contentUrl":"https:\/\/www.notibras.com\/site\/wp-content\/uploads\/2026\/03\/cnh_digital_abr1305223951-1.webp","width":1170,"height":700},{"@type":"BreadcrumbList","@id":"https:\/\/www.notibras.com\/site\/abramed-alerta-para-riscos-apos-alteracao-nas-regras-de-transito\/#breadcrumb","itemListElement":[{"@type":"ListItem","position":1,"name":"In\u00edcio","item":"https:\/\/www.notibras.com\/site\/"},{"@type":"ListItem","position":2,"name":"Abramed alerta para riscos ap\u00f3s altera\u00e7\u00e3o nas regras de tr\u00e2nsito"}]},{"@type":"WebSite","@id":"https:\/\/www.notibras.com\/site\/#website","url":"https:\/\/www.notibras.com\/site\/","name":"Notibras","description":"Not\u00edcias de Bras\u00edlia, do Brasil e do Mundo","publisher":{"@id":"https:\/\/www.notibras.com\/site\/#organization"},"potentialAction":[{"@type":"SearchAction","target":{"@type":"EntryPoint","urlTemplate":"https:\/\/www.notibras.com\/site\/?s={search_term_string}"},"query-input":{"@type":"PropertyValueSpecification","valueRequired":true,"valueName":"search_term_string"}}],"inLanguage":"pt-BR"},{"@type":"Organization","@id":"https:\/\/www.notibras.com\/site\/#organization","name":"Grupo Notibras de Comunica\u00e7\u00e3o","url":"https:\/\/www.notibras.com\/site\/","logo":{"@type":"ImageObject","inLanguage":"pt-BR","@id":"https:\/\/www.notibras.com\/site\/#\/schema\/logo\/image\/","url":"https:\/\/www.notibras.com\/site\/wp-content\/uploads\/2023\/01\/notibras23.png","contentUrl":"https:\/\/www.notibras.com\/site\/wp-content\/uploads\/2023\/01\/notibras23.png","width":350,"height":87,"caption":"Grupo Notibras de Comunica\u00e7\u00e3o"},"image":{"@id":"https:\/\/www.notibras.com\/site\/#\/schema\/logo\/image\/"},"sameAs":["https:\/\/www.facebook.com\/notibras\/","https:\/\/x.com\/Notibras","https:\/\/www.instagram.com\/notibras\/"]},{"@type":"Person","@id":"https:\/\/www.notibras.com\/site\/#\/schema\/person\/36ab0979449956132d3e5b517ea76ac8","name":"Reda\u00e7\u00e3o","image":{"@type":"ImageObject","inLanguage":"pt-BR","@id":"https:\/\/secure.gravatar.com\/avatar\/e0a867bdedb85fd243eadf09663511f96fc81e0720a4a42581f334ad4303aa6b?s=96&d=mm&r=g","url":"https:\/\/secure.gravatar.com\/avatar\/e0a867bdedb85fd243eadf09663511f96fc81e0720a4a42581f334ad4303aa6b?s=96&d=mm&r=g","contentUrl":"https:\/\/secure.gravatar.com\/avatar\/e0a867bdedb85fd243eadf09663511f96fc81e0720a4a42581f334ad4303aa6b?s=96&d=mm&r=g","caption":"Reda\u00e7\u00e3o"}}]}},"amp_enabled":true,"_links":{"self":[{"href":"https:\/\/www.notibras.com\/site\/wp-json\/wp\/v2\/posts\/386265","targetHints":{"allow":["GET"]}}],"collection":[{"href":"https:\/\/www.notibras.com\/site\/wp-json\/wp\/v2\/posts"}],"about":[{"href":"https:\/\/www.notibras.com\/site\/wp-json\/wp\/v2\/types\/post"}],"author":[{"embeddable":true,"href":"https:\/\/www.notibras.com\/site\/wp-json\/wp\/v2\/users\/2"}],"replies":[{"embeddable":true,"href":"https:\/\/www.notibras.com\/site\/wp-json\/wp\/v2\/comments?post=386265"}],"version-history":[{"count":1,"href":"https:\/\/www.notibras.com\/site\/wp-json\/wp\/v2\/posts\/386265\/revisions"}],"predecessor-version":[{"id":386267,"href":"https:\/\/www.notibras.com\/site\/wp-json\/wp\/v2\/posts\/386265\/revisions\/386267"}],"wp:featuredmedia":[{"embeddable":true,"href":"https:\/\/www.notibras.com\/site\/wp-json\/wp\/v2\/media\/386266"}],"wp:attachment":[{"href":"https:\/\/www.notibras.com\/site\/wp-json\/wp\/v2\/media?parent=386265"}],"wp:term":[{"taxonomy":"category","embeddable":true,"href":"https:\/\/www.notibras.com\/site\/wp-json\/wp\/v2\/categories?post=386265"},{"taxonomy":"post_tag","embeddable":true,"href":"https:\/\/www.notibras.com\/site\/wp-json\/wp\/v2\/tags?post=386265"}],"curies":[{"name":"wp","href":"https:\/\/api.w.org\/{rel}","templated":true}]}}