{"id":386271,"date":"2026-03-09T00:00:47","date_gmt":"2026-03-09T03:00:47","guid":{"rendered":"https:\/\/www.notibras.com\/site\/?p=386271"},"modified":"2026-03-09T08:04:48","modified_gmt":"2026-03-09T11:04:48","slug":"brasil-busca-parceria-com-europa-para-explorar-minerais-criticos","status":"publish","type":"post","link":"https:\/\/www.notibras.com\/site\/brasil-busca-parceria-com-europa-para-explorar-minerais-criticos\/","title":{"rendered":"Brasil busca parceria com Europa para explorar minerais cr\u00edticos"},"content":{"rendered":"<p>O Brasil busca a parceria de pa\u00edses europeus para a explora\u00e7\u00e3o de minerais cr\u00edticos e terras raras, elementos fundamentais para a transi\u00e7\u00e3o energ\u00e9tica, disse o embaixador brasileiro na Alemanha, Rodrigo Baena Soares.<\/p>\n<p>O diplomata concedeu entrevista coletiva a jornalistas em Hannover, no norte da Alemanha, em um evento de apresenta\u00e7\u00e3o da Hannover Messe, a maior feira de tecnologia industrial do mundo, que acontecer\u00e1 no fim de abril.<\/p>\n<p>Em um cen\u00e1rio de liga\u00e7\u00f5es mais estreitas entre os dois lados do Atl\u00e2ntico, como no Acordo de Livre Com\u00e9rcio entre o Mercosul e a Uni\u00e3o Europeia (UE), os europeus s\u00e3o vistos como &#8220;parceiros important\u00edssimos&#8221;, mas a expectativa \u00e9 que a rela\u00e7\u00e3o tamb\u00e9m inclua transfer\u00eancia de tecnologia, para que o Brasil tenha protagonismo na cadeia de produ\u00e7\u00e3o.<\/p>\n<p>&#8220;\u00c9 muito importante que n\u00e3o tenhamos um esquema tradicional de apenas exportar minerais brutos&#8221;, disse Baena no fim de fevereiro.<\/p>\n<p>&#8220;\u00c9 importante que pensemos na agrega\u00e7\u00e3o de valor no Brasil. Fa\u00e7amos parte da cadeia de suprimentos e tenhamos transfer\u00eancia de tecnologia. Produ\u00e7\u00e3o no Brasil, mas com a participa\u00e7\u00e3o das nossas empresas&#8221;, defendeu.<\/p>\n<p>O diplomata reconheceu que o Brasil tem enormes reservas desses elementos estrat\u00e9gicos e ainda n\u00e3o desponta como um dos campe\u00f5es de extra\u00e7\u00e3o e refino.<\/p>\n<p>\u201cTemos reservas importantes, sobretudo de terras raras, mas tamb\u00e9m de outros minerais, e podemos nos beneficiar da tecnologia europeia e, sobretudo, da alem\u00e3. Eu j\u00e1 tenho conversado com as autoridades alem\u00e3s sobre esse aspecto\u201d, contou.<\/p>\n<p><strong>Elementos estrat\u00e9gicos<\/strong><br \/>\nTema de interesse de pot\u00eancias internacionais, os minerais cr\u00edticos s\u00e3o elementos essenciais para setores estrat\u00e9gicos, como transi\u00e7\u00e3o energ\u00e9tica, tecnologia e defesa.<\/p>\n<p>Entre esses recursos est\u00e3o minerais como l\u00edtio, cobalto, n\u00edquel, grafita, cobre, mangan\u00eas, ni\u00f3bio e as terras raras (grupo espec\u00edfico de 17 elementos qu\u00edmicos).<\/p>\n<p>De acordo com o Servi\u00e7o Geol\u00f3gico do Brasil (SGB), vinculado ao Minist\u00e9rio de Minas e Energia (MME), o Brasil desponta como o maior detentor global de reservas de ni\u00f3bio (94%), segundo maior de grafita (26%) e tem a terceira maior reserva mundial de n\u00edquel (12%).<\/p>\n<p>Em rela\u00e7\u00e3o \u00e0s terras raras, o pa\u00eds concentra 23% das reservas mundiais.<\/p>\n<p>Esses elementos s\u00e3o usados para melhorar a efici\u00eancia de diversos produtos de alta tecnologia e de energia limpa, com aplica\u00e7\u00e3o em turbinas e\u00f3licas e motores el\u00e9tricos, por exemplo, al\u00e9m do uso em equipamentos aeroespaciais, como sat\u00e9lites, foguetes e m\u00edsseis.<\/p>\n<p>No entanto, um estudo do Instituto de Pesquisa Econ\u00f4mica Aplicada (Ipea) mostra que, enquanto a produ\u00e7\u00e3o desses elementos cresce, o Brasil caminha no sentido contr\u00e1rio em muitos dos minerais estrat\u00e9gicos.<\/p>\n<p><strong>Hannover Messe<\/strong><br \/>\nA Hannover Messe, que acontecer\u00e1 de 20 a 24 de abril, ter\u00e1 neste ano o Brasil como pa\u00eds parceiro. Ser\u00e1 uma oportunidade para cerca de 140 expositores brasileiros levarem \u00e0 Europa tecnologias e inova\u00e7\u00f5es industriais.<\/p>\n<p>O evento receber\u00e1 representantes de centenas de pa\u00edses na cidade de cerca de 550 mil habitantes.<\/p>\n<p>\u201cVamos fazer um evento paralelo sobre minerais cr\u00edticos, mostrar as potencialidades do Brasil tamb\u00e9m nessa \u00e1rea\u201d, antecipou o embaixador brasileiro.<\/p>\n<p><strong>Acordo Mercosul e UE<\/strong><br \/>\nO representante diplom\u00e1tico ressaltou o fato de a feira internacional acontecer no momento em que o acordo de livre com\u00e9rcio entre os dois blocos econ\u00f4micos caminha para implementa\u00e7\u00e3o.<\/p>\n<p>Baena Soares considera que a participa\u00e7\u00e3o na Hannover Messe e a busca por parcerias com europeus \u00e9 \u201cum sinal muito importante para o mundo de que o multilateralismo ainda se faz presente\u201d.<\/p>\n<p>\u201cTemos certeza de que isso [o acordo] vai fazer com que essa mensagem seja muito clara para o mundo, de que a\u00e7\u00f5es unilaterais e protecionismo n\u00e3o s\u00e3o a resposta adequada para os desafios do mundo de hoje\u201d.<\/p>\n<p>A conclus\u00e3o do tratado, assinado em janeiro, aconteceu durante vig\u00eancia do tarifa\u00e7o imposto pelo governo dos Estados Unidos, que passou a sobretaxar produtos importados que desembarcam no territ\u00f3rio americano, alegando defesa da economia nacional.<\/p>\n<p>No \u00faltimo dia 20 de fevereiro, uma decis\u00e3o da Suprema Corte dos EUA derrubou a decis\u00e3o de Trump de taxar compras internacionais. O presidente americano reagiu impondo tarifa de 10% a diversos pa\u00edses.<\/p>\n<p><strong>Implementa\u00e7\u00e3o l\u00e1 e c\u00e1<\/strong><br \/>\nNo come\u00e7o de mar\u00e7o, o Senado brasileiro aprovou os termos do acordo que cria a zona de livre com\u00e9rcio com os mais de 720 milh\u00f5es de habitantes da Europa. Al\u00e9m do Brasil, o bloco sul-americano \u00e9 formado por Argentina, Paraguai e Uruguai.<\/p>\n<p>No lado europeu, ainda h\u00e1 resist\u00eancias de alguns pa\u00edses, como a Fran\u00e7a, mas a Comiss\u00e3o Europeia, \u00f3rg\u00e3o executivo do bloco, decidiu aplicar provisoriamente o tratado.<\/p>\n<p>O Mercosul se comprometeu a zerar tarifas sobre 91% dos bens europeus que chegam \u00e0 Am\u00e9rica do Sul, em at\u00e9 15 anos. A Uni\u00e3o Europeia ter\u00e1 que eliminar tarifas sobre 95% dos bens comprados do Mercosul, em at\u00e9 12 anos.<\/p>\n<p>Enquanto alguns pa\u00edses europeus se mostraram contr\u00e1rios ao tratado com o Mercosul, a Alemanha \u00e9 uma das defensoras do acordo.<\/p>\n<p>Para o embaixador, \u201cos setores agr\u00edcola e industrial no Brasil v\u00e3o ganhar com esse acordo em diferentes aspectos\u201d.<\/p>\n<p>A Hannover Messe \u00e9 organizada pela Deutsche Messe AG. O CEO (diretor-executivo) da companhia, Jochen K\u00f6ckler, aponta o acordo como chance de \u201crealmente\u201d criar uma \u00e1rea de livre com\u00e9rcio.<\/p>\n<p>\u201c\u00c9 um momento fant\u00e1stico. Se voc\u00ea observar como os Estados Unidos est\u00e3o agindo com tarifas e como outros pa\u00edses est\u00e3o se posicionando, \u00e9 uma oportunidade extraordin\u00e1ria, n\u00e3o apenas para aproximar Brasil e Alemanha, mas Brasil e Europa\u201d.<\/p>\n<p><strong>Brasil e Alemanha<\/strong><br \/>\nNo encontro com jornalistas, no fim de fevereiro, o embaixador brasileiro apontou a feira como oportunidade de refor\u00e7ar la\u00e7os econ\u00f4micos e pol\u00edticos com a Europa e, especialmente, a Alemanha. Para ele, os dois pa\u00edses &#8220;t\u00eam complementaridades&#8221;.<\/p>\n<p>\u201cO Brasil oferece um arcabou\u00e7o regulat\u00f3rio est\u00e1vel, seguro e confi\u00e1vel, uma matriz energ\u00e9tica limpa, um custo muito competitivo e capacidades industriais e de engenharia\u201d, exaltou ele, antecipando que o presidente Luiz In\u00e1cio Lula da Silva e o chanceler (chefe de governo) da Alemanha, Friedrich Merz, se encontrar\u00e3o durante o evento em Hannover.<\/p>\n<p>De acordo com o Minist\u00e9rio do Desenvolvimento, Ind\u00fastria, Com\u00e9rcio e Servi\u00e7os, a corrente de com\u00e9rcio entre as duas na\u00e7\u00f5es chegou a US$ 20,9 bilh\u00f5es (cerca de R$ 110 bilh\u00f5es) em 2025.<\/p>\n<p>O Brasil apresentou d\u00e9ficit na balan\u00e7a comercial, tendo exportado US$ 6,5 bilh\u00f5es e importado US$ 14,4 bilh\u00f5es da Alemanha.<\/p>\n<p>A Alemanha \u00e9 o terceiro pa\u00eds que mais vende para o Brasil e o 11\u00ba que mais compra dele. O embaixador Baena Soares lembrou que o pa\u00eds do Velho Continente \u00e9 um dos dez maiores investidores no Brasil, com cerca de 40 bilh\u00f5es de euros em estoque de investimento direto.<\/p>\n<p>\u201cTemos uma presen\u00e7a muito importante de mais de 1 mil empresas alem\u00e3s no Brasil\u201d, citou o diplomata.<\/p>\n","protected":false},"excerpt":{"rendered":"<p>O Brasil busca a parceria de pa\u00edses europeus para a explora\u00e7\u00e3o de minerais cr\u00edticos e terras raras, elementos fundamentais para a transi\u00e7\u00e3o energ\u00e9tica, disse o embaixador brasileiro na Alemanha, Rodrigo Baena Soares. O diplomata concedeu entrevista coletiva a jornalistas em Hannover, no norte da Alemanha, em um evento de apresenta\u00e7\u00e3o da Hannover Messe, a maior [&hellip;]<\/p>\n","protected":false},"author":2,"featured_media":386272,"comment_status":"closed","ping_status":"closed","sticky":false,"template":"","format":"standard","meta":{"_acf_changed":false,"footnotes":""},"categories":[16],"tags":[],"class_list":["post-386271","post","type-post","status-publish","format-standard","has-post-thumbnail","hentry","category-brasil"],"acf":[],"yoast_head":"<!-- This site is optimized with the Yoast SEO plugin v27.2 - https:\/\/yoast.com\/product\/yoast-seo-wordpress\/ -->\n<title>Brasil busca parceria com Europa para explorar minerais cr\u00edticos - Notibras<\/title>\n<meta name=\"robots\" content=\"index, follow, max-snippet:-1, max-image-preview:large, max-video-preview:-1\" \/>\n<link rel=\"canonical\" href=\"https:\/\/www.notibras.com\/site\/brasil-busca-parceria-com-europa-para-explorar-minerais-criticos\/\" \/>\n<meta property=\"og:locale\" content=\"pt_BR\" \/>\n<meta property=\"og:type\" content=\"article\" \/>\n<meta property=\"og:title\" content=\"Brasil busca parceria com Europa para explorar minerais cr\u00edticos - Notibras\" \/>\n<meta property=\"og:description\" content=\"O Brasil busca a parceria de pa\u00edses europeus para a explora\u00e7\u00e3o de minerais cr\u00edticos e terras raras, elementos fundamentais para a transi\u00e7\u00e3o energ\u00e9tica, disse o embaixador brasileiro na Alemanha, Rodrigo Baena Soares. O diplomata concedeu entrevista coletiva a jornalistas em Hannover, no norte da Alemanha, em um evento de apresenta\u00e7\u00e3o da Hannover Messe, a maior [&hellip;]\" \/>\n<meta property=\"og:url\" content=\"https:\/\/www.notibras.com\/site\/brasil-busca-parceria-com-europa-para-explorar-minerais-criticos\/\" \/>\n<meta property=\"og:site_name\" content=\"Notibras\" \/>\n<meta property=\"article:publisher\" content=\"https:\/\/www.facebook.com\/notibras\/\" \/>\n<meta property=\"article:published_time\" content=\"2026-03-09T03:00:47+00:00\" \/>\n<meta property=\"article:modified_time\" content=\"2026-03-09T11:04:48+00:00\" \/>\n<meta property=\"og:image\" content=\"https:\/\/www.notibras.com\/site\/wp-content\/uploads\/2026\/03\/cristais_niobio-1.webp\" \/>\n\t<meta property=\"og:image:width\" content=\"1170\" \/>\n\t<meta property=\"og:image:height\" content=\"700\" \/>\n\t<meta property=\"og:image:type\" content=\"image\/webp\" \/>\n<meta name=\"author\" content=\"Reda\u00e7\u00e3o\" \/>\n<meta name=\"twitter:card\" content=\"summary_large_image\" \/>\n<meta name=\"twitter:creator\" content=\"@Notibras\" \/>\n<meta name=\"twitter:site\" content=\"@Notibras\" \/>\n<meta name=\"twitter:label1\" content=\"Escrito por\" \/>\n\t<meta name=\"twitter:data1\" content=\"Reda\u00e7\u00e3o\" \/>\n\t<meta name=\"twitter:label2\" content=\"Est. tempo de leitura\" \/>\n\t<meta name=\"twitter:data2\" content=\"7 minutos\" \/>\n<script type=\"application\/ld+json\" class=\"yoast-schema-graph\">{\"@context\":\"https:\/\/schema.org\",\"@graph\":[{\"@type\":\"Article\",\"@id\":\"https:\/\/www.notibras.com\/site\/brasil-busca-parceria-com-europa-para-explorar-minerais-criticos\/#article\",\"isPartOf\":{\"@id\":\"https:\/\/www.notibras.com\/site\/brasil-busca-parceria-com-europa-para-explorar-minerais-criticos\/\"},\"author\":{\"name\":\"Reda\u00e7\u00e3o\",\"@id\":\"https:\/\/www.notibras.com\/site\/#\/schema\/person\/36ab0979449956132d3e5b517ea76ac8\"},\"headline\":\"Brasil busca parceria com Europa para explorar minerais cr\u00edticos\",\"datePublished\":\"2026-03-09T03:00:47+00:00\",\"dateModified\":\"2026-03-09T11:04:48+00:00\",\"mainEntityOfPage\":{\"@id\":\"https:\/\/www.notibras.com\/site\/brasil-busca-parceria-com-europa-para-explorar-minerais-criticos\/\"},\"wordCount\":1180,\"publisher\":{\"@id\":\"https:\/\/www.notibras.com\/site\/#organization\"},\"image\":{\"@id\":\"https:\/\/www.notibras.com\/site\/brasil-busca-parceria-com-europa-para-explorar-minerais-criticos\/#primaryimage\"},\"thumbnailUrl\":\"https:\/\/www.notibras.com\/site\/wp-content\/uploads\/2026\/03\/cristais_niobio-1.webp\",\"articleSection\":[\"Brasil\"],\"inLanguage\":\"pt-BR\"},{\"@type\":\"WebPage\",\"@id\":\"https:\/\/www.notibras.com\/site\/brasil-busca-parceria-com-europa-para-explorar-minerais-criticos\/\",\"url\":\"https:\/\/www.notibras.com\/site\/brasil-busca-parceria-com-europa-para-explorar-minerais-criticos\/\",\"name\":\"Brasil busca parceria com Europa para explorar minerais cr\u00edticos - Notibras\",\"isPartOf\":{\"@id\":\"https:\/\/www.notibras.com\/site\/#website\"},\"primaryImageOfPage\":{\"@id\":\"https:\/\/www.notibras.com\/site\/brasil-busca-parceria-com-europa-para-explorar-minerais-criticos\/#primaryimage\"},\"image\":{\"@id\":\"https:\/\/www.notibras.com\/site\/brasil-busca-parceria-com-europa-para-explorar-minerais-criticos\/#primaryimage\"},\"thumbnailUrl\":\"https:\/\/www.notibras.com\/site\/wp-content\/uploads\/2026\/03\/cristais_niobio-1.webp\",\"datePublished\":\"2026-03-09T03:00:47+00:00\",\"dateModified\":\"2026-03-09T11:04:48+00:00\",\"breadcrumb\":{\"@id\":\"https:\/\/www.notibras.com\/site\/brasil-busca-parceria-com-europa-para-explorar-minerais-criticos\/#breadcrumb\"},\"inLanguage\":\"pt-BR\",\"potentialAction\":[{\"@type\":\"ReadAction\",\"target\":[\"https:\/\/www.notibras.com\/site\/brasil-busca-parceria-com-europa-para-explorar-minerais-criticos\/\"]}]},{\"@type\":\"ImageObject\",\"inLanguage\":\"pt-BR\",\"@id\":\"https:\/\/www.notibras.com\/site\/brasil-busca-parceria-com-europa-para-explorar-minerais-criticos\/#primaryimage\",\"url\":\"https:\/\/www.notibras.com\/site\/wp-content\/uploads\/2026\/03\/cristais_niobio-1.webp\",\"contentUrl\":\"https:\/\/www.notibras.com\/site\/wp-content\/uploads\/2026\/03\/cristais_niobio-1.webp\",\"width\":1170,\"height\":700},{\"@type\":\"BreadcrumbList\",\"@id\":\"https:\/\/www.notibras.com\/site\/brasil-busca-parceria-com-europa-para-explorar-minerais-criticos\/#breadcrumb\",\"itemListElement\":[{\"@type\":\"ListItem\",\"position\":1,\"name\":\"In\u00edcio\",\"item\":\"https:\/\/www.notibras.com\/site\/\"},{\"@type\":\"ListItem\",\"position\":2,\"name\":\"Brasil busca parceria com Europa para explorar minerais cr\u00edticos\"}]},{\"@type\":\"WebSite\",\"@id\":\"https:\/\/www.notibras.com\/site\/#website\",\"url\":\"https:\/\/www.notibras.com\/site\/\",\"name\":\"Notibras\",\"description\":\"Not\u00edcias de Bras\u00edlia, do Brasil e do Mundo\",\"publisher\":{\"@id\":\"https:\/\/www.notibras.com\/site\/#organization\"},\"potentialAction\":[{\"@type\":\"SearchAction\",\"target\":{\"@type\":\"EntryPoint\",\"urlTemplate\":\"https:\/\/www.notibras.com\/site\/?s={search_term_string}\"},\"query-input\":{\"@type\":\"PropertyValueSpecification\",\"valueRequired\":true,\"valueName\":\"search_term_string\"}}],\"inLanguage\":\"pt-BR\"},{\"@type\":\"Organization\",\"@id\":\"https:\/\/www.notibras.com\/site\/#organization\",\"name\":\"Grupo Notibras de Comunica\u00e7\u00e3o\",\"url\":\"https:\/\/www.notibras.com\/site\/\",\"logo\":{\"@type\":\"ImageObject\",\"inLanguage\":\"pt-BR\",\"@id\":\"https:\/\/www.notibras.com\/site\/#\/schema\/logo\/image\/\",\"url\":\"https:\/\/www.notibras.com\/site\/wp-content\/uploads\/2023\/01\/notibras23.png\",\"contentUrl\":\"https:\/\/www.notibras.com\/site\/wp-content\/uploads\/2023\/01\/notibras23.png\",\"width\":350,\"height\":87,\"caption\":\"Grupo Notibras de Comunica\u00e7\u00e3o\"},\"image\":{\"@id\":\"https:\/\/www.notibras.com\/site\/#\/schema\/logo\/image\/\"},\"sameAs\":[\"https:\/\/www.facebook.com\/notibras\/\",\"https:\/\/x.com\/Notibras\",\"https:\/\/www.instagram.com\/notibras\/\"]},{\"@type\":\"Person\",\"@id\":\"https:\/\/www.notibras.com\/site\/#\/schema\/person\/36ab0979449956132d3e5b517ea76ac8\",\"name\":\"Reda\u00e7\u00e3o\",\"image\":{\"@type\":\"ImageObject\",\"inLanguage\":\"pt-BR\",\"@id\":\"https:\/\/secure.gravatar.com\/avatar\/e0a867bdedb85fd243eadf09663511f96fc81e0720a4a42581f334ad4303aa6b?s=96&d=mm&r=g\",\"url\":\"https:\/\/secure.gravatar.com\/avatar\/e0a867bdedb85fd243eadf09663511f96fc81e0720a4a42581f334ad4303aa6b?s=96&d=mm&r=g\",\"contentUrl\":\"https:\/\/secure.gravatar.com\/avatar\/e0a867bdedb85fd243eadf09663511f96fc81e0720a4a42581f334ad4303aa6b?s=96&d=mm&r=g\",\"caption\":\"Reda\u00e7\u00e3o\"}}]}<\/script>\n<!-- \/ Yoast SEO plugin. -->","yoast_head_json":{"title":"Brasil busca parceria com Europa para explorar minerais cr\u00edticos - Notibras","robots":{"index":"index","follow":"follow","max-snippet":"max-snippet:-1","max-image-preview":"max-image-preview:large","max-video-preview":"max-video-preview:-1"},"canonical":"https:\/\/www.notibras.com\/site\/brasil-busca-parceria-com-europa-para-explorar-minerais-criticos\/","og_locale":"pt_BR","og_type":"article","og_title":"Brasil busca parceria com Europa para explorar minerais cr\u00edticos - Notibras","og_description":"O Brasil busca a parceria de pa\u00edses europeus para a explora\u00e7\u00e3o de minerais cr\u00edticos e terras raras, elementos fundamentais para a transi\u00e7\u00e3o energ\u00e9tica, disse o embaixador brasileiro na Alemanha, Rodrigo Baena Soares. O diplomata concedeu entrevista coletiva a jornalistas em Hannover, no norte da Alemanha, em um evento de apresenta\u00e7\u00e3o da Hannover Messe, a maior [&hellip;]","og_url":"https:\/\/www.notibras.com\/site\/brasil-busca-parceria-com-europa-para-explorar-minerais-criticos\/","og_site_name":"Notibras","article_publisher":"https:\/\/www.facebook.com\/notibras\/","article_published_time":"2026-03-09T03:00:47+00:00","article_modified_time":"2026-03-09T11:04:48+00:00","og_image":[{"width":1170,"height":700,"url":"https:\/\/www.notibras.com\/site\/wp-content\/uploads\/2026\/03\/cristais_niobio-1.webp","type":"image\/webp"}],"author":"Reda\u00e7\u00e3o","twitter_card":"summary_large_image","twitter_creator":"@Notibras","twitter_site":"@Notibras","twitter_misc":{"Escrito por":"Reda\u00e7\u00e3o","Est. tempo de leitura":"7 minutos"},"schema":{"@context":"https:\/\/schema.org","@graph":[{"@type":"Article","@id":"https:\/\/www.notibras.com\/site\/brasil-busca-parceria-com-europa-para-explorar-minerais-criticos\/#article","isPartOf":{"@id":"https:\/\/www.notibras.com\/site\/brasil-busca-parceria-com-europa-para-explorar-minerais-criticos\/"},"author":{"name":"Reda\u00e7\u00e3o","@id":"https:\/\/www.notibras.com\/site\/#\/schema\/person\/36ab0979449956132d3e5b517ea76ac8"},"headline":"Brasil busca parceria com Europa para explorar minerais cr\u00edticos","datePublished":"2026-03-09T03:00:47+00:00","dateModified":"2026-03-09T11:04:48+00:00","mainEntityOfPage":{"@id":"https:\/\/www.notibras.com\/site\/brasil-busca-parceria-com-europa-para-explorar-minerais-criticos\/"},"wordCount":1180,"publisher":{"@id":"https:\/\/www.notibras.com\/site\/#organization"},"image":{"@id":"https:\/\/www.notibras.com\/site\/brasil-busca-parceria-com-europa-para-explorar-minerais-criticos\/#primaryimage"},"thumbnailUrl":"https:\/\/www.notibras.com\/site\/wp-content\/uploads\/2026\/03\/cristais_niobio-1.webp","articleSection":["Brasil"],"inLanguage":"pt-BR"},{"@type":"WebPage","@id":"https:\/\/www.notibras.com\/site\/brasil-busca-parceria-com-europa-para-explorar-minerais-criticos\/","url":"https:\/\/www.notibras.com\/site\/brasil-busca-parceria-com-europa-para-explorar-minerais-criticos\/","name":"Brasil busca parceria com Europa para explorar minerais cr\u00edticos - Notibras","isPartOf":{"@id":"https:\/\/www.notibras.com\/site\/#website"},"primaryImageOfPage":{"@id":"https:\/\/www.notibras.com\/site\/brasil-busca-parceria-com-europa-para-explorar-minerais-criticos\/#primaryimage"},"image":{"@id":"https:\/\/www.notibras.com\/site\/brasil-busca-parceria-com-europa-para-explorar-minerais-criticos\/#primaryimage"},"thumbnailUrl":"https:\/\/www.notibras.com\/site\/wp-content\/uploads\/2026\/03\/cristais_niobio-1.webp","datePublished":"2026-03-09T03:00:47+00:00","dateModified":"2026-03-09T11:04:48+00:00","breadcrumb":{"@id":"https:\/\/www.notibras.com\/site\/brasil-busca-parceria-com-europa-para-explorar-minerais-criticos\/#breadcrumb"},"inLanguage":"pt-BR","potentialAction":[{"@type":"ReadAction","target":["https:\/\/www.notibras.com\/site\/brasil-busca-parceria-com-europa-para-explorar-minerais-criticos\/"]}]},{"@type":"ImageObject","inLanguage":"pt-BR","@id":"https:\/\/www.notibras.com\/site\/brasil-busca-parceria-com-europa-para-explorar-minerais-criticos\/#primaryimage","url":"https:\/\/www.notibras.com\/site\/wp-content\/uploads\/2026\/03\/cristais_niobio-1.webp","contentUrl":"https:\/\/www.notibras.com\/site\/wp-content\/uploads\/2026\/03\/cristais_niobio-1.webp","width":1170,"height":700},{"@type":"BreadcrumbList","@id":"https:\/\/www.notibras.com\/site\/brasil-busca-parceria-com-europa-para-explorar-minerais-criticos\/#breadcrumb","itemListElement":[{"@type":"ListItem","position":1,"name":"In\u00edcio","item":"https:\/\/www.notibras.com\/site\/"},{"@type":"ListItem","position":2,"name":"Brasil busca parceria com Europa para explorar minerais cr\u00edticos"}]},{"@type":"WebSite","@id":"https:\/\/www.notibras.com\/site\/#website","url":"https:\/\/www.notibras.com\/site\/","name":"Notibras","description":"Not\u00edcias de Bras\u00edlia, do Brasil e do Mundo","publisher":{"@id":"https:\/\/www.notibras.com\/site\/#organization"},"potentialAction":[{"@type":"SearchAction","target":{"@type":"EntryPoint","urlTemplate":"https:\/\/www.notibras.com\/site\/?s={search_term_string}"},"query-input":{"@type":"PropertyValueSpecification","valueRequired":true,"valueName":"search_term_string"}}],"inLanguage":"pt-BR"},{"@type":"Organization","@id":"https:\/\/www.notibras.com\/site\/#organization","name":"Grupo Notibras de Comunica\u00e7\u00e3o","url":"https:\/\/www.notibras.com\/site\/","logo":{"@type":"ImageObject","inLanguage":"pt-BR","@id":"https:\/\/www.notibras.com\/site\/#\/schema\/logo\/image\/","url":"https:\/\/www.notibras.com\/site\/wp-content\/uploads\/2023\/01\/notibras23.png","contentUrl":"https:\/\/www.notibras.com\/site\/wp-content\/uploads\/2023\/01\/notibras23.png","width":350,"height":87,"caption":"Grupo Notibras de Comunica\u00e7\u00e3o"},"image":{"@id":"https:\/\/www.notibras.com\/site\/#\/schema\/logo\/image\/"},"sameAs":["https:\/\/www.facebook.com\/notibras\/","https:\/\/x.com\/Notibras","https:\/\/www.instagram.com\/notibras\/"]},{"@type":"Person","@id":"https:\/\/www.notibras.com\/site\/#\/schema\/person\/36ab0979449956132d3e5b517ea76ac8","name":"Reda\u00e7\u00e3o","image":{"@type":"ImageObject","inLanguage":"pt-BR","@id":"https:\/\/secure.gravatar.com\/avatar\/e0a867bdedb85fd243eadf09663511f96fc81e0720a4a42581f334ad4303aa6b?s=96&d=mm&r=g","url":"https:\/\/secure.gravatar.com\/avatar\/e0a867bdedb85fd243eadf09663511f96fc81e0720a4a42581f334ad4303aa6b?s=96&d=mm&r=g","contentUrl":"https:\/\/secure.gravatar.com\/avatar\/e0a867bdedb85fd243eadf09663511f96fc81e0720a4a42581f334ad4303aa6b?s=96&d=mm&r=g","caption":"Reda\u00e7\u00e3o"}}]}},"amp_enabled":true,"_links":{"self":[{"href":"https:\/\/www.notibras.com\/site\/wp-json\/wp\/v2\/posts\/386271","targetHints":{"allow":["GET"]}}],"collection":[{"href":"https:\/\/www.notibras.com\/site\/wp-json\/wp\/v2\/posts"}],"about":[{"href":"https:\/\/www.notibras.com\/site\/wp-json\/wp\/v2\/types\/post"}],"author":[{"embeddable":true,"href":"https:\/\/www.notibras.com\/site\/wp-json\/wp\/v2\/users\/2"}],"replies":[{"embeddable":true,"href":"https:\/\/www.notibras.com\/site\/wp-json\/wp\/v2\/comments?post=386271"}],"version-history":[{"count":1,"href":"https:\/\/www.notibras.com\/site\/wp-json\/wp\/v2\/posts\/386271\/revisions"}],"predecessor-version":[{"id":386273,"href":"https:\/\/www.notibras.com\/site\/wp-json\/wp\/v2\/posts\/386271\/revisions\/386273"}],"wp:featuredmedia":[{"embeddable":true,"href":"https:\/\/www.notibras.com\/site\/wp-json\/wp\/v2\/media\/386272"}],"wp:attachment":[{"href":"https:\/\/www.notibras.com\/site\/wp-json\/wp\/v2\/media?parent=386271"}],"wp:term":[{"taxonomy":"category","embeddable":true,"href":"https:\/\/www.notibras.com\/site\/wp-json\/wp\/v2\/categories?post=386271"},{"taxonomy":"post_tag","embeddable":true,"href":"https:\/\/www.notibras.com\/site\/wp-json\/wp\/v2\/tags?post=386271"}],"curies":[{"name":"wp","href":"https:\/\/api.w.org\/{rel}","templated":true}]}}