{"id":386274,"date":"2026-03-09T00:00:09","date_gmt":"2026-03-09T03:00:09","guid":{"rendered":"https:\/\/www.notibras.com\/site\/?p=386274"},"modified":"2026-03-09T09:52:00","modified_gmt":"2026-03-09T12:52:00","slug":"decisao-nos-penaltis-da-mais-um-titulo-ao-flamengo-no-rio","status":"publish","type":"post","link":"https:\/\/www.notibras.com\/site\/decisao-nos-penaltis-da-mais-um-titulo-ao-flamengo-no-rio\/","title":{"rendered":"Decis\u00e3o nos p\u00eanaltis d\u00e1 mais um t\u00edtulo ao Flamengo no Rio"},"content":{"rendered":"<p>O Flamengo levou a melhor sobre o Fluminense por 5 a 4 na cobran\u00e7a de p\u00eanaltis e conquistou pela terceira vez consecutiva o t\u00edtulo do Campeonato Carioca, na noite deste domingo (8), no Est\u00e1dio Jornalista M\u00e1rio Filho (Maracan\u00e3). Ap\u00f3s empate em 0 a 0 nos 90 minutos, brilhou a estrela do goleiro argentino August\u00edn Rossi, que defendeu as cobran\u00e7as de Guga (a terceira penalidade) e Ot\u00e1vio (a quinta nas cobran\u00e7as alternadas).<\/p>\n<p>A conquista do 40\u00ba trof\u00e9u do Carioc\u00e3o na hist\u00f3ria do clube \u00e9 a primeira do rec\u00e9m-contratado t\u00e9cnico portugu\u00eas Leonardo Jardim, que estreou hoje no comando do time, ap\u00f3s demiss\u00e3o de Filipe Lu\u00eds na \u00faltima ter\u00e7a-feira (3). O Rubro-Negro segue como o maior campe\u00e3o do Carioc\u00e3o, seguido por Fluminense (33 t\u00edtulos) e Vasco (24). Al\u00e9m da ta\u00e7a, o Flamengo recebeu premia\u00e7\u00e3o de R$ 10 milh\u00f5es. J\u00e1 o Tricolor foi contemplado pela Federa\u00e7\u00e3o de Futebol do Estado do Rio de Janeiro (Ferj) com R$ 5 milh\u00f5es.<\/p>\n<p>No primeiro tempo sobrou cautela em campo. Ambos os times marcaram bem, mas pouco criaram ofensivamente. Foram raras as finaliza\u00e7\u00f5es: Aos 16 minutos, Pedro teve a primeira chance de abrir o placar para o Flamengo, mas chutou fraco e goleiro F\u00e1bio defendeu. Dois minutos depois, foi a vez do Tricolor: Lucho Acosta rolou para Senra que arriscou de dentro da \u00e1rea, mas a bola desviou no lateral rubro-negro Varela e saiu. O jogo seguiu morno. Aos 45 minutos, L\u00e9o Pereira quase marcou o primeiro gol de cobertura do Fla ao cabecear, mas o goleiro F\u00e1bio andou para tr\u00e1s e conseguiu defender em cima da linha.<\/p>\n<p>Depois do intervalo n\u00e3o faltou emo\u00e7\u00e3o. Logo aos tr\u00eas minutos, o Tricolor quase abre o placar com Lucho Acosta: o meio-campista chegou a tabelar com H\u00e9rcules antes de chutar de canhota. Atento, Rossi espalmou e evitou o gol tricolor. Mas o time das Laranjeiras seguiu pressionando. Aos 11 minutos, dentro da grande \u00e1rea, Serna desferiu um bola venenosa, que passou por fora, rente \u00e0 trave esquerda. A melhor chance do Flamengo s\u00f3 surgiu aos 32 minutos, com cruzamento de Alex Sandro para Arrascaeta cabecear dentro da \u00e1rea, mas a bola foi para fora por cima do travess\u00e3o. Tr\u00eas minutos depois, Plata cruzou para dentro da \u00e1rea, a bola bateu em L\u00e9o Ortiz e no bate-rebate sobrou nos p\u00e9s de L\u00e9o Pereira. O zagueiro chutou fraco, e a bola passou rente \u00e0 trave direita do goleiro F\u00e1bio.<\/p>\n<p><strong>Penalidades<\/strong><br \/>\nO volante Jorginho converteu a primeira cobran\u00e7a do Flamengo e, na sequ\u00eancia, Ganso tamb\u00e9m marcou para o Flu. Depois Luiz Ara\u00fajo desperdi\u00e7ou, cobrando no meio e facilitando a defesa do goleiro F\u00e1bio. Na sequ\u00eancia, Savarino chutou certeiro no \u00e2ngulo esquerdo do gol de Rossi, sem chances para o argentino defender. O Flamengo perdia por 2 a 1, quando Everton Cebolinha marcou o terceiro do Rubro-Negro. Em seguida, Guga chutou \u00e0 meia altura e o goleiro Rossi agarrou, deixando tudo igual no placar (2 a 2).<\/p>\n<p>Na quarta cobran\u00e7a, L\u00e9o Pereira converteu para o Fla e Guilherme Arana para o Flu. Na sequ\u00eancia, Lucas Paquet\u00e1 acertou a quarta penalidade para o Rubro-Negro, e John Kennedy chutou bem e manteve o empate. A defini\u00e7\u00e3o do t\u00edtulo carioca saiu na primeira cobran\u00e7a alternada: o zagueiro L\u00e9o Ortiz acertou o fundo da rede e, em seguida, o goleiro Rossi saiu como her\u00f3i da final ao defender a cobran\u00e7a do volante tricolor Ot\u00e1vio.<\/p>\n","protected":false},"excerpt":{"rendered":"<p>O Flamengo levou a melhor sobre o Fluminense por 5 a 4 na cobran\u00e7a de p\u00eanaltis e conquistou pela terceira vez consecutiva o t\u00edtulo do Campeonato Carioca, na noite deste domingo (8), no Est\u00e1dio Jornalista M\u00e1rio Filho (Maracan\u00e3). Ap\u00f3s empate em 0 a 0 nos 90 minutos, brilhou a estrela do goleiro argentino August\u00edn Rossi, [&hellip;]<\/p>\n","protected":false},"author":2,"featured_media":386276,"comment_status":"closed","ping_status":"closed","sticky":false,"template":"","format":"standard","meta":{"_acf_changed":false,"footnotes":""},"categories":[155],"tags":[],"class_list":["post-386274","post","type-post","status-publish","format-standard","has-post-thumbnail","hentry","category-leitura-vip"],"acf":[],"yoast_head":"<!-- This site is optimized with the Yoast SEO plugin v27.2 - https:\/\/yoast.com\/product\/yoast-seo-wordpress\/ -->\n<title>Decis\u00e3o nos p\u00eanaltis d\u00e1 mais um t\u00edtulo ao Flamengo no Rio - Notibras<\/title>\n<meta name=\"robots\" content=\"index, follow, max-snippet:-1, max-image-preview:large, max-video-preview:-1\" \/>\n<link rel=\"canonical\" href=\"https:\/\/www.notibras.com\/site\/decisao-nos-penaltis-da-mais-um-titulo-ao-flamengo-no-rio\/\" \/>\n<meta property=\"og:locale\" content=\"pt_BR\" \/>\n<meta property=\"og:type\" content=\"article\" \/>\n<meta property=\"og:title\" content=\"Decis\u00e3o nos p\u00eanaltis d\u00e1 mais um t\u00edtulo ao Flamengo no Rio - Notibras\" \/>\n<meta property=\"og:description\" content=\"O Flamengo levou a melhor sobre o Fluminense por 5 a 4 na cobran\u00e7a de p\u00eanaltis e conquistou pela terceira vez consecutiva o t\u00edtulo do Campeonato Carioca, na noite deste domingo (8), no Est\u00e1dio Jornalista M\u00e1rio Filho (Maracan\u00e3). Ap\u00f3s empate em 0 a 0 nos 90 minutos, brilhou a estrela do goleiro argentino August\u00edn Rossi, [&hellip;]\" \/>\n<meta property=\"og:url\" content=\"https:\/\/www.notibras.com\/site\/decisao-nos-penaltis-da-mais-um-titulo-ao-flamengo-no-rio\/\" \/>\n<meta property=\"og:site_name\" content=\"Notibras\" \/>\n<meta property=\"article:publisher\" content=\"https:\/\/www.facebook.com\/notibras\/\" \/>\n<meta property=\"article:published_time\" content=\"2026-03-09T03:00:09+00:00\" \/>\n<meta property=\"article:modified_time\" content=\"2026-03-09T12:52:00+00:00\" \/>\n<meta property=\"og:image\" content=\"https:\/\/www.notibras.com\/site\/wp-content\/uploads\/2026\/03\/flamento_tricampeao_carioca_2026.jpg.webp\" \/>\n\t<meta property=\"og:image:width\" content=\"1170\" \/>\n\t<meta property=\"og:image:height\" content=\"700\" \/>\n\t<meta property=\"og:image:type\" content=\"image\/webp\" \/>\n<meta name=\"author\" content=\"Reda\u00e7\u00e3o\" \/>\n<meta name=\"twitter:card\" content=\"summary_large_image\" \/>\n<meta name=\"twitter:creator\" content=\"@Notibras\" \/>\n<meta name=\"twitter:site\" content=\"@Notibras\" \/>\n<meta name=\"twitter:label1\" content=\"Escrito por\" \/>\n\t<meta name=\"twitter:data1\" content=\"Reda\u00e7\u00e3o\" \/>\n\t<meta name=\"twitter:label2\" content=\"Est. tempo de leitura\" \/>\n\t<meta name=\"twitter:data2\" content=\"4 minutos\" \/>\n<script type=\"application\/ld+json\" class=\"yoast-schema-graph\">{\"@context\":\"https:\/\/schema.org\",\"@graph\":[{\"@type\":\"Article\",\"@id\":\"https:\/\/www.notibras.com\/site\/decisao-nos-penaltis-da-mais-um-titulo-ao-flamengo-no-rio\/#article\",\"isPartOf\":{\"@id\":\"https:\/\/www.notibras.com\/site\/decisao-nos-penaltis-da-mais-um-titulo-ao-flamengo-no-rio\/\"},\"author\":{\"name\":\"Reda\u00e7\u00e3o\",\"@id\":\"https:\/\/www.notibras.com\/site\/#\/schema\/person\/36ab0979449956132d3e5b517ea76ac8\"},\"headline\":\"Decis\u00e3o nos p\u00eanaltis d\u00e1 mais um t\u00edtulo ao Flamengo no Rio\",\"datePublished\":\"2026-03-09T03:00:09+00:00\",\"dateModified\":\"2026-03-09T12:52:00+00:00\",\"mainEntityOfPage\":{\"@id\":\"https:\/\/www.notibras.com\/site\/decisao-nos-penaltis-da-mais-um-titulo-ao-flamengo-no-rio\/\"},\"wordCount\":606,\"publisher\":{\"@id\":\"https:\/\/www.notibras.com\/site\/#organization\"},\"image\":{\"@id\":\"https:\/\/www.notibras.com\/site\/decisao-nos-penaltis-da-mais-um-titulo-ao-flamengo-no-rio\/#primaryimage\"},\"thumbnailUrl\":\"https:\/\/www.notibras.com\/site\/wp-content\/uploads\/2026\/03\/flamento_tricampeao_carioca_2026.jpg.webp\",\"articleSection\":[\"Leitura Vip\"],\"inLanguage\":\"pt-BR\"},{\"@type\":\"WebPage\",\"@id\":\"https:\/\/www.notibras.com\/site\/decisao-nos-penaltis-da-mais-um-titulo-ao-flamengo-no-rio\/\",\"url\":\"https:\/\/www.notibras.com\/site\/decisao-nos-penaltis-da-mais-um-titulo-ao-flamengo-no-rio\/\",\"name\":\"Decis\u00e3o nos p\u00eanaltis d\u00e1 mais um t\u00edtulo ao Flamengo no Rio - Notibras\",\"isPartOf\":{\"@id\":\"https:\/\/www.notibras.com\/site\/#website\"},\"primaryImageOfPage\":{\"@id\":\"https:\/\/www.notibras.com\/site\/decisao-nos-penaltis-da-mais-um-titulo-ao-flamengo-no-rio\/#primaryimage\"},\"image\":{\"@id\":\"https:\/\/www.notibras.com\/site\/decisao-nos-penaltis-da-mais-um-titulo-ao-flamengo-no-rio\/#primaryimage\"},\"thumbnailUrl\":\"https:\/\/www.notibras.com\/site\/wp-content\/uploads\/2026\/03\/flamento_tricampeao_carioca_2026.jpg.webp\",\"datePublished\":\"2026-03-09T03:00:09+00:00\",\"dateModified\":\"2026-03-09T12:52:00+00:00\",\"breadcrumb\":{\"@id\":\"https:\/\/www.notibras.com\/site\/decisao-nos-penaltis-da-mais-um-titulo-ao-flamengo-no-rio\/#breadcrumb\"},\"inLanguage\":\"pt-BR\",\"potentialAction\":[{\"@type\":\"ReadAction\",\"target\":[\"https:\/\/www.notibras.com\/site\/decisao-nos-penaltis-da-mais-um-titulo-ao-flamengo-no-rio\/\"]}]},{\"@type\":\"ImageObject\",\"inLanguage\":\"pt-BR\",\"@id\":\"https:\/\/www.notibras.com\/site\/decisao-nos-penaltis-da-mais-um-titulo-ao-flamengo-no-rio\/#primaryimage\",\"url\":\"https:\/\/www.notibras.com\/site\/wp-content\/uploads\/2026\/03\/flamento_tricampeao_carioca_2026.jpg.webp\",\"contentUrl\":\"https:\/\/www.notibras.com\/site\/wp-content\/uploads\/2026\/03\/flamento_tricampeao_carioca_2026.jpg.webp\",\"width\":1170,\"height\":700},{\"@type\":\"BreadcrumbList\",\"@id\":\"https:\/\/www.notibras.com\/site\/decisao-nos-penaltis-da-mais-um-titulo-ao-flamengo-no-rio\/#breadcrumb\",\"itemListElement\":[{\"@type\":\"ListItem\",\"position\":1,\"name\":\"In\u00edcio\",\"item\":\"https:\/\/www.notibras.com\/site\/\"},{\"@type\":\"ListItem\",\"position\":2,\"name\":\"Decis\u00e3o nos p\u00eanaltis d\u00e1 mais um t\u00edtulo ao Flamengo no Rio\"}]},{\"@type\":\"WebSite\",\"@id\":\"https:\/\/www.notibras.com\/site\/#website\",\"url\":\"https:\/\/www.notibras.com\/site\/\",\"name\":\"Notibras\",\"description\":\"Not\u00edcias de Bras\u00edlia, do Brasil e do Mundo\",\"publisher\":{\"@id\":\"https:\/\/www.notibras.com\/site\/#organization\"},\"potentialAction\":[{\"@type\":\"SearchAction\",\"target\":{\"@type\":\"EntryPoint\",\"urlTemplate\":\"https:\/\/www.notibras.com\/site\/?s={search_term_string}\"},\"query-input\":{\"@type\":\"PropertyValueSpecification\",\"valueRequired\":true,\"valueName\":\"search_term_string\"}}],\"inLanguage\":\"pt-BR\"},{\"@type\":\"Organization\",\"@id\":\"https:\/\/www.notibras.com\/site\/#organization\",\"name\":\"Grupo Notibras de Comunica\u00e7\u00e3o\",\"url\":\"https:\/\/www.notibras.com\/site\/\",\"logo\":{\"@type\":\"ImageObject\",\"inLanguage\":\"pt-BR\",\"@id\":\"https:\/\/www.notibras.com\/site\/#\/schema\/logo\/image\/\",\"url\":\"https:\/\/www.notibras.com\/site\/wp-content\/uploads\/2023\/01\/notibras23.png\",\"contentUrl\":\"https:\/\/www.notibras.com\/site\/wp-content\/uploads\/2023\/01\/notibras23.png\",\"width\":350,\"height\":87,\"caption\":\"Grupo Notibras de Comunica\u00e7\u00e3o\"},\"image\":{\"@id\":\"https:\/\/www.notibras.com\/site\/#\/schema\/logo\/image\/\"},\"sameAs\":[\"https:\/\/www.facebook.com\/notibras\/\",\"https:\/\/x.com\/Notibras\",\"https:\/\/www.instagram.com\/notibras\/\"]},{\"@type\":\"Person\",\"@id\":\"https:\/\/www.notibras.com\/site\/#\/schema\/person\/36ab0979449956132d3e5b517ea76ac8\",\"name\":\"Reda\u00e7\u00e3o\",\"image\":{\"@type\":\"ImageObject\",\"inLanguage\":\"pt-BR\",\"@id\":\"https:\/\/secure.gravatar.com\/avatar\/e0a867bdedb85fd243eadf09663511f96fc81e0720a4a42581f334ad4303aa6b?s=96&d=mm&r=g\",\"url\":\"https:\/\/secure.gravatar.com\/avatar\/e0a867bdedb85fd243eadf09663511f96fc81e0720a4a42581f334ad4303aa6b?s=96&d=mm&r=g\",\"contentUrl\":\"https:\/\/secure.gravatar.com\/avatar\/e0a867bdedb85fd243eadf09663511f96fc81e0720a4a42581f334ad4303aa6b?s=96&d=mm&r=g\",\"caption\":\"Reda\u00e7\u00e3o\"}}]}<\/script>\n<!-- \/ Yoast SEO plugin. -->","yoast_head_json":{"title":"Decis\u00e3o nos p\u00eanaltis d\u00e1 mais um t\u00edtulo ao Flamengo no Rio - Notibras","robots":{"index":"index","follow":"follow","max-snippet":"max-snippet:-1","max-image-preview":"max-image-preview:large","max-video-preview":"max-video-preview:-1"},"canonical":"https:\/\/www.notibras.com\/site\/decisao-nos-penaltis-da-mais-um-titulo-ao-flamengo-no-rio\/","og_locale":"pt_BR","og_type":"article","og_title":"Decis\u00e3o nos p\u00eanaltis d\u00e1 mais um t\u00edtulo ao Flamengo no Rio - Notibras","og_description":"O Flamengo levou a melhor sobre o Fluminense por 5 a 4 na cobran\u00e7a de p\u00eanaltis e conquistou pela terceira vez consecutiva o t\u00edtulo do Campeonato Carioca, na noite deste domingo (8), no Est\u00e1dio Jornalista M\u00e1rio Filho (Maracan\u00e3). Ap\u00f3s empate em 0 a 0 nos 90 minutos, brilhou a estrela do goleiro argentino August\u00edn Rossi, [&hellip;]","og_url":"https:\/\/www.notibras.com\/site\/decisao-nos-penaltis-da-mais-um-titulo-ao-flamengo-no-rio\/","og_site_name":"Notibras","article_publisher":"https:\/\/www.facebook.com\/notibras\/","article_published_time":"2026-03-09T03:00:09+00:00","article_modified_time":"2026-03-09T12:52:00+00:00","og_image":[{"width":1170,"height":700,"url":"https:\/\/www.notibras.com\/site\/wp-content\/uploads\/2026\/03\/flamento_tricampeao_carioca_2026.jpg.webp","type":"image\/webp"}],"author":"Reda\u00e7\u00e3o","twitter_card":"summary_large_image","twitter_creator":"@Notibras","twitter_site":"@Notibras","twitter_misc":{"Escrito por":"Reda\u00e7\u00e3o","Est. tempo de leitura":"4 minutos"},"schema":{"@context":"https:\/\/schema.org","@graph":[{"@type":"Article","@id":"https:\/\/www.notibras.com\/site\/decisao-nos-penaltis-da-mais-um-titulo-ao-flamengo-no-rio\/#article","isPartOf":{"@id":"https:\/\/www.notibras.com\/site\/decisao-nos-penaltis-da-mais-um-titulo-ao-flamengo-no-rio\/"},"author":{"name":"Reda\u00e7\u00e3o","@id":"https:\/\/www.notibras.com\/site\/#\/schema\/person\/36ab0979449956132d3e5b517ea76ac8"},"headline":"Decis\u00e3o nos p\u00eanaltis d\u00e1 mais um t\u00edtulo ao Flamengo no Rio","datePublished":"2026-03-09T03:00:09+00:00","dateModified":"2026-03-09T12:52:00+00:00","mainEntityOfPage":{"@id":"https:\/\/www.notibras.com\/site\/decisao-nos-penaltis-da-mais-um-titulo-ao-flamengo-no-rio\/"},"wordCount":606,"publisher":{"@id":"https:\/\/www.notibras.com\/site\/#organization"},"image":{"@id":"https:\/\/www.notibras.com\/site\/decisao-nos-penaltis-da-mais-um-titulo-ao-flamengo-no-rio\/#primaryimage"},"thumbnailUrl":"https:\/\/www.notibras.com\/site\/wp-content\/uploads\/2026\/03\/flamento_tricampeao_carioca_2026.jpg.webp","articleSection":["Leitura Vip"],"inLanguage":"pt-BR"},{"@type":"WebPage","@id":"https:\/\/www.notibras.com\/site\/decisao-nos-penaltis-da-mais-um-titulo-ao-flamengo-no-rio\/","url":"https:\/\/www.notibras.com\/site\/decisao-nos-penaltis-da-mais-um-titulo-ao-flamengo-no-rio\/","name":"Decis\u00e3o nos p\u00eanaltis d\u00e1 mais um t\u00edtulo ao Flamengo no Rio - Notibras","isPartOf":{"@id":"https:\/\/www.notibras.com\/site\/#website"},"primaryImageOfPage":{"@id":"https:\/\/www.notibras.com\/site\/decisao-nos-penaltis-da-mais-um-titulo-ao-flamengo-no-rio\/#primaryimage"},"image":{"@id":"https:\/\/www.notibras.com\/site\/decisao-nos-penaltis-da-mais-um-titulo-ao-flamengo-no-rio\/#primaryimage"},"thumbnailUrl":"https:\/\/www.notibras.com\/site\/wp-content\/uploads\/2026\/03\/flamento_tricampeao_carioca_2026.jpg.webp","datePublished":"2026-03-09T03:00:09+00:00","dateModified":"2026-03-09T12:52:00+00:00","breadcrumb":{"@id":"https:\/\/www.notibras.com\/site\/decisao-nos-penaltis-da-mais-um-titulo-ao-flamengo-no-rio\/#breadcrumb"},"inLanguage":"pt-BR","potentialAction":[{"@type":"ReadAction","target":["https:\/\/www.notibras.com\/site\/decisao-nos-penaltis-da-mais-um-titulo-ao-flamengo-no-rio\/"]}]},{"@type":"ImageObject","inLanguage":"pt-BR","@id":"https:\/\/www.notibras.com\/site\/decisao-nos-penaltis-da-mais-um-titulo-ao-flamengo-no-rio\/#primaryimage","url":"https:\/\/www.notibras.com\/site\/wp-content\/uploads\/2026\/03\/flamento_tricampeao_carioca_2026.jpg.webp","contentUrl":"https:\/\/www.notibras.com\/site\/wp-content\/uploads\/2026\/03\/flamento_tricampeao_carioca_2026.jpg.webp","width":1170,"height":700},{"@type":"BreadcrumbList","@id":"https:\/\/www.notibras.com\/site\/decisao-nos-penaltis-da-mais-um-titulo-ao-flamengo-no-rio\/#breadcrumb","itemListElement":[{"@type":"ListItem","position":1,"name":"In\u00edcio","item":"https:\/\/www.notibras.com\/site\/"},{"@type":"ListItem","position":2,"name":"Decis\u00e3o nos p\u00eanaltis d\u00e1 mais um t\u00edtulo ao Flamengo no Rio"}]},{"@type":"WebSite","@id":"https:\/\/www.notibras.com\/site\/#website","url":"https:\/\/www.notibras.com\/site\/","name":"Notibras","description":"Not\u00edcias de Bras\u00edlia, do Brasil e do Mundo","publisher":{"@id":"https:\/\/www.notibras.com\/site\/#organization"},"potentialAction":[{"@type":"SearchAction","target":{"@type":"EntryPoint","urlTemplate":"https:\/\/www.notibras.com\/site\/?s={search_term_string}"},"query-input":{"@type":"PropertyValueSpecification","valueRequired":true,"valueName":"search_term_string"}}],"inLanguage":"pt-BR"},{"@type":"Organization","@id":"https:\/\/www.notibras.com\/site\/#organization","name":"Grupo Notibras de Comunica\u00e7\u00e3o","url":"https:\/\/www.notibras.com\/site\/","logo":{"@type":"ImageObject","inLanguage":"pt-BR","@id":"https:\/\/www.notibras.com\/site\/#\/schema\/logo\/image\/","url":"https:\/\/www.notibras.com\/site\/wp-content\/uploads\/2023\/01\/notibras23.png","contentUrl":"https:\/\/www.notibras.com\/site\/wp-content\/uploads\/2023\/01\/notibras23.png","width":350,"height":87,"caption":"Grupo Notibras de Comunica\u00e7\u00e3o"},"image":{"@id":"https:\/\/www.notibras.com\/site\/#\/schema\/logo\/image\/"},"sameAs":["https:\/\/www.facebook.com\/notibras\/","https:\/\/x.com\/Notibras","https:\/\/www.instagram.com\/notibras\/"]},{"@type":"Person","@id":"https:\/\/www.notibras.com\/site\/#\/schema\/person\/36ab0979449956132d3e5b517ea76ac8","name":"Reda\u00e7\u00e3o","image":{"@type":"ImageObject","inLanguage":"pt-BR","@id":"https:\/\/secure.gravatar.com\/avatar\/e0a867bdedb85fd243eadf09663511f96fc81e0720a4a42581f334ad4303aa6b?s=96&d=mm&r=g","url":"https:\/\/secure.gravatar.com\/avatar\/e0a867bdedb85fd243eadf09663511f96fc81e0720a4a42581f334ad4303aa6b?s=96&d=mm&r=g","contentUrl":"https:\/\/secure.gravatar.com\/avatar\/e0a867bdedb85fd243eadf09663511f96fc81e0720a4a42581f334ad4303aa6b?s=96&d=mm&r=g","caption":"Reda\u00e7\u00e3o"}}]}},"amp_enabled":true,"_links":{"self":[{"href":"https:\/\/www.notibras.com\/site\/wp-json\/wp\/v2\/posts\/386274","targetHints":{"allow":["GET"]}}],"collection":[{"href":"https:\/\/www.notibras.com\/site\/wp-json\/wp\/v2\/posts"}],"about":[{"href":"https:\/\/www.notibras.com\/site\/wp-json\/wp\/v2\/types\/post"}],"author":[{"embeddable":true,"href":"https:\/\/www.notibras.com\/site\/wp-json\/wp\/v2\/users\/2"}],"replies":[{"embeddable":true,"href":"https:\/\/www.notibras.com\/site\/wp-json\/wp\/v2\/comments?post=386274"}],"version-history":[{"count":1,"href":"https:\/\/www.notibras.com\/site\/wp-json\/wp\/v2\/posts\/386274\/revisions"}],"predecessor-version":[{"id":386277,"href":"https:\/\/www.notibras.com\/site\/wp-json\/wp\/v2\/posts\/386274\/revisions\/386277"}],"wp:featuredmedia":[{"embeddable":true,"href":"https:\/\/www.notibras.com\/site\/wp-json\/wp\/v2\/media\/386276"}],"wp:attachment":[{"href":"https:\/\/www.notibras.com\/site\/wp-json\/wp\/v2\/media?parent=386274"}],"wp:term":[{"taxonomy":"category","embeddable":true,"href":"https:\/\/www.notibras.com\/site\/wp-json\/wp\/v2\/categories?post=386274"},{"taxonomy":"post_tag","embeddable":true,"href":"https:\/\/www.notibras.com\/site\/wp-json\/wp\/v2\/tags?post=386274"}],"curies":[{"name":"wp","href":"https:\/\/api.w.org\/{rel}","templated":true}]}}