{"id":386278,"date":"2026-03-09T11:05:17","date_gmt":"2026-03-09T14:05:17","guid":{"rendered":"https:\/\/www.notibras.com\/site\/?p=386278"},"modified":"2026-03-09T11:06:24","modified_gmt":"2026-03-09T14:06:24","slug":"sao-lourenco-da-mata-guarda-historia-colonial-e-compromisso-com-o-futuro","status":"publish","type":"post","link":"https:\/\/www.notibras.com\/site\/sao-lourenco-da-mata-guarda-historia-colonial-e-compromisso-com-o-futuro\/","title":{"rendered":"S\u00e3o Louren\u00e7o da Mata guarda hist\u00f3ria colonial e compromisso com o futuro"},"content":{"rendered":"<p>No cora\u00e7\u00e3o da Regi\u00e3o Metropolitana do Recife existe um lugar onde o verde da natureza se encontra com p\u00e1ginas antigas da hist\u00f3ria pernambucana. S\u00e3o Louren\u00e7o da Mata \u00e9 uma cidade que mistura tranquilidade interiorana, mem\u00f3ria colonial e paisagens que lembram a for\u00e7a da Mata Atl\u00e2ntica que ainda resiste no Nordeste.<\/p>\n<p>Quem chega por essas bandas percebe logo que o tempo parece caminhar num compasso diferente. O ar \u00e9 mais fresco, o verde das \u00e1rvores abra\u00e7a as estradas e o velho Rio Capibaribe segue seu curso como testemunha silenciosa de s\u00e9culos de hist\u00f3ria.<\/p>\n<p>S\u00e3o Louren\u00e7o da Mata nasceu ainda no per\u00edodo colonial, quando engenhos de a\u00e7\u00facar come\u00e7aram a se espalhar pelas terras f\u00e9rteis da Zona da Mata. A regi\u00e3o prosperou com o cultivo da cana-de-a\u00e7\u00facar, atividade que moldou a economia, a cultura e at\u00e9 o modo de viver do povo.<\/p>\n<p>Entre antigas igrejas, casar\u00f5es e engenhos que marcaram \u00e9poca, a cidade guarda mem\u00f3rias de um Brasil que estava sendo constru\u00eddo. Cada rua do centro hist\u00f3rico parece contar hist\u00f3rias de senhores de engenho, trabalhadores do campo e fam\u00edlias que ajudaram a formar a identidade local.<\/p>\n<p>Mas S\u00e3o Louren\u00e7o da Mata n\u00e3o \u00e9 s\u00f3 passado. A natureza continua sendo uma das maiores riquezas da regi\u00e3o. A presen\u00e7a da Mata Atl\u00e2ntica, com seus tons de verde intenso, cria um cen\u00e1rio encantador para quem aprecia paisagens naturais e tranquilidade.<\/p>\n<p>\u00c9 comum ver morros cobertos de vegeta\u00e7\u00e3o, riachos escondidos entre \u00e1rvores e o Capibaribe serpenteando pelo territ\u00f3rio. Esse encontro entre \u00e1gua, mata e terra f\u00e9rtil d\u00e1 \u00e0 cidade um clima acolhedor, t\u00edpico da Zona da Mata pernambucana.<\/p>\n<p>Nos \u00faltimos anos, a cidade ganhou destaque nacional com a constru\u00e7\u00e3o da Arena Pernambuco, est\u00e1dio que colocou S\u00e3o Louren\u00e7o da Mata no mapa de grandes eventos esportivos e culturais. O espa\u00e7o trouxe desenvolvimento, infraestrutura e mais visibilidade para a regi\u00e3o.<\/p>\n<p>Assim, o munic\u00edpio vive um interessante encontro entre passado e futuro: de um lado, engenhos e tradi\u00e7\u00f5es; do outro, grandes obras e novos caminhos para o crescimento.<\/p>\n<p>Visitar S\u00e3o Louren\u00e7o da Mata \u00e9 fazer uma viagem que mistura hist\u00f3ria, natureza e cultura nordestina. \u00c9 caminhar por um territ\u00f3rio onde o verde ainda domina a paisagem e onde o passado colonial continua vivo nas mem\u00f3rias do povo.<\/p>\n<p>No fim das contas, a cidade ensina uma li\u00e7\u00e3o simples e bonita: entre rios, matas e hist\u00f3rias antigas, o Nordeste segue mostrando que suas ra\u00edzes s\u00e3o t\u00e3o profundas quanto as \u00e1rvores que ainda guardam suas terras.<\/p>\n","protected":false},"excerpt":{"rendered":"<p>No cora\u00e7\u00e3o da Regi\u00e3o Metropolitana do Recife existe um lugar onde o verde da natureza se encontra com p\u00e1ginas antigas da hist\u00f3ria pernambucana. S\u00e3o Louren\u00e7o da Mata \u00e9 uma cidade que mistura tranquilidade interiorana, mem\u00f3ria colonial e paisagens que lembram a for\u00e7a da Mata Atl\u00e2ntica que ainda resiste no Nordeste. Quem chega por essas bandas [&hellip;]<\/p>\n","protected":false},"author":2,"featured_media":386279,"comment_status":"closed","ping_status":"closed","sticky":false,"template":"","format":"standard","meta":{"_acf_changed":false,"footnotes":""},"categories":[165],"tags":[],"class_list":["post-386278","post","type-post","status-publish","format-standard","has-post-thumbnail","hentry","category-nordeste"],"acf":[],"yoast_head":"<!-- This site is optimized with the Yoast SEO plugin v27.2 - https:\/\/yoast.com\/product\/yoast-seo-wordpress\/ -->\n<title>S\u00e3o Louren\u00e7o da Mata guarda hist\u00f3ria colonial e compromisso com o futuro - Notibras<\/title>\n<meta name=\"robots\" content=\"index, follow, max-snippet:-1, max-image-preview:large, max-video-preview:-1\" \/>\n<link rel=\"canonical\" href=\"https:\/\/www.notibras.com\/site\/sao-lourenco-da-mata-guarda-historia-colonial-e-compromisso-com-o-futuro\/\" \/>\n<meta property=\"og:locale\" content=\"pt_BR\" \/>\n<meta property=\"og:type\" content=\"article\" \/>\n<meta property=\"og:title\" content=\"S\u00e3o Louren\u00e7o da Mata guarda hist\u00f3ria colonial e compromisso com o futuro - Notibras\" \/>\n<meta property=\"og:description\" content=\"No cora\u00e7\u00e3o da Regi\u00e3o Metropolitana do Recife existe um lugar onde o verde da natureza se encontra com p\u00e1ginas antigas da hist\u00f3ria pernambucana. S\u00e3o Louren\u00e7o da Mata \u00e9 uma cidade que mistura tranquilidade interiorana, mem\u00f3ria colonial e paisagens que lembram a for\u00e7a da Mata Atl\u00e2ntica que ainda resiste no Nordeste. Quem chega por essas bandas [&hellip;]\" \/>\n<meta property=\"og:url\" content=\"https:\/\/www.notibras.com\/site\/sao-lourenco-da-mata-guarda-historia-colonial-e-compromisso-com-o-futuro\/\" \/>\n<meta property=\"og:site_name\" content=\"Notibras\" \/>\n<meta property=\"article:publisher\" content=\"https:\/\/www.facebook.com\/notibras\/\" \/>\n<meta property=\"article:published_time\" content=\"2026-03-09T14:05:17+00:00\" \/>\n<meta property=\"article:modified_time\" content=\"2026-03-09T14:06:24+00:00\" \/>\n<meta property=\"og:image\" content=\"https:\/\/www.notibras.com\/site\/wp-content\/uploads\/2026\/03\/659bca04-7f06-459e-8df9-cde7623c44d5.jpg\" \/>\n\t<meta property=\"og:image:width\" content=\"1500\" \/>\n\t<meta property=\"og:image:height\" content=\"1000\" \/>\n\t<meta property=\"og:image:type\" content=\"image\/jpeg\" \/>\n<meta name=\"author\" content=\"Reda\u00e7\u00e3o\" \/>\n<meta name=\"twitter:card\" content=\"summary_large_image\" \/>\n<meta name=\"twitter:creator\" content=\"@Notibras\" \/>\n<meta name=\"twitter:site\" content=\"@Notibras\" \/>\n<meta name=\"twitter:label1\" content=\"Escrito por\" \/>\n\t<meta name=\"twitter:data1\" content=\"Reda\u00e7\u00e3o\" \/>\n\t<meta name=\"twitter:label2\" content=\"Est. tempo de leitura\" \/>\n\t<meta name=\"twitter:data2\" content=\"3 minutos\" \/>\n<script type=\"application\/ld+json\" class=\"yoast-schema-graph\">{\"@context\":\"https:\/\/schema.org\",\"@graph\":[{\"@type\":\"Article\",\"@id\":\"https:\/\/www.notibras.com\/site\/sao-lourenco-da-mata-guarda-historia-colonial-e-compromisso-com-o-futuro\/#article\",\"isPartOf\":{\"@id\":\"https:\/\/www.notibras.com\/site\/sao-lourenco-da-mata-guarda-historia-colonial-e-compromisso-com-o-futuro\/\"},\"author\":{\"name\":\"Reda\u00e7\u00e3o\",\"@id\":\"https:\/\/www.notibras.com\/site\/#\/schema\/person\/36ab0979449956132d3e5b517ea76ac8\"},\"headline\":\"S\u00e3o Louren\u00e7o da Mata guarda hist\u00f3ria colonial e compromisso com o futuro\",\"datePublished\":\"2026-03-09T14:05:17+00:00\",\"dateModified\":\"2026-03-09T14:06:24+00:00\",\"mainEntityOfPage\":{\"@id\":\"https:\/\/www.notibras.com\/site\/sao-lourenco-da-mata-guarda-historia-colonial-e-compromisso-com-o-futuro\/\"},\"wordCount\":466,\"publisher\":{\"@id\":\"https:\/\/www.notibras.com\/site\/#organization\"},\"image\":{\"@id\":\"https:\/\/www.notibras.com\/site\/sao-lourenco-da-mata-guarda-historia-colonial-e-compromisso-com-o-futuro\/#primaryimage\"},\"thumbnailUrl\":\"https:\/\/www.notibras.com\/site\/wp-content\/uploads\/2026\/03\/659bca04-7f06-459e-8df9-cde7623c44d5.jpg\",\"articleSection\":[\"Nordeste\"],\"inLanguage\":\"pt-BR\"},{\"@type\":\"WebPage\",\"@id\":\"https:\/\/www.notibras.com\/site\/sao-lourenco-da-mata-guarda-historia-colonial-e-compromisso-com-o-futuro\/\",\"url\":\"https:\/\/www.notibras.com\/site\/sao-lourenco-da-mata-guarda-historia-colonial-e-compromisso-com-o-futuro\/\",\"name\":\"S\u00e3o Louren\u00e7o da Mata guarda hist\u00f3ria colonial e compromisso com o futuro - Notibras\",\"isPartOf\":{\"@id\":\"https:\/\/www.notibras.com\/site\/#website\"},\"primaryImageOfPage\":{\"@id\":\"https:\/\/www.notibras.com\/site\/sao-lourenco-da-mata-guarda-historia-colonial-e-compromisso-com-o-futuro\/#primaryimage\"},\"image\":{\"@id\":\"https:\/\/www.notibras.com\/site\/sao-lourenco-da-mata-guarda-historia-colonial-e-compromisso-com-o-futuro\/#primaryimage\"},\"thumbnailUrl\":\"https:\/\/www.notibras.com\/site\/wp-content\/uploads\/2026\/03\/659bca04-7f06-459e-8df9-cde7623c44d5.jpg\",\"datePublished\":\"2026-03-09T14:05:17+00:00\",\"dateModified\":\"2026-03-09T14:06:24+00:00\",\"breadcrumb\":{\"@id\":\"https:\/\/www.notibras.com\/site\/sao-lourenco-da-mata-guarda-historia-colonial-e-compromisso-com-o-futuro\/#breadcrumb\"},\"inLanguage\":\"pt-BR\",\"potentialAction\":[{\"@type\":\"ReadAction\",\"target\":[\"https:\/\/www.notibras.com\/site\/sao-lourenco-da-mata-guarda-historia-colonial-e-compromisso-com-o-futuro\/\"]}]},{\"@type\":\"ImageObject\",\"inLanguage\":\"pt-BR\",\"@id\":\"https:\/\/www.notibras.com\/site\/sao-lourenco-da-mata-guarda-historia-colonial-e-compromisso-com-o-futuro\/#primaryimage\",\"url\":\"https:\/\/www.notibras.com\/site\/wp-content\/uploads\/2026\/03\/659bca04-7f06-459e-8df9-cde7623c44d5.jpg\",\"contentUrl\":\"https:\/\/www.notibras.com\/site\/wp-content\/uploads\/2026\/03\/659bca04-7f06-459e-8df9-cde7623c44d5.jpg\",\"width\":1500,\"height\":1000},{\"@type\":\"BreadcrumbList\",\"@id\":\"https:\/\/www.notibras.com\/site\/sao-lourenco-da-mata-guarda-historia-colonial-e-compromisso-com-o-futuro\/#breadcrumb\",\"itemListElement\":[{\"@type\":\"ListItem\",\"position\":1,\"name\":\"In\u00edcio\",\"item\":\"https:\/\/www.notibras.com\/site\/\"},{\"@type\":\"ListItem\",\"position\":2,\"name\":\"S\u00e3o Louren\u00e7o da Mata guarda hist\u00f3ria colonial e compromisso com o futuro\"}]},{\"@type\":\"WebSite\",\"@id\":\"https:\/\/www.notibras.com\/site\/#website\",\"url\":\"https:\/\/www.notibras.com\/site\/\",\"name\":\"Notibras\",\"description\":\"Not\u00edcias de Bras\u00edlia, do Brasil e do Mundo\",\"publisher\":{\"@id\":\"https:\/\/www.notibras.com\/site\/#organization\"},\"potentialAction\":[{\"@type\":\"SearchAction\",\"target\":{\"@type\":\"EntryPoint\",\"urlTemplate\":\"https:\/\/www.notibras.com\/site\/?s={search_term_string}\"},\"query-input\":{\"@type\":\"PropertyValueSpecification\",\"valueRequired\":true,\"valueName\":\"search_term_string\"}}],\"inLanguage\":\"pt-BR\"},{\"@type\":\"Organization\",\"@id\":\"https:\/\/www.notibras.com\/site\/#organization\",\"name\":\"Grupo Notibras de Comunica\u00e7\u00e3o\",\"url\":\"https:\/\/www.notibras.com\/site\/\",\"logo\":{\"@type\":\"ImageObject\",\"inLanguage\":\"pt-BR\",\"@id\":\"https:\/\/www.notibras.com\/site\/#\/schema\/logo\/image\/\",\"url\":\"https:\/\/www.notibras.com\/site\/wp-content\/uploads\/2023\/01\/notibras23.png\",\"contentUrl\":\"https:\/\/www.notibras.com\/site\/wp-content\/uploads\/2023\/01\/notibras23.png\",\"width\":350,\"height\":87,\"caption\":\"Grupo Notibras de Comunica\u00e7\u00e3o\"},\"image\":{\"@id\":\"https:\/\/www.notibras.com\/site\/#\/schema\/logo\/image\/\"},\"sameAs\":[\"https:\/\/www.facebook.com\/notibras\/\",\"https:\/\/x.com\/Notibras\",\"https:\/\/www.instagram.com\/notibras\/\"]},{\"@type\":\"Person\",\"@id\":\"https:\/\/www.notibras.com\/site\/#\/schema\/person\/36ab0979449956132d3e5b517ea76ac8\",\"name\":\"Reda\u00e7\u00e3o\",\"image\":{\"@type\":\"ImageObject\",\"inLanguage\":\"pt-BR\",\"@id\":\"https:\/\/secure.gravatar.com\/avatar\/e0a867bdedb85fd243eadf09663511f96fc81e0720a4a42581f334ad4303aa6b?s=96&d=mm&r=g\",\"url\":\"https:\/\/secure.gravatar.com\/avatar\/e0a867bdedb85fd243eadf09663511f96fc81e0720a4a42581f334ad4303aa6b?s=96&d=mm&r=g\",\"contentUrl\":\"https:\/\/secure.gravatar.com\/avatar\/e0a867bdedb85fd243eadf09663511f96fc81e0720a4a42581f334ad4303aa6b?s=96&d=mm&r=g\",\"caption\":\"Reda\u00e7\u00e3o\"}}]}<\/script>\n<!-- \/ Yoast SEO plugin. -->","yoast_head_json":{"title":"S\u00e3o Louren\u00e7o da Mata guarda hist\u00f3ria colonial e compromisso com o futuro - Notibras","robots":{"index":"index","follow":"follow","max-snippet":"max-snippet:-1","max-image-preview":"max-image-preview:large","max-video-preview":"max-video-preview:-1"},"canonical":"https:\/\/www.notibras.com\/site\/sao-lourenco-da-mata-guarda-historia-colonial-e-compromisso-com-o-futuro\/","og_locale":"pt_BR","og_type":"article","og_title":"S\u00e3o Louren\u00e7o da Mata guarda hist\u00f3ria colonial e compromisso com o futuro - Notibras","og_description":"No cora\u00e7\u00e3o da Regi\u00e3o Metropolitana do Recife existe um lugar onde o verde da natureza se encontra com p\u00e1ginas antigas da hist\u00f3ria pernambucana. S\u00e3o Louren\u00e7o da Mata \u00e9 uma cidade que mistura tranquilidade interiorana, mem\u00f3ria colonial e paisagens que lembram a for\u00e7a da Mata Atl\u00e2ntica que ainda resiste no Nordeste. Quem chega por essas bandas [&hellip;]","og_url":"https:\/\/www.notibras.com\/site\/sao-lourenco-da-mata-guarda-historia-colonial-e-compromisso-com-o-futuro\/","og_site_name":"Notibras","article_publisher":"https:\/\/www.facebook.com\/notibras\/","article_published_time":"2026-03-09T14:05:17+00:00","article_modified_time":"2026-03-09T14:06:24+00:00","og_image":[{"width":1500,"height":1000,"url":"https:\/\/www.notibras.com\/site\/wp-content\/uploads\/2026\/03\/659bca04-7f06-459e-8df9-cde7623c44d5.jpg","type":"image\/jpeg"}],"author":"Reda\u00e7\u00e3o","twitter_card":"summary_large_image","twitter_creator":"@Notibras","twitter_site":"@Notibras","twitter_misc":{"Escrito por":"Reda\u00e7\u00e3o","Est. tempo de leitura":"3 minutos"},"schema":{"@context":"https:\/\/schema.org","@graph":[{"@type":"Article","@id":"https:\/\/www.notibras.com\/site\/sao-lourenco-da-mata-guarda-historia-colonial-e-compromisso-com-o-futuro\/#article","isPartOf":{"@id":"https:\/\/www.notibras.com\/site\/sao-lourenco-da-mata-guarda-historia-colonial-e-compromisso-com-o-futuro\/"},"author":{"name":"Reda\u00e7\u00e3o","@id":"https:\/\/www.notibras.com\/site\/#\/schema\/person\/36ab0979449956132d3e5b517ea76ac8"},"headline":"S\u00e3o Louren\u00e7o da Mata guarda hist\u00f3ria colonial e compromisso com o futuro","datePublished":"2026-03-09T14:05:17+00:00","dateModified":"2026-03-09T14:06:24+00:00","mainEntityOfPage":{"@id":"https:\/\/www.notibras.com\/site\/sao-lourenco-da-mata-guarda-historia-colonial-e-compromisso-com-o-futuro\/"},"wordCount":466,"publisher":{"@id":"https:\/\/www.notibras.com\/site\/#organization"},"image":{"@id":"https:\/\/www.notibras.com\/site\/sao-lourenco-da-mata-guarda-historia-colonial-e-compromisso-com-o-futuro\/#primaryimage"},"thumbnailUrl":"https:\/\/www.notibras.com\/site\/wp-content\/uploads\/2026\/03\/659bca04-7f06-459e-8df9-cde7623c44d5.jpg","articleSection":["Nordeste"],"inLanguage":"pt-BR"},{"@type":"WebPage","@id":"https:\/\/www.notibras.com\/site\/sao-lourenco-da-mata-guarda-historia-colonial-e-compromisso-com-o-futuro\/","url":"https:\/\/www.notibras.com\/site\/sao-lourenco-da-mata-guarda-historia-colonial-e-compromisso-com-o-futuro\/","name":"S\u00e3o Louren\u00e7o da Mata guarda hist\u00f3ria colonial e compromisso com o futuro - Notibras","isPartOf":{"@id":"https:\/\/www.notibras.com\/site\/#website"},"primaryImageOfPage":{"@id":"https:\/\/www.notibras.com\/site\/sao-lourenco-da-mata-guarda-historia-colonial-e-compromisso-com-o-futuro\/#primaryimage"},"image":{"@id":"https:\/\/www.notibras.com\/site\/sao-lourenco-da-mata-guarda-historia-colonial-e-compromisso-com-o-futuro\/#primaryimage"},"thumbnailUrl":"https:\/\/www.notibras.com\/site\/wp-content\/uploads\/2026\/03\/659bca04-7f06-459e-8df9-cde7623c44d5.jpg","datePublished":"2026-03-09T14:05:17+00:00","dateModified":"2026-03-09T14:06:24+00:00","breadcrumb":{"@id":"https:\/\/www.notibras.com\/site\/sao-lourenco-da-mata-guarda-historia-colonial-e-compromisso-com-o-futuro\/#breadcrumb"},"inLanguage":"pt-BR","potentialAction":[{"@type":"ReadAction","target":["https:\/\/www.notibras.com\/site\/sao-lourenco-da-mata-guarda-historia-colonial-e-compromisso-com-o-futuro\/"]}]},{"@type":"ImageObject","inLanguage":"pt-BR","@id":"https:\/\/www.notibras.com\/site\/sao-lourenco-da-mata-guarda-historia-colonial-e-compromisso-com-o-futuro\/#primaryimage","url":"https:\/\/www.notibras.com\/site\/wp-content\/uploads\/2026\/03\/659bca04-7f06-459e-8df9-cde7623c44d5.jpg","contentUrl":"https:\/\/www.notibras.com\/site\/wp-content\/uploads\/2026\/03\/659bca04-7f06-459e-8df9-cde7623c44d5.jpg","width":1500,"height":1000},{"@type":"BreadcrumbList","@id":"https:\/\/www.notibras.com\/site\/sao-lourenco-da-mata-guarda-historia-colonial-e-compromisso-com-o-futuro\/#breadcrumb","itemListElement":[{"@type":"ListItem","position":1,"name":"In\u00edcio","item":"https:\/\/www.notibras.com\/site\/"},{"@type":"ListItem","position":2,"name":"S\u00e3o Louren\u00e7o da Mata guarda hist\u00f3ria colonial e compromisso com o futuro"}]},{"@type":"WebSite","@id":"https:\/\/www.notibras.com\/site\/#website","url":"https:\/\/www.notibras.com\/site\/","name":"Notibras","description":"Not\u00edcias de Bras\u00edlia, do Brasil e do Mundo","publisher":{"@id":"https:\/\/www.notibras.com\/site\/#organization"},"potentialAction":[{"@type":"SearchAction","target":{"@type":"EntryPoint","urlTemplate":"https:\/\/www.notibras.com\/site\/?s={search_term_string}"},"query-input":{"@type":"PropertyValueSpecification","valueRequired":true,"valueName":"search_term_string"}}],"inLanguage":"pt-BR"},{"@type":"Organization","@id":"https:\/\/www.notibras.com\/site\/#organization","name":"Grupo Notibras de Comunica\u00e7\u00e3o","url":"https:\/\/www.notibras.com\/site\/","logo":{"@type":"ImageObject","inLanguage":"pt-BR","@id":"https:\/\/www.notibras.com\/site\/#\/schema\/logo\/image\/","url":"https:\/\/www.notibras.com\/site\/wp-content\/uploads\/2023\/01\/notibras23.png","contentUrl":"https:\/\/www.notibras.com\/site\/wp-content\/uploads\/2023\/01\/notibras23.png","width":350,"height":87,"caption":"Grupo Notibras de Comunica\u00e7\u00e3o"},"image":{"@id":"https:\/\/www.notibras.com\/site\/#\/schema\/logo\/image\/"},"sameAs":["https:\/\/www.facebook.com\/notibras\/","https:\/\/x.com\/Notibras","https:\/\/www.instagram.com\/notibras\/"]},{"@type":"Person","@id":"https:\/\/www.notibras.com\/site\/#\/schema\/person\/36ab0979449956132d3e5b517ea76ac8","name":"Reda\u00e7\u00e3o","image":{"@type":"ImageObject","inLanguage":"pt-BR","@id":"https:\/\/secure.gravatar.com\/avatar\/e0a867bdedb85fd243eadf09663511f96fc81e0720a4a42581f334ad4303aa6b?s=96&d=mm&r=g","url":"https:\/\/secure.gravatar.com\/avatar\/e0a867bdedb85fd243eadf09663511f96fc81e0720a4a42581f334ad4303aa6b?s=96&d=mm&r=g","contentUrl":"https:\/\/secure.gravatar.com\/avatar\/e0a867bdedb85fd243eadf09663511f96fc81e0720a4a42581f334ad4303aa6b?s=96&d=mm&r=g","caption":"Reda\u00e7\u00e3o"}}]}},"amp_enabled":true,"_links":{"self":[{"href":"https:\/\/www.notibras.com\/site\/wp-json\/wp\/v2\/posts\/386278","targetHints":{"allow":["GET"]}}],"collection":[{"href":"https:\/\/www.notibras.com\/site\/wp-json\/wp\/v2\/posts"}],"about":[{"href":"https:\/\/www.notibras.com\/site\/wp-json\/wp\/v2\/types\/post"}],"author":[{"embeddable":true,"href":"https:\/\/www.notibras.com\/site\/wp-json\/wp\/v2\/users\/2"}],"replies":[{"embeddable":true,"href":"https:\/\/www.notibras.com\/site\/wp-json\/wp\/v2\/comments?post=386278"}],"version-history":[{"count":2,"href":"https:\/\/www.notibras.com\/site\/wp-json\/wp\/v2\/posts\/386278\/revisions"}],"predecessor-version":[{"id":386281,"href":"https:\/\/www.notibras.com\/site\/wp-json\/wp\/v2\/posts\/386278\/revisions\/386281"}],"wp:featuredmedia":[{"embeddable":true,"href":"https:\/\/www.notibras.com\/site\/wp-json\/wp\/v2\/media\/386279"}],"wp:attachment":[{"href":"https:\/\/www.notibras.com\/site\/wp-json\/wp\/v2\/media?parent=386278"}],"wp:term":[{"taxonomy":"category","embeddable":true,"href":"https:\/\/www.notibras.com\/site\/wp-json\/wp\/v2\/categories?post=386278"},{"taxonomy":"post_tag","embeddable":true,"href":"https:\/\/www.notibras.com\/site\/wp-json\/wp\/v2\/tags?post=386278"}],"curies":[{"name":"wp","href":"https:\/\/api.w.org\/{rel}","templated":true}]}}