{"id":386282,"date":"2026-03-09T11:18:32","date_gmt":"2026-03-09T14:18:32","guid":{"rendered":"https:\/\/www.notibras.com\/site\/?p=386282"},"modified":"2026-03-09T11:21:03","modified_gmt":"2026-03-09T14:21:03","slug":"americanos-atacam-e-o-ira-vira-chantagista","status":"publish","type":"post","link":"https:\/\/www.notibras.com\/site\/americanos-atacam-e-o-ira-vira-chantagista\/","title":{"rendered":"Americanos atacam&#8230; e o Ir\u00e3 vira &#8216;chantagista&#8217;"},"content":{"rendered":"<p>O secret\u00e1rio de Estado dos Estados Unidos, Marco Rubio, acusou o Ir\u00e3 de tentar &#8220;fazer o mundo ref\u00e9m&#8221; com seus ataques contra os pa\u00edses do Golfo e ao bloquear o Estreito de Ormuz, referindo-se a Teer\u00e3 como um &#8220;regime terrorista&#8221;.<\/p>\n<p>&#8220;Acho que todos n\u00f3s estamos percebendo a amea\u00e7a que esse regime clerical representa para a regi\u00e3o e para o mundo. Eles est\u00e3o tentando manter o mundo como ref\u00e9m &#8220;, disse.<\/p>\n<p>Em uma cerim\u00f4nia no Departamento de Estado, Rubio enfatizou, ao mesmo tempo em que afirmava que os Estados Unidos estavam atingindo seus objetivos na guerra contra o Ir\u00e3, que o regime dos aiatol\u00e1s promovem &#8216;chantagem contra o mundo livre&#8217;.<\/p>\n<p>No Ir\u00e3, um porta-voz dos cl\u00e9rigos lembrou que foram as for\u00e7as dos Estados Unidos e de Israel que atacaram a rep\u00fablica isl\u00e2mica, em meio a negocia\u00e7\u00f5es sobre produ\u00e7\u00e3o de energia nuclear para fins civis.<\/p>\n<p>&#8220;Somos o alvo; eles, terroristas, querem ser os imperadores do mundo, mas n\u00e3o far\u00e3o o Ir\u00e3 se curvar&#8221;, disse um oficial de alta patente da Guarda Revolucion\u00e1ria iraniana.<\/p>\n","protected":false},"excerpt":{"rendered":"<p>O secret\u00e1rio de Estado dos Estados Unidos, Marco Rubio, acusou o Ir\u00e3 de tentar &#8220;fazer o mundo ref\u00e9m&#8221; com seus ataques contra os pa\u00edses do Golfo e ao bloquear o Estreito de Ormuz, referindo-se a Teer\u00e3 como um &#8220;regime terrorista&#8221;. &#8220;Acho que todos n\u00f3s estamos percebendo a amea\u00e7a que esse regime clerical representa para a [&hellip;]<\/p>\n","protected":false},"author":2,"featured_media":386283,"comment_status":"closed","ping_status":"closed","sticky":false,"template":"","format":"standard","meta":{"_acf_changed":false,"footnotes":""},"categories":[159],"tags":[95],"class_list":["post-386282","post","type-post","status-publish","format-standard","has-post-thumbnail","hentry","category-apocalipse","tag-capa"],"acf":[],"yoast_head":"<!-- This site is optimized with the Yoast SEO plugin v27.2 - https:\/\/yoast.com\/product\/yoast-seo-wordpress\/ -->\n<title>Americanos atacam... e o Ir\u00e3 vira &#039;chantagista&#039; - Notibras<\/title>\n<meta name=\"robots\" content=\"index, follow, max-snippet:-1, max-image-preview:large, max-video-preview:-1\" \/>\n<link rel=\"canonical\" href=\"https:\/\/www.notibras.com\/site\/americanos-atacam-e-o-ira-vira-chantagista\/\" \/>\n<meta property=\"og:locale\" content=\"pt_BR\" \/>\n<meta property=\"og:type\" content=\"article\" \/>\n<meta property=\"og:title\" content=\"Americanos atacam... e o Ir\u00e3 vira &#039;chantagista&#039; - Notibras\" \/>\n<meta property=\"og:description\" content=\"O secret\u00e1rio de Estado dos Estados Unidos, Marco Rubio, acusou o Ir\u00e3 de tentar &#8220;fazer o mundo ref\u00e9m&#8221; com seus ataques contra os pa\u00edses do Golfo e ao bloquear o Estreito de Ormuz, referindo-se a Teer\u00e3 como um &#8220;regime terrorista&#8221;. &#8220;Acho que todos n\u00f3s estamos percebendo a amea\u00e7a que esse regime clerical representa para a [&hellip;]\" \/>\n<meta property=\"og:url\" content=\"https:\/\/www.notibras.com\/site\/americanos-atacam-e-o-ira-vira-chantagista\/\" \/>\n<meta property=\"og:site_name\" content=\"Notibras\" \/>\n<meta property=\"article:publisher\" content=\"https:\/\/www.facebook.com\/notibras\/\" \/>\n<meta property=\"article:published_time\" content=\"2026-03-09T14:18:32+00:00\" \/>\n<meta property=\"article:modified_time\" content=\"2026-03-09T14:21:03+00:00\" \/>\n<meta name=\"author\" content=\"Reda\u00e7\u00e3o\" \/>\n<meta name=\"twitter:card\" content=\"summary_large_image\" \/>\n<meta name=\"twitter:creator\" content=\"@Notibras\" \/>\n<meta name=\"twitter:site\" content=\"@Notibras\" \/>\n<meta name=\"twitter:label1\" content=\"Escrito por\" \/>\n\t<meta name=\"twitter:data1\" content=\"Reda\u00e7\u00e3o\" \/>\n\t<meta name=\"twitter:label2\" content=\"Est. tempo de leitura\" \/>\n\t<meta name=\"twitter:data2\" content=\"2 minutos\" \/>\n<script type=\"application\/ld+json\" class=\"yoast-schema-graph\">{\"@context\":\"https:\/\/schema.org\",\"@graph\":[{\"@type\":\"Article\",\"@id\":\"https:\/\/www.notibras.com\/site\/americanos-atacam-e-o-ira-vira-chantagista\/#article\",\"isPartOf\":{\"@id\":\"https:\/\/www.notibras.com\/site\/americanos-atacam-e-o-ira-vira-chantagista\/\"},\"author\":{\"name\":\"Reda\u00e7\u00e3o\",\"@id\":\"https:\/\/www.notibras.com\/site\/#\/schema\/person\/36ab0979449956132d3e5b517ea76ac8\"},\"headline\":\"Americanos atacam&#8230; e o Ir\u00e3 vira &#8216;chantagista&#8217;\",\"datePublished\":\"2026-03-09T14:18:32+00:00\",\"dateModified\":\"2026-03-09T14:21:03+00:00\",\"mainEntityOfPage\":{\"@id\":\"https:\/\/www.notibras.com\/site\/americanos-atacam-e-o-ira-vira-chantagista\/\"},\"wordCount\":196,\"publisher\":{\"@id\":\"https:\/\/www.notibras.com\/site\/#organization\"},\"image\":{\"@id\":\"https:\/\/www.notibras.com\/site\/americanos-atacam-e-o-ira-vira-chantagista\/#primaryimage\"},\"thumbnailUrl\":\"https:\/\/www.notibras.com\/site\/wp-content\/uploads\/2026\/03\/rubio.ira_.guerra.avif\",\"keywords\":[\"capa\"],\"articleSection\":[\"Apocalipse\"],\"inLanguage\":\"pt-BR\"},{\"@type\":\"WebPage\",\"@id\":\"https:\/\/www.notibras.com\/site\/americanos-atacam-e-o-ira-vira-chantagista\/\",\"url\":\"https:\/\/www.notibras.com\/site\/americanos-atacam-e-o-ira-vira-chantagista\/\",\"name\":\"Americanos atacam... e o Ir\u00e3 vira 'chantagista' - Notibras\",\"isPartOf\":{\"@id\":\"https:\/\/www.notibras.com\/site\/#website\"},\"primaryImageOfPage\":{\"@id\":\"https:\/\/www.notibras.com\/site\/americanos-atacam-e-o-ira-vira-chantagista\/#primaryimage\"},\"image\":{\"@id\":\"https:\/\/www.notibras.com\/site\/americanos-atacam-e-o-ira-vira-chantagista\/#primaryimage\"},\"thumbnailUrl\":\"https:\/\/www.notibras.com\/site\/wp-content\/uploads\/2026\/03\/rubio.ira_.guerra.avif\",\"datePublished\":\"2026-03-09T14:18:32+00:00\",\"dateModified\":\"2026-03-09T14:21:03+00:00\",\"breadcrumb\":{\"@id\":\"https:\/\/www.notibras.com\/site\/americanos-atacam-e-o-ira-vira-chantagista\/#breadcrumb\"},\"inLanguage\":\"pt-BR\",\"potentialAction\":[{\"@type\":\"ReadAction\",\"target\":[\"https:\/\/www.notibras.com\/site\/americanos-atacam-e-o-ira-vira-chantagista\/\"]}]},{\"@type\":\"ImageObject\",\"inLanguage\":\"pt-BR\",\"@id\":\"https:\/\/www.notibras.com\/site\/americanos-atacam-e-o-ira-vira-chantagista\/#primaryimage\",\"url\":\"https:\/\/www.notibras.com\/site\/wp-content\/uploads\/2026\/03\/rubio.ira_.guerra.avif\",\"contentUrl\":\"https:\/\/www.notibras.com\/site\/wp-content\/uploads\/2026\/03\/rubio.ira_.guerra.avif\",\"width\":497,\"height\":337},{\"@type\":\"BreadcrumbList\",\"@id\":\"https:\/\/www.notibras.com\/site\/americanos-atacam-e-o-ira-vira-chantagista\/#breadcrumb\",\"itemListElement\":[{\"@type\":\"ListItem\",\"position\":1,\"name\":\"In\u00edcio\",\"item\":\"https:\/\/www.notibras.com\/site\/\"},{\"@type\":\"ListItem\",\"position\":2,\"name\":\"Americanos atacam&#8230; e o Ir\u00e3 vira &#8216;chantagista&#8217;\"}]},{\"@type\":\"WebSite\",\"@id\":\"https:\/\/www.notibras.com\/site\/#website\",\"url\":\"https:\/\/www.notibras.com\/site\/\",\"name\":\"Notibras\",\"description\":\"Not\u00edcias de Bras\u00edlia, do Brasil e do Mundo\",\"publisher\":{\"@id\":\"https:\/\/www.notibras.com\/site\/#organization\"},\"potentialAction\":[{\"@type\":\"SearchAction\",\"target\":{\"@type\":\"EntryPoint\",\"urlTemplate\":\"https:\/\/www.notibras.com\/site\/?s={search_term_string}\"},\"query-input\":{\"@type\":\"PropertyValueSpecification\",\"valueRequired\":true,\"valueName\":\"search_term_string\"}}],\"inLanguage\":\"pt-BR\"},{\"@type\":\"Organization\",\"@id\":\"https:\/\/www.notibras.com\/site\/#organization\",\"name\":\"Grupo Notibras de Comunica\u00e7\u00e3o\",\"url\":\"https:\/\/www.notibras.com\/site\/\",\"logo\":{\"@type\":\"ImageObject\",\"inLanguage\":\"pt-BR\",\"@id\":\"https:\/\/www.notibras.com\/site\/#\/schema\/logo\/image\/\",\"url\":\"https:\/\/www.notibras.com\/site\/wp-content\/uploads\/2023\/01\/notibras23.png\",\"contentUrl\":\"https:\/\/www.notibras.com\/site\/wp-content\/uploads\/2023\/01\/notibras23.png\",\"width\":350,\"height\":87,\"caption\":\"Grupo Notibras de Comunica\u00e7\u00e3o\"},\"image\":{\"@id\":\"https:\/\/www.notibras.com\/site\/#\/schema\/logo\/image\/\"},\"sameAs\":[\"https:\/\/www.facebook.com\/notibras\/\",\"https:\/\/x.com\/Notibras\",\"https:\/\/www.instagram.com\/notibras\/\"]},{\"@type\":\"Person\",\"@id\":\"https:\/\/www.notibras.com\/site\/#\/schema\/person\/36ab0979449956132d3e5b517ea76ac8\",\"name\":\"Reda\u00e7\u00e3o\",\"image\":{\"@type\":\"ImageObject\",\"inLanguage\":\"pt-BR\",\"@id\":\"https:\/\/secure.gravatar.com\/avatar\/e0a867bdedb85fd243eadf09663511f96fc81e0720a4a42581f334ad4303aa6b?s=96&d=mm&r=g\",\"url\":\"https:\/\/secure.gravatar.com\/avatar\/e0a867bdedb85fd243eadf09663511f96fc81e0720a4a42581f334ad4303aa6b?s=96&d=mm&r=g\",\"contentUrl\":\"https:\/\/secure.gravatar.com\/avatar\/e0a867bdedb85fd243eadf09663511f96fc81e0720a4a42581f334ad4303aa6b?s=96&d=mm&r=g\",\"caption\":\"Reda\u00e7\u00e3o\"}}]}<\/script>\n<!-- \/ Yoast SEO plugin. -->","yoast_head_json":{"title":"Americanos atacam... e o Ir\u00e3 vira 'chantagista' - Notibras","robots":{"index":"index","follow":"follow","max-snippet":"max-snippet:-1","max-image-preview":"max-image-preview:large","max-video-preview":"max-video-preview:-1"},"canonical":"https:\/\/www.notibras.com\/site\/americanos-atacam-e-o-ira-vira-chantagista\/","og_locale":"pt_BR","og_type":"article","og_title":"Americanos atacam... e o Ir\u00e3 vira 'chantagista' - Notibras","og_description":"O secret\u00e1rio de Estado dos Estados Unidos, Marco Rubio, acusou o Ir\u00e3 de tentar &#8220;fazer o mundo ref\u00e9m&#8221; com seus ataques contra os pa\u00edses do Golfo e ao bloquear o Estreito de Ormuz, referindo-se a Teer\u00e3 como um &#8220;regime terrorista&#8221;. &#8220;Acho que todos n\u00f3s estamos percebendo a amea\u00e7a que esse regime clerical representa para a [&hellip;]","og_url":"https:\/\/www.notibras.com\/site\/americanos-atacam-e-o-ira-vira-chantagista\/","og_site_name":"Notibras","article_publisher":"https:\/\/www.facebook.com\/notibras\/","article_published_time":"2026-03-09T14:18:32+00:00","article_modified_time":"2026-03-09T14:21:03+00:00","author":"Reda\u00e7\u00e3o","twitter_card":"summary_large_image","twitter_creator":"@Notibras","twitter_site":"@Notibras","twitter_misc":{"Escrito por":"Reda\u00e7\u00e3o","Est. tempo de leitura":"2 minutos"},"schema":{"@context":"https:\/\/schema.org","@graph":[{"@type":"Article","@id":"https:\/\/www.notibras.com\/site\/americanos-atacam-e-o-ira-vira-chantagista\/#article","isPartOf":{"@id":"https:\/\/www.notibras.com\/site\/americanos-atacam-e-o-ira-vira-chantagista\/"},"author":{"name":"Reda\u00e7\u00e3o","@id":"https:\/\/www.notibras.com\/site\/#\/schema\/person\/36ab0979449956132d3e5b517ea76ac8"},"headline":"Americanos atacam&#8230; e o Ir\u00e3 vira &#8216;chantagista&#8217;","datePublished":"2026-03-09T14:18:32+00:00","dateModified":"2026-03-09T14:21:03+00:00","mainEntityOfPage":{"@id":"https:\/\/www.notibras.com\/site\/americanos-atacam-e-o-ira-vira-chantagista\/"},"wordCount":196,"publisher":{"@id":"https:\/\/www.notibras.com\/site\/#organization"},"image":{"@id":"https:\/\/www.notibras.com\/site\/americanos-atacam-e-o-ira-vira-chantagista\/#primaryimage"},"thumbnailUrl":"https:\/\/www.notibras.com\/site\/wp-content\/uploads\/2026\/03\/rubio.ira_.guerra.avif","keywords":["capa"],"articleSection":["Apocalipse"],"inLanguage":"pt-BR"},{"@type":"WebPage","@id":"https:\/\/www.notibras.com\/site\/americanos-atacam-e-o-ira-vira-chantagista\/","url":"https:\/\/www.notibras.com\/site\/americanos-atacam-e-o-ira-vira-chantagista\/","name":"Americanos atacam... e o Ir\u00e3 vira 'chantagista' - Notibras","isPartOf":{"@id":"https:\/\/www.notibras.com\/site\/#website"},"primaryImageOfPage":{"@id":"https:\/\/www.notibras.com\/site\/americanos-atacam-e-o-ira-vira-chantagista\/#primaryimage"},"image":{"@id":"https:\/\/www.notibras.com\/site\/americanos-atacam-e-o-ira-vira-chantagista\/#primaryimage"},"thumbnailUrl":"https:\/\/www.notibras.com\/site\/wp-content\/uploads\/2026\/03\/rubio.ira_.guerra.avif","datePublished":"2026-03-09T14:18:32+00:00","dateModified":"2026-03-09T14:21:03+00:00","breadcrumb":{"@id":"https:\/\/www.notibras.com\/site\/americanos-atacam-e-o-ira-vira-chantagista\/#breadcrumb"},"inLanguage":"pt-BR","potentialAction":[{"@type":"ReadAction","target":["https:\/\/www.notibras.com\/site\/americanos-atacam-e-o-ira-vira-chantagista\/"]}]},{"@type":"ImageObject","inLanguage":"pt-BR","@id":"https:\/\/www.notibras.com\/site\/americanos-atacam-e-o-ira-vira-chantagista\/#primaryimage","url":"https:\/\/www.notibras.com\/site\/wp-content\/uploads\/2026\/03\/rubio.ira_.guerra.avif","contentUrl":"https:\/\/www.notibras.com\/site\/wp-content\/uploads\/2026\/03\/rubio.ira_.guerra.avif","width":497,"height":337},{"@type":"BreadcrumbList","@id":"https:\/\/www.notibras.com\/site\/americanos-atacam-e-o-ira-vira-chantagista\/#breadcrumb","itemListElement":[{"@type":"ListItem","position":1,"name":"In\u00edcio","item":"https:\/\/www.notibras.com\/site\/"},{"@type":"ListItem","position":2,"name":"Americanos atacam&#8230; e o Ir\u00e3 vira &#8216;chantagista&#8217;"}]},{"@type":"WebSite","@id":"https:\/\/www.notibras.com\/site\/#website","url":"https:\/\/www.notibras.com\/site\/","name":"Notibras","description":"Not\u00edcias de Bras\u00edlia, do Brasil e do Mundo","publisher":{"@id":"https:\/\/www.notibras.com\/site\/#organization"},"potentialAction":[{"@type":"SearchAction","target":{"@type":"EntryPoint","urlTemplate":"https:\/\/www.notibras.com\/site\/?s={search_term_string}"},"query-input":{"@type":"PropertyValueSpecification","valueRequired":true,"valueName":"search_term_string"}}],"inLanguage":"pt-BR"},{"@type":"Organization","@id":"https:\/\/www.notibras.com\/site\/#organization","name":"Grupo Notibras de Comunica\u00e7\u00e3o","url":"https:\/\/www.notibras.com\/site\/","logo":{"@type":"ImageObject","inLanguage":"pt-BR","@id":"https:\/\/www.notibras.com\/site\/#\/schema\/logo\/image\/","url":"https:\/\/www.notibras.com\/site\/wp-content\/uploads\/2023\/01\/notibras23.png","contentUrl":"https:\/\/www.notibras.com\/site\/wp-content\/uploads\/2023\/01\/notibras23.png","width":350,"height":87,"caption":"Grupo Notibras de Comunica\u00e7\u00e3o"},"image":{"@id":"https:\/\/www.notibras.com\/site\/#\/schema\/logo\/image\/"},"sameAs":["https:\/\/www.facebook.com\/notibras\/","https:\/\/x.com\/Notibras","https:\/\/www.instagram.com\/notibras\/"]},{"@type":"Person","@id":"https:\/\/www.notibras.com\/site\/#\/schema\/person\/36ab0979449956132d3e5b517ea76ac8","name":"Reda\u00e7\u00e3o","image":{"@type":"ImageObject","inLanguage":"pt-BR","@id":"https:\/\/secure.gravatar.com\/avatar\/e0a867bdedb85fd243eadf09663511f96fc81e0720a4a42581f334ad4303aa6b?s=96&d=mm&r=g","url":"https:\/\/secure.gravatar.com\/avatar\/e0a867bdedb85fd243eadf09663511f96fc81e0720a4a42581f334ad4303aa6b?s=96&d=mm&r=g","contentUrl":"https:\/\/secure.gravatar.com\/avatar\/e0a867bdedb85fd243eadf09663511f96fc81e0720a4a42581f334ad4303aa6b?s=96&d=mm&r=g","caption":"Reda\u00e7\u00e3o"}}]}},"amp_enabled":true,"_links":{"self":[{"href":"https:\/\/www.notibras.com\/site\/wp-json\/wp\/v2\/posts\/386282","targetHints":{"allow":["GET"]}}],"collection":[{"href":"https:\/\/www.notibras.com\/site\/wp-json\/wp\/v2\/posts"}],"about":[{"href":"https:\/\/www.notibras.com\/site\/wp-json\/wp\/v2\/types\/post"}],"author":[{"embeddable":true,"href":"https:\/\/www.notibras.com\/site\/wp-json\/wp\/v2\/users\/2"}],"replies":[{"embeddable":true,"href":"https:\/\/www.notibras.com\/site\/wp-json\/wp\/v2\/comments?post=386282"}],"version-history":[{"count":4,"href":"https:\/\/www.notibras.com\/site\/wp-json\/wp\/v2\/posts\/386282\/revisions"}],"predecessor-version":[{"id":386287,"href":"https:\/\/www.notibras.com\/site\/wp-json\/wp\/v2\/posts\/386282\/revisions\/386287"}],"wp:featuredmedia":[{"embeddable":true,"href":"https:\/\/www.notibras.com\/site\/wp-json\/wp\/v2\/media\/386283"}],"wp:attachment":[{"href":"https:\/\/www.notibras.com\/site\/wp-json\/wp\/v2\/media?parent=386282"}],"wp:term":[{"taxonomy":"category","embeddable":true,"href":"https:\/\/www.notibras.com\/site\/wp-json\/wp\/v2\/categories?post=386282"},{"taxonomy":"post_tag","embeddable":true,"href":"https:\/\/www.notibras.com\/site\/wp-json\/wp\/v2\/tags?post=386282"}],"curies":[{"name":"wp","href":"https:\/\/api.w.org\/{rel}","templated":true}]}}