{"id":386291,"date":"2026-03-09T10:31:47","date_gmt":"2026-03-09T13:31:47","guid":{"rendered":"https:\/\/www.notibras.com\/site\/?p=386291"},"modified":"2026-03-09T12:33:09","modified_gmt":"2026-03-09T15:33:09","slug":"mercado-financeiro-ve-estabilidade-da-inflacao","status":"publish","type":"post","link":"https:\/\/www.notibras.com\/site\/mercado-financeiro-ve-estabilidade-da-inflacao\/","title":{"rendered":"Mercado financeiro v\u00ea estabilidade da infla\u00e7\u00e3o"},"content":{"rendered":"<p>As previs\u00f5es do mercado financeiro para os principais indicadores econ\u00f4micos em 2026 \u2013 a expans\u00e3o da economia e o \u00edndice de infla\u00e7\u00e3o &#8211; ficaram est\u00e1veis na edi\u00e7\u00e3o desta segunda-feira (9) do Boletim Focus. A pesquisa com institui\u00e7\u00f5es financeiras \u00e9 divulgada semanalmente pelo Banco Central (BC).<\/p>\n<p>A estimativa para o crescimento da economia brasileira este ano permaneceu em 1,82%. Para 2027, a proje\u00e7\u00e3o para o Produto Interno Bruto (PIB, a soma dos bens e servi\u00e7os produzidos no pa\u00eds) ficou em 1,8%. Para 2028 e 2029, o mercado financeiro estima expans\u00e3o do PIB em 2%, para os dois anos.<\/p>\n<p>Em 2025, a economia brasileira cresceu 2,3%, de acordo com o Instituto Brasileiro de Geografia e Estat\u00edstica (IBGE). Com expans\u00e3o em todos os setores e destaque para a agropecu\u00e1ria, o resultado representa o quinto ano seguido de crescimento.<\/p>\n<p>Nesta edi\u00e7\u00e3o do Boletim Focus, a previs\u00e3o da cota\u00e7\u00e3o do d\u00f3lar est\u00e1 em R$ 5,41 para o fim deste ano. No fim de 2027, estima-se que a moeda norte-americana fique em R$ 5,50.<\/p>\n<p><strong>Infla\u00e7\u00e3o<\/strong><br \/>\nA previs\u00e3o do mercado financeiro para o \u00cdndice Nacional de Pre\u00e7os ao Consumidor Amplo (IPCA) \u2013 considerada a infla\u00e7\u00e3o oficial do pa\u00eds \u2013 permaneceu em 3,91% para este ano. Para 2027, a proje\u00e7\u00e3o da infla\u00e7\u00e3o passou de 3,79% para 3,8%. Para 2028 e 2029, as previs\u00f5es s\u00e3o de 3,5%, para ambos os anos.<\/p>\n<p>A estimativa para a varia\u00e7\u00e3o de pre\u00e7os em 2026 se mant\u00e9m dentro do intervalo da meta que deve ser perseguida pelo BC. Definida pelo Conselho Monet\u00e1rio Nacional (CMN), a meta \u00e9 de 3%, com intervalo de toler\u00e2ncia de 1,5 ponto percentual para cima ou para baixo. Ou seja, o limite inferior \u00e9 1,5% e o superior, 4,5%.<\/p>\n<p>Em janeiro, a alta dos pre\u00e7os da conta de luz e da gasolina fez a infla\u00e7\u00e3o oficial do m\u00eas fechar em 0,33%, mesmo patamar de dezembro. De acordo com o IBGE, o resultado levou o IPCA a acumular alta de 4,44% em 2025.<\/p>\n<p>A infla\u00e7\u00e3o de fevereiro ser\u00e1 divulgada na pr\u00f3xima quinta-feira (12) pelo instituto.<\/p>\n<p><strong>Juros b\u00e1sicos<\/strong><br \/>\nPara alcan\u00e7ar a meta de infla\u00e7\u00e3o, o Banco Central usa como principal instrumento a taxa b\u00e1sica de juros (Selic), definida atualmente em 15% ao ano pelo Comit\u00ea de Pol\u00edtica Monet\u00e1ria (Copom) do BC. Apesar do recuo da infla\u00e7\u00e3o e do d\u00f3lar, o colegiado n\u00e3o interferiu nos juros pela quinta vez seguida, na \u00faltima reuni\u00e3o, no fim de janeiro.<\/p>\n<p>A taxa est\u00e1 no maior n\u00edvel desde julho de 2006, quando se situou em 15,25% ao ano. Em ata, o Copom confirmou que come\u00e7ar\u00e1 a reduzir os juros na reuni\u00e3o de mar\u00e7o, caso a infla\u00e7\u00e3o se mantenha sob controle e n\u00e3o haja surpresas no cen\u00e1rio econ\u00f4mico. Ainda assim, os juros ser\u00e3o mantidos em n\u00edveis restritivos.<\/p>\n<p>A estimativa dos analistas de mercado para a taxa b\u00e1sica foi elevada nesta edi\u00e7\u00e3o do Boletim Focus \u2013 de 12% ao ano para 12,13% ao ano, at\u00e9 o final de 2026. Para 2027 e 2028, a previs\u00e3o \u00e9 que a Selic seja reduzida novamente para 10,5% ao ano e 10% ao ano, respectivamente. Em 2029, a taxa deve chegar a 9,5% ao ano.<\/p>\n<p>Quando o Copom aumenta a Selic, a finalidade \u00e9 conter a demanda aquecida; isso causa reflexos nos pre\u00e7os porque os juros mais altos encarecem o cr\u00e9dito e estimulam a poupan\u00e7a. Assim, taxas mais altas tamb\u00e9m podem dificultar a expans\u00e3o da economia. Os bancos ainda consideram outros fatores na hora de definir os juros cobrados dos consumidores, como risco de inadimpl\u00eancia, lucro e despesas administrativas.<\/p>\n<p>Quando a Taxa Selic \u00e9 reduzida a tend\u00eancia \u00e9 que o cr\u00e9dito fique mais barato, com incentivo \u00e0 produ\u00e7\u00e3o e ao consumo, diminuindo o controle sobre a infla\u00e7\u00e3o e estimulando a atividade econ\u00f4mica.<\/p>\n","protected":false},"excerpt":{"rendered":"<p>As previs\u00f5es do mercado financeiro para os principais indicadores econ\u00f4micos em 2026 \u2013 a expans\u00e3o da economia e o \u00edndice de infla\u00e7\u00e3o &#8211; ficaram est\u00e1veis na edi\u00e7\u00e3o desta segunda-feira (9) do Boletim Focus. A pesquisa com institui\u00e7\u00f5es financeiras \u00e9 divulgada semanalmente pelo Banco Central (BC). A estimativa para o crescimento da economia brasileira este ano [&hellip;]<\/p>\n","protected":false},"author":2,"featured_media":386292,"comment_status":"closed","ping_status":"closed","sticky":false,"template":"","format":"standard","meta":{"_acf_changed":false,"footnotes":""},"categories":[16],"tags":[],"class_list":["post-386291","post","type-post","status-publish","format-standard","has-post-thumbnail","hentry","category-brasil"],"acf":[],"yoast_head":"<!-- This site is optimized with the Yoast SEO plugin v27.2 - https:\/\/yoast.com\/product\/yoast-seo-wordpress\/ -->\n<title>Mercado financeiro v\u00ea estabilidade da infla\u00e7\u00e3o - Notibras<\/title>\n<meta name=\"robots\" content=\"index, follow, max-snippet:-1, max-image-preview:large, max-video-preview:-1\" \/>\n<link rel=\"canonical\" href=\"https:\/\/www.notibras.com\/site\/mercado-financeiro-ve-estabilidade-da-inflacao\/\" \/>\n<meta property=\"og:locale\" content=\"pt_BR\" \/>\n<meta property=\"og:type\" content=\"article\" \/>\n<meta property=\"og:title\" content=\"Mercado financeiro v\u00ea estabilidade da infla\u00e7\u00e3o - Notibras\" \/>\n<meta property=\"og:description\" content=\"As previs\u00f5es do mercado financeiro para os principais indicadores econ\u00f4micos em 2026 \u2013 a expans\u00e3o da economia e o \u00edndice de infla\u00e7\u00e3o &#8211; ficaram est\u00e1veis na edi\u00e7\u00e3o desta segunda-feira (9) do Boletim Focus. A pesquisa com institui\u00e7\u00f5es financeiras \u00e9 divulgada semanalmente pelo Banco Central (BC). A estimativa para o crescimento da economia brasileira este ano [&hellip;]\" \/>\n<meta property=\"og:url\" content=\"https:\/\/www.notibras.com\/site\/mercado-financeiro-ve-estabilidade-da-inflacao\/\" \/>\n<meta property=\"og:site_name\" content=\"Notibras\" \/>\n<meta property=\"article:publisher\" content=\"https:\/\/www.facebook.com\/notibras\/\" \/>\n<meta property=\"article:published_time\" content=\"2026-03-09T13:31:47+00:00\" \/>\n<meta property=\"article:modified_time\" content=\"2026-03-09T15:33:09+00:00\" \/>\n<meta property=\"og:image\" content=\"https:\/\/www.notibras.com\/site\/wp-content\/uploads\/2026\/03\/2022-05-24t121313z_1_lynxnpei4n0kb_rtroptp_4_health-coronavirus-brazil-3.webp\" \/>\n\t<meta property=\"og:image:width\" content=\"1170\" \/>\n\t<meta property=\"og:image:height\" content=\"700\" \/>\n\t<meta property=\"og:image:type\" content=\"image\/webp\" \/>\n<meta name=\"author\" content=\"Reda\u00e7\u00e3o\" \/>\n<meta name=\"twitter:card\" content=\"summary_large_image\" \/>\n<meta name=\"twitter:creator\" content=\"@Notibras\" \/>\n<meta name=\"twitter:site\" content=\"@Notibras\" \/>\n<meta name=\"twitter:label1\" content=\"Escrito por\" \/>\n\t<meta name=\"twitter:data1\" content=\"Reda\u00e7\u00e3o\" \/>\n\t<meta name=\"twitter:label2\" content=\"Est. tempo de leitura\" \/>\n\t<meta name=\"twitter:data2\" content=\"4 minutos\" \/>\n<script type=\"application\/ld+json\" class=\"yoast-schema-graph\">{\"@context\":\"https:\/\/schema.org\",\"@graph\":[{\"@type\":\"Article\",\"@id\":\"https:\/\/www.notibras.com\/site\/mercado-financeiro-ve-estabilidade-da-inflacao\/#article\",\"isPartOf\":{\"@id\":\"https:\/\/www.notibras.com\/site\/mercado-financeiro-ve-estabilidade-da-inflacao\/\"},\"author\":{\"name\":\"Reda\u00e7\u00e3o\",\"@id\":\"https:\/\/www.notibras.com\/site\/#\/schema\/person\/36ab0979449956132d3e5b517ea76ac8\"},\"headline\":\"Mercado financeiro v\u00ea estabilidade da infla\u00e7\u00e3o\",\"datePublished\":\"2026-03-09T13:31:47+00:00\",\"dateModified\":\"2026-03-09T15:33:09+00:00\",\"mainEntityOfPage\":{\"@id\":\"https:\/\/www.notibras.com\/site\/mercado-financeiro-ve-estabilidade-da-inflacao\/\"},\"wordCount\":634,\"publisher\":{\"@id\":\"https:\/\/www.notibras.com\/site\/#organization\"},\"image\":{\"@id\":\"https:\/\/www.notibras.com\/site\/mercado-financeiro-ve-estabilidade-da-inflacao\/#primaryimage\"},\"thumbnailUrl\":\"https:\/\/www.notibras.com\/site\/wp-content\/uploads\/2026\/03\/2022-05-24t121313z_1_lynxnpei4n0kb_rtroptp_4_health-coronavirus-brazil-3.webp\",\"articleSection\":[\"Brasil\"],\"inLanguage\":\"pt-BR\"},{\"@type\":\"WebPage\",\"@id\":\"https:\/\/www.notibras.com\/site\/mercado-financeiro-ve-estabilidade-da-inflacao\/\",\"url\":\"https:\/\/www.notibras.com\/site\/mercado-financeiro-ve-estabilidade-da-inflacao\/\",\"name\":\"Mercado financeiro v\u00ea estabilidade da infla\u00e7\u00e3o - Notibras\",\"isPartOf\":{\"@id\":\"https:\/\/www.notibras.com\/site\/#website\"},\"primaryImageOfPage\":{\"@id\":\"https:\/\/www.notibras.com\/site\/mercado-financeiro-ve-estabilidade-da-inflacao\/#primaryimage\"},\"image\":{\"@id\":\"https:\/\/www.notibras.com\/site\/mercado-financeiro-ve-estabilidade-da-inflacao\/#primaryimage\"},\"thumbnailUrl\":\"https:\/\/www.notibras.com\/site\/wp-content\/uploads\/2026\/03\/2022-05-24t121313z_1_lynxnpei4n0kb_rtroptp_4_health-coronavirus-brazil-3.webp\",\"datePublished\":\"2026-03-09T13:31:47+00:00\",\"dateModified\":\"2026-03-09T15:33:09+00:00\",\"breadcrumb\":{\"@id\":\"https:\/\/www.notibras.com\/site\/mercado-financeiro-ve-estabilidade-da-inflacao\/#breadcrumb\"},\"inLanguage\":\"pt-BR\",\"potentialAction\":[{\"@type\":\"ReadAction\",\"target\":[\"https:\/\/www.notibras.com\/site\/mercado-financeiro-ve-estabilidade-da-inflacao\/\"]}]},{\"@type\":\"ImageObject\",\"inLanguage\":\"pt-BR\",\"@id\":\"https:\/\/www.notibras.com\/site\/mercado-financeiro-ve-estabilidade-da-inflacao\/#primaryimage\",\"url\":\"https:\/\/www.notibras.com\/site\/wp-content\/uploads\/2026\/03\/2022-05-24t121313z_1_lynxnpei4n0kb_rtroptp_4_health-coronavirus-brazil-3.webp\",\"contentUrl\":\"https:\/\/www.notibras.com\/site\/wp-content\/uploads\/2026\/03\/2022-05-24t121313z_1_lynxnpei4n0kb_rtroptp_4_health-coronavirus-brazil-3.webp\",\"width\":1170,\"height\":700},{\"@type\":\"BreadcrumbList\",\"@id\":\"https:\/\/www.notibras.com\/site\/mercado-financeiro-ve-estabilidade-da-inflacao\/#breadcrumb\",\"itemListElement\":[{\"@type\":\"ListItem\",\"position\":1,\"name\":\"In\u00edcio\",\"item\":\"https:\/\/www.notibras.com\/site\/\"},{\"@type\":\"ListItem\",\"position\":2,\"name\":\"Mercado financeiro v\u00ea estabilidade da infla\u00e7\u00e3o\"}]},{\"@type\":\"WebSite\",\"@id\":\"https:\/\/www.notibras.com\/site\/#website\",\"url\":\"https:\/\/www.notibras.com\/site\/\",\"name\":\"Notibras\",\"description\":\"Not\u00edcias de Bras\u00edlia, do Brasil e do Mundo\",\"publisher\":{\"@id\":\"https:\/\/www.notibras.com\/site\/#organization\"},\"potentialAction\":[{\"@type\":\"SearchAction\",\"target\":{\"@type\":\"EntryPoint\",\"urlTemplate\":\"https:\/\/www.notibras.com\/site\/?s={search_term_string}\"},\"query-input\":{\"@type\":\"PropertyValueSpecification\",\"valueRequired\":true,\"valueName\":\"search_term_string\"}}],\"inLanguage\":\"pt-BR\"},{\"@type\":\"Organization\",\"@id\":\"https:\/\/www.notibras.com\/site\/#organization\",\"name\":\"Grupo Notibras de Comunica\u00e7\u00e3o\",\"url\":\"https:\/\/www.notibras.com\/site\/\",\"logo\":{\"@type\":\"ImageObject\",\"inLanguage\":\"pt-BR\",\"@id\":\"https:\/\/www.notibras.com\/site\/#\/schema\/logo\/image\/\",\"url\":\"https:\/\/www.notibras.com\/site\/wp-content\/uploads\/2023\/01\/notibras23.png\",\"contentUrl\":\"https:\/\/www.notibras.com\/site\/wp-content\/uploads\/2023\/01\/notibras23.png\",\"width\":350,\"height\":87,\"caption\":\"Grupo Notibras de Comunica\u00e7\u00e3o\"},\"image\":{\"@id\":\"https:\/\/www.notibras.com\/site\/#\/schema\/logo\/image\/\"},\"sameAs\":[\"https:\/\/www.facebook.com\/notibras\/\",\"https:\/\/x.com\/Notibras\",\"https:\/\/www.instagram.com\/notibras\/\"]},{\"@type\":\"Person\",\"@id\":\"https:\/\/www.notibras.com\/site\/#\/schema\/person\/36ab0979449956132d3e5b517ea76ac8\",\"name\":\"Reda\u00e7\u00e3o\",\"image\":{\"@type\":\"ImageObject\",\"inLanguage\":\"pt-BR\",\"@id\":\"https:\/\/secure.gravatar.com\/avatar\/e0a867bdedb85fd243eadf09663511f96fc81e0720a4a42581f334ad4303aa6b?s=96&d=mm&r=g\",\"url\":\"https:\/\/secure.gravatar.com\/avatar\/e0a867bdedb85fd243eadf09663511f96fc81e0720a4a42581f334ad4303aa6b?s=96&d=mm&r=g\",\"contentUrl\":\"https:\/\/secure.gravatar.com\/avatar\/e0a867bdedb85fd243eadf09663511f96fc81e0720a4a42581f334ad4303aa6b?s=96&d=mm&r=g\",\"caption\":\"Reda\u00e7\u00e3o\"}}]}<\/script>\n<!-- \/ Yoast SEO plugin. -->","yoast_head_json":{"title":"Mercado financeiro v\u00ea estabilidade da infla\u00e7\u00e3o - Notibras","robots":{"index":"index","follow":"follow","max-snippet":"max-snippet:-1","max-image-preview":"max-image-preview:large","max-video-preview":"max-video-preview:-1"},"canonical":"https:\/\/www.notibras.com\/site\/mercado-financeiro-ve-estabilidade-da-inflacao\/","og_locale":"pt_BR","og_type":"article","og_title":"Mercado financeiro v\u00ea estabilidade da infla\u00e7\u00e3o - Notibras","og_description":"As previs\u00f5es do mercado financeiro para os principais indicadores econ\u00f4micos em 2026 \u2013 a expans\u00e3o da economia e o \u00edndice de infla\u00e7\u00e3o &#8211; ficaram est\u00e1veis na edi\u00e7\u00e3o desta segunda-feira (9) do Boletim Focus. A pesquisa com institui\u00e7\u00f5es financeiras \u00e9 divulgada semanalmente pelo Banco Central (BC). A estimativa para o crescimento da economia brasileira este ano [&hellip;]","og_url":"https:\/\/www.notibras.com\/site\/mercado-financeiro-ve-estabilidade-da-inflacao\/","og_site_name":"Notibras","article_publisher":"https:\/\/www.facebook.com\/notibras\/","article_published_time":"2026-03-09T13:31:47+00:00","article_modified_time":"2026-03-09T15:33:09+00:00","og_image":[{"width":1170,"height":700,"url":"https:\/\/www.notibras.com\/site\/wp-content\/uploads\/2026\/03\/2022-05-24t121313z_1_lynxnpei4n0kb_rtroptp_4_health-coronavirus-brazil-3.webp","type":"image\/webp"}],"author":"Reda\u00e7\u00e3o","twitter_card":"summary_large_image","twitter_creator":"@Notibras","twitter_site":"@Notibras","twitter_misc":{"Escrito por":"Reda\u00e7\u00e3o","Est. tempo de leitura":"4 minutos"},"schema":{"@context":"https:\/\/schema.org","@graph":[{"@type":"Article","@id":"https:\/\/www.notibras.com\/site\/mercado-financeiro-ve-estabilidade-da-inflacao\/#article","isPartOf":{"@id":"https:\/\/www.notibras.com\/site\/mercado-financeiro-ve-estabilidade-da-inflacao\/"},"author":{"name":"Reda\u00e7\u00e3o","@id":"https:\/\/www.notibras.com\/site\/#\/schema\/person\/36ab0979449956132d3e5b517ea76ac8"},"headline":"Mercado financeiro v\u00ea estabilidade da infla\u00e7\u00e3o","datePublished":"2026-03-09T13:31:47+00:00","dateModified":"2026-03-09T15:33:09+00:00","mainEntityOfPage":{"@id":"https:\/\/www.notibras.com\/site\/mercado-financeiro-ve-estabilidade-da-inflacao\/"},"wordCount":634,"publisher":{"@id":"https:\/\/www.notibras.com\/site\/#organization"},"image":{"@id":"https:\/\/www.notibras.com\/site\/mercado-financeiro-ve-estabilidade-da-inflacao\/#primaryimage"},"thumbnailUrl":"https:\/\/www.notibras.com\/site\/wp-content\/uploads\/2026\/03\/2022-05-24t121313z_1_lynxnpei4n0kb_rtroptp_4_health-coronavirus-brazil-3.webp","articleSection":["Brasil"],"inLanguage":"pt-BR"},{"@type":"WebPage","@id":"https:\/\/www.notibras.com\/site\/mercado-financeiro-ve-estabilidade-da-inflacao\/","url":"https:\/\/www.notibras.com\/site\/mercado-financeiro-ve-estabilidade-da-inflacao\/","name":"Mercado financeiro v\u00ea estabilidade da infla\u00e7\u00e3o - Notibras","isPartOf":{"@id":"https:\/\/www.notibras.com\/site\/#website"},"primaryImageOfPage":{"@id":"https:\/\/www.notibras.com\/site\/mercado-financeiro-ve-estabilidade-da-inflacao\/#primaryimage"},"image":{"@id":"https:\/\/www.notibras.com\/site\/mercado-financeiro-ve-estabilidade-da-inflacao\/#primaryimage"},"thumbnailUrl":"https:\/\/www.notibras.com\/site\/wp-content\/uploads\/2026\/03\/2022-05-24t121313z_1_lynxnpei4n0kb_rtroptp_4_health-coronavirus-brazil-3.webp","datePublished":"2026-03-09T13:31:47+00:00","dateModified":"2026-03-09T15:33:09+00:00","breadcrumb":{"@id":"https:\/\/www.notibras.com\/site\/mercado-financeiro-ve-estabilidade-da-inflacao\/#breadcrumb"},"inLanguage":"pt-BR","potentialAction":[{"@type":"ReadAction","target":["https:\/\/www.notibras.com\/site\/mercado-financeiro-ve-estabilidade-da-inflacao\/"]}]},{"@type":"ImageObject","inLanguage":"pt-BR","@id":"https:\/\/www.notibras.com\/site\/mercado-financeiro-ve-estabilidade-da-inflacao\/#primaryimage","url":"https:\/\/www.notibras.com\/site\/wp-content\/uploads\/2026\/03\/2022-05-24t121313z_1_lynxnpei4n0kb_rtroptp_4_health-coronavirus-brazil-3.webp","contentUrl":"https:\/\/www.notibras.com\/site\/wp-content\/uploads\/2026\/03\/2022-05-24t121313z_1_lynxnpei4n0kb_rtroptp_4_health-coronavirus-brazil-3.webp","width":1170,"height":700},{"@type":"BreadcrumbList","@id":"https:\/\/www.notibras.com\/site\/mercado-financeiro-ve-estabilidade-da-inflacao\/#breadcrumb","itemListElement":[{"@type":"ListItem","position":1,"name":"In\u00edcio","item":"https:\/\/www.notibras.com\/site\/"},{"@type":"ListItem","position":2,"name":"Mercado financeiro v\u00ea estabilidade da infla\u00e7\u00e3o"}]},{"@type":"WebSite","@id":"https:\/\/www.notibras.com\/site\/#website","url":"https:\/\/www.notibras.com\/site\/","name":"Notibras","description":"Not\u00edcias de Bras\u00edlia, do Brasil e do Mundo","publisher":{"@id":"https:\/\/www.notibras.com\/site\/#organization"},"potentialAction":[{"@type":"SearchAction","target":{"@type":"EntryPoint","urlTemplate":"https:\/\/www.notibras.com\/site\/?s={search_term_string}"},"query-input":{"@type":"PropertyValueSpecification","valueRequired":true,"valueName":"search_term_string"}}],"inLanguage":"pt-BR"},{"@type":"Organization","@id":"https:\/\/www.notibras.com\/site\/#organization","name":"Grupo Notibras de Comunica\u00e7\u00e3o","url":"https:\/\/www.notibras.com\/site\/","logo":{"@type":"ImageObject","inLanguage":"pt-BR","@id":"https:\/\/www.notibras.com\/site\/#\/schema\/logo\/image\/","url":"https:\/\/www.notibras.com\/site\/wp-content\/uploads\/2023\/01\/notibras23.png","contentUrl":"https:\/\/www.notibras.com\/site\/wp-content\/uploads\/2023\/01\/notibras23.png","width":350,"height":87,"caption":"Grupo Notibras de Comunica\u00e7\u00e3o"},"image":{"@id":"https:\/\/www.notibras.com\/site\/#\/schema\/logo\/image\/"},"sameAs":["https:\/\/www.facebook.com\/notibras\/","https:\/\/x.com\/Notibras","https:\/\/www.instagram.com\/notibras\/"]},{"@type":"Person","@id":"https:\/\/www.notibras.com\/site\/#\/schema\/person\/36ab0979449956132d3e5b517ea76ac8","name":"Reda\u00e7\u00e3o","image":{"@type":"ImageObject","inLanguage":"pt-BR","@id":"https:\/\/secure.gravatar.com\/avatar\/e0a867bdedb85fd243eadf09663511f96fc81e0720a4a42581f334ad4303aa6b?s=96&d=mm&r=g","url":"https:\/\/secure.gravatar.com\/avatar\/e0a867bdedb85fd243eadf09663511f96fc81e0720a4a42581f334ad4303aa6b?s=96&d=mm&r=g","contentUrl":"https:\/\/secure.gravatar.com\/avatar\/e0a867bdedb85fd243eadf09663511f96fc81e0720a4a42581f334ad4303aa6b?s=96&d=mm&r=g","caption":"Reda\u00e7\u00e3o"}}]}},"amp_enabled":true,"_links":{"self":[{"href":"https:\/\/www.notibras.com\/site\/wp-json\/wp\/v2\/posts\/386291","targetHints":{"allow":["GET"]}}],"collection":[{"href":"https:\/\/www.notibras.com\/site\/wp-json\/wp\/v2\/posts"}],"about":[{"href":"https:\/\/www.notibras.com\/site\/wp-json\/wp\/v2\/types\/post"}],"author":[{"embeddable":true,"href":"https:\/\/www.notibras.com\/site\/wp-json\/wp\/v2\/users\/2"}],"replies":[{"embeddable":true,"href":"https:\/\/www.notibras.com\/site\/wp-json\/wp\/v2\/comments?post=386291"}],"version-history":[{"count":1,"href":"https:\/\/www.notibras.com\/site\/wp-json\/wp\/v2\/posts\/386291\/revisions"}],"predecessor-version":[{"id":386293,"href":"https:\/\/www.notibras.com\/site\/wp-json\/wp\/v2\/posts\/386291\/revisions\/386293"}],"wp:featuredmedia":[{"embeddable":true,"href":"https:\/\/www.notibras.com\/site\/wp-json\/wp\/v2\/media\/386292"}],"wp:attachment":[{"href":"https:\/\/www.notibras.com\/site\/wp-json\/wp\/v2\/media?parent=386291"}],"wp:term":[{"taxonomy":"category","embeddable":true,"href":"https:\/\/www.notibras.com\/site\/wp-json\/wp\/v2\/categories?post=386291"},{"taxonomy":"post_tag","embeddable":true,"href":"https:\/\/www.notibras.com\/site\/wp-json\/wp\/v2\/tags?post=386291"}],"curies":[{"name":"wp","href":"https:\/\/api.w.org\/{rel}","templated":true}]}}