{"id":386294,"date":"2026-03-11T02:00:37","date_gmt":"2026-03-11T05:00:37","guid":{"rendered":"https:\/\/www.notibras.com\/site\/?p=386294"},"modified":"2026-03-09T15:57:01","modified_gmt":"2026-03-09T18:57:01","slug":"emidio-o-juiz-da-varzea","status":"publish","type":"post","link":"https:\/\/www.notibras.com\/site\/emidio-o-juiz-da-varzea\/","title":{"rendered":"Em\u00eddio, o juiz da v\u00e1rzea"},"content":{"rendered":"<p>Em\u00eddio, para apaziguar a frustra\u00e7\u00e3o por n\u00e3o ter se tornado jogador de futebol, encontrou um caminho para fazer parte do show e, assim, se tornou juiz de v\u00e1rzea na regi\u00e3o de Sobradinho, no Distrito Federal. Como sua saudosa av\u00f3 dizia, se voc\u00ea n\u00e3o tem c\u00e3o, ca\u00e7a com gato, mas se o bichano lhe faltar, amarre um peda\u00e7o de lingui\u00e7a na ponta de um barbante, que vai dar no mesmo. Se isso era ou n\u00e3o plaus\u00edvel de considera\u00e7\u00e3o, o sorriso no rosto do sujeito parecia n\u00e3o se importar, ainda mais porque desde molecote aprendera que as av\u00f3s podem at\u00e9 inventar muita coisa, mas jamais mentir.<\/p>\n<p>\u00c1rbitro, alguns empertigados faziam quest\u00e3o de corrigi-lo. Em\u00eddio, que preferia a paz a buscar imbr\u00f3glios com rusguentos de \u00faltima hora, fingia aceitar de bom grado tal lembran\u00e7a, mesmo porque h\u00e1 tempos aprendera com um certo Aires, que preferia o sil\u00eancio e o sorriso \u00e0 disputa. Que os embates ficassem dentro de campo, onde ele era a autoridade m\u00e1xima, alheio aos democr\u00e1ticos xingamentos vindos de todos os lados, muitos dos quais direcionados \u00e0 sua honesta genitora.<\/p>\n<p>Aconteceu na final do campeonato de futebol amador da cidade. Impecavelmente vestido de preto de cima a baixo, apito firme na boca, Em\u00eddio apontou para a marca mais controversa da grande \u00e1rea. Penalidade m\u00e1xima! E os protestos surgiram da parte da torcida e do time do zagueiro Tonh\u00e3o, que usou a costumeira brutalidade contra o habilidoso Ricky Ricardo, que gingou o corpo de um lado, gingou para o outro, talvez se imaginando o pr\u00f3prio Garrincha. Foi aquela pancada certeira na canela, que tirou o craque da partida.<\/p>\n<p>Inconformados com a marca\u00e7\u00e3o, a pequena multid\u00e3o invadiu o campo e foi aquela pancadaria generalizada. Ningu\u00e9m mais sabia em quem era para bater ou de onde os pontap\u00e9s e sopapos poderiam chegar. Besta que n\u00e3o era, Em\u00eddio tratou de sair de fininho antes que a sua integridade f\u00edsica fosse violada por algum sujeito desgostoso.<\/p>\n<p>O campeonato n\u00e3o foi decidido em campo e, por mais esdr\u00faxulo que aquilo fosse, acabou no tribunal. E l\u00e1 se dirigiram os envolvidos para o tribunal, agora em frente a um juiz de verdade, que iria, finalmente, decidir aquela pendenga. Mas n\u00e3o pense voc\u00ea que a coisa foi t\u00e3o simples assim, pois os insatisfeitos tomaram conta do f\u00f3rum.<\/p>\n<p>O juiz togado, percebendo que precisava colocar ordem na casa, bateu o malhete com for\u00e7a.<\/p>\n<p>\u2014 Sil\u00eancio!<\/p>\n<p>Enquanto a algazarra se esva\u00eda, eis que o Em\u00edlio, que estava sentado na primeira fileira destinada ao p\u00fablico, se manifestou.<\/p>\n<p>\u2014 Pois \u00e9, eu te entendo. N\u00f3s, que somos ju\u00edzes, muitas vezes precisamos tomar decis\u00f5es no calor do momento.<\/p>\n<p>O juiz de verdade logo sentiu empatia por seu suposto par e, ent\u00e3o, o convidou para se aproximar.<\/p>\n<p>\u2014 Colega, voc\u00ea \u00e9 juiz de qual vara?<\/p>\n<p>\u2014 N\u00e3o \u00e9 vara, nobre colega. \u00c9 v\u00e1rzea.<\/p>\n<p>O constrangimento se instalou de vez e, apesar de tanto tempo decorrido, ainda hoje o campeonato de 1997 n\u00e3o foi decidido. Mas que foi p\u00eanalti, ah, isso foi, ainda hoje o velho Em\u00eddio faz quest\u00e3o de afirmar categoricamente o velho. H\u00e1 pouco, ele aposentou o apito e pode ser encontrado na Banca do Guima ou na Oficina Magnu, onde costuma relembrar os causos vividos e, principalmente, os inventados.<\/p>\n<p><strong>\u2026\u2026\u2026\u2026\u2026\u2026\u2026\u2026<\/strong><\/p>\n<p><strong>Eduardo Mart\u00ednez \u00e9 autor do livro \u201957 Contos e Cr\u00f4nicas por um Autor Muito Velho\u2019 (Vencedor do Pr\u00eamio Liter\u00e1rio Clarice Lispector \u2013 2025 na categoria livro de contos).<\/strong><\/p>\n<p><strong>Compre aqui<\/strong><\/p>\n<p><a href=\"https:\/\/www.joanineditora.com.br\/57-contos-e-cronicas-por-um-autor-muito-velho\"><strong>https:\/\/www.joanineditora.com.br\/57-contos-e-cronicas-por-um-autor-muito-velho<\/strong><\/a><\/p>\n","protected":false},"excerpt":{"rendered":"<p>Em\u00eddio, para apaziguar a frustra\u00e7\u00e3o por n\u00e3o ter se tornado jogador de futebol, encontrou um caminho para fazer parte do show e, assim, se tornou juiz de v\u00e1rzea na regi\u00e3o de Sobradinho, no Distrito Federal. Como sua saudosa av\u00f3 dizia, se voc\u00ea n\u00e3o tem c\u00e3o, ca\u00e7a com gato, mas se o bichano lhe faltar, amarre [&hellip;]<\/p>\n","protected":false},"author":21,"featured_media":386295,"comment_status":"closed","ping_status":"closed","sticky":false,"template":"","format":"standard","meta":{"_acf_changed":false,"footnotes":""},"categories":[161],"tags":[],"class_list":["post-386294","post","type-post","status-publish","format-standard","has-post-thumbnail","hentry","category-quadradinho-em-foco"],"acf":[],"yoast_head":"<!-- This site is optimized with the Yoast SEO plugin v27.2 - https:\/\/yoast.com\/product\/yoast-seo-wordpress\/ -->\n<title>Em\u00eddio, o juiz da v\u00e1rzea - Notibras<\/title>\n<meta name=\"robots\" content=\"index, follow, max-snippet:-1, max-image-preview:large, max-video-preview:-1\" \/>\n<link rel=\"canonical\" href=\"https:\/\/www.notibras.com\/site\/emidio-o-juiz-da-varzea\/\" \/>\n<meta property=\"og:locale\" content=\"pt_BR\" \/>\n<meta property=\"og:type\" content=\"article\" \/>\n<meta property=\"og:title\" content=\"Em\u00eddio, o juiz da v\u00e1rzea - Notibras\" \/>\n<meta property=\"og:description\" content=\"Em\u00eddio, para apaziguar a frustra\u00e7\u00e3o por n\u00e3o ter se tornado jogador de futebol, encontrou um caminho para fazer parte do show e, assim, se tornou juiz de v\u00e1rzea na regi\u00e3o de Sobradinho, no Distrito Federal. Como sua saudosa av\u00f3 dizia, se voc\u00ea n\u00e3o tem c\u00e3o, ca\u00e7a com gato, mas se o bichano lhe faltar, amarre [&hellip;]\" \/>\n<meta property=\"og:url\" content=\"https:\/\/www.notibras.com\/site\/emidio-o-juiz-da-varzea\/\" \/>\n<meta property=\"og:site_name\" content=\"Notibras\" \/>\n<meta property=\"article:publisher\" content=\"https:\/\/www.facebook.com\/notibras\/\" \/>\n<meta property=\"article:published_time\" content=\"2026-03-11T05:00:37+00:00\" \/>\n<meta property=\"og:image\" content=\"https:\/\/www.notibras.com\/site\/wp-content\/uploads\/2026\/03\/WhatsApp-Image-2026-03-09-at-15.39.19.jpeg\" \/>\n\t<meta property=\"og:image:width\" content=\"1024\" \/>\n\t<meta property=\"og:image:height\" content=\"559\" \/>\n\t<meta property=\"og:image:type\" content=\"image\/jpeg\" \/>\n<meta name=\"author\" content=\"Eduardo Mart\u00ednez\" \/>\n<meta name=\"twitter:card\" content=\"summary_large_image\" \/>\n<meta name=\"twitter:creator\" content=\"@Notibras\" \/>\n<meta name=\"twitter:site\" content=\"@Notibras\" \/>\n<meta name=\"twitter:label1\" content=\"Escrito por\" \/>\n\t<meta name=\"twitter:data1\" content=\"Eduardo Mart\u00ednez\" \/>\n\t<meta name=\"twitter:label2\" content=\"Est. tempo de leitura\" \/>\n\t<meta name=\"twitter:data2\" content=\"4 minutos\" \/>\n<script type=\"application\/ld+json\" class=\"yoast-schema-graph\">{\"@context\":\"https:\/\/schema.org\",\"@graph\":[{\"@type\":\"Article\",\"@id\":\"https:\/\/www.notibras.com\/site\/emidio-o-juiz-da-varzea\/#article\",\"isPartOf\":{\"@id\":\"https:\/\/www.notibras.com\/site\/emidio-o-juiz-da-varzea\/\"},\"author\":{\"name\":\"Eduardo Mart\u00ednez\",\"@id\":\"https:\/\/www.notibras.com\/site\/#\/schema\/person\/5b7fabf2aedc3ada2105f03b22b4d3dd\"},\"headline\":\"Em\u00eddio, o juiz da v\u00e1rzea\",\"datePublished\":\"2026-03-11T05:00:37+00:00\",\"mainEntityOfPage\":{\"@id\":\"https:\/\/www.notibras.com\/site\/emidio-o-juiz-da-varzea\/\"},\"wordCount\":621,\"publisher\":{\"@id\":\"https:\/\/www.notibras.com\/site\/#organization\"},\"image\":{\"@id\":\"https:\/\/www.notibras.com\/site\/emidio-o-juiz-da-varzea\/#primaryimage\"},\"thumbnailUrl\":\"https:\/\/www.notibras.com\/site\/wp-content\/uploads\/2026\/03\/WhatsApp-Image-2026-03-09-at-15.39.19.jpeg\",\"articleSection\":[\"Quadradinho em Foco\"],\"inLanguage\":\"pt-BR\"},{\"@type\":\"WebPage\",\"@id\":\"https:\/\/www.notibras.com\/site\/emidio-o-juiz-da-varzea\/\",\"url\":\"https:\/\/www.notibras.com\/site\/emidio-o-juiz-da-varzea\/\",\"name\":\"Em\u00eddio, o juiz da v\u00e1rzea - Notibras\",\"isPartOf\":{\"@id\":\"https:\/\/www.notibras.com\/site\/#website\"},\"primaryImageOfPage\":{\"@id\":\"https:\/\/www.notibras.com\/site\/emidio-o-juiz-da-varzea\/#primaryimage\"},\"image\":{\"@id\":\"https:\/\/www.notibras.com\/site\/emidio-o-juiz-da-varzea\/#primaryimage\"},\"thumbnailUrl\":\"https:\/\/www.notibras.com\/site\/wp-content\/uploads\/2026\/03\/WhatsApp-Image-2026-03-09-at-15.39.19.jpeg\",\"datePublished\":\"2026-03-11T05:00:37+00:00\",\"breadcrumb\":{\"@id\":\"https:\/\/www.notibras.com\/site\/emidio-o-juiz-da-varzea\/#breadcrumb\"},\"inLanguage\":\"pt-BR\",\"potentialAction\":[{\"@type\":\"ReadAction\",\"target\":[\"https:\/\/www.notibras.com\/site\/emidio-o-juiz-da-varzea\/\"]}]},{\"@type\":\"ImageObject\",\"inLanguage\":\"pt-BR\",\"@id\":\"https:\/\/www.notibras.com\/site\/emidio-o-juiz-da-varzea\/#primaryimage\",\"url\":\"https:\/\/www.notibras.com\/site\/wp-content\/uploads\/2026\/03\/WhatsApp-Image-2026-03-09-at-15.39.19.jpeg\",\"contentUrl\":\"https:\/\/www.notibras.com\/site\/wp-content\/uploads\/2026\/03\/WhatsApp-Image-2026-03-09-at-15.39.19.jpeg\",\"width\":1024,\"height\":559},{\"@type\":\"BreadcrumbList\",\"@id\":\"https:\/\/www.notibras.com\/site\/emidio-o-juiz-da-varzea\/#breadcrumb\",\"itemListElement\":[{\"@type\":\"ListItem\",\"position\":1,\"name\":\"In\u00edcio\",\"item\":\"https:\/\/www.notibras.com\/site\/\"},{\"@type\":\"ListItem\",\"position\":2,\"name\":\"Em\u00eddio, o juiz da v\u00e1rzea\"}]},{\"@type\":\"WebSite\",\"@id\":\"https:\/\/www.notibras.com\/site\/#website\",\"url\":\"https:\/\/www.notibras.com\/site\/\",\"name\":\"Notibras\",\"description\":\"Not\u00edcias de Bras\u00edlia, do Brasil e do Mundo\",\"publisher\":{\"@id\":\"https:\/\/www.notibras.com\/site\/#organization\"},\"potentialAction\":[{\"@type\":\"SearchAction\",\"target\":{\"@type\":\"EntryPoint\",\"urlTemplate\":\"https:\/\/www.notibras.com\/site\/?s={search_term_string}\"},\"query-input\":{\"@type\":\"PropertyValueSpecification\",\"valueRequired\":true,\"valueName\":\"search_term_string\"}}],\"inLanguage\":\"pt-BR\"},{\"@type\":\"Organization\",\"@id\":\"https:\/\/www.notibras.com\/site\/#organization\",\"name\":\"Grupo Notibras de Comunica\u00e7\u00e3o\",\"url\":\"https:\/\/www.notibras.com\/site\/\",\"logo\":{\"@type\":\"ImageObject\",\"inLanguage\":\"pt-BR\",\"@id\":\"https:\/\/www.notibras.com\/site\/#\/schema\/logo\/image\/\",\"url\":\"https:\/\/www.notibras.com\/site\/wp-content\/uploads\/2023\/01\/notibras23.png\",\"contentUrl\":\"https:\/\/www.notibras.com\/site\/wp-content\/uploads\/2023\/01\/notibras23.png\",\"width\":350,\"height\":87,\"caption\":\"Grupo Notibras de Comunica\u00e7\u00e3o\"},\"image\":{\"@id\":\"https:\/\/www.notibras.com\/site\/#\/schema\/logo\/image\/\"},\"sameAs\":[\"https:\/\/www.facebook.com\/notibras\/\",\"https:\/\/x.com\/Notibras\",\"https:\/\/www.instagram.com\/notibras\/\"]},{\"@type\":\"Person\",\"@id\":\"https:\/\/www.notibras.com\/site\/#\/schema\/person\/5b7fabf2aedc3ada2105f03b22b4d3dd\",\"name\":\"Eduardo Mart\u00ednez\",\"image\":{\"@type\":\"ImageObject\",\"inLanguage\":\"pt-BR\",\"@id\":\"https:\/\/secure.gravatar.com\/avatar\/7902f906289926289cbcda644b5197c796b893c6ffd7b9a536a42d290f7704a0?s=96&d=mm&r=g\",\"url\":\"https:\/\/secure.gravatar.com\/avatar\/7902f906289926289cbcda644b5197c796b893c6ffd7b9a536a42d290f7704a0?s=96&d=mm&r=g\",\"contentUrl\":\"https:\/\/secure.gravatar.com\/avatar\/7902f906289926289cbcda644b5197c796b893c6ffd7b9a536a42d290f7704a0?s=96&d=mm&r=g\",\"caption\":\"Eduardo Mart\u00ednez\"}}]}<\/script>\n<!-- \/ Yoast SEO plugin. -->","yoast_head_json":{"title":"Em\u00eddio, o juiz da v\u00e1rzea - Notibras","robots":{"index":"index","follow":"follow","max-snippet":"max-snippet:-1","max-image-preview":"max-image-preview:large","max-video-preview":"max-video-preview:-1"},"canonical":"https:\/\/www.notibras.com\/site\/emidio-o-juiz-da-varzea\/","og_locale":"pt_BR","og_type":"article","og_title":"Em\u00eddio, o juiz da v\u00e1rzea - Notibras","og_description":"Em\u00eddio, para apaziguar a frustra\u00e7\u00e3o por n\u00e3o ter se tornado jogador de futebol, encontrou um caminho para fazer parte do show e, assim, se tornou juiz de v\u00e1rzea na regi\u00e3o de Sobradinho, no Distrito Federal. Como sua saudosa av\u00f3 dizia, se voc\u00ea n\u00e3o tem c\u00e3o, ca\u00e7a com gato, mas se o bichano lhe faltar, amarre [&hellip;]","og_url":"https:\/\/www.notibras.com\/site\/emidio-o-juiz-da-varzea\/","og_site_name":"Notibras","article_publisher":"https:\/\/www.facebook.com\/notibras\/","article_published_time":"2026-03-11T05:00:37+00:00","og_image":[{"width":1024,"height":559,"url":"https:\/\/www.notibras.com\/site\/wp-content\/uploads\/2026\/03\/WhatsApp-Image-2026-03-09-at-15.39.19.jpeg","type":"image\/jpeg"}],"author":"Eduardo Mart\u00ednez","twitter_card":"summary_large_image","twitter_creator":"@Notibras","twitter_site":"@Notibras","twitter_misc":{"Escrito por":"Eduardo Mart\u00ednez","Est. tempo de leitura":"4 minutos"},"schema":{"@context":"https:\/\/schema.org","@graph":[{"@type":"Article","@id":"https:\/\/www.notibras.com\/site\/emidio-o-juiz-da-varzea\/#article","isPartOf":{"@id":"https:\/\/www.notibras.com\/site\/emidio-o-juiz-da-varzea\/"},"author":{"name":"Eduardo Mart\u00ednez","@id":"https:\/\/www.notibras.com\/site\/#\/schema\/person\/5b7fabf2aedc3ada2105f03b22b4d3dd"},"headline":"Em\u00eddio, o juiz da v\u00e1rzea","datePublished":"2026-03-11T05:00:37+00:00","mainEntityOfPage":{"@id":"https:\/\/www.notibras.com\/site\/emidio-o-juiz-da-varzea\/"},"wordCount":621,"publisher":{"@id":"https:\/\/www.notibras.com\/site\/#organization"},"image":{"@id":"https:\/\/www.notibras.com\/site\/emidio-o-juiz-da-varzea\/#primaryimage"},"thumbnailUrl":"https:\/\/www.notibras.com\/site\/wp-content\/uploads\/2026\/03\/WhatsApp-Image-2026-03-09-at-15.39.19.jpeg","articleSection":["Quadradinho em Foco"],"inLanguage":"pt-BR"},{"@type":"WebPage","@id":"https:\/\/www.notibras.com\/site\/emidio-o-juiz-da-varzea\/","url":"https:\/\/www.notibras.com\/site\/emidio-o-juiz-da-varzea\/","name":"Em\u00eddio, o juiz da v\u00e1rzea - Notibras","isPartOf":{"@id":"https:\/\/www.notibras.com\/site\/#website"},"primaryImageOfPage":{"@id":"https:\/\/www.notibras.com\/site\/emidio-o-juiz-da-varzea\/#primaryimage"},"image":{"@id":"https:\/\/www.notibras.com\/site\/emidio-o-juiz-da-varzea\/#primaryimage"},"thumbnailUrl":"https:\/\/www.notibras.com\/site\/wp-content\/uploads\/2026\/03\/WhatsApp-Image-2026-03-09-at-15.39.19.jpeg","datePublished":"2026-03-11T05:00:37+00:00","breadcrumb":{"@id":"https:\/\/www.notibras.com\/site\/emidio-o-juiz-da-varzea\/#breadcrumb"},"inLanguage":"pt-BR","potentialAction":[{"@type":"ReadAction","target":["https:\/\/www.notibras.com\/site\/emidio-o-juiz-da-varzea\/"]}]},{"@type":"ImageObject","inLanguage":"pt-BR","@id":"https:\/\/www.notibras.com\/site\/emidio-o-juiz-da-varzea\/#primaryimage","url":"https:\/\/www.notibras.com\/site\/wp-content\/uploads\/2026\/03\/WhatsApp-Image-2026-03-09-at-15.39.19.jpeg","contentUrl":"https:\/\/www.notibras.com\/site\/wp-content\/uploads\/2026\/03\/WhatsApp-Image-2026-03-09-at-15.39.19.jpeg","width":1024,"height":559},{"@type":"BreadcrumbList","@id":"https:\/\/www.notibras.com\/site\/emidio-o-juiz-da-varzea\/#breadcrumb","itemListElement":[{"@type":"ListItem","position":1,"name":"In\u00edcio","item":"https:\/\/www.notibras.com\/site\/"},{"@type":"ListItem","position":2,"name":"Em\u00eddio, o juiz da v\u00e1rzea"}]},{"@type":"WebSite","@id":"https:\/\/www.notibras.com\/site\/#website","url":"https:\/\/www.notibras.com\/site\/","name":"Notibras","description":"Not\u00edcias de Bras\u00edlia, do Brasil e do Mundo","publisher":{"@id":"https:\/\/www.notibras.com\/site\/#organization"},"potentialAction":[{"@type":"SearchAction","target":{"@type":"EntryPoint","urlTemplate":"https:\/\/www.notibras.com\/site\/?s={search_term_string}"},"query-input":{"@type":"PropertyValueSpecification","valueRequired":true,"valueName":"search_term_string"}}],"inLanguage":"pt-BR"},{"@type":"Organization","@id":"https:\/\/www.notibras.com\/site\/#organization","name":"Grupo Notibras de Comunica\u00e7\u00e3o","url":"https:\/\/www.notibras.com\/site\/","logo":{"@type":"ImageObject","inLanguage":"pt-BR","@id":"https:\/\/www.notibras.com\/site\/#\/schema\/logo\/image\/","url":"https:\/\/www.notibras.com\/site\/wp-content\/uploads\/2023\/01\/notibras23.png","contentUrl":"https:\/\/www.notibras.com\/site\/wp-content\/uploads\/2023\/01\/notibras23.png","width":350,"height":87,"caption":"Grupo Notibras de Comunica\u00e7\u00e3o"},"image":{"@id":"https:\/\/www.notibras.com\/site\/#\/schema\/logo\/image\/"},"sameAs":["https:\/\/www.facebook.com\/notibras\/","https:\/\/x.com\/Notibras","https:\/\/www.instagram.com\/notibras\/"]},{"@type":"Person","@id":"https:\/\/www.notibras.com\/site\/#\/schema\/person\/5b7fabf2aedc3ada2105f03b22b4d3dd","name":"Eduardo Mart\u00ednez","image":{"@type":"ImageObject","inLanguage":"pt-BR","@id":"https:\/\/secure.gravatar.com\/avatar\/7902f906289926289cbcda644b5197c796b893c6ffd7b9a536a42d290f7704a0?s=96&d=mm&r=g","url":"https:\/\/secure.gravatar.com\/avatar\/7902f906289926289cbcda644b5197c796b893c6ffd7b9a536a42d290f7704a0?s=96&d=mm&r=g","contentUrl":"https:\/\/secure.gravatar.com\/avatar\/7902f906289926289cbcda644b5197c796b893c6ffd7b9a536a42d290f7704a0?s=96&d=mm&r=g","caption":"Eduardo Mart\u00ednez"}}]}},"amp_enabled":true,"_links":{"self":[{"href":"https:\/\/www.notibras.com\/site\/wp-json\/wp\/v2\/posts\/386294","targetHints":{"allow":["GET"]}}],"collection":[{"href":"https:\/\/www.notibras.com\/site\/wp-json\/wp\/v2\/posts"}],"about":[{"href":"https:\/\/www.notibras.com\/site\/wp-json\/wp\/v2\/types\/post"}],"author":[{"embeddable":true,"href":"https:\/\/www.notibras.com\/site\/wp-json\/wp\/v2\/users\/21"}],"replies":[{"embeddable":true,"href":"https:\/\/www.notibras.com\/site\/wp-json\/wp\/v2\/comments?post=386294"}],"version-history":[{"count":2,"href":"https:\/\/www.notibras.com\/site\/wp-json\/wp\/v2\/posts\/386294\/revisions"}],"predecessor-version":[{"id":386297,"href":"https:\/\/www.notibras.com\/site\/wp-json\/wp\/v2\/posts\/386294\/revisions\/386297"}],"wp:featuredmedia":[{"embeddable":true,"href":"https:\/\/www.notibras.com\/site\/wp-json\/wp\/v2\/media\/386295"}],"wp:attachment":[{"href":"https:\/\/www.notibras.com\/site\/wp-json\/wp\/v2\/media?parent=386294"}],"wp:term":[{"taxonomy":"category","embeddable":true,"href":"https:\/\/www.notibras.com\/site\/wp-json\/wp\/v2\/categories?post=386294"},{"taxonomy":"post_tag","embeddable":true,"href":"https:\/\/www.notibras.com\/site\/wp-json\/wp\/v2\/tags?post=386294"}],"curies":[{"name":"wp","href":"https:\/\/api.w.org\/{rel}","templated":true}]}}