{"id":386298,"date":"2026-03-10T01:15:52","date_gmt":"2026-03-10T04:15:52","guid":{"rendered":"https:\/\/www.notibras.com\/site\/?p=386298"},"modified":"2026-03-09T16:12:55","modified_gmt":"2026-03-09T19:12:55","slug":"por-mim-por-voce-por-todas-elas","status":"publish","type":"post","link":"https:\/\/www.notibras.com\/site\/por-mim-por-voce-por-todas-elas\/","title":{"rendered":"Por mim, por voc\u00ea, por todas elas!"},"content":{"rendered":"<p>H\u00e1 mulheres que s\u00e3o criadas por homens<br \/>\nE homens que s\u00e3o criados por mulheres<br \/>\nH\u00e1 mulheres que se parecem com homens<br \/>\nE homens que se parecem com mulheres<\/p>\n<p>Longe do certo ou errado<br \/>\nPra mim, 1 + 1 nunca foi 2<br \/>\nAgora se pra voc\u00ea,<br \/>\nessa equa\u00e7\u00e3o n\u00e3o fecha &#8230;<\/p>\n<p>A verdade \u00e9 que:<br \/>\nEste n\u00e3o \u00e9 mais um poema-manifesto<br \/>\n(embora ele se manifeste)<br \/>\nApenas um protesto (ou proteste!)<\/p>\n<p>Pelas leis da ancestralidade<br \/>\n(esta boa ou n\u00e3o)<br \/>\nDeclaro que:<\/p>\n<p>Se eu me caso ou n\u00e3o<br \/>\n\u00c9 porque outras n\u00e3o tiveram essa possibilidade<br \/>\nSe moro s\u00f3 ou n\u00e3o<br \/>\n\u00c9 porque outras abriram esse espa\u00e7o<br \/>\nSe cozinho ou n\u00e3o<br \/>\n\u00c9 porque outros (emocionados ou &#8230;)<br \/>\nMe deram essa oportunidade<br \/>\n(E olha que a lista \u00e9 grande!)<\/p>\n<p>A verdade \u00e9 que:<br \/>\nPelas leis da ancestralidade<br \/>\nHoje PODEMOS muito mais<br \/>\n(e ainda queremos mais!)<\/p>\n<p>Afinal, respeito, dignidade e liberdade<br \/>\nEcoam aqui como resqu\u00edcios da<br \/>\n(R)evolu\u00e7\u00e3o n\u00e3o-declarada<br \/>\n(n\u00e3o a Francesa, \u00e9 claro)<\/p>\n<p>Mas para que possamos tamb\u00e9m<br \/>\ndormir em ber\u00e7o espl\u00eandido<br \/>\nA p\u00e1tria-m\u00e3e invoca conquistas importantes:<br \/>\nO direito ao voto, mulheres no futebol,<br \/>\no div\u00f3rcio, mulheres que viajam sozinhas<br \/>\n(e muito mais!)<\/p>\n<p>A cada dia seguinte<br \/>\n\u00c9 tempo de &#8230;<br \/>\nPor mim, por voc\u00ea, por TODAS ELAS!<\/p>\n","protected":false},"excerpt":{"rendered":"<p>H\u00e1 mulheres que s\u00e3o criadas por homens E homens que s\u00e3o criados por mulheres H\u00e1 mulheres que se parecem com homens E homens que se parecem com mulheres Longe do certo ou errado Pra mim, 1 + 1 nunca foi 2 Agora se pra voc\u00ea, essa equa\u00e7\u00e3o n\u00e3o fecha &#8230; A verdade \u00e9 que: Este [&hellip;]<\/p>\n","protected":false},"author":21,"featured_media":386299,"comment_status":"closed","ping_status":"closed","sticky":false,"template":"","format":"standard","meta":{"_acf_changed":false,"footnotes":""},"categories":[234],"tags":[],"class_list":["post-386298","post","type-post","status-publish","format-standard","has-post-thumbnail","hentry","category-cafe-literario"],"acf":[],"yoast_head":"<!-- This site is optimized with the Yoast SEO plugin v27.2 - https:\/\/yoast.com\/product\/yoast-seo-wordpress\/ -->\n<title>Por mim, por voc\u00ea, por todas elas! - Notibras<\/title>\n<meta name=\"robots\" content=\"index, follow, max-snippet:-1, max-image-preview:large, max-video-preview:-1\" \/>\n<link rel=\"canonical\" href=\"https:\/\/www.notibras.com\/site\/por-mim-por-voce-por-todas-elas\/\" \/>\n<meta property=\"og:locale\" content=\"pt_BR\" \/>\n<meta property=\"og:type\" content=\"article\" \/>\n<meta property=\"og:title\" content=\"Por mim, por voc\u00ea, por todas elas! - Notibras\" \/>\n<meta property=\"og:description\" content=\"H\u00e1 mulheres que s\u00e3o criadas por homens E homens que s\u00e3o criados por mulheres H\u00e1 mulheres que se parecem com homens E homens que se parecem com mulheres Longe do certo ou errado Pra mim, 1 + 1 nunca foi 2 Agora se pra voc\u00ea, essa equa\u00e7\u00e3o n\u00e3o fecha &#8230; A verdade \u00e9 que: Este [&hellip;]\" \/>\n<meta property=\"og:url\" content=\"https:\/\/www.notibras.com\/site\/por-mim-por-voce-por-todas-elas\/\" \/>\n<meta property=\"og:site_name\" content=\"Notibras\" \/>\n<meta property=\"article:publisher\" content=\"https:\/\/www.facebook.com\/notibras\/\" \/>\n<meta property=\"article:published_time\" content=\"2026-03-10T04:15:52+00:00\" \/>\n<meta property=\"og:image\" content=\"https:\/\/www.notibras.com\/site\/wp-content\/uploads\/2026\/03\/WhatsApp-Image-2026-03-09-at-16.11.22.jpeg\" \/>\n\t<meta property=\"og:image:width\" content=\"913\" \/>\n\t<meta property=\"og:image:height\" content=\"559\" \/>\n\t<meta property=\"og:image:type\" content=\"image\/jpeg\" \/>\n<meta name=\"author\" content=\"Eduardo Mart\u00ednez\" \/>\n<meta name=\"twitter:card\" content=\"summary_large_image\" \/>\n<meta name=\"twitter:creator\" content=\"@Notibras\" \/>\n<meta name=\"twitter:site\" content=\"@Notibras\" \/>\n<meta name=\"twitter:label1\" content=\"Escrito por\" \/>\n\t<meta name=\"twitter:data1\" content=\"Eduardo Mart\u00ednez\" \/>\n\t<meta name=\"twitter:label2\" content=\"Est. tempo de leitura\" \/>\n\t<meta name=\"twitter:data2\" content=\"2 minutos\" \/>\n<script type=\"application\/ld+json\" class=\"yoast-schema-graph\">{\"@context\":\"https:\/\/schema.org\",\"@graph\":[{\"@type\":\"Article\",\"@id\":\"https:\/\/www.notibras.com\/site\/por-mim-por-voce-por-todas-elas\/#article\",\"isPartOf\":{\"@id\":\"https:\/\/www.notibras.com\/site\/por-mim-por-voce-por-todas-elas\/\"},\"author\":{\"name\":\"Eduardo Mart\u00ednez\",\"@id\":\"https:\/\/www.notibras.com\/site\/#\/schema\/person\/5b7fabf2aedc3ada2105f03b22b4d3dd\"},\"headline\":\"Por mim, por voc\u00ea, por todas elas!\",\"datePublished\":\"2026-03-10T04:15:52+00:00\",\"mainEntityOfPage\":{\"@id\":\"https:\/\/www.notibras.com\/site\/por-mim-por-voce-por-todas-elas\/\"},\"wordCount\":215,\"publisher\":{\"@id\":\"https:\/\/www.notibras.com\/site\/#organization\"},\"image\":{\"@id\":\"https:\/\/www.notibras.com\/site\/por-mim-por-voce-por-todas-elas\/#primaryimage\"},\"thumbnailUrl\":\"https:\/\/www.notibras.com\/site\/wp-content\/uploads\/2026\/03\/WhatsApp-Image-2026-03-09-at-16.11.22.jpeg\",\"articleSection\":[\"Caf\u00e9 Liter\u00e1rio\"],\"inLanguage\":\"pt-BR\"},{\"@type\":\"WebPage\",\"@id\":\"https:\/\/www.notibras.com\/site\/por-mim-por-voce-por-todas-elas\/\",\"url\":\"https:\/\/www.notibras.com\/site\/por-mim-por-voce-por-todas-elas\/\",\"name\":\"Por mim, por voc\u00ea, por todas elas! - Notibras\",\"isPartOf\":{\"@id\":\"https:\/\/www.notibras.com\/site\/#website\"},\"primaryImageOfPage\":{\"@id\":\"https:\/\/www.notibras.com\/site\/por-mim-por-voce-por-todas-elas\/#primaryimage\"},\"image\":{\"@id\":\"https:\/\/www.notibras.com\/site\/por-mim-por-voce-por-todas-elas\/#primaryimage\"},\"thumbnailUrl\":\"https:\/\/www.notibras.com\/site\/wp-content\/uploads\/2026\/03\/WhatsApp-Image-2026-03-09-at-16.11.22.jpeg\",\"datePublished\":\"2026-03-10T04:15:52+00:00\",\"breadcrumb\":{\"@id\":\"https:\/\/www.notibras.com\/site\/por-mim-por-voce-por-todas-elas\/#breadcrumb\"},\"inLanguage\":\"pt-BR\",\"potentialAction\":[{\"@type\":\"ReadAction\",\"target\":[\"https:\/\/www.notibras.com\/site\/por-mim-por-voce-por-todas-elas\/\"]}]},{\"@type\":\"ImageObject\",\"inLanguage\":\"pt-BR\",\"@id\":\"https:\/\/www.notibras.com\/site\/por-mim-por-voce-por-todas-elas\/#primaryimage\",\"url\":\"https:\/\/www.notibras.com\/site\/wp-content\/uploads\/2026\/03\/WhatsApp-Image-2026-03-09-at-16.11.22.jpeg\",\"contentUrl\":\"https:\/\/www.notibras.com\/site\/wp-content\/uploads\/2026\/03\/WhatsApp-Image-2026-03-09-at-16.11.22.jpeg\",\"width\":913,\"height\":559},{\"@type\":\"BreadcrumbList\",\"@id\":\"https:\/\/www.notibras.com\/site\/por-mim-por-voce-por-todas-elas\/#breadcrumb\",\"itemListElement\":[{\"@type\":\"ListItem\",\"position\":1,\"name\":\"In\u00edcio\",\"item\":\"https:\/\/www.notibras.com\/site\/\"},{\"@type\":\"ListItem\",\"position\":2,\"name\":\"Por mim, por voc\u00ea, por todas elas!\"}]},{\"@type\":\"WebSite\",\"@id\":\"https:\/\/www.notibras.com\/site\/#website\",\"url\":\"https:\/\/www.notibras.com\/site\/\",\"name\":\"Notibras\",\"description\":\"Not\u00edcias de Bras\u00edlia, do Brasil e do Mundo\",\"publisher\":{\"@id\":\"https:\/\/www.notibras.com\/site\/#organization\"},\"potentialAction\":[{\"@type\":\"SearchAction\",\"target\":{\"@type\":\"EntryPoint\",\"urlTemplate\":\"https:\/\/www.notibras.com\/site\/?s={search_term_string}\"},\"query-input\":{\"@type\":\"PropertyValueSpecification\",\"valueRequired\":true,\"valueName\":\"search_term_string\"}}],\"inLanguage\":\"pt-BR\"},{\"@type\":\"Organization\",\"@id\":\"https:\/\/www.notibras.com\/site\/#organization\",\"name\":\"Grupo Notibras de Comunica\u00e7\u00e3o\",\"url\":\"https:\/\/www.notibras.com\/site\/\",\"logo\":{\"@type\":\"ImageObject\",\"inLanguage\":\"pt-BR\",\"@id\":\"https:\/\/www.notibras.com\/site\/#\/schema\/logo\/image\/\",\"url\":\"https:\/\/www.notibras.com\/site\/wp-content\/uploads\/2023\/01\/notibras23.png\",\"contentUrl\":\"https:\/\/www.notibras.com\/site\/wp-content\/uploads\/2023\/01\/notibras23.png\",\"width\":350,\"height\":87,\"caption\":\"Grupo Notibras de Comunica\u00e7\u00e3o\"},\"image\":{\"@id\":\"https:\/\/www.notibras.com\/site\/#\/schema\/logo\/image\/\"},\"sameAs\":[\"https:\/\/www.facebook.com\/notibras\/\",\"https:\/\/x.com\/Notibras\",\"https:\/\/www.instagram.com\/notibras\/\"]},{\"@type\":\"Person\",\"@id\":\"https:\/\/www.notibras.com\/site\/#\/schema\/person\/5b7fabf2aedc3ada2105f03b22b4d3dd\",\"name\":\"Eduardo Mart\u00ednez\",\"image\":{\"@type\":\"ImageObject\",\"inLanguage\":\"pt-BR\",\"@id\":\"https:\/\/secure.gravatar.com\/avatar\/7902f906289926289cbcda644b5197c796b893c6ffd7b9a536a42d290f7704a0?s=96&d=mm&r=g\",\"url\":\"https:\/\/secure.gravatar.com\/avatar\/7902f906289926289cbcda644b5197c796b893c6ffd7b9a536a42d290f7704a0?s=96&d=mm&r=g\",\"contentUrl\":\"https:\/\/secure.gravatar.com\/avatar\/7902f906289926289cbcda644b5197c796b893c6ffd7b9a536a42d290f7704a0?s=96&d=mm&r=g\",\"caption\":\"Eduardo Mart\u00ednez\"}}]}<\/script>\n<!-- \/ Yoast SEO plugin. -->","yoast_head_json":{"title":"Por mim, por voc\u00ea, por todas elas! - Notibras","robots":{"index":"index","follow":"follow","max-snippet":"max-snippet:-1","max-image-preview":"max-image-preview:large","max-video-preview":"max-video-preview:-1"},"canonical":"https:\/\/www.notibras.com\/site\/por-mim-por-voce-por-todas-elas\/","og_locale":"pt_BR","og_type":"article","og_title":"Por mim, por voc\u00ea, por todas elas! - Notibras","og_description":"H\u00e1 mulheres que s\u00e3o criadas por homens E homens que s\u00e3o criados por mulheres H\u00e1 mulheres que se parecem com homens E homens que se parecem com mulheres Longe do certo ou errado Pra mim, 1 + 1 nunca foi 2 Agora se pra voc\u00ea, essa equa\u00e7\u00e3o n\u00e3o fecha &#8230; A verdade \u00e9 que: Este [&hellip;]","og_url":"https:\/\/www.notibras.com\/site\/por-mim-por-voce-por-todas-elas\/","og_site_name":"Notibras","article_publisher":"https:\/\/www.facebook.com\/notibras\/","article_published_time":"2026-03-10T04:15:52+00:00","og_image":[{"width":913,"height":559,"url":"https:\/\/www.notibras.com\/site\/wp-content\/uploads\/2026\/03\/WhatsApp-Image-2026-03-09-at-16.11.22.jpeg","type":"image\/jpeg"}],"author":"Eduardo Mart\u00ednez","twitter_card":"summary_large_image","twitter_creator":"@Notibras","twitter_site":"@Notibras","twitter_misc":{"Escrito por":"Eduardo Mart\u00ednez","Est. tempo de leitura":"2 minutos"},"schema":{"@context":"https:\/\/schema.org","@graph":[{"@type":"Article","@id":"https:\/\/www.notibras.com\/site\/por-mim-por-voce-por-todas-elas\/#article","isPartOf":{"@id":"https:\/\/www.notibras.com\/site\/por-mim-por-voce-por-todas-elas\/"},"author":{"name":"Eduardo Mart\u00ednez","@id":"https:\/\/www.notibras.com\/site\/#\/schema\/person\/5b7fabf2aedc3ada2105f03b22b4d3dd"},"headline":"Por mim, por voc\u00ea, por todas elas!","datePublished":"2026-03-10T04:15:52+00:00","mainEntityOfPage":{"@id":"https:\/\/www.notibras.com\/site\/por-mim-por-voce-por-todas-elas\/"},"wordCount":215,"publisher":{"@id":"https:\/\/www.notibras.com\/site\/#organization"},"image":{"@id":"https:\/\/www.notibras.com\/site\/por-mim-por-voce-por-todas-elas\/#primaryimage"},"thumbnailUrl":"https:\/\/www.notibras.com\/site\/wp-content\/uploads\/2026\/03\/WhatsApp-Image-2026-03-09-at-16.11.22.jpeg","articleSection":["Caf\u00e9 Liter\u00e1rio"],"inLanguage":"pt-BR"},{"@type":"WebPage","@id":"https:\/\/www.notibras.com\/site\/por-mim-por-voce-por-todas-elas\/","url":"https:\/\/www.notibras.com\/site\/por-mim-por-voce-por-todas-elas\/","name":"Por mim, por voc\u00ea, por todas elas! - Notibras","isPartOf":{"@id":"https:\/\/www.notibras.com\/site\/#website"},"primaryImageOfPage":{"@id":"https:\/\/www.notibras.com\/site\/por-mim-por-voce-por-todas-elas\/#primaryimage"},"image":{"@id":"https:\/\/www.notibras.com\/site\/por-mim-por-voce-por-todas-elas\/#primaryimage"},"thumbnailUrl":"https:\/\/www.notibras.com\/site\/wp-content\/uploads\/2026\/03\/WhatsApp-Image-2026-03-09-at-16.11.22.jpeg","datePublished":"2026-03-10T04:15:52+00:00","breadcrumb":{"@id":"https:\/\/www.notibras.com\/site\/por-mim-por-voce-por-todas-elas\/#breadcrumb"},"inLanguage":"pt-BR","potentialAction":[{"@type":"ReadAction","target":["https:\/\/www.notibras.com\/site\/por-mim-por-voce-por-todas-elas\/"]}]},{"@type":"ImageObject","inLanguage":"pt-BR","@id":"https:\/\/www.notibras.com\/site\/por-mim-por-voce-por-todas-elas\/#primaryimage","url":"https:\/\/www.notibras.com\/site\/wp-content\/uploads\/2026\/03\/WhatsApp-Image-2026-03-09-at-16.11.22.jpeg","contentUrl":"https:\/\/www.notibras.com\/site\/wp-content\/uploads\/2026\/03\/WhatsApp-Image-2026-03-09-at-16.11.22.jpeg","width":913,"height":559},{"@type":"BreadcrumbList","@id":"https:\/\/www.notibras.com\/site\/por-mim-por-voce-por-todas-elas\/#breadcrumb","itemListElement":[{"@type":"ListItem","position":1,"name":"In\u00edcio","item":"https:\/\/www.notibras.com\/site\/"},{"@type":"ListItem","position":2,"name":"Por mim, por voc\u00ea, por todas elas!"}]},{"@type":"WebSite","@id":"https:\/\/www.notibras.com\/site\/#website","url":"https:\/\/www.notibras.com\/site\/","name":"Notibras","description":"Not\u00edcias de Bras\u00edlia, do Brasil e do Mundo","publisher":{"@id":"https:\/\/www.notibras.com\/site\/#organization"},"potentialAction":[{"@type":"SearchAction","target":{"@type":"EntryPoint","urlTemplate":"https:\/\/www.notibras.com\/site\/?s={search_term_string}"},"query-input":{"@type":"PropertyValueSpecification","valueRequired":true,"valueName":"search_term_string"}}],"inLanguage":"pt-BR"},{"@type":"Organization","@id":"https:\/\/www.notibras.com\/site\/#organization","name":"Grupo Notibras de Comunica\u00e7\u00e3o","url":"https:\/\/www.notibras.com\/site\/","logo":{"@type":"ImageObject","inLanguage":"pt-BR","@id":"https:\/\/www.notibras.com\/site\/#\/schema\/logo\/image\/","url":"https:\/\/www.notibras.com\/site\/wp-content\/uploads\/2023\/01\/notibras23.png","contentUrl":"https:\/\/www.notibras.com\/site\/wp-content\/uploads\/2023\/01\/notibras23.png","width":350,"height":87,"caption":"Grupo Notibras de Comunica\u00e7\u00e3o"},"image":{"@id":"https:\/\/www.notibras.com\/site\/#\/schema\/logo\/image\/"},"sameAs":["https:\/\/www.facebook.com\/notibras\/","https:\/\/x.com\/Notibras","https:\/\/www.instagram.com\/notibras\/"]},{"@type":"Person","@id":"https:\/\/www.notibras.com\/site\/#\/schema\/person\/5b7fabf2aedc3ada2105f03b22b4d3dd","name":"Eduardo Mart\u00ednez","image":{"@type":"ImageObject","inLanguage":"pt-BR","@id":"https:\/\/secure.gravatar.com\/avatar\/7902f906289926289cbcda644b5197c796b893c6ffd7b9a536a42d290f7704a0?s=96&d=mm&r=g","url":"https:\/\/secure.gravatar.com\/avatar\/7902f906289926289cbcda644b5197c796b893c6ffd7b9a536a42d290f7704a0?s=96&d=mm&r=g","contentUrl":"https:\/\/secure.gravatar.com\/avatar\/7902f906289926289cbcda644b5197c796b893c6ffd7b9a536a42d290f7704a0?s=96&d=mm&r=g","caption":"Eduardo Mart\u00ednez"}}]}},"amp_enabled":true,"_links":{"self":[{"href":"https:\/\/www.notibras.com\/site\/wp-json\/wp\/v2\/posts\/386298","targetHints":{"allow":["GET"]}}],"collection":[{"href":"https:\/\/www.notibras.com\/site\/wp-json\/wp\/v2\/posts"}],"about":[{"href":"https:\/\/www.notibras.com\/site\/wp-json\/wp\/v2\/types\/post"}],"author":[{"embeddable":true,"href":"https:\/\/www.notibras.com\/site\/wp-json\/wp\/v2\/users\/21"}],"replies":[{"embeddable":true,"href":"https:\/\/www.notibras.com\/site\/wp-json\/wp\/v2\/comments?post=386298"}],"version-history":[{"count":1,"href":"https:\/\/www.notibras.com\/site\/wp-json\/wp\/v2\/posts\/386298\/revisions"}],"predecessor-version":[{"id":386300,"href":"https:\/\/www.notibras.com\/site\/wp-json\/wp\/v2\/posts\/386298\/revisions\/386300"}],"wp:featuredmedia":[{"embeddable":true,"href":"https:\/\/www.notibras.com\/site\/wp-json\/wp\/v2\/media\/386299"}],"wp:attachment":[{"href":"https:\/\/www.notibras.com\/site\/wp-json\/wp\/v2\/media?parent=386298"}],"wp:term":[{"taxonomy":"category","embeddable":true,"href":"https:\/\/www.notibras.com\/site\/wp-json\/wp\/v2\/categories?post=386298"},{"taxonomy":"post_tag","embeddable":true,"href":"https:\/\/www.notibras.com\/site\/wp-json\/wp\/v2\/tags?post=386298"}],"curies":[{"name":"wp","href":"https:\/\/api.w.org\/{rel}","templated":true}]}}