{"id":386309,"date":"2026-03-10T02:39:30","date_gmt":"2026-03-10T05:39:30","guid":{"rendered":"https:\/\/www.notibras.com\/site\/?p=386309"},"modified":"2026-03-10T03:01:39","modified_gmt":"2026-03-10T06:01:39","slug":"ataque-ao-ira-liga-alerta-no-brasil-e-na-africa","status":"publish","type":"post","link":"https:\/\/www.notibras.com\/site\/ataque-ao-ira-liga-alerta-no-brasil-e-na-africa\/","title":{"rendered":"Ataque ao Ir\u00e3 liga alerta no Brasil e na \u00c1frica"},"content":{"rendered":"<p>O presidente Luiz In\u00e1cio Lula da Silva disse ao presidente da \u00c1frica do Sul, Cyril Ramaphosa, que os dois pa\u00edses devem focar na autonomia e no fortalecimento, por meio da produ\u00e7\u00e3o de artigos militares para autodefesa.<\/p>\n<p>\u201cSe a gente n\u00e3o se preparar na quest\u00e3o de defesa, qualquer dia algu\u00e9m invade a gente. O Brasil tem necessidade similar \u00e0 da \u00c1frica do Sul. Portanto, vamos juntar o nosso potencial e ver o que podemos construir juntos\u201d, sublinhou Lula, ao receber Ramaphosa no Pal\u00e1cio do Planalto, em Bras\u00edlia, na segunda, 9.<\/p>\n<p>&#8220;N\u00e3o precisamos ficar comprando dos &#8216;Senhores das Armas&#8217;. N\u00f3s poderemos produzir. Ningu\u00e9m vai ajudar a gente, a n\u00e3o ser n\u00f3s mesmos&#8221;, pontuou.<\/p>\n<p>O presidente brasileiro defendeu que os dois pa\u00edses do Sul Global articulem uma parceria estrat\u00e9gica para se tornarem um mercado relevante para a ind\u00fastria de defesa.<\/p>\n<p>A declara\u00e7\u00e3o de Lula foi dada ap\u00f3s assinatura de acordos bilaterais nas \u00e1reas de turismo, de com\u00e9rcio exterior e da ind\u00fastria, no Pal\u00e1cio do Planalto. A visita do presidente sul-africano ao Brasil vai at\u00e9 esta ter\u00e7a (10).<\/p>\n<p>Lula tamb\u00e9m reiterou o perfil pac\u00edfico da Am\u00e9rica do Sul e que as tecnologias t\u00eam uso civil.<\/p>\n<p>\u201cAqui, na Am\u00e9rica do Sul, n\u00f3s nos colocamos como uma regi\u00e3o de paz. Aqui, ningu\u00e9m tem bomba nuclear, bomba at\u00f4mica. Nossos drones s\u00e3o para agricultura, para a ci\u00eancia e tecnologia e n\u00e3o para a guerra.\u201d<\/p>\n<p><strong>Pre\u00e7o do petr\u00f3leo<\/strong><br \/>\nLula tamb\u00e9m manifestou sua \u201cprofunda preocupa\u00e7\u00e3o\u201d com a escalada de conflito no Oriente M\u00e9dio que, segundo o presidente, representam uma grave amea\u00e7a \u00e0 paz e \u00e0 seguran\u00e7a internacional. \u201cO di\u00e1logo e a diplomacia constituem o \u00fanico caminho vi\u00e1vel para a constru\u00e7\u00e3o de uma solu\u00e7\u00e3o duradoura.\u201d<\/p>\n<p>O presidente Lula afirmou que, por conta da guerra contra o Ir\u00e3, o pre\u00e7o do petr\u00f3leo j\u00e1 vem subindo em quase todo mundo e deve encarecer ainda mais..<\/p>\n<p>Lula destacou tamb\u00e9m os impactos humanit\u00e1rio e econ\u00f4mico do conflito iniciado em 28 de fevereiro, ap\u00f3s os Estados Unidos e Israel atacarem de forma coordenada o Ir\u00e3. Os bombardeios matarem o l\u00edder supremo do Ir\u00e3, aiatol\u00e1 Ali Khamenei e quase duas centenas de pessoas em Teer\u00e3.<\/p>\n<p>\u201cEsses conflitos produzem efeitos delet\u00e9rios sobre as cadeias de energia, de insumos e de alimentos. S\u00e3o mais vulner\u00e1veis, sobretudo, as mulheres e as crian\u00e7as que sofrem os impactos mais severos dessas crises\u201d, declarou Lula.<\/p>\n<p><strong>Terras raras<\/strong><br \/>\nDurante a declara\u00e7\u00e3o \u00e0 imprensa, o mandat\u00e1rio brasileiro explicou que o Brasil tem potencial para explora\u00e7\u00e3o de minerais cr\u00edticos considerados essenciais para a transi\u00e7\u00e3o energ\u00e9tica e digital em curso.<\/p>\n<p>O presidente Lula disse ainda ao presidente da \u00c1frica do Sul que \u00e9 preciso repensar o papel da explora\u00e7\u00e3o dos recursos naturais nos territ\u00f3rios.<\/p>\n<p>\u201cJ\u00e1 est\u00e1 avisado ao mundo que o Brasil n\u00e3o vai fazer das terras raras e dos minerais cr\u00edticos aquilo que foi feito por min\u00e9rio de ferro. A gente vendeu o min\u00e9rio e comprou produto acabado pagando 100 vezes mais caro.\u201d<\/p>\n<p>Para o presidente Lula o caminho \u00e9 o fortalecimento das cadeias produtivas da minera\u00e7\u00e3o dos dois pa\u00edses, a partir do conhecimento do potencial mineral das duas na\u00e7\u00f5es.<\/p>\n<p>\u201cChega! J\u00e1 levaram toda a nossa prata, todo o nosso ouro, todo o nosso diamante, todo o nosso min\u00e9rio de ferro. O que mais querer levar? Quando a gente vai aprender que Deus colocou toda essa riqueza para n\u00f3s e n\u00f3s ficamos dando para os outros?\u201d, questionou.<\/p>\n<p>Lula enfatiza que n\u00e3o \u00e9 quest\u00e3o de tomada de decis\u00e3o pol\u00edtica, mas que \u00e9 preciso tirar proveito da explora\u00e7\u00e3o de minerais cr\u00edticos para melhorar as condi\u00e7\u00f5es de vida da popula\u00e7\u00e3o.<\/p>\n<p><strong>Democracia<\/strong><br \/>\nO presidente Lula confirmou que em 18 de abril estar\u00e1 em Barcelona (ES) a convite do primeiro-ministro da Espanha, Pedro S\u00e1nchez, para quarta reuni\u00e3o Em defesa da Democracia.<\/p>\n<p>\u201cQueremos aproximar nossos pa\u00edses nos temas de regula\u00e7\u00e3o do ambiente digital, intelig\u00eancia artificial e a valoriza\u00e7\u00e3o das fontes de informa\u00e7\u00e3o de qualidade, incluindo tantas pol\u00edticas dom\u00e9sticas quanto a articula\u00e7\u00e3o para fortalecer essa agenda no ambiente multilateral.\u201d<\/p>\n<p>Por fim, Lula enfatizou que o Brasil e a \u00c1frica do Sul compartilham a convic\u00e7\u00e3o de que o Sul Global deve ter voz ativa nas grandes decis\u00f5es internacionais.<\/p>\n","protected":false},"excerpt":{"rendered":"<p>O presidente Luiz In\u00e1cio Lula da Silva disse ao presidente da \u00c1frica do Sul, Cyril Ramaphosa, que os dois pa\u00edses devem focar na autonomia e no fortalecimento, por meio da produ\u00e7\u00e3o de artigos militares para autodefesa. \u201cSe a gente n\u00e3o se preparar na quest\u00e3o de defesa, qualquer dia algu\u00e9m invade a gente. O Brasil tem [&hellip;]<\/p>\n","protected":false},"author":2,"featured_media":386310,"comment_status":"closed","ping_status":"closed","sticky":false,"template":"","format":"standard","meta":{"_acf_changed":false,"footnotes":""},"categories":[159],"tags":[95],"class_list":["post-386309","post","type-post","status-publish","format-standard","has-post-thumbnail","hentry","category-apocalipse","tag-capa"],"acf":[],"yoast_head":"<!-- This site is optimized with the Yoast SEO plugin v27.2 - https:\/\/yoast.com\/product\/yoast-seo-wordpress\/ -->\n<title>Ataque ao Ir\u00e3 liga alerta no Brasil e na \u00c1frica - Notibras<\/title>\n<meta name=\"robots\" content=\"index, follow, max-snippet:-1, max-image-preview:large, max-video-preview:-1\" \/>\n<link rel=\"canonical\" href=\"https:\/\/www.notibras.com\/site\/ataque-ao-ira-liga-alerta-no-brasil-e-na-africa\/\" \/>\n<meta property=\"og:locale\" content=\"pt_BR\" \/>\n<meta property=\"og:type\" content=\"article\" \/>\n<meta property=\"og:title\" content=\"Ataque ao Ir\u00e3 liga alerta no Brasil e na \u00c1frica - Notibras\" \/>\n<meta property=\"og:description\" content=\"O presidente Luiz In\u00e1cio Lula da Silva disse ao presidente da \u00c1frica do Sul, Cyril Ramaphosa, que os dois pa\u00edses devem focar na autonomia e no fortalecimento, por meio da produ\u00e7\u00e3o de artigos militares para autodefesa. \u201cSe a gente n\u00e3o se preparar na quest\u00e3o de defesa, qualquer dia algu\u00e9m invade a gente. O Brasil tem [&hellip;]\" \/>\n<meta property=\"og:url\" content=\"https:\/\/www.notibras.com\/site\/ataque-ao-ira-liga-alerta-no-brasil-e-na-africa\/\" \/>\n<meta property=\"og:site_name\" content=\"Notibras\" \/>\n<meta property=\"article:publisher\" content=\"https:\/\/www.facebook.com\/notibras\/\" \/>\n<meta property=\"article:published_time\" content=\"2026-03-10T05:39:30+00:00\" \/>\n<meta property=\"article:modified_time\" content=\"2026-03-10T06:01:39+00:00\" \/>\n<meta property=\"og:image\" content=\"https:\/\/www.notibras.com\/site\/wp-content\/uploads\/2026\/03\/pzzb2637.jpg.webp\" \/>\n\t<meta property=\"og:image:width\" content=\"754\" \/>\n\t<meta property=\"og:image:height\" content=\"503\" \/>\n\t<meta property=\"og:image:type\" content=\"image\/webp\" \/>\n<meta name=\"author\" content=\"Reda\u00e7\u00e3o\" \/>\n<meta name=\"twitter:card\" content=\"summary_large_image\" \/>\n<meta name=\"twitter:creator\" content=\"@Notibras\" \/>\n<meta name=\"twitter:site\" content=\"@Notibras\" \/>\n<meta name=\"twitter:label1\" content=\"Escrito por\" \/>\n\t<meta name=\"twitter:data1\" content=\"Reda\u00e7\u00e3o\" \/>\n\t<meta name=\"twitter:label2\" content=\"Est. tempo de leitura\" \/>\n\t<meta name=\"twitter:data2\" content=\"4 minutos\" \/>\n<script type=\"application\/ld+json\" class=\"yoast-schema-graph\">{\"@context\":\"https:\/\/schema.org\",\"@graph\":[{\"@type\":\"Article\",\"@id\":\"https:\/\/www.notibras.com\/site\/ataque-ao-ira-liga-alerta-no-brasil-e-na-africa\/#article\",\"isPartOf\":{\"@id\":\"https:\/\/www.notibras.com\/site\/ataque-ao-ira-liga-alerta-no-brasil-e-na-africa\/\"},\"author\":{\"name\":\"Reda\u00e7\u00e3o\",\"@id\":\"https:\/\/www.notibras.com\/site\/#\/schema\/person\/36ab0979449956132d3e5b517ea76ac8\"},\"headline\":\"Ataque ao Ir\u00e3 liga alerta no Brasil e na \u00c1frica\",\"datePublished\":\"2026-03-10T05:39:30+00:00\",\"dateModified\":\"2026-03-10T06:01:39+00:00\",\"mainEntityOfPage\":{\"@id\":\"https:\/\/www.notibras.com\/site\/ataque-ao-ira-liga-alerta-no-brasil-e-na-africa\/\"},\"wordCount\":765,\"publisher\":{\"@id\":\"https:\/\/www.notibras.com\/site\/#organization\"},\"image\":{\"@id\":\"https:\/\/www.notibras.com\/site\/ataque-ao-ira-liga-alerta-no-brasil-e-na-africa\/#primaryimage\"},\"thumbnailUrl\":\"https:\/\/www.notibras.com\/site\/wp-content\/uploads\/2026\/03\/pzzb2637.jpg.webp\",\"keywords\":[\"capa\"],\"articleSection\":[\"Apocalipse\"],\"inLanguage\":\"pt-BR\"},{\"@type\":\"WebPage\",\"@id\":\"https:\/\/www.notibras.com\/site\/ataque-ao-ira-liga-alerta-no-brasil-e-na-africa\/\",\"url\":\"https:\/\/www.notibras.com\/site\/ataque-ao-ira-liga-alerta-no-brasil-e-na-africa\/\",\"name\":\"Ataque ao Ir\u00e3 liga alerta no Brasil e na \u00c1frica - Notibras\",\"isPartOf\":{\"@id\":\"https:\/\/www.notibras.com\/site\/#website\"},\"primaryImageOfPage\":{\"@id\":\"https:\/\/www.notibras.com\/site\/ataque-ao-ira-liga-alerta-no-brasil-e-na-africa\/#primaryimage\"},\"image\":{\"@id\":\"https:\/\/www.notibras.com\/site\/ataque-ao-ira-liga-alerta-no-brasil-e-na-africa\/#primaryimage\"},\"thumbnailUrl\":\"https:\/\/www.notibras.com\/site\/wp-content\/uploads\/2026\/03\/pzzb2637.jpg.webp\",\"datePublished\":\"2026-03-10T05:39:30+00:00\",\"dateModified\":\"2026-03-10T06:01:39+00:00\",\"breadcrumb\":{\"@id\":\"https:\/\/www.notibras.com\/site\/ataque-ao-ira-liga-alerta-no-brasil-e-na-africa\/#breadcrumb\"},\"inLanguage\":\"pt-BR\",\"potentialAction\":[{\"@type\":\"ReadAction\",\"target\":[\"https:\/\/www.notibras.com\/site\/ataque-ao-ira-liga-alerta-no-brasil-e-na-africa\/\"]}]},{\"@type\":\"ImageObject\",\"inLanguage\":\"pt-BR\",\"@id\":\"https:\/\/www.notibras.com\/site\/ataque-ao-ira-liga-alerta-no-brasil-e-na-africa\/#primaryimage\",\"url\":\"https:\/\/www.notibras.com\/site\/wp-content\/uploads\/2026\/03\/pzzb2637.jpg.webp\",\"contentUrl\":\"https:\/\/www.notibras.com\/site\/wp-content\/uploads\/2026\/03\/pzzb2637.jpg.webp\",\"width\":754,\"height\":503},{\"@type\":\"BreadcrumbList\",\"@id\":\"https:\/\/www.notibras.com\/site\/ataque-ao-ira-liga-alerta-no-brasil-e-na-africa\/#breadcrumb\",\"itemListElement\":[{\"@type\":\"ListItem\",\"position\":1,\"name\":\"In\u00edcio\",\"item\":\"https:\/\/www.notibras.com\/site\/\"},{\"@type\":\"ListItem\",\"position\":2,\"name\":\"Ataque ao Ir\u00e3 liga alerta no Brasil e na \u00c1frica\"}]},{\"@type\":\"WebSite\",\"@id\":\"https:\/\/www.notibras.com\/site\/#website\",\"url\":\"https:\/\/www.notibras.com\/site\/\",\"name\":\"Notibras\",\"description\":\"Not\u00edcias de Bras\u00edlia, do Brasil e do Mundo\",\"publisher\":{\"@id\":\"https:\/\/www.notibras.com\/site\/#organization\"},\"potentialAction\":[{\"@type\":\"SearchAction\",\"target\":{\"@type\":\"EntryPoint\",\"urlTemplate\":\"https:\/\/www.notibras.com\/site\/?s={search_term_string}\"},\"query-input\":{\"@type\":\"PropertyValueSpecification\",\"valueRequired\":true,\"valueName\":\"search_term_string\"}}],\"inLanguage\":\"pt-BR\"},{\"@type\":\"Organization\",\"@id\":\"https:\/\/www.notibras.com\/site\/#organization\",\"name\":\"Grupo Notibras de Comunica\u00e7\u00e3o\",\"url\":\"https:\/\/www.notibras.com\/site\/\",\"logo\":{\"@type\":\"ImageObject\",\"inLanguage\":\"pt-BR\",\"@id\":\"https:\/\/www.notibras.com\/site\/#\/schema\/logo\/image\/\",\"url\":\"https:\/\/www.notibras.com\/site\/wp-content\/uploads\/2023\/01\/notibras23.png\",\"contentUrl\":\"https:\/\/www.notibras.com\/site\/wp-content\/uploads\/2023\/01\/notibras23.png\",\"width\":350,\"height\":87,\"caption\":\"Grupo Notibras de Comunica\u00e7\u00e3o\"},\"image\":{\"@id\":\"https:\/\/www.notibras.com\/site\/#\/schema\/logo\/image\/\"},\"sameAs\":[\"https:\/\/www.facebook.com\/notibras\/\",\"https:\/\/x.com\/Notibras\",\"https:\/\/www.instagram.com\/notibras\/\"]},{\"@type\":\"Person\",\"@id\":\"https:\/\/www.notibras.com\/site\/#\/schema\/person\/36ab0979449956132d3e5b517ea76ac8\",\"name\":\"Reda\u00e7\u00e3o\",\"image\":{\"@type\":\"ImageObject\",\"inLanguage\":\"pt-BR\",\"@id\":\"https:\/\/secure.gravatar.com\/avatar\/e0a867bdedb85fd243eadf09663511f96fc81e0720a4a42581f334ad4303aa6b?s=96&d=mm&r=g\",\"url\":\"https:\/\/secure.gravatar.com\/avatar\/e0a867bdedb85fd243eadf09663511f96fc81e0720a4a42581f334ad4303aa6b?s=96&d=mm&r=g\",\"contentUrl\":\"https:\/\/secure.gravatar.com\/avatar\/e0a867bdedb85fd243eadf09663511f96fc81e0720a4a42581f334ad4303aa6b?s=96&d=mm&r=g\",\"caption\":\"Reda\u00e7\u00e3o\"}}]}<\/script>\n<!-- \/ Yoast SEO plugin. -->","yoast_head_json":{"title":"Ataque ao Ir\u00e3 liga alerta no Brasil e na \u00c1frica - Notibras","robots":{"index":"index","follow":"follow","max-snippet":"max-snippet:-1","max-image-preview":"max-image-preview:large","max-video-preview":"max-video-preview:-1"},"canonical":"https:\/\/www.notibras.com\/site\/ataque-ao-ira-liga-alerta-no-brasil-e-na-africa\/","og_locale":"pt_BR","og_type":"article","og_title":"Ataque ao Ir\u00e3 liga alerta no Brasil e na \u00c1frica - Notibras","og_description":"O presidente Luiz In\u00e1cio Lula da Silva disse ao presidente da \u00c1frica do Sul, Cyril Ramaphosa, que os dois pa\u00edses devem focar na autonomia e no fortalecimento, por meio da produ\u00e7\u00e3o de artigos militares para autodefesa. \u201cSe a gente n\u00e3o se preparar na quest\u00e3o de defesa, qualquer dia algu\u00e9m invade a gente. O Brasil tem [&hellip;]","og_url":"https:\/\/www.notibras.com\/site\/ataque-ao-ira-liga-alerta-no-brasil-e-na-africa\/","og_site_name":"Notibras","article_publisher":"https:\/\/www.facebook.com\/notibras\/","article_published_time":"2026-03-10T05:39:30+00:00","article_modified_time":"2026-03-10T06:01:39+00:00","og_image":[{"width":754,"height":503,"url":"https:\/\/www.notibras.com\/site\/wp-content\/uploads\/2026\/03\/pzzb2637.jpg.webp","type":"image\/webp"}],"author":"Reda\u00e7\u00e3o","twitter_card":"summary_large_image","twitter_creator":"@Notibras","twitter_site":"@Notibras","twitter_misc":{"Escrito por":"Reda\u00e7\u00e3o","Est. tempo de leitura":"4 minutos"},"schema":{"@context":"https:\/\/schema.org","@graph":[{"@type":"Article","@id":"https:\/\/www.notibras.com\/site\/ataque-ao-ira-liga-alerta-no-brasil-e-na-africa\/#article","isPartOf":{"@id":"https:\/\/www.notibras.com\/site\/ataque-ao-ira-liga-alerta-no-brasil-e-na-africa\/"},"author":{"name":"Reda\u00e7\u00e3o","@id":"https:\/\/www.notibras.com\/site\/#\/schema\/person\/36ab0979449956132d3e5b517ea76ac8"},"headline":"Ataque ao Ir\u00e3 liga alerta no Brasil e na \u00c1frica","datePublished":"2026-03-10T05:39:30+00:00","dateModified":"2026-03-10T06:01:39+00:00","mainEntityOfPage":{"@id":"https:\/\/www.notibras.com\/site\/ataque-ao-ira-liga-alerta-no-brasil-e-na-africa\/"},"wordCount":765,"publisher":{"@id":"https:\/\/www.notibras.com\/site\/#organization"},"image":{"@id":"https:\/\/www.notibras.com\/site\/ataque-ao-ira-liga-alerta-no-brasil-e-na-africa\/#primaryimage"},"thumbnailUrl":"https:\/\/www.notibras.com\/site\/wp-content\/uploads\/2026\/03\/pzzb2637.jpg.webp","keywords":["capa"],"articleSection":["Apocalipse"],"inLanguage":"pt-BR"},{"@type":"WebPage","@id":"https:\/\/www.notibras.com\/site\/ataque-ao-ira-liga-alerta-no-brasil-e-na-africa\/","url":"https:\/\/www.notibras.com\/site\/ataque-ao-ira-liga-alerta-no-brasil-e-na-africa\/","name":"Ataque ao Ir\u00e3 liga alerta no Brasil e na \u00c1frica - Notibras","isPartOf":{"@id":"https:\/\/www.notibras.com\/site\/#website"},"primaryImageOfPage":{"@id":"https:\/\/www.notibras.com\/site\/ataque-ao-ira-liga-alerta-no-brasil-e-na-africa\/#primaryimage"},"image":{"@id":"https:\/\/www.notibras.com\/site\/ataque-ao-ira-liga-alerta-no-brasil-e-na-africa\/#primaryimage"},"thumbnailUrl":"https:\/\/www.notibras.com\/site\/wp-content\/uploads\/2026\/03\/pzzb2637.jpg.webp","datePublished":"2026-03-10T05:39:30+00:00","dateModified":"2026-03-10T06:01:39+00:00","breadcrumb":{"@id":"https:\/\/www.notibras.com\/site\/ataque-ao-ira-liga-alerta-no-brasil-e-na-africa\/#breadcrumb"},"inLanguage":"pt-BR","potentialAction":[{"@type":"ReadAction","target":["https:\/\/www.notibras.com\/site\/ataque-ao-ira-liga-alerta-no-brasil-e-na-africa\/"]}]},{"@type":"ImageObject","inLanguage":"pt-BR","@id":"https:\/\/www.notibras.com\/site\/ataque-ao-ira-liga-alerta-no-brasil-e-na-africa\/#primaryimage","url":"https:\/\/www.notibras.com\/site\/wp-content\/uploads\/2026\/03\/pzzb2637.jpg.webp","contentUrl":"https:\/\/www.notibras.com\/site\/wp-content\/uploads\/2026\/03\/pzzb2637.jpg.webp","width":754,"height":503},{"@type":"BreadcrumbList","@id":"https:\/\/www.notibras.com\/site\/ataque-ao-ira-liga-alerta-no-brasil-e-na-africa\/#breadcrumb","itemListElement":[{"@type":"ListItem","position":1,"name":"In\u00edcio","item":"https:\/\/www.notibras.com\/site\/"},{"@type":"ListItem","position":2,"name":"Ataque ao Ir\u00e3 liga alerta no Brasil e na \u00c1frica"}]},{"@type":"WebSite","@id":"https:\/\/www.notibras.com\/site\/#website","url":"https:\/\/www.notibras.com\/site\/","name":"Notibras","description":"Not\u00edcias de Bras\u00edlia, do Brasil e do Mundo","publisher":{"@id":"https:\/\/www.notibras.com\/site\/#organization"},"potentialAction":[{"@type":"SearchAction","target":{"@type":"EntryPoint","urlTemplate":"https:\/\/www.notibras.com\/site\/?s={search_term_string}"},"query-input":{"@type":"PropertyValueSpecification","valueRequired":true,"valueName":"search_term_string"}}],"inLanguage":"pt-BR"},{"@type":"Organization","@id":"https:\/\/www.notibras.com\/site\/#organization","name":"Grupo Notibras de Comunica\u00e7\u00e3o","url":"https:\/\/www.notibras.com\/site\/","logo":{"@type":"ImageObject","inLanguage":"pt-BR","@id":"https:\/\/www.notibras.com\/site\/#\/schema\/logo\/image\/","url":"https:\/\/www.notibras.com\/site\/wp-content\/uploads\/2023\/01\/notibras23.png","contentUrl":"https:\/\/www.notibras.com\/site\/wp-content\/uploads\/2023\/01\/notibras23.png","width":350,"height":87,"caption":"Grupo Notibras de Comunica\u00e7\u00e3o"},"image":{"@id":"https:\/\/www.notibras.com\/site\/#\/schema\/logo\/image\/"},"sameAs":["https:\/\/www.facebook.com\/notibras\/","https:\/\/x.com\/Notibras","https:\/\/www.instagram.com\/notibras\/"]},{"@type":"Person","@id":"https:\/\/www.notibras.com\/site\/#\/schema\/person\/36ab0979449956132d3e5b517ea76ac8","name":"Reda\u00e7\u00e3o","image":{"@type":"ImageObject","inLanguage":"pt-BR","@id":"https:\/\/secure.gravatar.com\/avatar\/e0a867bdedb85fd243eadf09663511f96fc81e0720a4a42581f334ad4303aa6b?s=96&d=mm&r=g","url":"https:\/\/secure.gravatar.com\/avatar\/e0a867bdedb85fd243eadf09663511f96fc81e0720a4a42581f334ad4303aa6b?s=96&d=mm&r=g","contentUrl":"https:\/\/secure.gravatar.com\/avatar\/e0a867bdedb85fd243eadf09663511f96fc81e0720a4a42581f334ad4303aa6b?s=96&d=mm&r=g","caption":"Reda\u00e7\u00e3o"}}]}},"amp_enabled":true,"_links":{"self":[{"href":"https:\/\/www.notibras.com\/site\/wp-json\/wp\/v2\/posts\/386309","targetHints":{"allow":["GET"]}}],"collection":[{"href":"https:\/\/www.notibras.com\/site\/wp-json\/wp\/v2\/posts"}],"about":[{"href":"https:\/\/www.notibras.com\/site\/wp-json\/wp\/v2\/types\/post"}],"author":[{"embeddable":true,"href":"https:\/\/www.notibras.com\/site\/wp-json\/wp\/v2\/users\/2"}],"replies":[{"embeddable":true,"href":"https:\/\/www.notibras.com\/site\/wp-json\/wp\/v2\/comments?post=386309"}],"version-history":[{"count":3,"href":"https:\/\/www.notibras.com\/site\/wp-json\/wp\/v2\/posts\/386309\/revisions"}],"predecessor-version":[{"id":386362,"href":"https:\/\/www.notibras.com\/site\/wp-json\/wp\/v2\/posts\/386309\/revisions\/386362"}],"wp:featuredmedia":[{"embeddable":true,"href":"https:\/\/www.notibras.com\/site\/wp-json\/wp\/v2\/media\/386310"}],"wp:attachment":[{"href":"https:\/\/www.notibras.com\/site\/wp-json\/wp\/v2\/media?parent=386309"}],"wp:term":[{"taxonomy":"category","embeddable":true,"href":"https:\/\/www.notibras.com\/site\/wp-json\/wp\/v2\/categories?post=386309"},{"taxonomy":"post_tag","embeddable":true,"href":"https:\/\/www.notibras.com\/site\/wp-json\/wp\/v2\/tags?post=386309"}],"curies":[{"name":"wp","href":"https:\/\/api.w.org\/{rel}","templated":true}]}}