{"id":386316,"date":"2026-03-10T01:15:37","date_gmt":"2026-03-10T04:15:37","guid":{"rendered":"https:\/\/www.notibras.com\/site\/?p=386316"},"modified":"2026-03-09T22:37:32","modified_gmt":"2026-03-10T01:37:32","slug":"motorista-de-aplicativo-confessa-feminicidio-e-entrega-corpo-na-delegacia","status":"publish","type":"post","link":"https:\/\/www.notibras.com\/site\/motorista-de-aplicativo-confessa-feminicidio-e-entrega-corpo-na-delegacia\/","title":{"rendered":"Motorista de aplicativo confessa feminic\u00eddio e entrega corpo na delegacia"},"content":{"rendered":"<p>Um crime brutal chocou os moradores de Planaltina, no Distrito Federal, na tarde desta segunda-feira (9). Wellington Rezende, de 43 anos, confessou ter assassinado a facadas sua ex-companheira, a manicure Luana Moreira, de 41 anos. O caso ganhou contornos ainda mais dram\u00e1ticos quando o autor dirigiu at\u00e9 a unidade policial com a v\u00edtima j\u00e1 sem vida dentro do ve\u00edculo.<\/p>\n<p>O feminic\u00eddio foi revelado no p\u00e1tio da 16\u00aa Delegacia de Pol\u00edcia. Wellington estacionou o carro no local e, de forma direta, informou aos agentes de plant\u00e3o que havia cometido o crime. Ele indicou que o corpo de Luana estava no interior do autom\u00f3vel, onde a per\u00edcia preliminar confirmou a presen\u00e7a de pelo menos tr\u00eas ferimentos por arma branca, incluindo um golpe fatal na regi\u00e3o do pesco\u00e7o.<\/p>\n<p>As investiga\u00e7\u00f5es indicam que o crime foi premeditado e motivado por ci\u00fames infundados. Wellington teria ido at\u00e9 a resid\u00eancia de Luana por volta do meio-dia, utilizando o pretexto de uma conversa sobre uma poss\u00edvel reconcilia\u00e7\u00e3o ap\u00f3s um relacionamento que durou mais de duas d\u00e9cadas. Acreditando na possibilidade de um di\u00e1logo pac\u00edfico, a manicure aceitou entrar no carro do ex-companheiro.<\/p>\n<p>No entanto, o motorista de aplicativo j\u00e1 estava armado. Segundo o delegado Richard Moreira, uma faca do tipo a\u00e7ougueiro havia sido escondida previamente embaixo do tapete do banco do motorista. Durante o trajeto, ao notar que Wellington pegava o objeto, Luana entrou em p\u00e2nico e tentou saltar do ve\u00edculo ainda em movimento para salvar sua pr\u00f3pria vida.<\/p>\n<p>A tentativa de fuga foi impedida pelo agressor, que a segurou e desferiu os golpes. Em depoimento \u00e0 Pol\u00edcia Civil, o homem alegou que tinha convic\u00e7\u00e3o de que a v\u00edtima mantinha um relacionamento com outra pessoa, o que teria motivado o ataque violento durante a discuss\u00e3o dentro do autom\u00f3vel.<\/p>\n<p>O relato dos momentos finais da v\u00edtima revela a crueldade do agressor. Mesmo ferida, Luana teria implorado por socorro e pedido que Wellington pensasse nas filhas do casal. De acordo com o delegado, a resposta do motorista foi fria e definitiva: &#8220;N\u00e3o, voc\u00ea j\u00e1 est\u00e1 morta&#8221;, teria dito ele enquanto ignorava os pedidos de ajuda da manicure.<\/p>\n<p>Imediatamente ap\u00f3s a confiss\u00e3o na delegacia, equipes do Samu e do Corpo de Bombeiros foram acionadas para prestar os primeiros socorros. Apesar dos esfor\u00e7os das equipes de emerg\u00eancia no p\u00e1tio da unidade policial, a morte da manicure foi confirmada ainda no local, n\u00e3o havendo tempo para manobras de reanima\u00e7\u00e3o eficazes.<\/p>\n<p>A arma utilizada no crime, uma faca de grande porte, foi localizada e apreendida pelos investigadores para passar por per\u00edcia t\u00e9cnica. O objeto ser\u00e1 pe\u00e7a fundamental no inqu\u00e9rito que apura as circunst\u00e2ncias exatas e a din\u00e2mica da agress\u00e3o que resultou na morte da trabalhadora.<\/p>\n<p>Luana Moreira deixa tr\u00eas filhos e uma fam\u00edlia desolada pela viol\u00eancia dom\u00e9stica. A manicure era conhecida na regi\u00e3o por seu trabalho e a not\u00edcia de sua morte gerou forte como\u00e7\u00e3o entre amigos e vizinhos, que lamentaram o desfecho tr\u00e1gico de um relacionamento de tantos anos marcado agora pelo sangue.<\/p>\n<p>Wellington Rezende foi preso em flagrante e responder\u00e1 pelo crime de feminic\u00eddio. Ele permanece detido e \u00e0 disposi\u00e7\u00e3o da Justi\u00e7a do Distrito Federal. A 16\u00aa Delegacia de Pol\u00edcia de Planaltina segue com as investiga\u00e7\u00f5es para concluir o inqu\u00e9rito e encaminh\u00e1-lo ao Poder Judici\u00e1rio.<\/p>\n","protected":false},"excerpt":{"rendered":"<p>Um crime brutal chocou os moradores de Planaltina, no Distrito Federal, na tarde desta segunda-feira (9). Wellington Rezende, de 43 anos, confessou ter assassinado a facadas sua ex-companheira, a manicure Luana Moreira, de 41 anos. O caso ganhou contornos ainda mais dram\u00e1ticos quando o autor dirigiu at\u00e9 a unidade policial com a v\u00edtima j\u00e1 sem [&hellip;]<\/p>\n","protected":false},"author":21,"featured_media":386319,"comment_status":"closed","ping_status":"closed","sticky":false,"template":"","format":"standard","meta":{"_acf_changed":false,"footnotes":""},"categories":[161],"tags":[],"class_list":["post-386316","post","type-post","status-publish","format-standard","has-post-thumbnail","hentry","category-quadradinho-em-foco"],"acf":[],"yoast_head":"<!-- This site is optimized with the Yoast SEO plugin v27.2 - https:\/\/yoast.com\/product\/yoast-seo-wordpress\/ -->\n<title>Motorista de aplicativo confessa feminic\u00eddio e entrega corpo na delegacia - Notibras<\/title>\n<meta name=\"robots\" content=\"index, follow, max-snippet:-1, max-image-preview:large, max-video-preview:-1\" \/>\n<link rel=\"canonical\" href=\"https:\/\/www.notibras.com\/site\/motorista-de-aplicativo-confessa-feminicidio-e-entrega-corpo-na-delegacia\/\" \/>\n<meta property=\"og:locale\" content=\"pt_BR\" \/>\n<meta property=\"og:type\" content=\"article\" \/>\n<meta property=\"og:title\" content=\"Motorista de aplicativo confessa feminic\u00eddio e entrega corpo na delegacia - Notibras\" \/>\n<meta property=\"og:description\" content=\"Um crime brutal chocou os moradores de Planaltina, no Distrito Federal, na tarde desta segunda-feira (9). Wellington Rezende, de 43 anos, confessou ter assassinado a facadas sua ex-companheira, a manicure Luana Moreira, de 41 anos. O caso ganhou contornos ainda mais dram\u00e1ticos quando o autor dirigiu at\u00e9 a unidade policial com a v\u00edtima j\u00e1 sem [&hellip;]\" \/>\n<meta property=\"og:url\" content=\"https:\/\/www.notibras.com\/site\/motorista-de-aplicativo-confessa-feminicidio-e-entrega-corpo-na-delegacia\/\" \/>\n<meta property=\"og:site_name\" content=\"Notibras\" \/>\n<meta property=\"article:publisher\" content=\"https:\/\/www.facebook.com\/notibras\/\" \/>\n<meta property=\"article:published_time\" content=\"2026-03-10T04:15:37+00:00\" \/>\n<meta property=\"og:image\" content=\"https:\/\/www.notibras.com\/site\/wp-content\/uploads\/2026\/03\/WhatsApp-Image-2026-03-09-at-22.34.43.jpeg\" \/>\n\t<meta property=\"og:image:width\" content=\"1106\" \/>\n\t<meta property=\"og:image:height\" content=\"712\" \/>\n\t<meta property=\"og:image:type\" content=\"image\/jpeg\" \/>\n<meta name=\"author\" content=\"Eduardo Mart\u00ednez\" \/>\n<meta name=\"twitter:card\" content=\"summary_large_image\" \/>\n<meta name=\"twitter:creator\" content=\"@Notibras\" \/>\n<meta name=\"twitter:site\" content=\"@Notibras\" \/>\n<meta name=\"twitter:label1\" content=\"Escrito por\" \/>\n\t<meta name=\"twitter:data1\" content=\"Eduardo Mart\u00ednez\" \/>\n\t<meta name=\"twitter:label2\" content=\"Est. tempo de leitura\" \/>\n\t<meta name=\"twitter:data2\" content=\"4 minutos\" \/>\n<script type=\"application\/ld+json\" class=\"yoast-schema-graph\">{\"@context\":\"https:\/\/schema.org\",\"@graph\":[{\"@type\":\"Article\",\"@id\":\"https:\/\/www.notibras.com\/site\/motorista-de-aplicativo-confessa-feminicidio-e-entrega-corpo-na-delegacia\/#article\",\"isPartOf\":{\"@id\":\"https:\/\/www.notibras.com\/site\/motorista-de-aplicativo-confessa-feminicidio-e-entrega-corpo-na-delegacia\/\"},\"author\":{\"name\":\"Eduardo Mart\u00ednez\",\"@id\":\"https:\/\/www.notibras.com\/site\/#\/schema\/person\/5b7fabf2aedc3ada2105f03b22b4d3dd\"},\"headline\":\"Motorista de aplicativo confessa feminic\u00eddio e entrega corpo na delegacia\",\"datePublished\":\"2026-03-10T04:15:37+00:00\",\"mainEntityOfPage\":{\"@id\":\"https:\/\/www.notibras.com\/site\/motorista-de-aplicativo-confessa-feminicidio-e-entrega-corpo-na-delegacia\/\"},\"wordCount\":600,\"publisher\":{\"@id\":\"https:\/\/www.notibras.com\/site\/#organization\"},\"image\":{\"@id\":\"https:\/\/www.notibras.com\/site\/motorista-de-aplicativo-confessa-feminicidio-e-entrega-corpo-na-delegacia\/#primaryimage\"},\"thumbnailUrl\":\"https:\/\/www.notibras.com\/site\/wp-content\/uploads\/2026\/03\/WhatsApp-Image-2026-03-09-at-22.34.43.jpeg\",\"articleSection\":[\"Quadradinho em Foco\"],\"inLanguage\":\"pt-BR\"},{\"@type\":\"WebPage\",\"@id\":\"https:\/\/www.notibras.com\/site\/motorista-de-aplicativo-confessa-feminicidio-e-entrega-corpo-na-delegacia\/\",\"url\":\"https:\/\/www.notibras.com\/site\/motorista-de-aplicativo-confessa-feminicidio-e-entrega-corpo-na-delegacia\/\",\"name\":\"Motorista de aplicativo confessa feminic\u00eddio e entrega corpo na delegacia - Notibras\",\"isPartOf\":{\"@id\":\"https:\/\/www.notibras.com\/site\/#website\"},\"primaryImageOfPage\":{\"@id\":\"https:\/\/www.notibras.com\/site\/motorista-de-aplicativo-confessa-feminicidio-e-entrega-corpo-na-delegacia\/#primaryimage\"},\"image\":{\"@id\":\"https:\/\/www.notibras.com\/site\/motorista-de-aplicativo-confessa-feminicidio-e-entrega-corpo-na-delegacia\/#primaryimage\"},\"thumbnailUrl\":\"https:\/\/www.notibras.com\/site\/wp-content\/uploads\/2026\/03\/WhatsApp-Image-2026-03-09-at-22.34.43.jpeg\",\"datePublished\":\"2026-03-10T04:15:37+00:00\",\"breadcrumb\":{\"@id\":\"https:\/\/www.notibras.com\/site\/motorista-de-aplicativo-confessa-feminicidio-e-entrega-corpo-na-delegacia\/#breadcrumb\"},\"inLanguage\":\"pt-BR\",\"potentialAction\":[{\"@type\":\"ReadAction\",\"target\":[\"https:\/\/www.notibras.com\/site\/motorista-de-aplicativo-confessa-feminicidio-e-entrega-corpo-na-delegacia\/\"]}]},{\"@type\":\"ImageObject\",\"inLanguage\":\"pt-BR\",\"@id\":\"https:\/\/www.notibras.com\/site\/motorista-de-aplicativo-confessa-feminicidio-e-entrega-corpo-na-delegacia\/#primaryimage\",\"url\":\"https:\/\/www.notibras.com\/site\/wp-content\/uploads\/2026\/03\/WhatsApp-Image-2026-03-09-at-22.34.43.jpeg\",\"contentUrl\":\"https:\/\/www.notibras.com\/site\/wp-content\/uploads\/2026\/03\/WhatsApp-Image-2026-03-09-at-22.34.43.jpeg\",\"width\":1106,\"height\":712},{\"@type\":\"BreadcrumbList\",\"@id\":\"https:\/\/www.notibras.com\/site\/motorista-de-aplicativo-confessa-feminicidio-e-entrega-corpo-na-delegacia\/#breadcrumb\",\"itemListElement\":[{\"@type\":\"ListItem\",\"position\":1,\"name\":\"In\u00edcio\",\"item\":\"https:\/\/www.notibras.com\/site\/\"},{\"@type\":\"ListItem\",\"position\":2,\"name\":\"Motorista de aplicativo confessa feminic\u00eddio e entrega corpo na delegacia\"}]},{\"@type\":\"WebSite\",\"@id\":\"https:\/\/www.notibras.com\/site\/#website\",\"url\":\"https:\/\/www.notibras.com\/site\/\",\"name\":\"Notibras\",\"description\":\"Not\u00edcias de Bras\u00edlia, do Brasil e do Mundo\",\"publisher\":{\"@id\":\"https:\/\/www.notibras.com\/site\/#organization\"},\"potentialAction\":[{\"@type\":\"SearchAction\",\"target\":{\"@type\":\"EntryPoint\",\"urlTemplate\":\"https:\/\/www.notibras.com\/site\/?s={search_term_string}\"},\"query-input\":{\"@type\":\"PropertyValueSpecification\",\"valueRequired\":true,\"valueName\":\"search_term_string\"}}],\"inLanguage\":\"pt-BR\"},{\"@type\":\"Organization\",\"@id\":\"https:\/\/www.notibras.com\/site\/#organization\",\"name\":\"Grupo Notibras de Comunica\u00e7\u00e3o\",\"url\":\"https:\/\/www.notibras.com\/site\/\",\"logo\":{\"@type\":\"ImageObject\",\"inLanguage\":\"pt-BR\",\"@id\":\"https:\/\/www.notibras.com\/site\/#\/schema\/logo\/image\/\",\"url\":\"https:\/\/www.notibras.com\/site\/wp-content\/uploads\/2023\/01\/notibras23.png\",\"contentUrl\":\"https:\/\/www.notibras.com\/site\/wp-content\/uploads\/2023\/01\/notibras23.png\",\"width\":350,\"height\":87,\"caption\":\"Grupo Notibras de Comunica\u00e7\u00e3o\"},\"image\":{\"@id\":\"https:\/\/www.notibras.com\/site\/#\/schema\/logo\/image\/\"},\"sameAs\":[\"https:\/\/www.facebook.com\/notibras\/\",\"https:\/\/x.com\/Notibras\",\"https:\/\/www.instagram.com\/notibras\/\"]},{\"@type\":\"Person\",\"@id\":\"https:\/\/www.notibras.com\/site\/#\/schema\/person\/5b7fabf2aedc3ada2105f03b22b4d3dd\",\"name\":\"Eduardo Mart\u00ednez\",\"image\":{\"@type\":\"ImageObject\",\"inLanguage\":\"pt-BR\",\"@id\":\"https:\/\/secure.gravatar.com\/avatar\/7902f906289926289cbcda644b5197c796b893c6ffd7b9a536a42d290f7704a0?s=96&d=mm&r=g\",\"url\":\"https:\/\/secure.gravatar.com\/avatar\/7902f906289926289cbcda644b5197c796b893c6ffd7b9a536a42d290f7704a0?s=96&d=mm&r=g\",\"contentUrl\":\"https:\/\/secure.gravatar.com\/avatar\/7902f906289926289cbcda644b5197c796b893c6ffd7b9a536a42d290f7704a0?s=96&d=mm&r=g\",\"caption\":\"Eduardo Mart\u00ednez\"}}]}<\/script>\n<!-- \/ Yoast SEO plugin. -->","yoast_head_json":{"title":"Motorista de aplicativo confessa feminic\u00eddio e entrega corpo na delegacia - Notibras","robots":{"index":"index","follow":"follow","max-snippet":"max-snippet:-1","max-image-preview":"max-image-preview:large","max-video-preview":"max-video-preview:-1"},"canonical":"https:\/\/www.notibras.com\/site\/motorista-de-aplicativo-confessa-feminicidio-e-entrega-corpo-na-delegacia\/","og_locale":"pt_BR","og_type":"article","og_title":"Motorista de aplicativo confessa feminic\u00eddio e entrega corpo na delegacia - Notibras","og_description":"Um crime brutal chocou os moradores de Planaltina, no Distrito Federal, na tarde desta segunda-feira (9). Wellington Rezende, de 43 anos, confessou ter assassinado a facadas sua ex-companheira, a manicure Luana Moreira, de 41 anos. O caso ganhou contornos ainda mais dram\u00e1ticos quando o autor dirigiu at\u00e9 a unidade policial com a v\u00edtima j\u00e1 sem [&hellip;]","og_url":"https:\/\/www.notibras.com\/site\/motorista-de-aplicativo-confessa-feminicidio-e-entrega-corpo-na-delegacia\/","og_site_name":"Notibras","article_publisher":"https:\/\/www.facebook.com\/notibras\/","article_published_time":"2026-03-10T04:15:37+00:00","og_image":[{"width":1106,"height":712,"url":"https:\/\/www.notibras.com\/site\/wp-content\/uploads\/2026\/03\/WhatsApp-Image-2026-03-09-at-22.34.43.jpeg","type":"image\/jpeg"}],"author":"Eduardo Mart\u00ednez","twitter_card":"summary_large_image","twitter_creator":"@Notibras","twitter_site":"@Notibras","twitter_misc":{"Escrito por":"Eduardo Mart\u00ednez","Est. tempo de leitura":"4 minutos"},"schema":{"@context":"https:\/\/schema.org","@graph":[{"@type":"Article","@id":"https:\/\/www.notibras.com\/site\/motorista-de-aplicativo-confessa-feminicidio-e-entrega-corpo-na-delegacia\/#article","isPartOf":{"@id":"https:\/\/www.notibras.com\/site\/motorista-de-aplicativo-confessa-feminicidio-e-entrega-corpo-na-delegacia\/"},"author":{"name":"Eduardo Mart\u00ednez","@id":"https:\/\/www.notibras.com\/site\/#\/schema\/person\/5b7fabf2aedc3ada2105f03b22b4d3dd"},"headline":"Motorista de aplicativo confessa feminic\u00eddio e entrega corpo na delegacia","datePublished":"2026-03-10T04:15:37+00:00","mainEntityOfPage":{"@id":"https:\/\/www.notibras.com\/site\/motorista-de-aplicativo-confessa-feminicidio-e-entrega-corpo-na-delegacia\/"},"wordCount":600,"publisher":{"@id":"https:\/\/www.notibras.com\/site\/#organization"},"image":{"@id":"https:\/\/www.notibras.com\/site\/motorista-de-aplicativo-confessa-feminicidio-e-entrega-corpo-na-delegacia\/#primaryimage"},"thumbnailUrl":"https:\/\/www.notibras.com\/site\/wp-content\/uploads\/2026\/03\/WhatsApp-Image-2026-03-09-at-22.34.43.jpeg","articleSection":["Quadradinho em Foco"],"inLanguage":"pt-BR"},{"@type":"WebPage","@id":"https:\/\/www.notibras.com\/site\/motorista-de-aplicativo-confessa-feminicidio-e-entrega-corpo-na-delegacia\/","url":"https:\/\/www.notibras.com\/site\/motorista-de-aplicativo-confessa-feminicidio-e-entrega-corpo-na-delegacia\/","name":"Motorista de aplicativo confessa feminic\u00eddio e entrega corpo na delegacia - Notibras","isPartOf":{"@id":"https:\/\/www.notibras.com\/site\/#website"},"primaryImageOfPage":{"@id":"https:\/\/www.notibras.com\/site\/motorista-de-aplicativo-confessa-feminicidio-e-entrega-corpo-na-delegacia\/#primaryimage"},"image":{"@id":"https:\/\/www.notibras.com\/site\/motorista-de-aplicativo-confessa-feminicidio-e-entrega-corpo-na-delegacia\/#primaryimage"},"thumbnailUrl":"https:\/\/www.notibras.com\/site\/wp-content\/uploads\/2026\/03\/WhatsApp-Image-2026-03-09-at-22.34.43.jpeg","datePublished":"2026-03-10T04:15:37+00:00","breadcrumb":{"@id":"https:\/\/www.notibras.com\/site\/motorista-de-aplicativo-confessa-feminicidio-e-entrega-corpo-na-delegacia\/#breadcrumb"},"inLanguage":"pt-BR","potentialAction":[{"@type":"ReadAction","target":["https:\/\/www.notibras.com\/site\/motorista-de-aplicativo-confessa-feminicidio-e-entrega-corpo-na-delegacia\/"]}]},{"@type":"ImageObject","inLanguage":"pt-BR","@id":"https:\/\/www.notibras.com\/site\/motorista-de-aplicativo-confessa-feminicidio-e-entrega-corpo-na-delegacia\/#primaryimage","url":"https:\/\/www.notibras.com\/site\/wp-content\/uploads\/2026\/03\/WhatsApp-Image-2026-03-09-at-22.34.43.jpeg","contentUrl":"https:\/\/www.notibras.com\/site\/wp-content\/uploads\/2026\/03\/WhatsApp-Image-2026-03-09-at-22.34.43.jpeg","width":1106,"height":712},{"@type":"BreadcrumbList","@id":"https:\/\/www.notibras.com\/site\/motorista-de-aplicativo-confessa-feminicidio-e-entrega-corpo-na-delegacia\/#breadcrumb","itemListElement":[{"@type":"ListItem","position":1,"name":"In\u00edcio","item":"https:\/\/www.notibras.com\/site\/"},{"@type":"ListItem","position":2,"name":"Motorista de aplicativo confessa feminic\u00eddio e entrega corpo na delegacia"}]},{"@type":"WebSite","@id":"https:\/\/www.notibras.com\/site\/#website","url":"https:\/\/www.notibras.com\/site\/","name":"Notibras","description":"Not\u00edcias de Bras\u00edlia, do Brasil e do Mundo","publisher":{"@id":"https:\/\/www.notibras.com\/site\/#organization"},"potentialAction":[{"@type":"SearchAction","target":{"@type":"EntryPoint","urlTemplate":"https:\/\/www.notibras.com\/site\/?s={search_term_string}"},"query-input":{"@type":"PropertyValueSpecification","valueRequired":true,"valueName":"search_term_string"}}],"inLanguage":"pt-BR"},{"@type":"Organization","@id":"https:\/\/www.notibras.com\/site\/#organization","name":"Grupo Notibras de Comunica\u00e7\u00e3o","url":"https:\/\/www.notibras.com\/site\/","logo":{"@type":"ImageObject","inLanguage":"pt-BR","@id":"https:\/\/www.notibras.com\/site\/#\/schema\/logo\/image\/","url":"https:\/\/www.notibras.com\/site\/wp-content\/uploads\/2023\/01\/notibras23.png","contentUrl":"https:\/\/www.notibras.com\/site\/wp-content\/uploads\/2023\/01\/notibras23.png","width":350,"height":87,"caption":"Grupo Notibras de Comunica\u00e7\u00e3o"},"image":{"@id":"https:\/\/www.notibras.com\/site\/#\/schema\/logo\/image\/"},"sameAs":["https:\/\/www.facebook.com\/notibras\/","https:\/\/x.com\/Notibras","https:\/\/www.instagram.com\/notibras\/"]},{"@type":"Person","@id":"https:\/\/www.notibras.com\/site\/#\/schema\/person\/5b7fabf2aedc3ada2105f03b22b4d3dd","name":"Eduardo Mart\u00ednez","image":{"@type":"ImageObject","inLanguage":"pt-BR","@id":"https:\/\/secure.gravatar.com\/avatar\/7902f906289926289cbcda644b5197c796b893c6ffd7b9a536a42d290f7704a0?s=96&d=mm&r=g","url":"https:\/\/secure.gravatar.com\/avatar\/7902f906289926289cbcda644b5197c796b893c6ffd7b9a536a42d290f7704a0?s=96&d=mm&r=g","contentUrl":"https:\/\/secure.gravatar.com\/avatar\/7902f906289926289cbcda644b5197c796b893c6ffd7b9a536a42d290f7704a0?s=96&d=mm&r=g","caption":"Eduardo Mart\u00ednez"}}]}},"amp_enabled":true,"_links":{"self":[{"href":"https:\/\/www.notibras.com\/site\/wp-json\/wp\/v2\/posts\/386316","targetHints":{"allow":["GET"]}}],"collection":[{"href":"https:\/\/www.notibras.com\/site\/wp-json\/wp\/v2\/posts"}],"about":[{"href":"https:\/\/www.notibras.com\/site\/wp-json\/wp\/v2\/types\/post"}],"author":[{"embeddable":true,"href":"https:\/\/www.notibras.com\/site\/wp-json\/wp\/v2\/users\/21"}],"replies":[{"embeddable":true,"href":"https:\/\/www.notibras.com\/site\/wp-json\/wp\/v2\/comments?post=386316"}],"version-history":[{"count":3,"href":"https:\/\/www.notibras.com\/site\/wp-json\/wp\/v2\/posts\/386316\/revisions"}],"predecessor-version":[{"id":386320,"href":"https:\/\/www.notibras.com\/site\/wp-json\/wp\/v2\/posts\/386316\/revisions\/386320"}],"wp:featuredmedia":[{"embeddable":true,"href":"https:\/\/www.notibras.com\/site\/wp-json\/wp\/v2\/media\/386319"}],"wp:attachment":[{"href":"https:\/\/www.notibras.com\/site\/wp-json\/wp\/v2\/media?parent=386316"}],"wp:term":[{"taxonomy":"category","embeddable":true,"href":"https:\/\/www.notibras.com\/site\/wp-json\/wp\/v2\/categories?post=386316"},{"taxonomy":"post_tag","embeddable":true,"href":"https:\/\/www.notibras.com\/site\/wp-json\/wp\/v2\/tags?post=386316"}],"curies":[{"name":"wp","href":"https:\/\/api.w.org\/{rel}","templated":true}]}}