{"id":386324,"date":"2026-03-10T00:45:23","date_gmt":"2026-03-10T03:45:23","guid":{"rendered":"https:\/\/www.notibras.com\/site\/?p=386324"},"modified":"2026-03-09T23:02:43","modified_gmt":"2026-03-10T02:02:43","slug":"escolha-do-conselho-regional-de-cultura-entra-na-fase-de-votacao","status":"publish","type":"post","link":"https:\/\/www.notibras.com\/site\/escolha-do-conselho-regional-de-cultura-entra-na-fase-de-votacao\/","title":{"rendered":"Escolha do Conselho Regional de Cultura entra na fase de vota\u00e7\u00e3o"},"content":{"rendered":"<p>O Conselho de Cultura do Distrito Federal tornou p\u00fablico o <a href=\"https:\/\/www.cultura.df.gov.br\/documents\/d\/secec\/sei-00150-00016128_2025-29-4-pdf\">resultado final da etapa de dilig\u00eancias<\/a> e habilita\u00e7\u00f5es das candidaturas da chamada p\u00fablica para composi\u00e7\u00e3o dos Conselhos Regionais de Cultura (CRCs) do DF para o tri\u00eanio 2026\/2029.<\/p>\n<p>De acordo com o edital, cada regi\u00e3o administrativa precisa registrar, ao menos, nove representantes da sociedade civil habilitados para que o CRC seja formado. Entre as cidades participantes, somente Taguatinga alcan\u00e7ou esse quantitativo m\u00ednimo, o que permite a continuidade do processo eleitoral na regi\u00e3o.<\/p>\n<p>Em Taguatinga, dez candidaturas foram consideradas habilitadas ap\u00f3s a an\u00e1lise documental realizada na etapa de dilig\u00eancias. Os nomes aptos a concorrer representam diferentes segmentos da sociedade civil com atua\u00e7\u00e3o cultural na regi\u00e3o, incluindo representantes comunit\u00e1rios e da \u00e1rea de acessibilidade cultural.<\/p>\n<p>As demais regi\u00f5es administrativas n\u00e3o alcan\u00e7aram o n\u00famero m\u00ednimo de candidatos previsto na regulamenta\u00e7\u00e3o dos conselhos. Nesses casos, a normativa estabelece que novos chamamentos p\u00fablicos poder\u00e3o ser realizados posteriormente para viabilizar a forma\u00e7\u00e3o dos colegiados.<\/p>\n<p>Com a divulga\u00e7\u00e3o do resultado, a pr\u00f3xima etapa ser\u00e1 a habilita\u00e7\u00e3o dos eleitores que participar\u00e3o da vota\u00e7\u00e3o para escolha dos representantes da sociedade civil no conselho regional. O cadastro dever\u00e1 ser feito entre as 9h do dia 10 de mar\u00e7o e as 18h do dia 16 de mar\u00e7o de 2026, por meio de <a href=\"https:\/\/docs.google.com\/forms\/d\/e\/1FAIpQLScU3MYm5hlHBwO_pv3EjFEKAPMtGFEdm_RC8MfPw6DSg7c1-g\/viewform\">formul\u00e1rio eletr\u00f4nico<\/a> disponibilizado pelo Conselho de Cultura do Distrito Federal.<\/p>\n<p>O processo integra a pol\u00edtica de participa\u00e7\u00e3o social na gest\u00e3o cultural do Distrito Federal. Os CRCs funcionam como inst\u00e2ncias consultivas e de di\u00e1logo entre poder p\u00fablico e sociedade civil, contribuindo para identificar demandas locais, acompanhar pol\u00edticas p\u00fablicas e fortalecer as a\u00e7\u00f5es culturais nas regi\u00f5es administrativas.<\/p>\n<p>Informa\u00e7\u00f5es adicionais podem ser solicitadas pelo e-mail conselhodecultura@cultura.df.gov.br ou pelo telefone (61) 3325-5212, em hor\u00e1rio comercial.<\/p>\n","protected":false},"excerpt":{"rendered":"<p>O Conselho de Cultura do Distrito Federal tornou p\u00fablico o resultado final da etapa de dilig\u00eancias e habilita\u00e7\u00f5es das candidaturas da chamada p\u00fablica para composi\u00e7\u00e3o dos Conselhos Regionais de Cultura (CRCs) do DF para o tri\u00eanio 2026\/2029. De acordo com o edital, cada regi\u00e3o administrativa precisa registrar, ao menos, nove representantes da sociedade civil habilitados [&hellip;]<\/p>\n","protected":false},"author":21,"featured_media":386326,"comment_status":"closed","ping_status":"closed","sticky":false,"template":"","format":"standard","meta":{"_acf_changed":false,"footnotes":""},"categories":[161],"tags":[],"class_list":["post-386324","post","type-post","status-publish","format-standard","has-post-thumbnail","hentry","category-quadradinho-em-foco"],"acf":[],"yoast_head":"<!-- This site is optimized with the Yoast SEO plugin v27.2 - https:\/\/yoast.com\/product\/yoast-seo-wordpress\/ -->\n<title>Escolha do Conselho Regional de Cultura entra na fase de vota\u00e7\u00e3o - Notibras<\/title>\n<meta name=\"robots\" content=\"index, follow, max-snippet:-1, max-image-preview:large, max-video-preview:-1\" \/>\n<link rel=\"canonical\" href=\"https:\/\/www.notibras.com\/site\/escolha-do-conselho-regional-de-cultura-entra-na-fase-de-votacao\/\" \/>\n<meta property=\"og:locale\" content=\"pt_BR\" \/>\n<meta property=\"og:type\" content=\"article\" \/>\n<meta property=\"og:title\" content=\"Escolha do Conselho Regional de Cultura entra na fase de vota\u00e7\u00e3o - Notibras\" \/>\n<meta property=\"og:description\" content=\"O Conselho de Cultura do Distrito Federal tornou p\u00fablico o resultado final da etapa de dilig\u00eancias e habilita\u00e7\u00f5es das candidaturas da chamada p\u00fablica para composi\u00e7\u00e3o dos Conselhos Regionais de Cultura (CRCs) do DF para o tri\u00eanio 2026\/2029. De acordo com o edital, cada regi\u00e3o administrativa precisa registrar, ao menos, nove representantes da sociedade civil habilitados [&hellip;]\" \/>\n<meta property=\"og:url\" content=\"https:\/\/www.notibras.com\/site\/escolha-do-conselho-regional-de-cultura-entra-na-fase-de-votacao\/\" \/>\n<meta property=\"og:site_name\" content=\"Notibras\" \/>\n<meta property=\"article:publisher\" content=\"https:\/\/www.facebook.com\/notibras\/\" \/>\n<meta property=\"article:published_time\" content=\"2026-03-10T03:45:23+00:00\" \/>\n<meta property=\"og:image\" content=\"https:\/\/www.notibras.com\/site\/wp-content\/uploads\/2026\/03\/CCDF.jpeg\" \/>\n\t<meta property=\"og:image:width\" content=\"1600\" \/>\n\t<meta property=\"og:image:height\" content=\"900\" \/>\n\t<meta property=\"og:image:type\" content=\"image\/jpeg\" \/>\n<meta name=\"author\" content=\"Eduardo Mart\u00ednez\" \/>\n<meta name=\"twitter:card\" content=\"summary_large_image\" \/>\n<meta name=\"twitter:creator\" content=\"@Notibras\" \/>\n<meta name=\"twitter:site\" content=\"@Notibras\" \/>\n<meta name=\"twitter:label1\" content=\"Escrito por\" \/>\n\t<meta name=\"twitter:data1\" content=\"Eduardo Mart\u00ednez\" \/>\n\t<meta name=\"twitter:label2\" content=\"Est. tempo de leitura\" \/>\n\t<meta name=\"twitter:data2\" content=\"2 minutos\" \/>\n<script type=\"application\/ld+json\" class=\"yoast-schema-graph\">{\"@context\":\"https:\/\/schema.org\",\"@graph\":[{\"@type\":\"Article\",\"@id\":\"https:\/\/www.notibras.com\/site\/escolha-do-conselho-regional-de-cultura-entra-na-fase-de-votacao\/#article\",\"isPartOf\":{\"@id\":\"https:\/\/www.notibras.com\/site\/escolha-do-conselho-regional-de-cultura-entra-na-fase-de-votacao\/\"},\"author\":{\"name\":\"Eduardo Mart\u00ednez\",\"@id\":\"https:\/\/www.notibras.com\/site\/#\/schema\/person\/5b7fabf2aedc3ada2105f03b22b4d3dd\"},\"headline\":\"Escolha do Conselho Regional de Cultura entra na fase de vota\u00e7\u00e3o\",\"datePublished\":\"2026-03-10T03:45:23+00:00\",\"mainEntityOfPage\":{\"@id\":\"https:\/\/www.notibras.com\/site\/escolha-do-conselho-regional-de-cultura-entra-na-fase-de-votacao\/\"},\"wordCount\":338,\"publisher\":{\"@id\":\"https:\/\/www.notibras.com\/site\/#organization\"},\"image\":{\"@id\":\"https:\/\/www.notibras.com\/site\/escolha-do-conselho-regional-de-cultura-entra-na-fase-de-votacao\/#primaryimage\"},\"thumbnailUrl\":\"https:\/\/www.notibras.com\/site\/wp-content\/uploads\/2026\/03\/CCDF.jpeg\",\"articleSection\":[\"Quadradinho em Foco\"],\"inLanguage\":\"pt-BR\"},{\"@type\":\"WebPage\",\"@id\":\"https:\/\/www.notibras.com\/site\/escolha-do-conselho-regional-de-cultura-entra-na-fase-de-votacao\/\",\"url\":\"https:\/\/www.notibras.com\/site\/escolha-do-conselho-regional-de-cultura-entra-na-fase-de-votacao\/\",\"name\":\"Escolha do Conselho Regional de Cultura entra na fase de vota\u00e7\u00e3o - Notibras\",\"isPartOf\":{\"@id\":\"https:\/\/www.notibras.com\/site\/#website\"},\"primaryImageOfPage\":{\"@id\":\"https:\/\/www.notibras.com\/site\/escolha-do-conselho-regional-de-cultura-entra-na-fase-de-votacao\/#primaryimage\"},\"image\":{\"@id\":\"https:\/\/www.notibras.com\/site\/escolha-do-conselho-regional-de-cultura-entra-na-fase-de-votacao\/#primaryimage\"},\"thumbnailUrl\":\"https:\/\/www.notibras.com\/site\/wp-content\/uploads\/2026\/03\/CCDF.jpeg\",\"datePublished\":\"2026-03-10T03:45:23+00:00\",\"breadcrumb\":{\"@id\":\"https:\/\/www.notibras.com\/site\/escolha-do-conselho-regional-de-cultura-entra-na-fase-de-votacao\/#breadcrumb\"},\"inLanguage\":\"pt-BR\",\"potentialAction\":[{\"@type\":\"ReadAction\",\"target\":[\"https:\/\/www.notibras.com\/site\/escolha-do-conselho-regional-de-cultura-entra-na-fase-de-votacao\/\"]}]},{\"@type\":\"ImageObject\",\"inLanguage\":\"pt-BR\",\"@id\":\"https:\/\/www.notibras.com\/site\/escolha-do-conselho-regional-de-cultura-entra-na-fase-de-votacao\/#primaryimage\",\"url\":\"https:\/\/www.notibras.com\/site\/wp-content\/uploads\/2026\/03\/CCDF.jpeg\",\"contentUrl\":\"https:\/\/www.notibras.com\/site\/wp-content\/uploads\/2026\/03\/CCDF.jpeg\",\"width\":1600,\"height\":900},{\"@type\":\"BreadcrumbList\",\"@id\":\"https:\/\/www.notibras.com\/site\/escolha-do-conselho-regional-de-cultura-entra-na-fase-de-votacao\/#breadcrumb\",\"itemListElement\":[{\"@type\":\"ListItem\",\"position\":1,\"name\":\"In\u00edcio\",\"item\":\"https:\/\/www.notibras.com\/site\/\"},{\"@type\":\"ListItem\",\"position\":2,\"name\":\"Escolha do Conselho Regional de Cultura entra na fase de vota\u00e7\u00e3o\"}]},{\"@type\":\"WebSite\",\"@id\":\"https:\/\/www.notibras.com\/site\/#website\",\"url\":\"https:\/\/www.notibras.com\/site\/\",\"name\":\"Notibras\",\"description\":\"Not\u00edcias de Bras\u00edlia, do Brasil e do Mundo\",\"publisher\":{\"@id\":\"https:\/\/www.notibras.com\/site\/#organization\"},\"potentialAction\":[{\"@type\":\"SearchAction\",\"target\":{\"@type\":\"EntryPoint\",\"urlTemplate\":\"https:\/\/www.notibras.com\/site\/?s={search_term_string}\"},\"query-input\":{\"@type\":\"PropertyValueSpecification\",\"valueRequired\":true,\"valueName\":\"search_term_string\"}}],\"inLanguage\":\"pt-BR\"},{\"@type\":\"Organization\",\"@id\":\"https:\/\/www.notibras.com\/site\/#organization\",\"name\":\"Grupo Notibras de Comunica\u00e7\u00e3o\",\"url\":\"https:\/\/www.notibras.com\/site\/\",\"logo\":{\"@type\":\"ImageObject\",\"inLanguage\":\"pt-BR\",\"@id\":\"https:\/\/www.notibras.com\/site\/#\/schema\/logo\/image\/\",\"url\":\"https:\/\/www.notibras.com\/site\/wp-content\/uploads\/2023\/01\/notibras23.png\",\"contentUrl\":\"https:\/\/www.notibras.com\/site\/wp-content\/uploads\/2023\/01\/notibras23.png\",\"width\":350,\"height\":87,\"caption\":\"Grupo Notibras de Comunica\u00e7\u00e3o\"},\"image\":{\"@id\":\"https:\/\/www.notibras.com\/site\/#\/schema\/logo\/image\/\"},\"sameAs\":[\"https:\/\/www.facebook.com\/notibras\/\",\"https:\/\/x.com\/Notibras\",\"https:\/\/www.instagram.com\/notibras\/\"]},{\"@type\":\"Person\",\"@id\":\"https:\/\/www.notibras.com\/site\/#\/schema\/person\/5b7fabf2aedc3ada2105f03b22b4d3dd\",\"name\":\"Eduardo Mart\u00ednez\",\"image\":{\"@type\":\"ImageObject\",\"inLanguage\":\"pt-BR\",\"@id\":\"https:\/\/secure.gravatar.com\/avatar\/7902f906289926289cbcda644b5197c796b893c6ffd7b9a536a42d290f7704a0?s=96&d=mm&r=g\",\"url\":\"https:\/\/secure.gravatar.com\/avatar\/7902f906289926289cbcda644b5197c796b893c6ffd7b9a536a42d290f7704a0?s=96&d=mm&r=g\",\"contentUrl\":\"https:\/\/secure.gravatar.com\/avatar\/7902f906289926289cbcda644b5197c796b893c6ffd7b9a536a42d290f7704a0?s=96&d=mm&r=g\",\"caption\":\"Eduardo Mart\u00ednez\"}}]}<\/script>\n<!-- \/ Yoast SEO plugin. -->","yoast_head_json":{"title":"Escolha do Conselho Regional de Cultura entra na fase de vota\u00e7\u00e3o - Notibras","robots":{"index":"index","follow":"follow","max-snippet":"max-snippet:-1","max-image-preview":"max-image-preview:large","max-video-preview":"max-video-preview:-1"},"canonical":"https:\/\/www.notibras.com\/site\/escolha-do-conselho-regional-de-cultura-entra-na-fase-de-votacao\/","og_locale":"pt_BR","og_type":"article","og_title":"Escolha do Conselho Regional de Cultura entra na fase de vota\u00e7\u00e3o - Notibras","og_description":"O Conselho de Cultura do Distrito Federal tornou p\u00fablico o resultado final da etapa de dilig\u00eancias e habilita\u00e7\u00f5es das candidaturas da chamada p\u00fablica para composi\u00e7\u00e3o dos Conselhos Regionais de Cultura (CRCs) do DF para o tri\u00eanio 2026\/2029. De acordo com o edital, cada regi\u00e3o administrativa precisa registrar, ao menos, nove representantes da sociedade civil habilitados [&hellip;]","og_url":"https:\/\/www.notibras.com\/site\/escolha-do-conselho-regional-de-cultura-entra-na-fase-de-votacao\/","og_site_name":"Notibras","article_publisher":"https:\/\/www.facebook.com\/notibras\/","article_published_time":"2026-03-10T03:45:23+00:00","og_image":[{"width":1600,"height":900,"url":"https:\/\/www.notibras.com\/site\/wp-content\/uploads\/2026\/03\/CCDF.jpeg","type":"image\/jpeg"}],"author":"Eduardo Mart\u00ednez","twitter_card":"summary_large_image","twitter_creator":"@Notibras","twitter_site":"@Notibras","twitter_misc":{"Escrito por":"Eduardo Mart\u00ednez","Est. tempo de leitura":"2 minutos"},"schema":{"@context":"https:\/\/schema.org","@graph":[{"@type":"Article","@id":"https:\/\/www.notibras.com\/site\/escolha-do-conselho-regional-de-cultura-entra-na-fase-de-votacao\/#article","isPartOf":{"@id":"https:\/\/www.notibras.com\/site\/escolha-do-conselho-regional-de-cultura-entra-na-fase-de-votacao\/"},"author":{"name":"Eduardo Mart\u00ednez","@id":"https:\/\/www.notibras.com\/site\/#\/schema\/person\/5b7fabf2aedc3ada2105f03b22b4d3dd"},"headline":"Escolha do Conselho Regional de Cultura entra na fase de vota\u00e7\u00e3o","datePublished":"2026-03-10T03:45:23+00:00","mainEntityOfPage":{"@id":"https:\/\/www.notibras.com\/site\/escolha-do-conselho-regional-de-cultura-entra-na-fase-de-votacao\/"},"wordCount":338,"publisher":{"@id":"https:\/\/www.notibras.com\/site\/#organization"},"image":{"@id":"https:\/\/www.notibras.com\/site\/escolha-do-conselho-regional-de-cultura-entra-na-fase-de-votacao\/#primaryimage"},"thumbnailUrl":"https:\/\/www.notibras.com\/site\/wp-content\/uploads\/2026\/03\/CCDF.jpeg","articleSection":["Quadradinho em Foco"],"inLanguage":"pt-BR"},{"@type":"WebPage","@id":"https:\/\/www.notibras.com\/site\/escolha-do-conselho-regional-de-cultura-entra-na-fase-de-votacao\/","url":"https:\/\/www.notibras.com\/site\/escolha-do-conselho-regional-de-cultura-entra-na-fase-de-votacao\/","name":"Escolha do Conselho Regional de Cultura entra na fase de vota\u00e7\u00e3o - Notibras","isPartOf":{"@id":"https:\/\/www.notibras.com\/site\/#website"},"primaryImageOfPage":{"@id":"https:\/\/www.notibras.com\/site\/escolha-do-conselho-regional-de-cultura-entra-na-fase-de-votacao\/#primaryimage"},"image":{"@id":"https:\/\/www.notibras.com\/site\/escolha-do-conselho-regional-de-cultura-entra-na-fase-de-votacao\/#primaryimage"},"thumbnailUrl":"https:\/\/www.notibras.com\/site\/wp-content\/uploads\/2026\/03\/CCDF.jpeg","datePublished":"2026-03-10T03:45:23+00:00","breadcrumb":{"@id":"https:\/\/www.notibras.com\/site\/escolha-do-conselho-regional-de-cultura-entra-na-fase-de-votacao\/#breadcrumb"},"inLanguage":"pt-BR","potentialAction":[{"@type":"ReadAction","target":["https:\/\/www.notibras.com\/site\/escolha-do-conselho-regional-de-cultura-entra-na-fase-de-votacao\/"]}]},{"@type":"ImageObject","inLanguage":"pt-BR","@id":"https:\/\/www.notibras.com\/site\/escolha-do-conselho-regional-de-cultura-entra-na-fase-de-votacao\/#primaryimage","url":"https:\/\/www.notibras.com\/site\/wp-content\/uploads\/2026\/03\/CCDF.jpeg","contentUrl":"https:\/\/www.notibras.com\/site\/wp-content\/uploads\/2026\/03\/CCDF.jpeg","width":1600,"height":900},{"@type":"BreadcrumbList","@id":"https:\/\/www.notibras.com\/site\/escolha-do-conselho-regional-de-cultura-entra-na-fase-de-votacao\/#breadcrumb","itemListElement":[{"@type":"ListItem","position":1,"name":"In\u00edcio","item":"https:\/\/www.notibras.com\/site\/"},{"@type":"ListItem","position":2,"name":"Escolha do Conselho Regional de Cultura entra na fase de vota\u00e7\u00e3o"}]},{"@type":"WebSite","@id":"https:\/\/www.notibras.com\/site\/#website","url":"https:\/\/www.notibras.com\/site\/","name":"Notibras","description":"Not\u00edcias de Bras\u00edlia, do Brasil e do Mundo","publisher":{"@id":"https:\/\/www.notibras.com\/site\/#organization"},"potentialAction":[{"@type":"SearchAction","target":{"@type":"EntryPoint","urlTemplate":"https:\/\/www.notibras.com\/site\/?s={search_term_string}"},"query-input":{"@type":"PropertyValueSpecification","valueRequired":true,"valueName":"search_term_string"}}],"inLanguage":"pt-BR"},{"@type":"Organization","@id":"https:\/\/www.notibras.com\/site\/#organization","name":"Grupo Notibras de Comunica\u00e7\u00e3o","url":"https:\/\/www.notibras.com\/site\/","logo":{"@type":"ImageObject","inLanguage":"pt-BR","@id":"https:\/\/www.notibras.com\/site\/#\/schema\/logo\/image\/","url":"https:\/\/www.notibras.com\/site\/wp-content\/uploads\/2023\/01\/notibras23.png","contentUrl":"https:\/\/www.notibras.com\/site\/wp-content\/uploads\/2023\/01\/notibras23.png","width":350,"height":87,"caption":"Grupo Notibras de Comunica\u00e7\u00e3o"},"image":{"@id":"https:\/\/www.notibras.com\/site\/#\/schema\/logo\/image\/"},"sameAs":["https:\/\/www.facebook.com\/notibras\/","https:\/\/x.com\/Notibras","https:\/\/www.instagram.com\/notibras\/"]},{"@type":"Person","@id":"https:\/\/www.notibras.com\/site\/#\/schema\/person\/5b7fabf2aedc3ada2105f03b22b4d3dd","name":"Eduardo Mart\u00ednez","image":{"@type":"ImageObject","inLanguage":"pt-BR","@id":"https:\/\/secure.gravatar.com\/avatar\/7902f906289926289cbcda644b5197c796b893c6ffd7b9a536a42d290f7704a0?s=96&d=mm&r=g","url":"https:\/\/secure.gravatar.com\/avatar\/7902f906289926289cbcda644b5197c796b893c6ffd7b9a536a42d290f7704a0?s=96&d=mm&r=g","contentUrl":"https:\/\/secure.gravatar.com\/avatar\/7902f906289926289cbcda644b5197c796b893c6ffd7b9a536a42d290f7704a0?s=96&d=mm&r=g","caption":"Eduardo Mart\u00ednez"}}]}},"amp_enabled":true,"_links":{"self":[{"href":"https:\/\/www.notibras.com\/site\/wp-json\/wp\/v2\/posts\/386324","targetHints":{"allow":["GET"]}}],"collection":[{"href":"https:\/\/www.notibras.com\/site\/wp-json\/wp\/v2\/posts"}],"about":[{"href":"https:\/\/www.notibras.com\/site\/wp-json\/wp\/v2\/types\/post"}],"author":[{"embeddable":true,"href":"https:\/\/www.notibras.com\/site\/wp-json\/wp\/v2\/users\/21"}],"replies":[{"embeddable":true,"href":"https:\/\/www.notibras.com\/site\/wp-json\/wp\/v2\/comments?post=386324"}],"version-history":[{"count":2,"href":"https:\/\/www.notibras.com\/site\/wp-json\/wp\/v2\/posts\/386324\/revisions"}],"predecessor-version":[{"id":386328,"href":"https:\/\/www.notibras.com\/site\/wp-json\/wp\/v2\/posts\/386324\/revisions\/386328"}],"wp:featuredmedia":[{"embeddable":true,"href":"https:\/\/www.notibras.com\/site\/wp-json\/wp\/v2\/media\/386326"}],"wp:attachment":[{"href":"https:\/\/www.notibras.com\/site\/wp-json\/wp\/v2\/media?parent=386324"}],"wp:term":[{"taxonomy":"category","embeddable":true,"href":"https:\/\/www.notibras.com\/site\/wp-json\/wp\/v2\/categories?post=386324"},{"taxonomy":"post_tag","embeddable":true,"href":"https:\/\/www.notibras.com\/site\/wp-json\/wp\/v2\/tags?post=386324"}],"curies":[{"name":"wp","href":"https:\/\/api.w.org\/{rel}","templated":true}]}}