{"id":386329,"date":"2026-03-10T01:00:03","date_gmt":"2026-03-10T04:00:03","guid":{"rendered":"https:\/\/www.notibras.com\/site\/?p=386329"},"modified":"2026-03-09T23:10:31","modified_gmt":"2026-03-10T02:10:31","slug":"abertura-de-edital-para-manutencao-de-sistema-de-hemodialise","status":"publish","type":"post","link":"https:\/\/www.notibras.com\/site\/abertura-de-edital-para-manutencao-de-sistema-de-hemodialise\/","title":{"rendered":"Abertura de edital para manuten\u00e7\u00e3o de sistema de hemodi\u00e1lise"},"content":{"rendered":"<p>O Instituto de Gest\u00e3o Estrat\u00e9gica de Sa\u00fade do Distrito Federal (IgesDF) publicou o <a href=\"https:\/\/igesdf.org.br\/ato\/selecao-de-fornecedores-05-2026-contratacao-de-empresa-para-manutencao-de-equipamento-e-analise-de-agua-em-sistema-de-osmose-reversa\/\">Edital n\u00ba 05\/2026<\/a> para contrata\u00e7\u00e3o de empresa especializada na manuten\u00e7\u00e3o corretiva e na an\u00e1lise da \u00e1gua do sistema de osmose reversa utilizado no Hospital de Base do Distrito Federal (HBDF). O servi\u00e7o \u00e9 fundamental para garantir a qualidade da \u00e1gua empregada nos procedimentos de hemodi\u00e1lise realizados na unidade.<\/p>\n<p>A hemodi\u00e1lise \u00e9 um tratamento que substitui parte das fun\u00e7\u00f5es dos rins e depende diretamente da qualidade da \u00e1gua utilizada nos equipamentos. Por isso, o monitoramento e a manuten\u00e7\u00e3o do sistema de purifica\u00e7\u00e3o s\u00e3o essenciais para prevenir contamina\u00e7\u00f5es e assegurar a seguran\u00e7a dos pacientes durante o tratamento.<\/p>\n<p>O contrato prev\u00ea servi\u00e7os cont\u00ednuos de monitoramento e gest\u00e3o do sistema de osmose reversa, al\u00e9m de an\u00e1lises peri\u00f3dicas para verificar as condi\u00e7\u00f5es f\u00edsicas, qu\u00edmicas e microbiol\u00f3gicas da \u00e1gua utilizada no procedimento. Esse controle segue normas estabelecidas pela Ag\u00eancia Nacional de Vigil\u00e2ncia Sanit\u00e1ria (Anvisa) e \u00e9 indispens\u00e1vel para garantir que os padr\u00f5es de qualidade exigidos sejam mantidos, al\u00e9m de assegurar o funcionamento adequado dos equipamentos utilizados no atendimento aos pacientes.<\/p>\n<p><strong>Prazo para envio de propostas<\/strong><\/p>\n<p>O per\u00edodo para recebimento das propostas ser\u00e1 entre 9 e 13 de mar\u00e7o, at\u00e9 as 23h55 (hor\u00e1rio local). O envio deve ser realizado exclusivamente pelo portal eletr\u00f4nico <a href=\"https:\/\/www.apoiocotacoes.com.br\/\">www.apoiocotacoes.com.br<\/a>.<\/p>\n<p>De acordo com a chefe do N\u00facleo de Contrata\u00e7\u00e3o de Servi\u00e7os e Obras do IgesDF, Fl\u00e1via Sales, a contrata\u00e7\u00e3o \u00e9 essencial para manter o funcionamento adequado do servi\u00e7o de hemodi\u00e1lise.<\/p>\n<p>\u201cA execu\u00e7\u00e3o desses servi\u00e7os assegura o monitoramento cont\u00ednuo dos par\u00e2metros f\u00edsico-qu\u00edmicos e microbiol\u00f3gicos da \u00e1gua, em conformidade com as RDC n\u00ba 11\/2014 e n\u00ba 154\/2004 da Anvisa\u201d, afirma.<\/p>\n<p>O edital completo e seus anexos est\u00e3o dispon\u00edveis para consulta no <a href=\"https:\/\/igesdf.org.br\/ato\/selecao-de-fornecedores-05-2026-contratacao-de-empresa-para-manutencao-de-equipamento-e-analise-de-agua-em-sistema-de-osmose-reversa\/\">site oficial do IgesDF<\/a>.<\/p>\n","protected":false},"excerpt":{"rendered":"<p>O Instituto de Gest\u00e3o Estrat\u00e9gica de Sa\u00fade do Distrito Federal (IgesDF) publicou o Edital n\u00ba 05\/2026 para contrata\u00e7\u00e3o de empresa especializada na manuten\u00e7\u00e3o corretiva e na an\u00e1lise da \u00e1gua do sistema de osmose reversa utilizado no Hospital de Base do Distrito Federal (HBDF). O servi\u00e7o \u00e9 fundamental para garantir a qualidade da \u00e1gua empregada nos [&hellip;]<\/p>\n","protected":false},"author":21,"featured_media":386330,"comment_status":"closed","ping_status":"closed","sticky":false,"template":"","format":"standard","meta":{"_acf_changed":false,"footnotes":""},"categories":[161],"tags":[],"class_list":["post-386329","post","type-post","status-publish","format-standard","has-post-thumbnail","hentry","category-quadradinho-em-foco"],"acf":[],"yoast_head":"<!-- This site is optimized with the Yoast SEO plugin v27.2 - https:\/\/yoast.com\/product\/yoast-seo-wordpress\/ -->\n<title>Abertura de edital para manuten\u00e7\u00e3o de sistema de hemodi\u00e1lise - Notibras<\/title>\n<meta name=\"robots\" content=\"index, follow, max-snippet:-1, max-image-preview:large, max-video-preview:-1\" \/>\n<link rel=\"canonical\" href=\"https:\/\/www.notibras.com\/site\/abertura-de-edital-para-manutencao-de-sistema-de-hemodialise\/\" \/>\n<meta property=\"og:locale\" content=\"pt_BR\" \/>\n<meta property=\"og:type\" content=\"article\" \/>\n<meta property=\"og:title\" content=\"Abertura de edital para manuten\u00e7\u00e3o de sistema de hemodi\u00e1lise - Notibras\" \/>\n<meta property=\"og:description\" content=\"O Instituto de Gest\u00e3o Estrat\u00e9gica de Sa\u00fade do Distrito Federal (IgesDF) publicou o Edital n\u00ba 05\/2026 para contrata\u00e7\u00e3o de empresa especializada na manuten\u00e7\u00e3o corretiva e na an\u00e1lise da \u00e1gua do sistema de osmose reversa utilizado no Hospital de Base do Distrito Federal (HBDF). O servi\u00e7o \u00e9 fundamental para garantir a qualidade da \u00e1gua empregada nos [&hellip;]\" \/>\n<meta property=\"og:url\" content=\"https:\/\/www.notibras.com\/site\/abertura-de-edital-para-manutencao-de-sistema-de-hemodialise\/\" \/>\n<meta property=\"og:site_name\" content=\"Notibras\" \/>\n<meta property=\"article:publisher\" content=\"https:\/\/www.facebook.com\/notibras\/\" \/>\n<meta property=\"article:published_time\" content=\"2026-03-10T04:00:03+00:00\" \/>\n<meta property=\"og:image\" content=\"https:\/\/www.notibras.com\/site\/wp-content\/uploads\/2026\/03\/Hemodialise-Divulgacao.IgesDF-1-1024x769.png\" \/>\n\t<meta property=\"og:image:width\" content=\"1024\" \/>\n\t<meta property=\"og:image:height\" content=\"769\" \/>\n\t<meta property=\"og:image:type\" content=\"image\/png\" \/>\n<meta name=\"author\" content=\"Eduardo Mart\u00ednez\" \/>\n<meta name=\"twitter:card\" content=\"summary_large_image\" \/>\n<meta name=\"twitter:creator\" content=\"@Notibras\" \/>\n<meta name=\"twitter:site\" content=\"@Notibras\" \/>\n<meta name=\"twitter:label1\" content=\"Escrito por\" \/>\n\t<meta name=\"twitter:data1\" content=\"Eduardo Mart\u00ednez\" \/>\n\t<meta name=\"twitter:label2\" content=\"Est. tempo de leitura\" \/>\n\t<meta name=\"twitter:data2\" content=\"2 minutos\" \/>\n<script type=\"application\/ld+json\" class=\"yoast-schema-graph\">{\"@context\":\"https:\/\/schema.org\",\"@graph\":[{\"@type\":\"Article\",\"@id\":\"https:\/\/www.notibras.com\/site\/abertura-de-edital-para-manutencao-de-sistema-de-hemodialise\/#article\",\"isPartOf\":{\"@id\":\"https:\/\/www.notibras.com\/site\/abertura-de-edital-para-manutencao-de-sistema-de-hemodialise\/\"},\"author\":{\"name\":\"Eduardo Mart\u00ednez\",\"@id\":\"https:\/\/www.notibras.com\/site\/#\/schema\/person\/5b7fabf2aedc3ada2105f03b22b4d3dd\"},\"headline\":\"Abertura de edital para manuten\u00e7\u00e3o de sistema de hemodi\u00e1lise\",\"datePublished\":\"2026-03-10T04:00:03+00:00\",\"mainEntityOfPage\":{\"@id\":\"https:\/\/www.notibras.com\/site\/abertura-de-edital-para-manutencao-de-sistema-de-hemodialise\/\"},\"wordCount\":339,\"publisher\":{\"@id\":\"https:\/\/www.notibras.com\/site\/#organization\"},\"image\":{\"@id\":\"https:\/\/www.notibras.com\/site\/abertura-de-edital-para-manutencao-de-sistema-de-hemodialise\/#primaryimage\"},\"thumbnailUrl\":\"https:\/\/www.notibras.com\/site\/wp-content\/uploads\/2026\/03\/Hemodialise-Divulgacao.IgesDF-1.png\",\"articleSection\":[\"Quadradinho em Foco\"],\"inLanguage\":\"pt-BR\"},{\"@type\":\"WebPage\",\"@id\":\"https:\/\/www.notibras.com\/site\/abertura-de-edital-para-manutencao-de-sistema-de-hemodialise\/\",\"url\":\"https:\/\/www.notibras.com\/site\/abertura-de-edital-para-manutencao-de-sistema-de-hemodialise\/\",\"name\":\"Abertura de edital para manuten\u00e7\u00e3o de sistema de hemodi\u00e1lise - Notibras\",\"isPartOf\":{\"@id\":\"https:\/\/www.notibras.com\/site\/#website\"},\"primaryImageOfPage\":{\"@id\":\"https:\/\/www.notibras.com\/site\/abertura-de-edital-para-manutencao-de-sistema-de-hemodialise\/#primaryimage\"},\"image\":{\"@id\":\"https:\/\/www.notibras.com\/site\/abertura-de-edital-para-manutencao-de-sistema-de-hemodialise\/#primaryimage\"},\"thumbnailUrl\":\"https:\/\/www.notibras.com\/site\/wp-content\/uploads\/2026\/03\/Hemodialise-Divulgacao.IgesDF-1.png\",\"datePublished\":\"2026-03-10T04:00:03+00:00\",\"breadcrumb\":{\"@id\":\"https:\/\/www.notibras.com\/site\/abertura-de-edital-para-manutencao-de-sistema-de-hemodialise\/#breadcrumb\"},\"inLanguage\":\"pt-BR\",\"potentialAction\":[{\"@type\":\"ReadAction\",\"target\":[\"https:\/\/www.notibras.com\/site\/abertura-de-edital-para-manutencao-de-sistema-de-hemodialise\/\"]}]},{\"@type\":\"ImageObject\",\"inLanguage\":\"pt-BR\",\"@id\":\"https:\/\/www.notibras.com\/site\/abertura-de-edital-para-manutencao-de-sistema-de-hemodialise\/#primaryimage\",\"url\":\"https:\/\/www.notibras.com\/site\/wp-content\/uploads\/2026\/03\/Hemodialise-Divulgacao.IgesDF-1.png\",\"contentUrl\":\"https:\/\/www.notibras.com\/site\/wp-content\/uploads\/2026\/03\/Hemodialise-Divulgacao.IgesDF-1.png\",\"width\":2048,\"height\":1537},{\"@type\":\"BreadcrumbList\",\"@id\":\"https:\/\/www.notibras.com\/site\/abertura-de-edital-para-manutencao-de-sistema-de-hemodialise\/#breadcrumb\",\"itemListElement\":[{\"@type\":\"ListItem\",\"position\":1,\"name\":\"In\u00edcio\",\"item\":\"https:\/\/www.notibras.com\/site\/\"},{\"@type\":\"ListItem\",\"position\":2,\"name\":\"Abertura de edital para manuten\u00e7\u00e3o de sistema de hemodi\u00e1lise\"}]},{\"@type\":\"WebSite\",\"@id\":\"https:\/\/www.notibras.com\/site\/#website\",\"url\":\"https:\/\/www.notibras.com\/site\/\",\"name\":\"Notibras\",\"description\":\"Not\u00edcias de Bras\u00edlia, do Brasil e do Mundo\",\"publisher\":{\"@id\":\"https:\/\/www.notibras.com\/site\/#organization\"},\"potentialAction\":[{\"@type\":\"SearchAction\",\"target\":{\"@type\":\"EntryPoint\",\"urlTemplate\":\"https:\/\/www.notibras.com\/site\/?s={search_term_string}\"},\"query-input\":{\"@type\":\"PropertyValueSpecification\",\"valueRequired\":true,\"valueName\":\"search_term_string\"}}],\"inLanguage\":\"pt-BR\"},{\"@type\":\"Organization\",\"@id\":\"https:\/\/www.notibras.com\/site\/#organization\",\"name\":\"Grupo Notibras de Comunica\u00e7\u00e3o\",\"url\":\"https:\/\/www.notibras.com\/site\/\",\"logo\":{\"@type\":\"ImageObject\",\"inLanguage\":\"pt-BR\",\"@id\":\"https:\/\/www.notibras.com\/site\/#\/schema\/logo\/image\/\",\"url\":\"https:\/\/www.notibras.com\/site\/wp-content\/uploads\/2023\/01\/notibras23.png\",\"contentUrl\":\"https:\/\/www.notibras.com\/site\/wp-content\/uploads\/2023\/01\/notibras23.png\",\"width\":350,\"height\":87,\"caption\":\"Grupo Notibras de Comunica\u00e7\u00e3o\"},\"image\":{\"@id\":\"https:\/\/www.notibras.com\/site\/#\/schema\/logo\/image\/\"},\"sameAs\":[\"https:\/\/www.facebook.com\/notibras\/\",\"https:\/\/x.com\/Notibras\",\"https:\/\/www.instagram.com\/notibras\/\"]},{\"@type\":\"Person\",\"@id\":\"https:\/\/www.notibras.com\/site\/#\/schema\/person\/5b7fabf2aedc3ada2105f03b22b4d3dd\",\"name\":\"Eduardo Mart\u00ednez\",\"image\":{\"@type\":\"ImageObject\",\"inLanguage\":\"pt-BR\",\"@id\":\"https:\/\/secure.gravatar.com\/avatar\/7902f906289926289cbcda644b5197c796b893c6ffd7b9a536a42d290f7704a0?s=96&d=mm&r=g\",\"url\":\"https:\/\/secure.gravatar.com\/avatar\/7902f906289926289cbcda644b5197c796b893c6ffd7b9a536a42d290f7704a0?s=96&d=mm&r=g\",\"contentUrl\":\"https:\/\/secure.gravatar.com\/avatar\/7902f906289926289cbcda644b5197c796b893c6ffd7b9a536a42d290f7704a0?s=96&d=mm&r=g\",\"caption\":\"Eduardo Mart\u00ednez\"}}]}<\/script>\n<!-- \/ Yoast SEO plugin. -->","yoast_head_json":{"title":"Abertura de edital para manuten\u00e7\u00e3o de sistema de hemodi\u00e1lise - Notibras","robots":{"index":"index","follow":"follow","max-snippet":"max-snippet:-1","max-image-preview":"max-image-preview:large","max-video-preview":"max-video-preview:-1"},"canonical":"https:\/\/www.notibras.com\/site\/abertura-de-edital-para-manutencao-de-sistema-de-hemodialise\/","og_locale":"pt_BR","og_type":"article","og_title":"Abertura de edital para manuten\u00e7\u00e3o de sistema de hemodi\u00e1lise - Notibras","og_description":"O Instituto de Gest\u00e3o Estrat\u00e9gica de Sa\u00fade do Distrito Federal (IgesDF) publicou o Edital n\u00ba 05\/2026 para contrata\u00e7\u00e3o de empresa especializada na manuten\u00e7\u00e3o corretiva e na an\u00e1lise da \u00e1gua do sistema de osmose reversa utilizado no Hospital de Base do Distrito Federal (HBDF). O servi\u00e7o \u00e9 fundamental para garantir a qualidade da \u00e1gua empregada nos [&hellip;]","og_url":"https:\/\/www.notibras.com\/site\/abertura-de-edital-para-manutencao-de-sistema-de-hemodialise\/","og_site_name":"Notibras","article_publisher":"https:\/\/www.facebook.com\/notibras\/","article_published_time":"2026-03-10T04:00:03+00:00","og_image":[{"width":1024,"height":769,"url":"https:\/\/www.notibras.com\/site\/wp-content\/uploads\/2026\/03\/Hemodialise-Divulgacao.IgesDF-1-1024x769.png","type":"image\/png"}],"author":"Eduardo Mart\u00ednez","twitter_card":"summary_large_image","twitter_creator":"@Notibras","twitter_site":"@Notibras","twitter_misc":{"Escrito por":"Eduardo Mart\u00ednez","Est. tempo de leitura":"2 minutos"},"schema":{"@context":"https:\/\/schema.org","@graph":[{"@type":"Article","@id":"https:\/\/www.notibras.com\/site\/abertura-de-edital-para-manutencao-de-sistema-de-hemodialise\/#article","isPartOf":{"@id":"https:\/\/www.notibras.com\/site\/abertura-de-edital-para-manutencao-de-sistema-de-hemodialise\/"},"author":{"name":"Eduardo Mart\u00ednez","@id":"https:\/\/www.notibras.com\/site\/#\/schema\/person\/5b7fabf2aedc3ada2105f03b22b4d3dd"},"headline":"Abertura de edital para manuten\u00e7\u00e3o de sistema de hemodi\u00e1lise","datePublished":"2026-03-10T04:00:03+00:00","mainEntityOfPage":{"@id":"https:\/\/www.notibras.com\/site\/abertura-de-edital-para-manutencao-de-sistema-de-hemodialise\/"},"wordCount":339,"publisher":{"@id":"https:\/\/www.notibras.com\/site\/#organization"},"image":{"@id":"https:\/\/www.notibras.com\/site\/abertura-de-edital-para-manutencao-de-sistema-de-hemodialise\/#primaryimage"},"thumbnailUrl":"https:\/\/www.notibras.com\/site\/wp-content\/uploads\/2026\/03\/Hemodialise-Divulgacao.IgesDF-1.png","articleSection":["Quadradinho em Foco"],"inLanguage":"pt-BR"},{"@type":"WebPage","@id":"https:\/\/www.notibras.com\/site\/abertura-de-edital-para-manutencao-de-sistema-de-hemodialise\/","url":"https:\/\/www.notibras.com\/site\/abertura-de-edital-para-manutencao-de-sistema-de-hemodialise\/","name":"Abertura de edital para manuten\u00e7\u00e3o de sistema de hemodi\u00e1lise - Notibras","isPartOf":{"@id":"https:\/\/www.notibras.com\/site\/#website"},"primaryImageOfPage":{"@id":"https:\/\/www.notibras.com\/site\/abertura-de-edital-para-manutencao-de-sistema-de-hemodialise\/#primaryimage"},"image":{"@id":"https:\/\/www.notibras.com\/site\/abertura-de-edital-para-manutencao-de-sistema-de-hemodialise\/#primaryimage"},"thumbnailUrl":"https:\/\/www.notibras.com\/site\/wp-content\/uploads\/2026\/03\/Hemodialise-Divulgacao.IgesDF-1.png","datePublished":"2026-03-10T04:00:03+00:00","breadcrumb":{"@id":"https:\/\/www.notibras.com\/site\/abertura-de-edital-para-manutencao-de-sistema-de-hemodialise\/#breadcrumb"},"inLanguage":"pt-BR","potentialAction":[{"@type":"ReadAction","target":["https:\/\/www.notibras.com\/site\/abertura-de-edital-para-manutencao-de-sistema-de-hemodialise\/"]}]},{"@type":"ImageObject","inLanguage":"pt-BR","@id":"https:\/\/www.notibras.com\/site\/abertura-de-edital-para-manutencao-de-sistema-de-hemodialise\/#primaryimage","url":"https:\/\/www.notibras.com\/site\/wp-content\/uploads\/2026\/03\/Hemodialise-Divulgacao.IgesDF-1.png","contentUrl":"https:\/\/www.notibras.com\/site\/wp-content\/uploads\/2026\/03\/Hemodialise-Divulgacao.IgesDF-1.png","width":2048,"height":1537},{"@type":"BreadcrumbList","@id":"https:\/\/www.notibras.com\/site\/abertura-de-edital-para-manutencao-de-sistema-de-hemodialise\/#breadcrumb","itemListElement":[{"@type":"ListItem","position":1,"name":"In\u00edcio","item":"https:\/\/www.notibras.com\/site\/"},{"@type":"ListItem","position":2,"name":"Abertura de edital para manuten\u00e7\u00e3o de sistema de hemodi\u00e1lise"}]},{"@type":"WebSite","@id":"https:\/\/www.notibras.com\/site\/#website","url":"https:\/\/www.notibras.com\/site\/","name":"Notibras","description":"Not\u00edcias de Bras\u00edlia, do Brasil e do Mundo","publisher":{"@id":"https:\/\/www.notibras.com\/site\/#organization"},"potentialAction":[{"@type":"SearchAction","target":{"@type":"EntryPoint","urlTemplate":"https:\/\/www.notibras.com\/site\/?s={search_term_string}"},"query-input":{"@type":"PropertyValueSpecification","valueRequired":true,"valueName":"search_term_string"}}],"inLanguage":"pt-BR"},{"@type":"Organization","@id":"https:\/\/www.notibras.com\/site\/#organization","name":"Grupo Notibras de Comunica\u00e7\u00e3o","url":"https:\/\/www.notibras.com\/site\/","logo":{"@type":"ImageObject","inLanguage":"pt-BR","@id":"https:\/\/www.notibras.com\/site\/#\/schema\/logo\/image\/","url":"https:\/\/www.notibras.com\/site\/wp-content\/uploads\/2023\/01\/notibras23.png","contentUrl":"https:\/\/www.notibras.com\/site\/wp-content\/uploads\/2023\/01\/notibras23.png","width":350,"height":87,"caption":"Grupo Notibras de Comunica\u00e7\u00e3o"},"image":{"@id":"https:\/\/www.notibras.com\/site\/#\/schema\/logo\/image\/"},"sameAs":["https:\/\/www.facebook.com\/notibras\/","https:\/\/x.com\/Notibras","https:\/\/www.instagram.com\/notibras\/"]},{"@type":"Person","@id":"https:\/\/www.notibras.com\/site\/#\/schema\/person\/5b7fabf2aedc3ada2105f03b22b4d3dd","name":"Eduardo Mart\u00ednez","image":{"@type":"ImageObject","inLanguage":"pt-BR","@id":"https:\/\/secure.gravatar.com\/avatar\/7902f906289926289cbcda644b5197c796b893c6ffd7b9a536a42d290f7704a0?s=96&d=mm&r=g","url":"https:\/\/secure.gravatar.com\/avatar\/7902f906289926289cbcda644b5197c796b893c6ffd7b9a536a42d290f7704a0?s=96&d=mm&r=g","contentUrl":"https:\/\/secure.gravatar.com\/avatar\/7902f906289926289cbcda644b5197c796b893c6ffd7b9a536a42d290f7704a0?s=96&d=mm&r=g","caption":"Eduardo Mart\u00ednez"}}]}},"amp_enabled":true,"_links":{"self":[{"href":"https:\/\/www.notibras.com\/site\/wp-json\/wp\/v2\/posts\/386329","targetHints":{"allow":["GET"]}}],"collection":[{"href":"https:\/\/www.notibras.com\/site\/wp-json\/wp\/v2\/posts"}],"about":[{"href":"https:\/\/www.notibras.com\/site\/wp-json\/wp\/v2\/types\/post"}],"author":[{"embeddable":true,"href":"https:\/\/www.notibras.com\/site\/wp-json\/wp\/v2\/users\/21"}],"replies":[{"embeddable":true,"href":"https:\/\/www.notibras.com\/site\/wp-json\/wp\/v2\/comments?post=386329"}],"version-history":[{"count":2,"href":"https:\/\/www.notibras.com\/site\/wp-json\/wp\/v2\/posts\/386329\/revisions"}],"predecessor-version":[{"id":386332,"href":"https:\/\/www.notibras.com\/site\/wp-json\/wp\/v2\/posts\/386329\/revisions\/386332"}],"wp:featuredmedia":[{"embeddable":true,"href":"https:\/\/www.notibras.com\/site\/wp-json\/wp\/v2\/media\/386330"}],"wp:attachment":[{"href":"https:\/\/www.notibras.com\/site\/wp-json\/wp\/v2\/media?parent=386329"}],"wp:term":[{"taxonomy":"category","embeddable":true,"href":"https:\/\/www.notibras.com\/site\/wp-json\/wp\/v2\/categories?post=386329"},{"taxonomy":"post_tag","embeddable":true,"href":"https:\/\/www.notibras.com\/site\/wp-json\/wp\/v2\/tags?post=386329"}],"curies":[{"name":"wp","href":"https:\/\/api.w.org\/{rel}","templated":true}]}}