{"id":386333,"date":"2026-03-10T02:15:02","date_gmt":"2026-03-10T05:15:02","guid":{"rendered":"https:\/\/www.notibras.com\/site\/?p=386333"},"modified":"2026-03-10T02:58:50","modified_gmt":"2026-03-10T05:58:50","slug":"haddad-o-nome-ideal-para-reconquistar-os-paulistas","status":"publish","type":"post","link":"https:\/\/www.notibras.com\/site\/haddad-o-nome-ideal-para-reconquistar-os-paulistas\/","title":{"rendered":"Haddad, o nome ideal para reconquistar os paulistas"},"content":{"rendered":"<p>Fernando Haddad deixar\u00e1 o Minist\u00e9rio da Fazenda na pr\u00f3xima semana para disputar o governo de S\u00e3o Paulo. A decis\u00e3o, amadurecida nos \u00faltimos meses, foi finalmente selada ap\u00f3s insist\u00eancia do presidente Lula, que vinha tentando convencer o ministro de que sua candidatura seria fundamental para a estrat\u00e9gia do partido no maior col\u00e9gio eleitoral do pa\u00eds.<\/p>\n<p>Segundo interlocutores do governo, a sa\u00edda de Haddad foi consolidada ap\u00f3s uma s\u00e9rie de conversas diretas com Lula, nas quais o presidente refor\u00e7ou a necessidade de apresentar um nome forte para enfrentar o atual governador, Tarc\u00edsio de Freitas. Al\u00e9m do peso pol\u00edtico do ex-prefeito da capital, pesou tamb\u00e9m a avalia\u00e7\u00e3o de que Haddad tem capacidade de dialogar com diferentes setores do eleitorado paulista.<\/p>\n<p>Outro fator decisivo foram os n\u00fameros recentes da pesquisa Datafolha. O levantamento indicou que Haddad aparece como o nome mais competitivo do PT para enfrentar Tarc\u00edsio, com maior potencial de crescimento e menor rejei\u00e7\u00e3o dentro do campo progressista. Diante desse cen\u00e1rio, o partido concluiu que sua candidatura representa a melhor chance de transformar a disputa pelo Pal\u00e1cio dos Bandeirantes em uma elei\u00e7\u00e3o realmente competitiva.<\/p>\n","protected":false},"excerpt":{"rendered":"<p>Fernando Haddad deixar\u00e1 o Minist\u00e9rio da Fazenda na pr\u00f3xima semana para disputar o governo de S\u00e3o Paulo. A decis\u00e3o, amadurecida nos \u00faltimos meses, foi finalmente selada ap\u00f3s insist\u00eancia do presidente Lula, que vinha tentando convencer o ministro de que sua candidatura seria fundamental para a estrat\u00e9gia do partido no maior col\u00e9gio eleitoral do pa\u00eds. Segundo [&hellip;]<\/p>\n","protected":false},"author":21,"featured_media":386334,"comment_status":"closed","ping_status":"closed","sticky":false,"template":"","format":"standard","meta":{"_acf_changed":false,"footnotes":""},"categories":[235],"tags":[],"class_list":["post-386333","post","type-post","status-publish","format-standard","has-post-thumbnail","hentry","category-dona-irene"],"acf":[],"yoast_head":"<!-- This site is optimized with the Yoast SEO plugin v27.2 - https:\/\/yoast.com\/product\/yoast-seo-wordpress\/ -->\n<title>Haddad, o nome ideal para reconquistar os paulistas - Notibras<\/title>\n<meta name=\"robots\" content=\"index, follow, max-snippet:-1, max-image-preview:large, max-video-preview:-1\" \/>\n<link rel=\"canonical\" href=\"https:\/\/www.notibras.com\/site\/haddad-o-nome-ideal-para-reconquistar-os-paulistas\/\" \/>\n<meta property=\"og:locale\" content=\"pt_BR\" \/>\n<meta property=\"og:type\" content=\"article\" \/>\n<meta property=\"og:title\" content=\"Haddad, o nome ideal para reconquistar os paulistas - Notibras\" \/>\n<meta property=\"og:description\" content=\"Fernando Haddad deixar\u00e1 o Minist\u00e9rio da Fazenda na pr\u00f3xima semana para disputar o governo de S\u00e3o Paulo. A decis\u00e3o, amadurecida nos \u00faltimos meses, foi finalmente selada ap\u00f3s insist\u00eancia do presidente Lula, que vinha tentando convencer o ministro de que sua candidatura seria fundamental para a estrat\u00e9gia do partido no maior col\u00e9gio eleitoral do pa\u00eds. Segundo [&hellip;]\" \/>\n<meta property=\"og:url\" content=\"https:\/\/www.notibras.com\/site\/haddad-o-nome-ideal-para-reconquistar-os-paulistas\/\" \/>\n<meta property=\"og:site_name\" content=\"Notibras\" \/>\n<meta property=\"article:publisher\" content=\"https:\/\/www.facebook.com\/notibras\/\" \/>\n<meta property=\"article:published_time\" content=\"2026-03-10T05:15:02+00:00\" \/>\n<meta property=\"article:modified_time\" content=\"2026-03-10T05:58:50+00:00\" \/>\n<meta property=\"og:image\" content=\"https:\/\/www.notibras.com\/site\/wp-content\/uploads\/2026\/03\/fernando-haddad-guerra-ira-762x429.jpg.optimal.jpg\" \/>\n\t<meta property=\"og:image:width\" content=\"762\" \/>\n\t<meta property=\"og:image:height\" content=\"429\" \/>\n\t<meta property=\"og:image:type\" content=\"image\/jpeg\" \/>\n<meta name=\"author\" content=\"Eduardo Mart\u00ednez\" \/>\n<meta name=\"twitter:card\" content=\"summary_large_image\" \/>\n<meta name=\"twitter:creator\" content=\"@Notibras\" \/>\n<meta name=\"twitter:site\" content=\"@Notibras\" \/>\n<meta name=\"twitter:label1\" content=\"Escrito por\" \/>\n\t<meta name=\"twitter:data1\" content=\"Eduardo Mart\u00ednez\" \/>\n\t<meta name=\"twitter:label2\" content=\"Est. tempo de leitura\" \/>\n\t<meta name=\"twitter:data2\" content=\"2 minutos\" \/>\n<script type=\"application\/ld+json\" class=\"yoast-schema-graph\">{\"@context\":\"https:\/\/schema.org\",\"@graph\":[{\"@type\":\"Article\",\"@id\":\"https:\/\/www.notibras.com\/site\/haddad-o-nome-ideal-para-reconquistar-os-paulistas\/#article\",\"isPartOf\":{\"@id\":\"https:\/\/www.notibras.com\/site\/haddad-o-nome-ideal-para-reconquistar-os-paulistas\/\"},\"author\":{\"name\":\"Eduardo Mart\u00ednez\",\"@id\":\"https:\/\/www.notibras.com\/site\/#\/schema\/person\/5b7fabf2aedc3ada2105f03b22b4d3dd\"},\"headline\":\"Haddad, o nome ideal para reconquistar os paulistas\",\"datePublished\":\"2026-03-10T05:15:02+00:00\",\"dateModified\":\"2026-03-10T05:58:50+00:00\",\"mainEntityOfPage\":{\"@id\":\"https:\/\/www.notibras.com\/site\/haddad-o-nome-ideal-para-reconquistar-os-paulistas\/\"},\"wordCount\":213,\"publisher\":{\"@id\":\"https:\/\/www.notibras.com\/site\/#organization\"},\"image\":{\"@id\":\"https:\/\/www.notibras.com\/site\/haddad-o-nome-ideal-para-reconquistar-os-paulistas\/#primaryimage\"},\"thumbnailUrl\":\"https:\/\/www.notibras.com\/site\/wp-content\/uploads\/2026\/03\/fernando-haddad-guerra-ira-762x429.jpg.optimal.jpg\",\"articleSection\":[\"Dona Irene\"],\"inLanguage\":\"pt-BR\"},{\"@type\":\"WebPage\",\"@id\":\"https:\/\/www.notibras.com\/site\/haddad-o-nome-ideal-para-reconquistar-os-paulistas\/\",\"url\":\"https:\/\/www.notibras.com\/site\/haddad-o-nome-ideal-para-reconquistar-os-paulistas\/\",\"name\":\"Haddad, o nome ideal para reconquistar os paulistas - Notibras\",\"isPartOf\":{\"@id\":\"https:\/\/www.notibras.com\/site\/#website\"},\"primaryImageOfPage\":{\"@id\":\"https:\/\/www.notibras.com\/site\/haddad-o-nome-ideal-para-reconquistar-os-paulistas\/#primaryimage\"},\"image\":{\"@id\":\"https:\/\/www.notibras.com\/site\/haddad-o-nome-ideal-para-reconquistar-os-paulistas\/#primaryimage\"},\"thumbnailUrl\":\"https:\/\/www.notibras.com\/site\/wp-content\/uploads\/2026\/03\/fernando-haddad-guerra-ira-762x429.jpg.optimal.jpg\",\"datePublished\":\"2026-03-10T05:15:02+00:00\",\"dateModified\":\"2026-03-10T05:58:50+00:00\",\"breadcrumb\":{\"@id\":\"https:\/\/www.notibras.com\/site\/haddad-o-nome-ideal-para-reconquistar-os-paulistas\/#breadcrumb\"},\"inLanguage\":\"pt-BR\",\"potentialAction\":[{\"@type\":\"ReadAction\",\"target\":[\"https:\/\/www.notibras.com\/site\/haddad-o-nome-ideal-para-reconquistar-os-paulistas\/\"]}]},{\"@type\":\"ImageObject\",\"inLanguage\":\"pt-BR\",\"@id\":\"https:\/\/www.notibras.com\/site\/haddad-o-nome-ideal-para-reconquistar-os-paulistas\/#primaryimage\",\"url\":\"https:\/\/www.notibras.com\/site\/wp-content\/uploads\/2026\/03\/fernando-haddad-guerra-ira-762x429.jpg.optimal.jpg\",\"contentUrl\":\"https:\/\/www.notibras.com\/site\/wp-content\/uploads\/2026\/03\/fernando-haddad-guerra-ira-762x429.jpg.optimal.jpg\",\"width\":762,\"height\":429},{\"@type\":\"BreadcrumbList\",\"@id\":\"https:\/\/www.notibras.com\/site\/haddad-o-nome-ideal-para-reconquistar-os-paulistas\/#breadcrumb\",\"itemListElement\":[{\"@type\":\"ListItem\",\"position\":1,\"name\":\"In\u00edcio\",\"item\":\"https:\/\/www.notibras.com\/site\/\"},{\"@type\":\"ListItem\",\"position\":2,\"name\":\"Haddad, o nome ideal para reconquistar os paulistas\"}]},{\"@type\":\"WebSite\",\"@id\":\"https:\/\/www.notibras.com\/site\/#website\",\"url\":\"https:\/\/www.notibras.com\/site\/\",\"name\":\"Notibras\",\"description\":\"Not\u00edcias de Bras\u00edlia, do Brasil e do Mundo\",\"publisher\":{\"@id\":\"https:\/\/www.notibras.com\/site\/#organization\"},\"potentialAction\":[{\"@type\":\"SearchAction\",\"target\":{\"@type\":\"EntryPoint\",\"urlTemplate\":\"https:\/\/www.notibras.com\/site\/?s={search_term_string}\"},\"query-input\":{\"@type\":\"PropertyValueSpecification\",\"valueRequired\":true,\"valueName\":\"search_term_string\"}}],\"inLanguage\":\"pt-BR\"},{\"@type\":\"Organization\",\"@id\":\"https:\/\/www.notibras.com\/site\/#organization\",\"name\":\"Grupo Notibras de Comunica\u00e7\u00e3o\",\"url\":\"https:\/\/www.notibras.com\/site\/\",\"logo\":{\"@type\":\"ImageObject\",\"inLanguage\":\"pt-BR\",\"@id\":\"https:\/\/www.notibras.com\/site\/#\/schema\/logo\/image\/\",\"url\":\"https:\/\/www.notibras.com\/site\/wp-content\/uploads\/2023\/01\/notibras23.png\",\"contentUrl\":\"https:\/\/www.notibras.com\/site\/wp-content\/uploads\/2023\/01\/notibras23.png\",\"width\":350,\"height\":87,\"caption\":\"Grupo Notibras de Comunica\u00e7\u00e3o\"},\"image\":{\"@id\":\"https:\/\/www.notibras.com\/site\/#\/schema\/logo\/image\/\"},\"sameAs\":[\"https:\/\/www.facebook.com\/notibras\/\",\"https:\/\/x.com\/Notibras\",\"https:\/\/www.instagram.com\/notibras\/\"]},{\"@type\":\"Person\",\"@id\":\"https:\/\/www.notibras.com\/site\/#\/schema\/person\/5b7fabf2aedc3ada2105f03b22b4d3dd\",\"name\":\"Eduardo Mart\u00ednez\",\"image\":{\"@type\":\"ImageObject\",\"inLanguage\":\"pt-BR\",\"@id\":\"https:\/\/secure.gravatar.com\/avatar\/7902f906289926289cbcda644b5197c796b893c6ffd7b9a536a42d290f7704a0?s=96&d=mm&r=g\",\"url\":\"https:\/\/secure.gravatar.com\/avatar\/7902f906289926289cbcda644b5197c796b893c6ffd7b9a536a42d290f7704a0?s=96&d=mm&r=g\",\"contentUrl\":\"https:\/\/secure.gravatar.com\/avatar\/7902f906289926289cbcda644b5197c796b893c6ffd7b9a536a42d290f7704a0?s=96&d=mm&r=g\",\"caption\":\"Eduardo Mart\u00ednez\"}}]}<\/script>\n<!-- \/ Yoast SEO plugin. -->","yoast_head_json":{"title":"Haddad, o nome ideal para reconquistar os paulistas - Notibras","robots":{"index":"index","follow":"follow","max-snippet":"max-snippet:-1","max-image-preview":"max-image-preview:large","max-video-preview":"max-video-preview:-1"},"canonical":"https:\/\/www.notibras.com\/site\/haddad-o-nome-ideal-para-reconquistar-os-paulistas\/","og_locale":"pt_BR","og_type":"article","og_title":"Haddad, o nome ideal para reconquistar os paulistas - Notibras","og_description":"Fernando Haddad deixar\u00e1 o Minist\u00e9rio da Fazenda na pr\u00f3xima semana para disputar o governo de S\u00e3o Paulo. A decis\u00e3o, amadurecida nos \u00faltimos meses, foi finalmente selada ap\u00f3s insist\u00eancia do presidente Lula, que vinha tentando convencer o ministro de que sua candidatura seria fundamental para a estrat\u00e9gia do partido no maior col\u00e9gio eleitoral do pa\u00eds. Segundo [&hellip;]","og_url":"https:\/\/www.notibras.com\/site\/haddad-o-nome-ideal-para-reconquistar-os-paulistas\/","og_site_name":"Notibras","article_publisher":"https:\/\/www.facebook.com\/notibras\/","article_published_time":"2026-03-10T05:15:02+00:00","article_modified_time":"2026-03-10T05:58:50+00:00","og_image":[{"width":762,"height":429,"url":"https:\/\/www.notibras.com\/site\/wp-content\/uploads\/2026\/03\/fernando-haddad-guerra-ira-762x429.jpg.optimal.jpg","type":"image\/jpeg"}],"author":"Eduardo Mart\u00ednez","twitter_card":"summary_large_image","twitter_creator":"@Notibras","twitter_site":"@Notibras","twitter_misc":{"Escrito por":"Eduardo Mart\u00ednez","Est. tempo de leitura":"2 minutos"},"schema":{"@context":"https:\/\/schema.org","@graph":[{"@type":"Article","@id":"https:\/\/www.notibras.com\/site\/haddad-o-nome-ideal-para-reconquistar-os-paulistas\/#article","isPartOf":{"@id":"https:\/\/www.notibras.com\/site\/haddad-o-nome-ideal-para-reconquistar-os-paulistas\/"},"author":{"name":"Eduardo Mart\u00ednez","@id":"https:\/\/www.notibras.com\/site\/#\/schema\/person\/5b7fabf2aedc3ada2105f03b22b4d3dd"},"headline":"Haddad, o nome ideal para reconquistar os paulistas","datePublished":"2026-03-10T05:15:02+00:00","dateModified":"2026-03-10T05:58:50+00:00","mainEntityOfPage":{"@id":"https:\/\/www.notibras.com\/site\/haddad-o-nome-ideal-para-reconquistar-os-paulistas\/"},"wordCount":213,"publisher":{"@id":"https:\/\/www.notibras.com\/site\/#organization"},"image":{"@id":"https:\/\/www.notibras.com\/site\/haddad-o-nome-ideal-para-reconquistar-os-paulistas\/#primaryimage"},"thumbnailUrl":"https:\/\/www.notibras.com\/site\/wp-content\/uploads\/2026\/03\/fernando-haddad-guerra-ira-762x429.jpg.optimal.jpg","articleSection":["Dona Irene"],"inLanguage":"pt-BR"},{"@type":"WebPage","@id":"https:\/\/www.notibras.com\/site\/haddad-o-nome-ideal-para-reconquistar-os-paulistas\/","url":"https:\/\/www.notibras.com\/site\/haddad-o-nome-ideal-para-reconquistar-os-paulistas\/","name":"Haddad, o nome ideal para reconquistar os paulistas - Notibras","isPartOf":{"@id":"https:\/\/www.notibras.com\/site\/#website"},"primaryImageOfPage":{"@id":"https:\/\/www.notibras.com\/site\/haddad-o-nome-ideal-para-reconquistar-os-paulistas\/#primaryimage"},"image":{"@id":"https:\/\/www.notibras.com\/site\/haddad-o-nome-ideal-para-reconquistar-os-paulistas\/#primaryimage"},"thumbnailUrl":"https:\/\/www.notibras.com\/site\/wp-content\/uploads\/2026\/03\/fernando-haddad-guerra-ira-762x429.jpg.optimal.jpg","datePublished":"2026-03-10T05:15:02+00:00","dateModified":"2026-03-10T05:58:50+00:00","breadcrumb":{"@id":"https:\/\/www.notibras.com\/site\/haddad-o-nome-ideal-para-reconquistar-os-paulistas\/#breadcrumb"},"inLanguage":"pt-BR","potentialAction":[{"@type":"ReadAction","target":["https:\/\/www.notibras.com\/site\/haddad-o-nome-ideal-para-reconquistar-os-paulistas\/"]}]},{"@type":"ImageObject","inLanguage":"pt-BR","@id":"https:\/\/www.notibras.com\/site\/haddad-o-nome-ideal-para-reconquistar-os-paulistas\/#primaryimage","url":"https:\/\/www.notibras.com\/site\/wp-content\/uploads\/2026\/03\/fernando-haddad-guerra-ira-762x429.jpg.optimal.jpg","contentUrl":"https:\/\/www.notibras.com\/site\/wp-content\/uploads\/2026\/03\/fernando-haddad-guerra-ira-762x429.jpg.optimal.jpg","width":762,"height":429},{"@type":"BreadcrumbList","@id":"https:\/\/www.notibras.com\/site\/haddad-o-nome-ideal-para-reconquistar-os-paulistas\/#breadcrumb","itemListElement":[{"@type":"ListItem","position":1,"name":"In\u00edcio","item":"https:\/\/www.notibras.com\/site\/"},{"@type":"ListItem","position":2,"name":"Haddad, o nome ideal para reconquistar os paulistas"}]},{"@type":"WebSite","@id":"https:\/\/www.notibras.com\/site\/#website","url":"https:\/\/www.notibras.com\/site\/","name":"Notibras","description":"Not\u00edcias de Bras\u00edlia, do Brasil e do Mundo","publisher":{"@id":"https:\/\/www.notibras.com\/site\/#organization"},"potentialAction":[{"@type":"SearchAction","target":{"@type":"EntryPoint","urlTemplate":"https:\/\/www.notibras.com\/site\/?s={search_term_string}"},"query-input":{"@type":"PropertyValueSpecification","valueRequired":true,"valueName":"search_term_string"}}],"inLanguage":"pt-BR"},{"@type":"Organization","@id":"https:\/\/www.notibras.com\/site\/#organization","name":"Grupo Notibras de Comunica\u00e7\u00e3o","url":"https:\/\/www.notibras.com\/site\/","logo":{"@type":"ImageObject","inLanguage":"pt-BR","@id":"https:\/\/www.notibras.com\/site\/#\/schema\/logo\/image\/","url":"https:\/\/www.notibras.com\/site\/wp-content\/uploads\/2023\/01\/notibras23.png","contentUrl":"https:\/\/www.notibras.com\/site\/wp-content\/uploads\/2023\/01\/notibras23.png","width":350,"height":87,"caption":"Grupo Notibras de Comunica\u00e7\u00e3o"},"image":{"@id":"https:\/\/www.notibras.com\/site\/#\/schema\/logo\/image\/"},"sameAs":["https:\/\/www.facebook.com\/notibras\/","https:\/\/x.com\/Notibras","https:\/\/www.instagram.com\/notibras\/"]},{"@type":"Person","@id":"https:\/\/www.notibras.com\/site\/#\/schema\/person\/5b7fabf2aedc3ada2105f03b22b4d3dd","name":"Eduardo Mart\u00ednez","image":{"@type":"ImageObject","inLanguage":"pt-BR","@id":"https:\/\/secure.gravatar.com\/avatar\/7902f906289926289cbcda644b5197c796b893c6ffd7b9a536a42d290f7704a0?s=96&d=mm&r=g","url":"https:\/\/secure.gravatar.com\/avatar\/7902f906289926289cbcda644b5197c796b893c6ffd7b9a536a42d290f7704a0?s=96&d=mm&r=g","contentUrl":"https:\/\/secure.gravatar.com\/avatar\/7902f906289926289cbcda644b5197c796b893c6ffd7b9a536a42d290f7704a0?s=96&d=mm&r=g","caption":"Eduardo Mart\u00ednez"}}]}},"amp_enabled":true,"_links":{"self":[{"href":"https:\/\/www.notibras.com\/site\/wp-json\/wp\/v2\/posts\/386333","targetHints":{"allow":["GET"]}}],"collection":[{"href":"https:\/\/www.notibras.com\/site\/wp-json\/wp\/v2\/posts"}],"about":[{"href":"https:\/\/www.notibras.com\/site\/wp-json\/wp\/v2\/types\/post"}],"author":[{"embeddable":true,"href":"https:\/\/www.notibras.com\/site\/wp-json\/wp\/v2\/users\/21"}],"replies":[{"embeddable":true,"href":"https:\/\/www.notibras.com\/site\/wp-json\/wp\/v2\/comments?post=386333"}],"version-history":[{"count":5,"href":"https:\/\/www.notibras.com\/site\/wp-json\/wp\/v2\/posts\/386333\/revisions"}],"predecessor-version":[{"id":386360,"href":"https:\/\/www.notibras.com\/site\/wp-json\/wp\/v2\/posts\/386333\/revisions\/386360"}],"wp:featuredmedia":[{"embeddable":true,"href":"https:\/\/www.notibras.com\/site\/wp-json\/wp\/v2\/media\/386334"}],"wp:attachment":[{"href":"https:\/\/www.notibras.com\/site\/wp-json\/wp\/v2\/media?parent=386333"}],"wp:term":[{"taxonomy":"category","embeddable":true,"href":"https:\/\/www.notibras.com\/site\/wp-json\/wp\/v2\/categories?post=386333"},{"taxonomy":"post_tag","embeddable":true,"href":"https:\/\/www.notibras.com\/site\/wp-json\/wp\/v2\/tags?post=386333"}],"curies":[{"name":"wp","href":"https:\/\/api.w.org\/{rel}","templated":true}]}}