{"id":386341,"date":"2026-03-10T02:00:38","date_gmt":"2026-03-10T05:00:38","guid":{"rendered":"https:\/\/www.notibras.com\/site\/?p=386341"},"modified":"2026-03-09T23:33:51","modified_gmt":"2026-03-10T02:33:51","slug":"nao-devemos-ouvir-o-canto-das-sereias","status":"publish","type":"post","link":"https:\/\/www.notibras.com\/site\/nao-devemos-ouvir-o-canto-das-sereias\/","title":{"rendered":"N\u00e3o devemos ouvir o canto das sereias&#8230;"},"content":{"rendered":"<p>A vida \u00e9 um mar imenso, onde navegamos sem saber ao certo o que nos aguarda no horizonte. Cada milha vencida nos tr\u00e1s novidades, algumas boas, outras nem tanto. Singramos pelas \u00e1guas, ora tranquilas, ora raivosas, dependendo do humor de Netuno, Senhor dos Mares&#8230; e torcemos para n\u00e3o cruzar com as sereias, pois estas podem muito bem nos destruir apenas por existirmos&#8230;<\/p>\n<p>Bem, nem sempre essas divindades s\u00e3o mal\u00e9ficas. S\u00e3o for\u00e7as da Natureza e agem simplesmente para proteger aquilo que temem que seja destru\u00eddo por n\u00f3s. E, assim como arrancamos as ervas daninhas de nosso jardim, para que as plantas que nos s\u00e3o benevolentes possam sobreviver, as sereias extirpam aqueles que elas creem serem danosos para o meio ambiente&#8230;<\/p>\n<p>Claro que sereias n\u00e3o existem realmente. Bem, apesar dos relatos, nunca algu\u00e9m provou por a mais b a exist\u00eancia de tais criaturas. Mas&#8230; j\u00e1 percebeu que tal mito \u00e9 comum a praticamente todos os povos da terra, a todos aqueles que tem acesso a rios e mares? Verdade seja dita que tais criaturas s\u00e3o descritas das mais variadas formas&#8230;<\/p>\n<p>Na Mitologia Grega, onde costumamos sorver aquilo que acreditamos ser o supra sumo do conhecimento, as sereias n\u00e3o eram, como imaginamos, metade mulheres e metade peixe. N\u00e3o. Na verdade, sua metade n\u00e3o humana era de p\u00e1ssaro&#8230;<\/p>\n<p>Ah, sim&#8230; n\u00e3o as confunda com as harpias. Eram semelhantes em suas diferen\u00e7as. E diferentes em suas semelhan\u00e7as&#8230; enquanto as harpias eram apenas aves de rapina cuja miss\u00e3o era claramente castigar aqueles que os deuses marcavam, as sereias atraiam os marinheiros para destruir suas embarca\u00e7\u00f5es, impedindo-os de seguirem em frente e descobrirem novos horizontes&#8230;<\/p>\n<p>As sereias aladas eram chamadas de sirenas. E, sim, havia tamb\u00e9m as mulheres peixe, essas as sereias que ficaram gravadas em nosso imagin\u00e1rio. As sirenas jamais se apaixonavam pelos homens. Jamais se distraiam de sua miss\u00e3o, que era proteger aquilo que lhes foi designado&#8230;<\/p>\n<p>As sirenas eram lind\u00edssimas e sua voz era de uma do\u00e7ura tal que era imposs\u00edvel a um rel\u00e9s mortal deixar de se encantar com seu canto mavioso. E era esse encanto que levava os marinheiros \u00e0 sua destrui\u00e7\u00e3o&#8230; pois ficavam t\u00e3o enlevados com a magia destas, que acabavam por colidir seus navios com os rochedos, naufragando e sendo levados rumo a Hades&#8230;<\/p>\n<p>Podemos dizer que o mito das sereias&#8230; das sirenas&#8230; reflete nossa vida nesse plano. Somos, a todo instante, distra\u00eddos por cantos maviosos, que nos afastam de nossos objetivos, fazendo nossa nau chocar-se contra os rochedos do destino&#8230; quantas vezes n\u00e3o trilhamos por caminhos obscuros, atra\u00eddos que somos pelo brilho de algo que, em nossa imagina\u00e7\u00e3o, nos levar\u00e1 at\u00e9 os Campos El\u00edsios, onde o mel corre pelos rios? E quando percebemos, nada daquilo que hav\u00edamos visto corresponde \u00e0 realidade&#8230;<\/p>\n<p>A sereia \u00e9 sempre descrita como um ser neutro, que tanto pode ser benfazejo como n\u00e3o. Depende das circunst\u00e2ncias em que cruzamos seu caminho. E assim \u00e9 a vida real, onde cada passo que damos pode nos levar ao p\u00f3dio ou ao abismo&#8230; como aquele ao qual os marinheiros s\u00e3o arrastados quando naufragam&#8230;<\/p>\n<p>E a vida \u00e9 assim&#8230; dependendo do caminho por n\u00f3s escolhido, tanto podemos ter sucesso em nossa empreitada, alcan\u00e7ando o sucesso desejado como podemos ser encobertos pela escurid\u00e3o que tudo domina&#8230;<\/p>\n<p>Ent\u00e3o fa\u00e7amos como Odisseu&#8230; evitemos ser encantados pela can\u00e7\u00e3o das sirenas e mantenhamos nossa rota em dire\u00e7\u00e3o ao sol&#8230; n\u00e3o nos desviemos nem mesmo um segundo do caminho tra\u00e7ado&#8230; pois a beleza que se apresenta em nossa frente deseja apenas nos destruir. N\u00e3o por maldade, mas para preservar a pureza de seus des\u00edgnios&#8230; mas n\u00f3s tamb\u00e9m desejamos fazer o bem&#8230;<\/p>\n","protected":false},"excerpt":{"rendered":"<p>A vida \u00e9 um mar imenso, onde navegamos sem saber ao certo o que nos aguarda no horizonte. Cada milha vencida nos tr\u00e1s novidades, algumas boas, outras nem tanto. Singramos pelas \u00e1guas, ora tranquilas, ora raivosas, dependendo do humor de Netuno, Senhor dos Mares&#8230; e torcemos para n\u00e3o cruzar com as sereias, pois estas podem [&hellip;]<\/p>\n","protected":false},"author":21,"featured_media":386342,"comment_status":"closed","ping_status":"closed","sticky":false,"template":"","format":"standard","meta":{"_acf_changed":false,"footnotes":""},"categories":[236],"tags":[],"class_list":["post-386341","post","type-post","status-publish","format-standard","has-post-thumbnail","hentry","category-ponto-de-vista"],"acf":[],"yoast_head":"<!-- This site is optimized with the Yoast SEO plugin v27.2 - https:\/\/yoast.com\/product\/yoast-seo-wordpress\/ -->\n<title>N\u00e3o devemos ouvir o canto das sereias... - Notibras<\/title>\n<meta name=\"robots\" content=\"index, follow, max-snippet:-1, max-image-preview:large, max-video-preview:-1\" \/>\n<link rel=\"canonical\" href=\"https:\/\/www.notibras.com\/site\/nao-devemos-ouvir-o-canto-das-sereias\/\" \/>\n<meta property=\"og:locale\" content=\"pt_BR\" \/>\n<meta property=\"og:type\" content=\"article\" \/>\n<meta property=\"og:title\" content=\"N\u00e3o devemos ouvir o canto das sereias... - Notibras\" \/>\n<meta property=\"og:description\" content=\"A vida \u00e9 um mar imenso, onde navegamos sem saber ao certo o que nos aguarda no horizonte. Cada milha vencida nos tr\u00e1s novidades, algumas boas, outras nem tanto. Singramos pelas \u00e1guas, ora tranquilas, ora raivosas, dependendo do humor de Netuno, Senhor dos Mares&#8230; e torcemos para n\u00e3o cruzar com as sereias, pois estas podem [&hellip;]\" \/>\n<meta property=\"og:url\" content=\"https:\/\/www.notibras.com\/site\/nao-devemos-ouvir-o-canto-das-sereias\/\" \/>\n<meta property=\"og:site_name\" content=\"Notibras\" \/>\n<meta property=\"article:publisher\" content=\"https:\/\/www.facebook.com\/notibras\/\" \/>\n<meta property=\"article:published_time\" content=\"2026-03-10T05:00:38+00:00\" \/>\n<meta property=\"og:image\" content=\"https:\/\/www.notibras.com\/site\/wp-content\/uploads\/2026\/03\/WhatsApp-Image-2026-03-09-at-23.29.52.jpeg\" \/>\n\t<meta property=\"og:image:width\" content=\"1024\" \/>\n\t<meta property=\"og:image:height\" content=\"559\" \/>\n\t<meta property=\"og:image:type\" content=\"image\/jpeg\" \/>\n<meta name=\"author\" content=\"Eduardo Mart\u00ednez\" \/>\n<meta name=\"twitter:card\" content=\"summary_large_image\" \/>\n<meta name=\"twitter:creator\" content=\"@Notibras\" \/>\n<meta name=\"twitter:site\" content=\"@Notibras\" \/>\n<meta name=\"twitter:label1\" content=\"Escrito por\" \/>\n\t<meta name=\"twitter:data1\" content=\"Eduardo Mart\u00ednez\" \/>\n\t<meta name=\"twitter:label2\" content=\"Est. tempo de leitura\" \/>\n\t<meta name=\"twitter:data2\" content=\"4 minutos\" \/>\n<script type=\"application\/ld+json\" class=\"yoast-schema-graph\">{\"@context\":\"https:\/\/schema.org\",\"@graph\":[{\"@type\":\"Article\",\"@id\":\"https:\/\/www.notibras.com\/site\/nao-devemos-ouvir-o-canto-das-sereias\/#article\",\"isPartOf\":{\"@id\":\"https:\/\/www.notibras.com\/site\/nao-devemos-ouvir-o-canto-das-sereias\/\"},\"author\":{\"name\":\"Eduardo Mart\u00ednez\",\"@id\":\"https:\/\/www.notibras.com\/site\/#\/schema\/person\/5b7fabf2aedc3ada2105f03b22b4d3dd\"},\"headline\":\"N\u00e3o devemos ouvir o canto das sereias&#8230;\",\"datePublished\":\"2026-03-10T05:00:38+00:00\",\"mainEntityOfPage\":{\"@id\":\"https:\/\/www.notibras.com\/site\/nao-devemos-ouvir-o-canto-das-sereias\/\"},\"wordCount\":651,\"publisher\":{\"@id\":\"https:\/\/www.notibras.com\/site\/#organization\"},\"image\":{\"@id\":\"https:\/\/www.notibras.com\/site\/nao-devemos-ouvir-o-canto-das-sereias\/#primaryimage\"},\"thumbnailUrl\":\"https:\/\/www.notibras.com\/site\/wp-content\/uploads\/2026\/03\/WhatsApp-Image-2026-03-09-at-23.29.52.jpeg\",\"articleSection\":[\"Ponto de Vista\"],\"inLanguage\":\"pt-BR\"},{\"@type\":\"WebPage\",\"@id\":\"https:\/\/www.notibras.com\/site\/nao-devemos-ouvir-o-canto-das-sereias\/\",\"url\":\"https:\/\/www.notibras.com\/site\/nao-devemos-ouvir-o-canto-das-sereias\/\",\"name\":\"N\u00e3o devemos ouvir o canto das sereias... - Notibras\",\"isPartOf\":{\"@id\":\"https:\/\/www.notibras.com\/site\/#website\"},\"primaryImageOfPage\":{\"@id\":\"https:\/\/www.notibras.com\/site\/nao-devemos-ouvir-o-canto-das-sereias\/#primaryimage\"},\"image\":{\"@id\":\"https:\/\/www.notibras.com\/site\/nao-devemos-ouvir-o-canto-das-sereias\/#primaryimage\"},\"thumbnailUrl\":\"https:\/\/www.notibras.com\/site\/wp-content\/uploads\/2026\/03\/WhatsApp-Image-2026-03-09-at-23.29.52.jpeg\",\"datePublished\":\"2026-03-10T05:00:38+00:00\",\"breadcrumb\":{\"@id\":\"https:\/\/www.notibras.com\/site\/nao-devemos-ouvir-o-canto-das-sereias\/#breadcrumb\"},\"inLanguage\":\"pt-BR\",\"potentialAction\":[{\"@type\":\"ReadAction\",\"target\":[\"https:\/\/www.notibras.com\/site\/nao-devemos-ouvir-o-canto-das-sereias\/\"]}]},{\"@type\":\"ImageObject\",\"inLanguage\":\"pt-BR\",\"@id\":\"https:\/\/www.notibras.com\/site\/nao-devemos-ouvir-o-canto-das-sereias\/#primaryimage\",\"url\":\"https:\/\/www.notibras.com\/site\/wp-content\/uploads\/2026\/03\/WhatsApp-Image-2026-03-09-at-23.29.52.jpeg\",\"contentUrl\":\"https:\/\/www.notibras.com\/site\/wp-content\/uploads\/2026\/03\/WhatsApp-Image-2026-03-09-at-23.29.52.jpeg\",\"width\":1024,\"height\":559},{\"@type\":\"BreadcrumbList\",\"@id\":\"https:\/\/www.notibras.com\/site\/nao-devemos-ouvir-o-canto-das-sereias\/#breadcrumb\",\"itemListElement\":[{\"@type\":\"ListItem\",\"position\":1,\"name\":\"In\u00edcio\",\"item\":\"https:\/\/www.notibras.com\/site\/\"},{\"@type\":\"ListItem\",\"position\":2,\"name\":\"N\u00e3o devemos ouvir o canto das sereias&#8230;\"}]},{\"@type\":\"WebSite\",\"@id\":\"https:\/\/www.notibras.com\/site\/#website\",\"url\":\"https:\/\/www.notibras.com\/site\/\",\"name\":\"Notibras\",\"description\":\"Not\u00edcias de Bras\u00edlia, do Brasil e do Mundo\",\"publisher\":{\"@id\":\"https:\/\/www.notibras.com\/site\/#organization\"},\"potentialAction\":[{\"@type\":\"SearchAction\",\"target\":{\"@type\":\"EntryPoint\",\"urlTemplate\":\"https:\/\/www.notibras.com\/site\/?s={search_term_string}\"},\"query-input\":{\"@type\":\"PropertyValueSpecification\",\"valueRequired\":true,\"valueName\":\"search_term_string\"}}],\"inLanguage\":\"pt-BR\"},{\"@type\":\"Organization\",\"@id\":\"https:\/\/www.notibras.com\/site\/#organization\",\"name\":\"Grupo Notibras de Comunica\u00e7\u00e3o\",\"url\":\"https:\/\/www.notibras.com\/site\/\",\"logo\":{\"@type\":\"ImageObject\",\"inLanguage\":\"pt-BR\",\"@id\":\"https:\/\/www.notibras.com\/site\/#\/schema\/logo\/image\/\",\"url\":\"https:\/\/www.notibras.com\/site\/wp-content\/uploads\/2023\/01\/notibras23.png\",\"contentUrl\":\"https:\/\/www.notibras.com\/site\/wp-content\/uploads\/2023\/01\/notibras23.png\",\"width\":350,\"height\":87,\"caption\":\"Grupo Notibras de Comunica\u00e7\u00e3o\"},\"image\":{\"@id\":\"https:\/\/www.notibras.com\/site\/#\/schema\/logo\/image\/\"},\"sameAs\":[\"https:\/\/www.facebook.com\/notibras\/\",\"https:\/\/x.com\/Notibras\",\"https:\/\/www.instagram.com\/notibras\/\"]},{\"@type\":\"Person\",\"@id\":\"https:\/\/www.notibras.com\/site\/#\/schema\/person\/5b7fabf2aedc3ada2105f03b22b4d3dd\",\"name\":\"Eduardo Mart\u00ednez\",\"image\":{\"@type\":\"ImageObject\",\"inLanguage\":\"pt-BR\",\"@id\":\"https:\/\/secure.gravatar.com\/avatar\/7902f906289926289cbcda644b5197c796b893c6ffd7b9a536a42d290f7704a0?s=96&d=mm&r=g\",\"url\":\"https:\/\/secure.gravatar.com\/avatar\/7902f906289926289cbcda644b5197c796b893c6ffd7b9a536a42d290f7704a0?s=96&d=mm&r=g\",\"contentUrl\":\"https:\/\/secure.gravatar.com\/avatar\/7902f906289926289cbcda644b5197c796b893c6ffd7b9a536a42d290f7704a0?s=96&d=mm&r=g\",\"caption\":\"Eduardo Mart\u00ednez\"}}]}<\/script>\n<!-- \/ Yoast SEO plugin. -->","yoast_head_json":{"title":"N\u00e3o devemos ouvir o canto das sereias... - Notibras","robots":{"index":"index","follow":"follow","max-snippet":"max-snippet:-1","max-image-preview":"max-image-preview:large","max-video-preview":"max-video-preview:-1"},"canonical":"https:\/\/www.notibras.com\/site\/nao-devemos-ouvir-o-canto-das-sereias\/","og_locale":"pt_BR","og_type":"article","og_title":"N\u00e3o devemos ouvir o canto das sereias... - Notibras","og_description":"A vida \u00e9 um mar imenso, onde navegamos sem saber ao certo o que nos aguarda no horizonte. Cada milha vencida nos tr\u00e1s novidades, algumas boas, outras nem tanto. Singramos pelas \u00e1guas, ora tranquilas, ora raivosas, dependendo do humor de Netuno, Senhor dos Mares&#8230; e torcemos para n\u00e3o cruzar com as sereias, pois estas podem [&hellip;]","og_url":"https:\/\/www.notibras.com\/site\/nao-devemos-ouvir-o-canto-das-sereias\/","og_site_name":"Notibras","article_publisher":"https:\/\/www.facebook.com\/notibras\/","article_published_time":"2026-03-10T05:00:38+00:00","og_image":[{"width":1024,"height":559,"url":"https:\/\/www.notibras.com\/site\/wp-content\/uploads\/2026\/03\/WhatsApp-Image-2026-03-09-at-23.29.52.jpeg","type":"image\/jpeg"}],"author":"Eduardo Mart\u00ednez","twitter_card":"summary_large_image","twitter_creator":"@Notibras","twitter_site":"@Notibras","twitter_misc":{"Escrito por":"Eduardo Mart\u00ednez","Est. tempo de leitura":"4 minutos"},"schema":{"@context":"https:\/\/schema.org","@graph":[{"@type":"Article","@id":"https:\/\/www.notibras.com\/site\/nao-devemos-ouvir-o-canto-das-sereias\/#article","isPartOf":{"@id":"https:\/\/www.notibras.com\/site\/nao-devemos-ouvir-o-canto-das-sereias\/"},"author":{"name":"Eduardo Mart\u00ednez","@id":"https:\/\/www.notibras.com\/site\/#\/schema\/person\/5b7fabf2aedc3ada2105f03b22b4d3dd"},"headline":"N\u00e3o devemos ouvir o canto das sereias&#8230;","datePublished":"2026-03-10T05:00:38+00:00","mainEntityOfPage":{"@id":"https:\/\/www.notibras.com\/site\/nao-devemos-ouvir-o-canto-das-sereias\/"},"wordCount":651,"publisher":{"@id":"https:\/\/www.notibras.com\/site\/#organization"},"image":{"@id":"https:\/\/www.notibras.com\/site\/nao-devemos-ouvir-o-canto-das-sereias\/#primaryimage"},"thumbnailUrl":"https:\/\/www.notibras.com\/site\/wp-content\/uploads\/2026\/03\/WhatsApp-Image-2026-03-09-at-23.29.52.jpeg","articleSection":["Ponto de Vista"],"inLanguage":"pt-BR"},{"@type":"WebPage","@id":"https:\/\/www.notibras.com\/site\/nao-devemos-ouvir-o-canto-das-sereias\/","url":"https:\/\/www.notibras.com\/site\/nao-devemos-ouvir-o-canto-das-sereias\/","name":"N\u00e3o devemos ouvir o canto das sereias... - Notibras","isPartOf":{"@id":"https:\/\/www.notibras.com\/site\/#website"},"primaryImageOfPage":{"@id":"https:\/\/www.notibras.com\/site\/nao-devemos-ouvir-o-canto-das-sereias\/#primaryimage"},"image":{"@id":"https:\/\/www.notibras.com\/site\/nao-devemos-ouvir-o-canto-das-sereias\/#primaryimage"},"thumbnailUrl":"https:\/\/www.notibras.com\/site\/wp-content\/uploads\/2026\/03\/WhatsApp-Image-2026-03-09-at-23.29.52.jpeg","datePublished":"2026-03-10T05:00:38+00:00","breadcrumb":{"@id":"https:\/\/www.notibras.com\/site\/nao-devemos-ouvir-o-canto-das-sereias\/#breadcrumb"},"inLanguage":"pt-BR","potentialAction":[{"@type":"ReadAction","target":["https:\/\/www.notibras.com\/site\/nao-devemos-ouvir-o-canto-das-sereias\/"]}]},{"@type":"ImageObject","inLanguage":"pt-BR","@id":"https:\/\/www.notibras.com\/site\/nao-devemos-ouvir-o-canto-das-sereias\/#primaryimage","url":"https:\/\/www.notibras.com\/site\/wp-content\/uploads\/2026\/03\/WhatsApp-Image-2026-03-09-at-23.29.52.jpeg","contentUrl":"https:\/\/www.notibras.com\/site\/wp-content\/uploads\/2026\/03\/WhatsApp-Image-2026-03-09-at-23.29.52.jpeg","width":1024,"height":559},{"@type":"BreadcrumbList","@id":"https:\/\/www.notibras.com\/site\/nao-devemos-ouvir-o-canto-das-sereias\/#breadcrumb","itemListElement":[{"@type":"ListItem","position":1,"name":"In\u00edcio","item":"https:\/\/www.notibras.com\/site\/"},{"@type":"ListItem","position":2,"name":"N\u00e3o devemos ouvir o canto das sereias&#8230;"}]},{"@type":"WebSite","@id":"https:\/\/www.notibras.com\/site\/#website","url":"https:\/\/www.notibras.com\/site\/","name":"Notibras","description":"Not\u00edcias de Bras\u00edlia, do Brasil e do Mundo","publisher":{"@id":"https:\/\/www.notibras.com\/site\/#organization"},"potentialAction":[{"@type":"SearchAction","target":{"@type":"EntryPoint","urlTemplate":"https:\/\/www.notibras.com\/site\/?s={search_term_string}"},"query-input":{"@type":"PropertyValueSpecification","valueRequired":true,"valueName":"search_term_string"}}],"inLanguage":"pt-BR"},{"@type":"Organization","@id":"https:\/\/www.notibras.com\/site\/#organization","name":"Grupo Notibras de Comunica\u00e7\u00e3o","url":"https:\/\/www.notibras.com\/site\/","logo":{"@type":"ImageObject","inLanguage":"pt-BR","@id":"https:\/\/www.notibras.com\/site\/#\/schema\/logo\/image\/","url":"https:\/\/www.notibras.com\/site\/wp-content\/uploads\/2023\/01\/notibras23.png","contentUrl":"https:\/\/www.notibras.com\/site\/wp-content\/uploads\/2023\/01\/notibras23.png","width":350,"height":87,"caption":"Grupo Notibras de Comunica\u00e7\u00e3o"},"image":{"@id":"https:\/\/www.notibras.com\/site\/#\/schema\/logo\/image\/"},"sameAs":["https:\/\/www.facebook.com\/notibras\/","https:\/\/x.com\/Notibras","https:\/\/www.instagram.com\/notibras\/"]},{"@type":"Person","@id":"https:\/\/www.notibras.com\/site\/#\/schema\/person\/5b7fabf2aedc3ada2105f03b22b4d3dd","name":"Eduardo Mart\u00ednez","image":{"@type":"ImageObject","inLanguage":"pt-BR","@id":"https:\/\/secure.gravatar.com\/avatar\/7902f906289926289cbcda644b5197c796b893c6ffd7b9a536a42d290f7704a0?s=96&d=mm&r=g","url":"https:\/\/secure.gravatar.com\/avatar\/7902f906289926289cbcda644b5197c796b893c6ffd7b9a536a42d290f7704a0?s=96&d=mm&r=g","contentUrl":"https:\/\/secure.gravatar.com\/avatar\/7902f906289926289cbcda644b5197c796b893c6ffd7b9a536a42d290f7704a0?s=96&d=mm&r=g","caption":"Eduardo Mart\u00ednez"}}]}},"amp_enabled":true,"_links":{"self":[{"href":"https:\/\/www.notibras.com\/site\/wp-json\/wp\/v2\/posts\/386341","targetHints":{"allow":["GET"]}}],"collection":[{"href":"https:\/\/www.notibras.com\/site\/wp-json\/wp\/v2\/posts"}],"about":[{"href":"https:\/\/www.notibras.com\/site\/wp-json\/wp\/v2\/types\/post"}],"author":[{"embeddable":true,"href":"https:\/\/www.notibras.com\/site\/wp-json\/wp\/v2\/users\/21"}],"replies":[{"embeddable":true,"href":"https:\/\/www.notibras.com\/site\/wp-json\/wp\/v2\/comments?post=386341"}],"version-history":[{"count":2,"href":"https:\/\/www.notibras.com\/site\/wp-json\/wp\/v2\/posts\/386341\/revisions"}],"predecessor-version":[{"id":386344,"href":"https:\/\/www.notibras.com\/site\/wp-json\/wp\/v2\/posts\/386341\/revisions\/386344"}],"wp:featuredmedia":[{"embeddable":true,"href":"https:\/\/www.notibras.com\/site\/wp-json\/wp\/v2\/media\/386342"}],"wp:attachment":[{"href":"https:\/\/www.notibras.com\/site\/wp-json\/wp\/v2\/media?parent=386341"}],"wp:term":[{"taxonomy":"category","embeddable":true,"href":"https:\/\/www.notibras.com\/site\/wp-json\/wp\/v2\/categories?post=386341"},{"taxonomy":"post_tag","embeddable":true,"href":"https:\/\/www.notibras.com\/site\/wp-json\/wp\/v2\/tags?post=386341"}],"curies":[{"name":"wp","href":"https:\/\/api.w.org\/{rel}","templated":true}]}}