{"id":386345,"date":"2026-03-11T02:15:01","date_gmt":"2026-03-11T05:15:01","guid":{"rendered":"https:\/\/www.notibras.com\/site\/?p=386345"},"modified":"2026-03-09T23:36:23","modified_gmt":"2026-03-10T02:36:23","slug":"nossa-vida-simplesmente-nao-nos-pertence","status":"publish","type":"post","link":"https:\/\/www.notibras.com\/site\/nossa-vida-simplesmente-nao-nos-pertence\/","title":{"rendered":"Nossa vida simplesmente n\u00e3o nos pertence&#8230;"},"content":{"rendered":"<p>Nos ensinam, desde a inf\u00e2ncia, que o nosso Destino \u00e9 tra\u00e7ado por nossas escolhas. Que temos livre arb\u00edtrio. Que realizar nossos sonhos depende apenas e t\u00e3o somente de n\u00f3s, de como conduzimos nossa vida. Que o \u00fanico respons\u00e1vel por nossa felicidade somos n\u00f3s mesmos&#8230;<\/p>\n<p>Bem&#8230; nem sempre podemos escolher o caminho que trilharemos durante nossa jornada por esse plano. E por qu\u00ea? Bem, h\u00e1 certas regras que nos s\u00e3o impostas que acabam por engessar nossas op\u00e7\u00f5es. Por mais que desejemos seguir uma certa estrada que, em nossa vis\u00e3o, iria nos satisfazer, nos deixar felizes, as restri\u00e7\u00f5es impostas pela Sociedade nos impedem de seguir nossa primeira escolha&#8230;<\/p>\n<p>\u00c9 mais ou menos assim&#8230; somos colocadas frente a v\u00e1rias op\u00e7\u00f5es. Todas interessantes&#8230; mas aquela que realmente desejamos geralmente n\u00e3o faz parte do Menu apresentado. As escolhas que nos permitem fazer s\u00e3o aquelas referendadas pelo Grupo, sem levar em considera\u00e7\u00e3o nosso desejo real&#8230;<\/p>\n<p>Nosso livre arb\u00edtrio acaba quando temos que optar por algo que realmente n\u00e3o desej\u00e1vamos. Mas temos que seguir em frente. No fundo de nossa alma nos resignamos, acreditando que, em algum momento do futuro, conseguiremos alcan\u00e7ar a meta que realmente desejamos. Infelizmente, nem sempre isso \u00e9 poss\u00edvel. Ent\u00e3o, ao longo da vida. acabamos por seguir caminhos alternativos, vivenciando situa\u00e7\u00f5es paliativas&#8230;<\/p>\n<p>Infelizmente a realiza\u00e7\u00e3o de nossos sonhos n\u00e3o depende apenas de nossa vontade. H\u00e1 uma s\u00e9rie de eventos que ser\u00e3o disparados durante nossa caminhada&#8230; e ser\u00e3o estes a determinar qual caminho realmente trilharemos. Ao nos tornar adultos sofreremos uma s\u00e9rie de restri\u00e7\u00f5es onde n\u00e3o haver\u00e1 lugar para realiza\u00e7\u00e3o de sonhos, visto que seremos respons\u00e1veis por manter a linha do tempo em seus eixos&#8230;<\/p>\n<p>Chegar\u00e1 um momento em que nossa principal preocupa\u00e7\u00e3o ser\u00e1 acumular recursos, riquezas que nos iludir\u00e3o ao pensarmos que, por acumul\u00e1-las, estaremos mais perto daquilo que realmente desejamos. Mas mesmo que tenhamos \u00eaxito em tal empreitada, o caminho que desejar\u00edamos trilhar vai ficando cada vez mais distante, pois este n\u00e3o se enquadra no mundo no qual estamos inseridos&#8230;<\/p>\n<p>\u00c9 quando descobrimos que, na realidade, n\u00e3o temos nenhum controle. Que tudo aquilo que aprendemos sobre o mundo tem a ver com o bom funcionamento social, n\u00e3o com suas expectativas pessoais. Porque voc\u00ea, na realidade, n\u00e3o \u00e9 importante. Suas conquistas pessoais, se n\u00e3o trouxerem ganho para o grupo, ser\u00e3o descartadas, esquecidas por todos aqueles que est\u00e3o ao seu lado&#8230;<\/p>\n<p>Na maioria das vezes seus sonhos v\u00e3o contra aquilo que de voc\u00ea \u00e9 esperado. Deix\u00e1-lo viver da forma que realmente deseja ir\u00e1, de certa forma, desestruturar a cadeia social&#8230; pois sua contribui\u00e7\u00e3o para o grupo \u00e9 essencial para que ele continue vivo, pulsante. E se suas ideias n\u00e3o casarem com o senso comum, tudo poder\u00e1 desmoronar como um castelo de cartas&#8230;<\/p>\n<p>Voc\u00ea tem suas responsabilidades. Que n\u00e3o escolheu, lhe foram impostas. Mas que tem que seguir, responder como lhe exigem. Seus sonhos continuar\u00e3o sendo apenas isso&#8230; sonhos. E ainda bem que lhe \u00e9 permitido sonhar. Pois no Universo On\u00edrico tudo lhe \u00e9 permitido. Desde que por ali permane\u00e7a&#8230;<\/p>\n<p>E quando chegamos no final de nossa jornada e revemos tudo aquilo que passamos&#8230; bem, tanto poderemos ficar felizes com nossas realiza\u00e7\u00f5es&#8230; em prol do grupo, onde sempre cumprimos aquilo que de n\u00f3s era esperado&#8230; como poderemos partir frustrados, pois toda a nossa exist\u00eancia foi uma fal\u00e1cia&#8230; vivemos uma vida que realmente n\u00e3o era nossa, apenas representamos um personagem. Mas que, infelizmente, n\u00e3o tivemos op\u00e7\u00e3o de escolha&#8230;<\/p>\n","protected":false},"excerpt":{"rendered":"<p>Nos ensinam, desde a inf\u00e2ncia, que o nosso Destino \u00e9 tra\u00e7ado por nossas escolhas. Que temos livre arb\u00edtrio. Que realizar nossos sonhos depende apenas e t\u00e3o somente de n\u00f3s, de como conduzimos nossa vida. Que o \u00fanico respons\u00e1vel por nossa felicidade somos n\u00f3s mesmos&#8230; Bem&#8230; nem sempre podemos escolher o caminho que trilharemos durante nossa [&hellip;]<\/p>\n","protected":false},"author":21,"featured_media":386346,"comment_status":"closed","ping_status":"closed","sticky":false,"template":"","format":"standard","meta":{"_acf_changed":false,"footnotes":""},"categories":[236],"tags":[],"class_list":["post-386345","post","type-post","status-publish","format-standard","has-post-thumbnail","hentry","category-ponto-de-vista"],"acf":[],"yoast_head":"<!-- This site is optimized with the Yoast SEO plugin v27.2 - https:\/\/yoast.com\/product\/yoast-seo-wordpress\/ -->\n<title>Nossa vida simplesmente n\u00e3o nos pertence... - Notibras<\/title>\n<meta name=\"robots\" content=\"index, follow, max-snippet:-1, max-image-preview:large, max-video-preview:-1\" \/>\n<link rel=\"canonical\" href=\"https:\/\/www.notibras.com\/site\/nossa-vida-simplesmente-nao-nos-pertence\/\" \/>\n<meta property=\"og:locale\" content=\"pt_BR\" \/>\n<meta property=\"og:type\" content=\"article\" \/>\n<meta property=\"og:title\" content=\"Nossa vida simplesmente n\u00e3o nos pertence... - Notibras\" \/>\n<meta property=\"og:description\" content=\"Nos ensinam, desde a inf\u00e2ncia, que o nosso Destino \u00e9 tra\u00e7ado por nossas escolhas. Que temos livre arb\u00edtrio. Que realizar nossos sonhos depende apenas e t\u00e3o somente de n\u00f3s, de como conduzimos nossa vida. Que o \u00fanico respons\u00e1vel por nossa felicidade somos n\u00f3s mesmos&#8230; Bem&#8230; nem sempre podemos escolher o caminho que trilharemos durante nossa [&hellip;]\" \/>\n<meta property=\"og:url\" content=\"https:\/\/www.notibras.com\/site\/nossa-vida-simplesmente-nao-nos-pertence\/\" \/>\n<meta property=\"og:site_name\" content=\"Notibras\" \/>\n<meta property=\"article:publisher\" content=\"https:\/\/www.facebook.com\/notibras\/\" \/>\n<meta property=\"article:published_time\" content=\"2026-03-11T05:15:01+00:00\" \/>\n<meta property=\"og:image\" content=\"https:\/\/www.notibras.com\/site\/wp-content\/uploads\/2026\/03\/WhatsApp-Image-2026-03-09-at-23.34.05.jpeg\" \/>\n\t<meta property=\"og:image:width\" content=\"1024\" \/>\n\t<meta property=\"og:image:height\" content=\"559\" \/>\n\t<meta property=\"og:image:type\" content=\"image\/jpeg\" \/>\n<meta name=\"author\" content=\"Eduardo Mart\u00ednez\" \/>\n<meta name=\"twitter:card\" content=\"summary_large_image\" \/>\n<meta name=\"twitter:creator\" content=\"@Notibras\" \/>\n<meta name=\"twitter:site\" content=\"@Notibras\" \/>\n<meta name=\"twitter:label1\" content=\"Escrito por\" \/>\n\t<meta name=\"twitter:data1\" content=\"Eduardo Mart\u00ednez\" \/>\n\t<meta name=\"twitter:label2\" content=\"Est. tempo de leitura\" \/>\n\t<meta name=\"twitter:data2\" content=\"4 minutos\" \/>\n<script type=\"application\/ld+json\" class=\"yoast-schema-graph\">{\"@context\":\"https:\/\/schema.org\",\"@graph\":[{\"@type\":\"Article\",\"@id\":\"https:\/\/www.notibras.com\/site\/nossa-vida-simplesmente-nao-nos-pertence\/#article\",\"isPartOf\":{\"@id\":\"https:\/\/www.notibras.com\/site\/nossa-vida-simplesmente-nao-nos-pertence\/\"},\"author\":{\"name\":\"Eduardo Mart\u00ednez\",\"@id\":\"https:\/\/www.notibras.com\/site\/#\/schema\/person\/5b7fabf2aedc3ada2105f03b22b4d3dd\"},\"headline\":\"Nossa vida simplesmente n\u00e3o nos pertence&#8230;\",\"datePublished\":\"2026-03-11T05:15:01+00:00\",\"mainEntityOfPage\":{\"@id\":\"https:\/\/www.notibras.com\/site\/nossa-vida-simplesmente-nao-nos-pertence\/\"},\"wordCount\":619,\"publisher\":{\"@id\":\"https:\/\/www.notibras.com\/site\/#organization\"},\"image\":{\"@id\":\"https:\/\/www.notibras.com\/site\/nossa-vida-simplesmente-nao-nos-pertence\/#primaryimage\"},\"thumbnailUrl\":\"https:\/\/www.notibras.com\/site\/wp-content\/uploads\/2026\/03\/WhatsApp-Image-2026-03-09-at-23.34.05.jpeg\",\"articleSection\":[\"Ponto de Vista\"],\"inLanguage\":\"pt-BR\"},{\"@type\":\"WebPage\",\"@id\":\"https:\/\/www.notibras.com\/site\/nossa-vida-simplesmente-nao-nos-pertence\/\",\"url\":\"https:\/\/www.notibras.com\/site\/nossa-vida-simplesmente-nao-nos-pertence\/\",\"name\":\"Nossa vida simplesmente n\u00e3o nos pertence... - Notibras\",\"isPartOf\":{\"@id\":\"https:\/\/www.notibras.com\/site\/#website\"},\"primaryImageOfPage\":{\"@id\":\"https:\/\/www.notibras.com\/site\/nossa-vida-simplesmente-nao-nos-pertence\/#primaryimage\"},\"image\":{\"@id\":\"https:\/\/www.notibras.com\/site\/nossa-vida-simplesmente-nao-nos-pertence\/#primaryimage\"},\"thumbnailUrl\":\"https:\/\/www.notibras.com\/site\/wp-content\/uploads\/2026\/03\/WhatsApp-Image-2026-03-09-at-23.34.05.jpeg\",\"datePublished\":\"2026-03-11T05:15:01+00:00\",\"breadcrumb\":{\"@id\":\"https:\/\/www.notibras.com\/site\/nossa-vida-simplesmente-nao-nos-pertence\/#breadcrumb\"},\"inLanguage\":\"pt-BR\",\"potentialAction\":[{\"@type\":\"ReadAction\",\"target\":[\"https:\/\/www.notibras.com\/site\/nossa-vida-simplesmente-nao-nos-pertence\/\"]}]},{\"@type\":\"ImageObject\",\"inLanguage\":\"pt-BR\",\"@id\":\"https:\/\/www.notibras.com\/site\/nossa-vida-simplesmente-nao-nos-pertence\/#primaryimage\",\"url\":\"https:\/\/www.notibras.com\/site\/wp-content\/uploads\/2026\/03\/WhatsApp-Image-2026-03-09-at-23.34.05.jpeg\",\"contentUrl\":\"https:\/\/www.notibras.com\/site\/wp-content\/uploads\/2026\/03\/WhatsApp-Image-2026-03-09-at-23.34.05.jpeg\",\"width\":1024,\"height\":559},{\"@type\":\"BreadcrumbList\",\"@id\":\"https:\/\/www.notibras.com\/site\/nossa-vida-simplesmente-nao-nos-pertence\/#breadcrumb\",\"itemListElement\":[{\"@type\":\"ListItem\",\"position\":1,\"name\":\"In\u00edcio\",\"item\":\"https:\/\/www.notibras.com\/site\/\"},{\"@type\":\"ListItem\",\"position\":2,\"name\":\"Nossa vida simplesmente n\u00e3o nos pertence&#8230;\"}]},{\"@type\":\"WebSite\",\"@id\":\"https:\/\/www.notibras.com\/site\/#website\",\"url\":\"https:\/\/www.notibras.com\/site\/\",\"name\":\"Notibras\",\"description\":\"Not\u00edcias de Bras\u00edlia, do Brasil e do Mundo\",\"publisher\":{\"@id\":\"https:\/\/www.notibras.com\/site\/#organization\"},\"potentialAction\":[{\"@type\":\"SearchAction\",\"target\":{\"@type\":\"EntryPoint\",\"urlTemplate\":\"https:\/\/www.notibras.com\/site\/?s={search_term_string}\"},\"query-input\":{\"@type\":\"PropertyValueSpecification\",\"valueRequired\":true,\"valueName\":\"search_term_string\"}}],\"inLanguage\":\"pt-BR\"},{\"@type\":\"Organization\",\"@id\":\"https:\/\/www.notibras.com\/site\/#organization\",\"name\":\"Grupo Notibras de Comunica\u00e7\u00e3o\",\"url\":\"https:\/\/www.notibras.com\/site\/\",\"logo\":{\"@type\":\"ImageObject\",\"inLanguage\":\"pt-BR\",\"@id\":\"https:\/\/www.notibras.com\/site\/#\/schema\/logo\/image\/\",\"url\":\"https:\/\/www.notibras.com\/site\/wp-content\/uploads\/2023\/01\/notibras23.png\",\"contentUrl\":\"https:\/\/www.notibras.com\/site\/wp-content\/uploads\/2023\/01\/notibras23.png\",\"width\":350,\"height\":87,\"caption\":\"Grupo Notibras de Comunica\u00e7\u00e3o\"},\"image\":{\"@id\":\"https:\/\/www.notibras.com\/site\/#\/schema\/logo\/image\/\"},\"sameAs\":[\"https:\/\/www.facebook.com\/notibras\/\",\"https:\/\/x.com\/Notibras\",\"https:\/\/www.instagram.com\/notibras\/\"]},{\"@type\":\"Person\",\"@id\":\"https:\/\/www.notibras.com\/site\/#\/schema\/person\/5b7fabf2aedc3ada2105f03b22b4d3dd\",\"name\":\"Eduardo Mart\u00ednez\",\"image\":{\"@type\":\"ImageObject\",\"inLanguage\":\"pt-BR\",\"@id\":\"https:\/\/secure.gravatar.com\/avatar\/7902f906289926289cbcda644b5197c796b893c6ffd7b9a536a42d290f7704a0?s=96&d=mm&r=g\",\"url\":\"https:\/\/secure.gravatar.com\/avatar\/7902f906289926289cbcda644b5197c796b893c6ffd7b9a536a42d290f7704a0?s=96&d=mm&r=g\",\"contentUrl\":\"https:\/\/secure.gravatar.com\/avatar\/7902f906289926289cbcda644b5197c796b893c6ffd7b9a536a42d290f7704a0?s=96&d=mm&r=g\",\"caption\":\"Eduardo Mart\u00ednez\"}}]}<\/script>\n<!-- \/ Yoast SEO plugin. -->","yoast_head_json":{"title":"Nossa vida simplesmente n\u00e3o nos pertence... - Notibras","robots":{"index":"index","follow":"follow","max-snippet":"max-snippet:-1","max-image-preview":"max-image-preview:large","max-video-preview":"max-video-preview:-1"},"canonical":"https:\/\/www.notibras.com\/site\/nossa-vida-simplesmente-nao-nos-pertence\/","og_locale":"pt_BR","og_type":"article","og_title":"Nossa vida simplesmente n\u00e3o nos pertence... - Notibras","og_description":"Nos ensinam, desde a inf\u00e2ncia, que o nosso Destino \u00e9 tra\u00e7ado por nossas escolhas. Que temos livre arb\u00edtrio. Que realizar nossos sonhos depende apenas e t\u00e3o somente de n\u00f3s, de como conduzimos nossa vida. Que o \u00fanico respons\u00e1vel por nossa felicidade somos n\u00f3s mesmos&#8230; Bem&#8230; nem sempre podemos escolher o caminho que trilharemos durante nossa [&hellip;]","og_url":"https:\/\/www.notibras.com\/site\/nossa-vida-simplesmente-nao-nos-pertence\/","og_site_name":"Notibras","article_publisher":"https:\/\/www.facebook.com\/notibras\/","article_published_time":"2026-03-11T05:15:01+00:00","og_image":[{"width":1024,"height":559,"url":"https:\/\/www.notibras.com\/site\/wp-content\/uploads\/2026\/03\/WhatsApp-Image-2026-03-09-at-23.34.05.jpeg","type":"image\/jpeg"}],"author":"Eduardo Mart\u00ednez","twitter_card":"summary_large_image","twitter_creator":"@Notibras","twitter_site":"@Notibras","twitter_misc":{"Escrito por":"Eduardo Mart\u00ednez","Est. tempo de leitura":"4 minutos"},"schema":{"@context":"https:\/\/schema.org","@graph":[{"@type":"Article","@id":"https:\/\/www.notibras.com\/site\/nossa-vida-simplesmente-nao-nos-pertence\/#article","isPartOf":{"@id":"https:\/\/www.notibras.com\/site\/nossa-vida-simplesmente-nao-nos-pertence\/"},"author":{"name":"Eduardo Mart\u00ednez","@id":"https:\/\/www.notibras.com\/site\/#\/schema\/person\/5b7fabf2aedc3ada2105f03b22b4d3dd"},"headline":"Nossa vida simplesmente n\u00e3o nos pertence&#8230;","datePublished":"2026-03-11T05:15:01+00:00","mainEntityOfPage":{"@id":"https:\/\/www.notibras.com\/site\/nossa-vida-simplesmente-nao-nos-pertence\/"},"wordCount":619,"publisher":{"@id":"https:\/\/www.notibras.com\/site\/#organization"},"image":{"@id":"https:\/\/www.notibras.com\/site\/nossa-vida-simplesmente-nao-nos-pertence\/#primaryimage"},"thumbnailUrl":"https:\/\/www.notibras.com\/site\/wp-content\/uploads\/2026\/03\/WhatsApp-Image-2026-03-09-at-23.34.05.jpeg","articleSection":["Ponto de Vista"],"inLanguage":"pt-BR"},{"@type":"WebPage","@id":"https:\/\/www.notibras.com\/site\/nossa-vida-simplesmente-nao-nos-pertence\/","url":"https:\/\/www.notibras.com\/site\/nossa-vida-simplesmente-nao-nos-pertence\/","name":"Nossa vida simplesmente n\u00e3o nos pertence... - Notibras","isPartOf":{"@id":"https:\/\/www.notibras.com\/site\/#website"},"primaryImageOfPage":{"@id":"https:\/\/www.notibras.com\/site\/nossa-vida-simplesmente-nao-nos-pertence\/#primaryimage"},"image":{"@id":"https:\/\/www.notibras.com\/site\/nossa-vida-simplesmente-nao-nos-pertence\/#primaryimage"},"thumbnailUrl":"https:\/\/www.notibras.com\/site\/wp-content\/uploads\/2026\/03\/WhatsApp-Image-2026-03-09-at-23.34.05.jpeg","datePublished":"2026-03-11T05:15:01+00:00","breadcrumb":{"@id":"https:\/\/www.notibras.com\/site\/nossa-vida-simplesmente-nao-nos-pertence\/#breadcrumb"},"inLanguage":"pt-BR","potentialAction":[{"@type":"ReadAction","target":["https:\/\/www.notibras.com\/site\/nossa-vida-simplesmente-nao-nos-pertence\/"]}]},{"@type":"ImageObject","inLanguage":"pt-BR","@id":"https:\/\/www.notibras.com\/site\/nossa-vida-simplesmente-nao-nos-pertence\/#primaryimage","url":"https:\/\/www.notibras.com\/site\/wp-content\/uploads\/2026\/03\/WhatsApp-Image-2026-03-09-at-23.34.05.jpeg","contentUrl":"https:\/\/www.notibras.com\/site\/wp-content\/uploads\/2026\/03\/WhatsApp-Image-2026-03-09-at-23.34.05.jpeg","width":1024,"height":559},{"@type":"BreadcrumbList","@id":"https:\/\/www.notibras.com\/site\/nossa-vida-simplesmente-nao-nos-pertence\/#breadcrumb","itemListElement":[{"@type":"ListItem","position":1,"name":"In\u00edcio","item":"https:\/\/www.notibras.com\/site\/"},{"@type":"ListItem","position":2,"name":"Nossa vida simplesmente n\u00e3o nos pertence&#8230;"}]},{"@type":"WebSite","@id":"https:\/\/www.notibras.com\/site\/#website","url":"https:\/\/www.notibras.com\/site\/","name":"Notibras","description":"Not\u00edcias de Bras\u00edlia, do Brasil e do Mundo","publisher":{"@id":"https:\/\/www.notibras.com\/site\/#organization"},"potentialAction":[{"@type":"SearchAction","target":{"@type":"EntryPoint","urlTemplate":"https:\/\/www.notibras.com\/site\/?s={search_term_string}"},"query-input":{"@type":"PropertyValueSpecification","valueRequired":true,"valueName":"search_term_string"}}],"inLanguage":"pt-BR"},{"@type":"Organization","@id":"https:\/\/www.notibras.com\/site\/#organization","name":"Grupo Notibras de Comunica\u00e7\u00e3o","url":"https:\/\/www.notibras.com\/site\/","logo":{"@type":"ImageObject","inLanguage":"pt-BR","@id":"https:\/\/www.notibras.com\/site\/#\/schema\/logo\/image\/","url":"https:\/\/www.notibras.com\/site\/wp-content\/uploads\/2023\/01\/notibras23.png","contentUrl":"https:\/\/www.notibras.com\/site\/wp-content\/uploads\/2023\/01\/notibras23.png","width":350,"height":87,"caption":"Grupo Notibras de Comunica\u00e7\u00e3o"},"image":{"@id":"https:\/\/www.notibras.com\/site\/#\/schema\/logo\/image\/"},"sameAs":["https:\/\/www.facebook.com\/notibras\/","https:\/\/x.com\/Notibras","https:\/\/www.instagram.com\/notibras\/"]},{"@type":"Person","@id":"https:\/\/www.notibras.com\/site\/#\/schema\/person\/5b7fabf2aedc3ada2105f03b22b4d3dd","name":"Eduardo Mart\u00ednez","image":{"@type":"ImageObject","inLanguage":"pt-BR","@id":"https:\/\/secure.gravatar.com\/avatar\/7902f906289926289cbcda644b5197c796b893c6ffd7b9a536a42d290f7704a0?s=96&d=mm&r=g","url":"https:\/\/secure.gravatar.com\/avatar\/7902f906289926289cbcda644b5197c796b893c6ffd7b9a536a42d290f7704a0?s=96&d=mm&r=g","contentUrl":"https:\/\/secure.gravatar.com\/avatar\/7902f906289926289cbcda644b5197c796b893c6ffd7b9a536a42d290f7704a0?s=96&d=mm&r=g","caption":"Eduardo Mart\u00ednez"}}]}},"amp_enabled":true,"_links":{"self":[{"href":"https:\/\/www.notibras.com\/site\/wp-json\/wp\/v2\/posts\/386345","targetHints":{"allow":["GET"]}}],"collection":[{"href":"https:\/\/www.notibras.com\/site\/wp-json\/wp\/v2\/posts"}],"about":[{"href":"https:\/\/www.notibras.com\/site\/wp-json\/wp\/v2\/types\/post"}],"author":[{"embeddable":true,"href":"https:\/\/www.notibras.com\/site\/wp-json\/wp\/v2\/users\/21"}],"replies":[{"embeddable":true,"href":"https:\/\/www.notibras.com\/site\/wp-json\/wp\/v2\/comments?post=386345"}],"version-history":[{"count":1,"href":"https:\/\/www.notibras.com\/site\/wp-json\/wp\/v2\/posts\/386345\/revisions"}],"predecessor-version":[{"id":386347,"href":"https:\/\/www.notibras.com\/site\/wp-json\/wp\/v2\/posts\/386345\/revisions\/386347"}],"wp:featuredmedia":[{"embeddable":true,"href":"https:\/\/www.notibras.com\/site\/wp-json\/wp\/v2\/media\/386346"}],"wp:attachment":[{"href":"https:\/\/www.notibras.com\/site\/wp-json\/wp\/v2\/media?parent=386345"}],"wp:term":[{"taxonomy":"category","embeddable":true,"href":"https:\/\/www.notibras.com\/site\/wp-json\/wp\/v2\/categories?post=386345"},{"taxonomy":"post_tag","embeddable":true,"href":"https:\/\/www.notibras.com\/site\/wp-json\/wp\/v2\/tags?post=386345"}],"curies":[{"name":"wp","href":"https:\/\/api.w.org\/{rel}","templated":true}]}}