{"id":386352,"date":"2026-03-13T02:15:12","date_gmt":"2026-03-13T05:15:12","guid":{"rendered":"https:\/\/www.notibras.com\/site\/?p=386352"},"modified":"2026-03-09T23:52:47","modified_gmt":"2026-03-10T02:52:47","slug":"sem-esperanca-nada-temos","status":"publish","type":"post","link":"https:\/\/www.notibras.com\/site\/sem-esperanca-nada-temos\/","title":{"rendered":"Sem esperan\u00e7a, nada temos&#8230;"},"content":{"rendered":"<p>O ser humano \u00e9 belicoso por natureza. N\u00e3o \u00e9 opini\u00e3o, \u00e9 constata\u00e7\u00e3o. Basta olharmos ao nosso redor para confirmar tal afirma\u00e7\u00e3o. \u00c9 doloroso reconhecer, eu sei. Mesmo com todas as salvaguardas que recebemos desde nosso primeiro vagido, h\u00e1 momentos em que a f\u00faria explode&#8230; e nem sempre compreendemos o motivo&#8230;<\/p>\n<p>Qualquer coisa&#8230; qualquer coisa, mesmo, serve de gatilho para que um grupo pac\u00edfico de repente se torne uma turba furiosa. E a l\u00f3gica de tal atitude nem sempre \u00e9 compreendida. Pois, aos olhos de quem assiste tal explos\u00e3o, nada justifica o que est\u00e1 ocorrendo naquele momento. Claro que nada acontece espontaneamente, sempre h\u00e1 um rastilho que foi aceso anteriormente&#8230;<\/p>\n<p>Nosso maior problema \u00e9 n\u00e3o reconhecer de pronto o quanto somos influenci\u00e1veis pelo que ocorre ao nosso entorno. E, ao nos deparar com algo que a principio n\u00e3o compreendemos, tal nos causa estranheza e at\u00e9 mesmo inc\u00f4modo&#8230;<\/p>\n<p>J\u00e1 parou para pensar por que determinadas palavras, n\u00e3o importa onde est\u00e3o inseridas, nem em qual contexto, te deixam desconfort\u00e1vel? De repente tais express\u00f5es tomam forma de uma ofensa&#8230; \u00e9 como se aquilo estivesse direcionado a voc\u00ea, mesmo que n\u00e3o esteja&#8230;<\/p>\n<p>Voc\u00ea se identificar ou n\u00e3o com determinadas ideias n\u00e3o significa que tenha que sentir-se bem ou mal por elas. Sua vis\u00e3o \u00e9 \u00fanica e, mesmo que assim o deseje, n\u00e3o h\u00e1 como compartilhar com outras pessoas&#8230; ou seja, o tal inc\u00f4modo pertence a voc\u00ea, e somente a voc\u00ea&#8230;<\/p>\n<p>Mas o que isso tem a ver com o inicio do texto? Tudo&#8230; e nada&#8230;<\/p>\n<p>Normalmente, ao ler determinado texto onde se fala de grupos que passam a agir como se fossem personas aut\u00f4nomas, onde seus integrantes perdem a individualidade para permitir que o grupo tome determinadas a\u00e7\u00f5es, muitas vezes conden\u00e1veis, sua vis\u00e3o de vida pode n\u00e3o concordar com tal defini\u00e7\u00e3o&#8230; &#8220;todos&#8221; os participantes s\u00e3o co-respons\u00e1veis pelo que ocorre durante os eventos em quest\u00e3o, ao mesmo tempo que nenhum deles est\u00e1, realmente, ciente do que ocorre&#8230;<\/p>\n<p>Voc\u00ea simplesmente n\u00e3o aceita o fato de que um grupo \u00e9, como a pr\u00f3pria palavra j\u00e1 diz, um agrupamento de pessoas ao redor de uma ideia. E, sim&#8230; todos comungam juntos, para o bem ou para o mal&#8230; h\u00e1 dissidentes? Sempre h\u00e1. Mas enquanto permanecerem no grupo far\u00e3o parte do todo&#8230; e, juntos, gostando ou n\u00e3o, ser\u00e3o respons\u00e1veis pelo que o grupo realizar&#8230;<\/p>\n<p>Temos v\u00e1rios exemplos espalhados ao longo da hist\u00f3ria. E mesmo nos dias atuais. Ou seja, para confirmar tal assertiva basta prestar aten\u00e7\u00e3o no que ocorre ao nosso redor. &#8220;Ah, mas nem todo mundo age de forma beligerante&#8221;&#8230; concordo plenamente. Mas quando voc\u00ea se torna um espectador passivo passa a ser c\u00famplice daqueles que agem contra os princ\u00edpios da civiliza\u00e7\u00e3o&#8230;<\/p>\n<p>Vamos usar um exemplo&#8230; voc\u00ea est\u00e1 inserida em um grupo onde conhece aqueles que atentam contra as normas civilizat\u00f3rias. Sabe que determinada parcela age contra tudo aquilo que a Sociedade considera correto. Sabe que esta j\u00e1 causou mal a v\u00e1rios membros de outros locais. E ainda assim se cala. Por motivos v\u00e1rios. Bem&#8230; considerando que nossa primeira premissa \u00e9 nos manter seguros&#8230; cuidar de nossa sobreviv\u00eancia&#8230; voc\u00ea est\u00e1 coberta de raz\u00e3o. Afinal, nossa seguran\u00e7a pessoal vem em primeiro lugar. Mas&#8230; e sempre tem um mas&#8230; isso te exclui do conjunto em quest\u00e3o? A resposta \u00e9 simples&#8230; n\u00e3o. Ao se calar quanto as atividades beligerantes do referido grupo voc\u00ea se torna cumplice e, de certa forma, respons\u00e1vel pelas a\u00e7\u00f5es do mesmo. Infelizmente, passa a fazer parte de &#8220;todo mundo&#8221;&#8230;<\/p>\n<p>E \u00e9 justamente essa a parte que te deixa desconfort\u00e1vel. Porque voc\u00ea n\u00e3o participou das a\u00e7\u00f5es em quest\u00e3o. Ent\u00e3o, como pode ser inclu\u00edda, se n\u00e3o tomou nenhum partido? \u00c9 justamente esse o ponto. Voc\u00ea n\u00e3o tomou nenhum partido. Poderia ter sido uma voz ativa, procurando meios para neutralizar as a\u00e7\u00f5es daquela parcela do grupo em quest\u00e3o. E n\u00e3o o fez&#8230;<\/p>\n<p>A vida \u00e9 complexa. O mundo nos for\u00e7a a tomar decis\u00f5es, e nem sempre estamos preparadas para tal. As coisas mudar\u00e3o no futuro? Quem sabe? Tudo o que nos resta \u00e9 acreditar que nossos descendentes ser\u00e3o melhores que n\u00f3s e que vir\u00e1 o dia em que n\u00e3o mais grassar\u00e1 a viol\u00eancia sobre a face da Terra. Afinal, a Esperan\u00e7a \u00e9 a \u00faltima que morre, n\u00e3o \u00e9 mesmo? E sem Esperan\u00e7a, o que nos resta nesse mundo? Nada&#8230;<\/p>\n","protected":false},"excerpt":{"rendered":"<p>O ser humano \u00e9 belicoso por natureza. N\u00e3o \u00e9 opini\u00e3o, \u00e9 constata\u00e7\u00e3o. Basta olharmos ao nosso redor para confirmar tal afirma\u00e7\u00e3o. \u00c9 doloroso reconhecer, eu sei. Mesmo com todas as salvaguardas que recebemos desde nosso primeiro vagido, h\u00e1 momentos em que a f\u00faria explode&#8230; e nem sempre compreendemos o motivo&#8230; Qualquer coisa&#8230; qualquer coisa, mesmo, [&hellip;]<\/p>\n","protected":false},"author":21,"featured_media":386354,"comment_status":"closed","ping_status":"closed","sticky":false,"template":"","format":"standard","meta":{"_acf_changed":false,"footnotes":""},"categories":[236],"tags":[],"class_list":["post-386352","post","type-post","status-publish","format-standard","has-post-thumbnail","hentry","category-ponto-de-vista"],"acf":[],"yoast_head":"<!-- This site is optimized with the Yoast SEO plugin v27.2 - https:\/\/yoast.com\/product\/yoast-seo-wordpress\/ -->\n<title>Sem esperan\u00e7a, nada temos... - Notibras<\/title>\n<meta name=\"robots\" content=\"index, follow, max-snippet:-1, max-image-preview:large, max-video-preview:-1\" \/>\n<link rel=\"canonical\" href=\"https:\/\/www.notibras.com\/site\/sem-esperanca-nada-temos\/\" \/>\n<meta property=\"og:locale\" content=\"pt_BR\" \/>\n<meta property=\"og:type\" content=\"article\" \/>\n<meta property=\"og:title\" content=\"Sem esperan\u00e7a, nada temos... - Notibras\" \/>\n<meta property=\"og:description\" content=\"O ser humano \u00e9 belicoso por natureza. N\u00e3o \u00e9 opini\u00e3o, \u00e9 constata\u00e7\u00e3o. Basta olharmos ao nosso redor para confirmar tal afirma\u00e7\u00e3o. \u00c9 doloroso reconhecer, eu sei. Mesmo com todas as salvaguardas que recebemos desde nosso primeiro vagido, h\u00e1 momentos em que a f\u00faria explode&#8230; e nem sempre compreendemos o motivo&#8230; Qualquer coisa&#8230; qualquer coisa, mesmo, [&hellip;]\" \/>\n<meta property=\"og:url\" content=\"https:\/\/www.notibras.com\/site\/sem-esperanca-nada-temos\/\" \/>\n<meta property=\"og:site_name\" content=\"Notibras\" \/>\n<meta property=\"article:publisher\" content=\"https:\/\/www.facebook.com\/notibras\/\" \/>\n<meta property=\"article:published_time\" content=\"2026-03-13T05:15:12+00:00\" \/>\n<meta property=\"og:image\" content=\"https:\/\/www.notibras.com\/site\/wp-content\/uploads\/2026\/03\/WhatsApp-Image-2026-03-09-at-23.49.08.jpeg\" \/>\n\t<meta property=\"og:image:width\" content=\"810\" \/>\n\t<meta property=\"og:image:height\" content=\"1440\" \/>\n\t<meta property=\"og:image:type\" content=\"image\/jpeg\" \/>\n<meta name=\"author\" content=\"Eduardo Mart\u00ednez\" \/>\n<meta name=\"twitter:card\" content=\"summary_large_image\" \/>\n<meta name=\"twitter:creator\" content=\"@Notibras\" \/>\n<meta name=\"twitter:site\" content=\"@Notibras\" \/>\n<meta name=\"twitter:label1\" content=\"Escrito por\" \/>\n\t<meta name=\"twitter:data1\" content=\"Eduardo Mart\u00ednez\" \/>\n\t<meta name=\"twitter:label2\" content=\"Est. tempo de leitura\" \/>\n\t<meta name=\"twitter:data2\" content=\"5 minutos\" \/>\n<script type=\"application\/ld+json\" class=\"yoast-schema-graph\">{\"@context\":\"https:\/\/schema.org\",\"@graph\":[{\"@type\":\"Article\",\"@id\":\"https:\/\/www.notibras.com\/site\/sem-esperanca-nada-temos\/#article\",\"isPartOf\":{\"@id\":\"https:\/\/www.notibras.com\/site\/sem-esperanca-nada-temos\/\"},\"author\":{\"name\":\"Eduardo Mart\u00ednez\",\"@id\":\"https:\/\/www.notibras.com\/site\/#\/schema\/person\/5b7fabf2aedc3ada2105f03b22b4d3dd\"},\"headline\":\"Sem esperan\u00e7a, nada temos&#8230;\",\"datePublished\":\"2026-03-13T05:15:12+00:00\",\"mainEntityOfPage\":{\"@id\":\"https:\/\/www.notibras.com\/site\/sem-esperanca-nada-temos\/\"},\"wordCount\":770,\"publisher\":{\"@id\":\"https:\/\/www.notibras.com\/site\/#organization\"},\"image\":{\"@id\":\"https:\/\/www.notibras.com\/site\/sem-esperanca-nada-temos\/#primaryimage\"},\"thumbnailUrl\":\"https:\/\/www.notibras.com\/site\/wp-content\/uploads\/2026\/03\/WhatsApp-Image-2026-03-09-at-23.49.08.jpeg\",\"articleSection\":[\"Ponto de Vista\"],\"inLanguage\":\"pt-BR\"},{\"@type\":\"WebPage\",\"@id\":\"https:\/\/www.notibras.com\/site\/sem-esperanca-nada-temos\/\",\"url\":\"https:\/\/www.notibras.com\/site\/sem-esperanca-nada-temos\/\",\"name\":\"Sem esperan\u00e7a, nada temos... - Notibras\",\"isPartOf\":{\"@id\":\"https:\/\/www.notibras.com\/site\/#website\"},\"primaryImageOfPage\":{\"@id\":\"https:\/\/www.notibras.com\/site\/sem-esperanca-nada-temos\/#primaryimage\"},\"image\":{\"@id\":\"https:\/\/www.notibras.com\/site\/sem-esperanca-nada-temos\/#primaryimage\"},\"thumbnailUrl\":\"https:\/\/www.notibras.com\/site\/wp-content\/uploads\/2026\/03\/WhatsApp-Image-2026-03-09-at-23.49.08.jpeg\",\"datePublished\":\"2026-03-13T05:15:12+00:00\",\"breadcrumb\":{\"@id\":\"https:\/\/www.notibras.com\/site\/sem-esperanca-nada-temos\/#breadcrumb\"},\"inLanguage\":\"pt-BR\",\"potentialAction\":[{\"@type\":\"ReadAction\",\"target\":[\"https:\/\/www.notibras.com\/site\/sem-esperanca-nada-temos\/\"]}]},{\"@type\":\"ImageObject\",\"inLanguage\":\"pt-BR\",\"@id\":\"https:\/\/www.notibras.com\/site\/sem-esperanca-nada-temos\/#primaryimage\",\"url\":\"https:\/\/www.notibras.com\/site\/wp-content\/uploads\/2026\/03\/WhatsApp-Image-2026-03-09-at-23.49.08.jpeg\",\"contentUrl\":\"https:\/\/www.notibras.com\/site\/wp-content\/uploads\/2026\/03\/WhatsApp-Image-2026-03-09-at-23.49.08.jpeg\",\"width\":810,\"height\":1440},{\"@type\":\"BreadcrumbList\",\"@id\":\"https:\/\/www.notibras.com\/site\/sem-esperanca-nada-temos\/#breadcrumb\",\"itemListElement\":[{\"@type\":\"ListItem\",\"position\":1,\"name\":\"In\u00edcio\",\"item\":\"https:\/\/www.notibras.com\/site\/\"},{\"@type\":\"ListItem\",\"position\":2,\"name\":\"Sem esperan\u00e7a, nada temos&#8230;\"}]},{\"@type\":\"WebSite\",\"@id\":\"https:\/\/www.notibras.com\/site\/#website\",\"url\":\"https:\/\/www.notibras.com\/site\/\",\"name\":\"Notibras\",\"description\":\"Not\u00edcias de Bras\u00edlia, do Brasil e do Mundo\",\"publisher\":{\"@id\":\"https:\/\/www.notibras.com\/site\/#organization\"},\"potentialAction\":[{\"@type\":\"SearchAction\",\"target\":{\"@type\":\"EntryPoint\",\"urlTemplate\":\"https:\/\/www.notibras.com\/site\/?s={search_term_string}\"},\"query-input\":{\"@type\":\"PropertyValueSpecification\",\"valueRequired\":true,\"valueName\":\"search_term_string\"}}],\"inLanguage\":\"pt-BR\"},{\"@type\":\"Organization\",\"@id\":\"https:\/\/www.notibras.com\/site\/#organization\",\"name\":\"Grupo Notibras de Comunica\u00e7\u00e3o\",\"url\":\"https:\/\/www.notibras.com\/site\/\",\"logo\":{\"@type\":\"ImageObject\",\"inLanguage\":\"pt-BR\",\"@id\":\"https:\/\/www.notibras.com\/site\/#\/schema\/logo\/image\/\",\"url\":\"https:\/\/www.notibras.com\/site\/wp-content\/uploads\/2023\/01\/notibras23.png\",\"contentUrl\":\"https:\/\/www.notibras.com\/site\/wp-content\/uploads\/2023\/01\/notibras23.png\",\"width\":350,\"height\":87,\"caption\":\"Grupo Notibras de Comunica\u00e7\u00e3o\"},\"image\":{\"@id\":\"https:\/\/www.notibras.com\/site\/#\/schema\/logo\/image\/\"},\"sameAs\":[\"https:\/\/www.facebook.com\/notibras\/\",\"https:\/\/x.com\/Notibras\",\"https:\/\/www.instagram.com\/notibras\/\"]},{\"@type\":\"Person\",\"@id\":\"https:\/\/www.notibras.com\/site\/#\/schema\/person\/5b7fabf2aedc3ada2105f03b22b4d3dd\",\"name\":\"Eduardo Mart\u00ednez\",\"image\":{\"@type\":\"ImageObject\",\"inLanguage\":\"pt-BR\",\"@id\":\"https:\/\/secure.gravatar.com\/avatar\/7902f906289926289cbcda644b5197c796b893c6ffd7b9a536a42d290f7704a0?s=96&d=mm&r=g\",\"url\":\"https:\/\/secure.gravatar.com\/avatar\/7902f906289926289cbcda644b5197c796b893c6ffd7b9a536a42d290f7704a0?s=96&d=mm&r=g\",\"contentUrl\":\"https:\/\/secure.gravatar.com\/avatar\/7902f906289926289cbcda644b5197c796b893c6ffd7b9a536a42d290f7704a0?s=96&d=mm&r=g\",\"caption\":\"Eduardo Mart\u00ednez\"}}]}<\/script>\n<!-- \/ Yoast SEO plugin. -->","yoast_head_json":{"title":"Sem esperan\u00e7a, nada temos... - Notibras","robots":{"index":"index","follow":"follow","max-snippet":"max-snippet:-1","max-image-preview":"max-image-preview:large","max-video-preview":"max-video-preview:-1"},"canonical":"https:\/\/www.notibras.com\/site\/sem-esperanca-nada-temos\/","og_locale":"pt_BR","og_type":"article","og_title":"Sem esperan\u00e7a, nada temos... - Notibras","og_description":"O ser humano \u00e9 belicoso por natureza. N\u00e3o \u00e9 opini\u00e3o, \u00e9 constata\u00e7\u00e3o. Basta olharmos ao nosso redor para confirmar tal afirma\u00e7\u00e3o. \u00c9 doloroso reconhecer, eu sei. Mesmo com todas as salvaguardas que recebemos desde nosso primeiro vagido, h\u00e1 momentos em que a f\u00faria explode&#8230; e nem sempre compreendemos o motivo&#8230; Qualquer coisa&#8230; qualquer coisa, mesmo, [&hellip;]","og_url":"https:\/\/www.notibras.com\/site\/sem-esperanca-nada-temos\/","og_site_name":"Notibras","article_publisher":"https:\/\/www.facebook.com\/notibras\/","article_published_time":"2026-03-13T05:15:12+00:00","og_image":[{"width":810,"height":1440,"url":"https:\/\/www.notibras.com\/site\/wp-content\/uploads\/2026\/03\/WhatsApp-Image-2026-03-09-at-23.49.08.jpeg","type":"image\/jpeg"}],"author":"Eduardo Mart\u00ednez","twitter_card":"summary_large_image","twitter_creator":"@Notibras","twitter_site":"@Notibras","twitter_misc":{"Escrito por":"Eduardo Mart\u00ednez","Est. tempo de leitura":"5 minutos"},"schema":{"@context":"https:\/\/schema.org","@graph":[{"@type":"Article","@id":"https:\/\/www.notibras.com\/site\/sem-esperanca-nada-temos\/#article","isPartOf":{"@id":"https:\/\/www.notibras.com\/site\/sem-esperanca-nada-temos\/"},"author":{"name":"Eduardo Mart\u00ednez","@id":"https:\/\/www.notibras.com\/site\/#\/schema\/person\/5b7fabf2aedc3ada2105f03b22b4d3dd"},"headline":"Sem esperan\u00e7a, nada temos&#8230;","datePublished":"2026-03-13T05:15:12+00:00","mainEntityOfPage":{"@id":"https:\/\/www.notibras.com\/site\/sem-esperanca-nada-temos\/"},"wordCount":770,"publisher":{"@id":"https:\/\/www.notibras.com\/site\/#organization"},"image":{"@id":"https:\/\/www.notibras.com\/site\/sem-esperanca-nada-temos\/#primaryimage"},"thumbnailUrl":"https:\/\/www.notibras.com\/site\/wp-content\/uploads\/2026\/03\/WhatsApp-Image-2026-03-09-at-23.49.08.jpeg","articleSection":["Ponto de Vista"],"inLanguage":"pt-BR"},{"@type":"WebPage","@id":"https:\/\/www.notibras.com\/site\/sem-esperanca-nada-temos\/","url":"https:\/\/www.notibras.com\/site\/sem-esperanca-nada-temos\/","name":"Sem esperan\u00e7a, nada temos... - Notibras","isPartOf":{"@id":"https:\/\/www.notibras.com\/site\/#website"},"primaryImageOfPage":{"@id":"https:\/\/www.notibras.com\/site\/sem-esperanca-nada-temos\/#primaryimage"},"image":{"@id":"https:\/\/www.notibras.com\/site\/sem-esperanca-nada-temos\/#primaryimage"},"thumbnailUrl":"https:\/\/www.notibras.com\/site\/wp-content\/uploads\/2026\/03\/WhatsApp-Image-2026-03-09-at-23.49.08.jpeg","datePublished":"2026-03-13T05:15:12+00:00","breadcrumb":{"@id":"https:\/\/www.notibras.com\/site\/sem-esperanca-nada-temos\/#breadcrumb"},"inLanguage":"pt-BR","potentialAction":[{"@type":"ReadAction","target":["https:\/\/www.notibras.com\/site\/sem-esperanca-nada-temos\/"]}]},{"@type":"ImageObject","inLanguage":"pt-BR","@id":"https:\/\/www.notibras.com\/site\/sem-esperanca-nada-temos\/#primaryimage","url":"https:\/\/www.notibras.com\/site\/wp-content\/uploads\/2026\/03\/WhatsApp-Image-2026-03-09-at-23.49.08.jpeg","contentUrl":"https:\/\/www.notibras.com\/site\/wp-content\/uploads\/2026\/03\/WhatsApp-Image-2026-03-09-at-23.49.08.jpeg","width":810,"height":1440},{"@type":"BreadcrumbList","@id":"https:\/\/www.notibras.com\/site\/sem-esperanca-nada-temos\/#breadcrumb","itemListElement":[{"@type":"ListItem","position":1,"name":"In\u00edcio","item":"https:\/\/www.notibras.com\/site\/"},{"@type":"ListItem","position":2,"name":"Sem esperan\u00e7a, nada temos&#8230;"}]},{"@type":"WebSite","@id":"https:\/\/www.notibras.com\/site\/#website","url":"https:\/\/www.notibras.com\/site\/","name":"Notibras","description":"Not\u00edcias de Bras\u00edlia, do Brasil e do Mundo","publisher":{"@id":"https:\/\/www.notibras.com\/site\/#organization"},"potentialAction":[{"@type":"SearchAction","target":{"@type":"EntryPoint","urlTemplate":"https:\/\/www.notibras.com\/site\/?s={search_term_string}"},"query-input":{"@type":"PropertyValueSpecification","valueRequired":true,"valueName":"search_term_string"}}],"inLanguage":"pt-BR"},{"@type":"Organization","@id":"https:\/\/www.notibras.com\/site\/#organization","name":"Grupo Notibras de Comunica\u00e7\u00e3o","url":"https:\/\/www.notibras.com\/site\/","logo":{"@type":"ImageObject","inLanguage":"pt-BR","@id":"https:\/\/www.notibras.com\/site\/#\/schema\/logo\/image\/","url":"https:\/\/www.notibras.com\/site\/wp-content\/uploads\/2023\/01\/notibras23.png","contentUrl":"https:\/\/www.notibras.com\/site\/wp-content\/uploads\/2023\/01\/notibras23.png","width":350,"height":87,"caption":"Grupo Notibras de Comunica\u00e7\u00e3o"},"image":{"@id":"https:\/\/www.notibras.com\/site\/#\/schema\/logo\/image\/"},"sameAs":["https:\/\/www.facebook.com\/notibras\/","https:\/\/x.com\/Notibras","https:\/\/www.instagram.com\/notibras\/"]},{"@type":"Person","@id":"https:\/\/www.notibras.com\/site\/#\/schema\/person\/5b7fabf2aedc3ada2105f03b22b4d3dd","name":"Eduardo Mart\u00ednez","image":{"@type":"ImageObject","inLanguage":"pt-BR","@id":"https:\/\/secure.gravatar.com\/avatar\/7902f906289926289cbcda644b5197c796b893c6ffd7b9a536a42d290f7704a0?s=96&d=mm&r=g","url":"https:\/\/secure.gravatar.com\/avatar\/7902f906289926289cbcda644b5197c796b893c6ffd7b9a536a42d290f7704a0?s=96&d=mm&r=g","contentUrl":"https:\/\/secure.gravatar.com\/avatar\/7902f906289926289cbcda644b5197c796b893c6ffd7b9a536a42d290f7704a0?s=96&d=mm&r=g","caption":"Eduardo Mart\u00ednez"}}]}},"amp_enabled":true,"_links":{"self":[{"href":"https:\/\/www.notibras.com\/site\/wp-json\/wp\/v2\/posts\/386352","targetHints":{"allow":["GET"]}}],"collection":[{"href":"https:\/\/www.notibras.com\/site\/wp-json\/wp\/v2\/posts"}],"about":[{"href":"https:\/\/www.notibras.com\/site\/wp-json\/wp\/v2\/types\/post"}],"author":[{"embeddable":true,"href":"https:\/\/www.notibras.com\/site\/wp-json\/wp\/v2\/users\/21"}],"replies":[{"embeddable":true,"href":"https:\/\/www.notibras.com\/site\/wp-json\/wp\/v2\/comments?post=386352"}],"version-history":[{"count":1,"href":"https:\/\/www.notibras.com\/site\/wp-json\/wp\/v2\/posts\/386352\/revisions"}],"predecessor-version":[{"id":386353,"href":"https:\/\/www.notibras.com\/site\/wp-json\/wp\/v2\/posts\/386352\/revisions\/386353"}],"wp:featuredmedia":[{"embeddable":true,"href":"https:\/\/www.notibras.com\/site\/wp-json\/wp\/v2\/media\/386354"}],"wp:attachment":[{"href":"https:\/\/www.notibras.com\/site\/wp-json\/wp\/v2\/media?parent=386352"}],"wp:term":[{"taxonomy":"category","embeddable":true,"href":"https:\/\/www.notibras.com\/site\/wp-json\/wp\/v2\/categories?post=386352"},{"taxonomy":"post_tag","embeddable":true,"href":"https:\/\/www.notibras.com\/site\/wp-json\/wp\/v2\/tags?post=386352"}],"curies":[{"name":"wp","href":"https:\/\/api.w.org\/{rel}","templated":true}]}}