{"id":386367,"date":"2026-03-11T00:15:38","date_gmt":"2026-03-11T03:15:38","guid":{"rendered":"https:\/\/www.notibras.com\/site\/?p=386367"},"modified":"2026-03-10T04:05:14","modified_gmt":"2026-03-10T07:05:14","slug":"vestigios-da-chama","status":"publish","type":"post","link":"https:\/\/www.notibras.com\/site\/vestigios-da-chama\/","title":{"rendered":"Vest\u00edgios da chama"},"content":{"rendered":"<p>Faltam-me asas<br \/>\npara te afastar do meu destino.<\/p>\n<p>Raramente consigo apagar<br \/>\no que foi moldado em fogo,<br \/>\ne que hoje repousa em cinzas frias.<\/p>\n<p>Quem \u00e9s tu, presen\u00e7a que me desatina?<\/p>\n<p>Figura divina, ardente, misteriosa,<br \/>\nteu olhar \u00e9 enigma,<br \/>\nteu toque \u00e9 labirinto,<br \/>\nteu sil\u00eancio \u00e9 vertigem.<\/p>\n<p>Que segredo escondes sob tua pele?<br \/>\nQue tempestade provocas,<br \/>\nque mar\u00e9s conduzes,<br \/>\nque inevitavelmente me arrastam ao del\u00edrio?<\/p>\n<p>Responde-me, sombra luminosa!<br \/>\nQuem agora ocupa o espa\u00e7o<br \/>\nque outrora era meu abrigo?<\/p>\n<p>Prefiro que o tempo te envolva em solid\u00e3o,<br \/>\npois tua aus\u00eancia me dilacera,<br \/>\num vazio imenso e cruel,<br \/>\nao descobrir que aquele amor<br \/>\nfoi apenas miragem,<br \/>\nque teus gestos eram m\u00e1scaras,<br \/>\nque tua chama era apenas ilus\u00e3o.<\/p>\n<p>Agora tudo jaz consumado,<br \/>\nlan\u00e7ado ao esquecimento,<\/p>\n<p>enquanto meu cora\u00e7\u00e3o ainda guarda<br \/>\nas horas infinitas vividas,<br \/>\nos segredos ocultos,<br \/>\nos vest\u00edgios da chama<br \/>\nque um dia nos incendiou.<\/p>\n","protected":false},"excerpt":{"rendered":"<p>Faltam-me asas para te afastar do meu destino. Raramente consigo apagar o que foi moldado em fogo, e que hoje repousa em cinzas frias. Quem \u00e9s tu, presen\u00e7a que me desatina? Figura divina, ardente, misteriosa, teu olhar \u00e9 enigma, teu toque \u00e9 labirinto, teu sil\u00eancio \u00e9 vertigem. Que segredo escondes sob tua pele? Que tempestade [&hellip;]<\/p>\n","protected":false},"author":21,"featured_media":386368,"comment_status":"closed","ping_status":"closed","sticky":false,"template":"","format":"standard","meta":{"_acf_changed":false,"footnotes":""},"categories":[234],"tags":[],"class_list":["post-386367","post","type-post","status-publish","format-standard","has-post-thumbnail","hentry","category-cafe-literario"],"acf":[],"yoast_head":"<!-- This site is optimized with the Yoast SEO plugin v27.2 - https:\/\/yoast.com\/product\/yoast-seo-wordpress\/ -->\n<title>Vest\u00edgios da chama - Notibras<\/title>\n<meta name=\"robots\" content=\"index, follow, max-snippet:-1, max-image-preview:large, max-video-preview:-1\" \/>\n<link rel=\"canonical\" href=\"https:\/\/www.notibras.com\/site\/vestigios-da-chama\/\" \/>\n<meta property=\"og:locale\" content=\"pt_BR\" \/>\n<meta property=\"og:type\" content=\"article\" \/>\n<meta property=\"og:title\" content=\"Vest\u00edgios da chama - Notibras\" \/>\n<meta property=\"og:description\" content=\"Faltam-me asas para te afastar do meu destino. Raramente consigo apagar o que foi moldado em fogo, e que hoje repousa em cinzas frias. Quem \u00e9s tu, presen\u00e7a que me desatina? Figura divina, ardente, misteriosa, teu olhar \u00e9 enigma, teu toque \u00e9 labirinto, teu sil\u00eancio \u00e9 vertigem. Que segredo escondes sob tua pele? Que tempestade [&hellip;]\" \/>\n<meta property=\"og:url\" content=\"https:\/\/www.notibras.com\/site\/vestigios-da-chama\/\" \/>\n<meta property=\"og:site_name\" content=\"Notibras\" \/>\n<meta property=\"article:publisher\" content=\"https:\/\/www.facebook.com\/notibras\/\" \/>\n<meta property=\"article:published_time\" content=\"2026-03-11T03:15:38+00:00\" \/>\n<meta property=\"og:image\" content=\"https:\/\/www.notibras.com\/site\/wp-content\/uploads\/2026\/03\/WhatsApp-Image-2026-03-10-at-03.58.19.jpeg\" \/>\n\t<meta property=\"og:image:width\" content=\"1024\" \/>\n\t<meta property=\"og:image:height\" content=\"559\" \/>\n\t<meta property=\"og:image:type\" content=\"image\/jpeg\" \/>\n<meta name=\"author\" content=\"Eduardo Mart\u00ednez\" \/>\n<meta name=\"twitter:card\" content=\"summary_large_image\" \/>\n<meta name=\"twitter:creator\" content=\"@Notibras\" \/>\n<meta name=\"twitter:site\" content=\"@Notibras\" \/>\n<meta name=\"twitter:label1\" content=\"Escrito por\" \/>\n\t<meta name=\"twitter:data1\" content=\"Eduardo Mart\u00ednez\" \/>\n\t<meta name=\"twitter:label2\" content=\"Est. tempo de leitura\" \/>\n\t<meta name=\"twitter:data2\" content=\"2 minutos\" \/>\n<script type=\"application\/ld+json\" class=\"yoast-schema-graph\">{\"@context\":\"https:\/\/schema.org\",\"@graph\":[{\"@type\":\"Article\",\"@id\":\"https:\/\/www.notibras.com\/site\/vestigios-da-chama\/#article\",\"isPartOf\":{\"@id\":\"https:\/\/www.notibras.com\/site\/vestigios-da-chama\/\"},\"author\":{\"name\":\"Eduardo Mart\u00ednez\",\"@id\":\"https:\/\/www.notibras.com\/site\/#\/schema\/person\/5b7fabf2aedc3ada2105f03b22b4d3dd\"},\"headline\":\"Vest\u00edgios da chama\",\"datePublished\":\"2026-03-11T03:15:38+00:00\",\"mainEntityOfPage\":{\"@id\":\"https:\/\/www.notibras.com\/site\/vestigios-da-chama\/\"},\"wordCount\":156,\"publisher\":{\"@id\":\"https:\/\/www.notibras.com\/site\/#organization\"},\"image\":{\"@id\":\"https:\/\/www.notibras.com\/site\/vestigios-da-chama\/#primaryimage\"},\"thumbnailUrl\":\"https:\/\/www.notibras.com\/site\/wp-content\/uploads\/2026\/03\/WhatsApp-Image-2026-03-10-at-03.58.19.jpeg\",\"articleSection\":[\"Caf\u00e9 Liter\u00e1rio\"],\"inLanguage\":\"pt-BR\"},{\"@type\":\"WebPage\",\"@id\":\"https:\/\/www.notibras.com\/site\/vestigios-da-chama\/\",\"url\":\"https:\/\/www.notibras.com\/site\/vestigios-da-chama\/\",\"name\":\"Vest\u00edgios da chama - Notibras\",\"isPartOf\":{\"@id\":\"https:\/\/www.notibras.com\/site\/#website\"},\"primaryImageOfPage\":{\"@id\":\"https:\/\/www.notibras.com\/site\/vestigios-da-chama\/#primaryimage\"},\"image\":{\"@id\":\"https:\/\/www.notibras.com\/site\/vestigios-da-chama\/#primaryimage\"},\"thumbnailUrl\":\"https:\/\/www.notibras.com\/site\/wp-content\/uploads\/2026\/03\/WhatsApp-Image-2026-03-10-at-03.58.19.jpeg\",\"datePublished\":\"2026-03-11T03:15:38+00:00\",\"breadcrumb\":{\"@id\":\"https:\/\/www.notibras.com\/site\/vestigios-da-chama\/#breadcrumb\"},\"inLanguage\":\"pt-BR\",\"potentialAction\":[{\"@type\":\"ReadAction\",\"target\":[\"https:\/\/www.notibras.com\/site\/vestigios-da-chama\/\"]}]},{\"@type\":\"ImageObject\",\"inLanguage\":\"pt-BR\",\"@id\":\"https:\/\/www.notibras.com\/site\/vestigios-da-chama\/#primaryimage\",\"url\":\"https:\/\/www.notibras.com\/site\/wp-content\/uploads\/2026\/03\/WhatsApp-Image-2026-03-10-at-03.58.19.jpeg\",\"contentUrl\":\"https:\/\/www.notibras.com\/site\/wp-content\/uploads\/2026\/03\/WhatsApp-Image-2026-03-10-at-03.58.19.jpeg\",\"width\":1024,\"height\":559},{\"@type\":\"BreadcrumbList\",\"@id\":\"https:\/\/www.notibras.com\/site\/vestigios-da-chama\/#breadcrumb\",\"itemListElement\":[{\"@type\":\"ListItem\",\"position\":1,\"name\":\"In\u00edcio\",\"item\":\"https:\/\/www.notibras.com\/site\/\"},{\"@type\":\"ListItem\",\"position\":2,\"name\":\"Vest\u00edgios da chama\"}]},{\"@type\":\"WebSite\",\"@id\":\"https:\/\/www.notibras.com\/site\/#website\",\"url\":\"https:\/\/www.notibras.com\/site\/\",\"name\":\"Notibras\",\"description\":\"Not\u00edcias de Bras\u00edlia, do Brasil e do Mundo\",\"publisher\":{\"@id\":\"https:\/\/www.notibras.com\/site\/#organization\"},\"potentialAction\":[{\"@type\":\"SearchAction\",\"target\":{\"@type\":\"EntryPoint\",\"urlTemplate\":\"https:\/\/www.notibras.com\/site\/?s={search_term_string}\"},\"query-input\":{\"@type\":\"PropertyValueSpecification\",\"valueRequired\":true,\"valueName\":\"search_term_string\"}}],\"inLanguage\":\"pt-BR\"},{\"@type\":\"Organization\",\"@id\":\"https:\/\/www.notibras.com\/site\/#organization\",\"name\":\"Grupo Notibras de Comunica\u00e7\u00e3o\",\"url\":\"https:\/\/www.notibras.com\/site\/\",\"logo\":{\"@type\":\"ImageObject\",\"inLanguage\":\"pt-BR\",\"@id\":\"https:\/\/www.notibras.com\/site\/#\/schema\/logo\/image\/\",\"url\":\"https:\/\/www.notibras.com\/site\/wp-content\/uploads\/2023\/01\/notibras23.png\",\"contentUrl\":\"https:\/\/www.notibras.com\/site\/wp-content\/uploads\/2023\/01\/notibras23.png\",\"width\":350,\"height\":87,\"caption\":\"Grupo Notibras de Comunica\u00e7\u00e3o\"},\"image\":{\"@id\":\"https:\/\/www.notibras.com\/site\/#\/schema\/logo\/image\/\"},\"sameAs\":[\"https:\/\/www.facebook.com\/notibras\/\",\"https:\/\/x.com\/Notibras\",\"https:\/\/www.instagram.com\/notibras\/\"]},{\"@type\":\"Person\",\"@id\":\"https:\/\/www.notibras.com\/site\/#\/schema\/person\/5b7fabf2aedc3ada2105f03b22b4d3dd\",\"name\":\"Eduardo Mart\u00ednez\",\"image\":{\"@type\":\"ImageObject\",\"inLanguage\":\"pt-BR\",\"@id\":\"https:\/\/secure.gravatar.com\/avatar\/7902f906289926289cbcda644b5197c796b893c6ffd7b9a536a42d290f7704a0?s=96&d=mm&r=g\",\"url\":\"https:\/\/secure.gravatar.com\/avatar\/7902f906289926289cbcda644b5197c796b893c6ffd7b9a536a42d290f7704a0?s=96&d=mm&r=g\",\"contentUrl\":\"https:\/\/secure.gravatar.com\/avatar\/7902f906289926289cbcda644b5197c796b893c6ffd7b9a536a42d290f7704a0?s=96&d=mm&r=g\",\"caption\":\"Eduardo Mart\u00ednez\"}}]}<\/script>\n<!-- \/ Yoast SEO plugin. -->","yoast_head_json":{"title":"Vest\u00edgios da chama - Notibras","robots":{"index":"index","follow":"follow","max-snippet":"max-snippet:-1","max-image-preview":"max-image-preview:large","max-video-preview":"max-video-preview:-1"},"canonical":"https:\/\/www.notibras.com\/site\/vestigios-da-chama\/","og_locale":"pt_BR","og_type":"article","og_title":"Vest\u00edgios da chama - Notibras","og_description":"Faltam-me asas para te afastar do meu destino. Raramente consigo apagar o que foi moldado em fogo, e que hoje repousa em cinzas frias. Quem \u00e9s tu, presen\u00e7a que me desatina? Figura divina, ardente, misteriosa, teu olhar \u00e9 enigma, teu toque \u00e9 labirinto, teu sil\u00eancio \u00e9 vertigem. Que segredo escondes sob tua pele? Que tempestade [&hellip;]","og_url":"https:\/\/www.notibras.com\/site\/vestigios-da-chama\/","og_site_name":"Notibras","article_publisher":"https:\/\/www.facebook.com\/notibras\/","article_published_time":"2026-03-11T03:15:38+00:00","og_image":[{"width":1024,"height":559,"url":"https:\/\/www.notibras.com\/site\/wp-content\/uploads\/2026\/03\/WhatsApp-Image-2026-03-10-at-03.58.19.jpeg","type":"image\/jpeg"}],"author":"Eduardo Mart\u00ednez","twitter_card":"summary_large_image","twitter_creator":"@Notibras","twitter_site":"@Notibras","twitter_misc":{"Escrito por":"Eduardo Mart\u00ednez","Est. tempo de leitura":"2 minutos"},"schema":{"@context":"https:\/\/schema.org","@graph":[{"@type":"Article","@id":"https:\/\/www.notibras.com\/site\/vestigios-da-chama\/#article","isPartOf":{"@id":"https:\/\/www.notibras.com\/site\/vestigios-da-chama\/"},"author":{"name":"Eduardo Mart\u00ednez","@id":"https:\/\/www.notibras.com\/site\/#\/schema\/person\/5b7fabf2aedc3ada2105f03b22b4d3dd"},"headline":"Vest\u00edgios da chama","datePublished":"2026-03-11T03:15:38+00:00","mainEntityOfPage":{"@id":"https:\/\/www.notibras.com\/site\/vestigios-da-chama\/"},"wordCount":156,"publisher":{"@id":"https:\/\/www.notibras.com\/site\/#organization"},"image":{"@id":"https:\/\/www.notibras.com\/site\/vestigios-da-chama\/#primaryimage"},"thumbnailUrl":"https:\/\/www.notibras.com\/site\/wp-content\/uploads\/2026\/03\/WhatsApp-Image-2026-03-10-at-03.58.19.jpeg","articleSection":["Caf\u00e9 Liter\u00e1rio"],"inLanguage":"pt-BR"},{"@type":"WebPage","@id":"https:\/\/www.notibras.com\/site\/vestigios-da-chama\/","url":"https:\/\/www.notibras.com\/site\/vestigios-da-chama\/","name":"Vest\u00edgios da chama - Notibras","isPartOf":{"@id":"https:\/\/www.notibras.com\/site\/#website"},"primaryImageOfPage":{"@id":"https:\/\/www.notibras.com\/site\/vestigios-da-chama\/#primaryimage"},"image":{"@id":"https:\/\/www.notibras.com\/site\/vestigios-da-chama\/#primaryimage"},"thumbnailUrl":"https:\/\/www.notibras.com\/site\/wp-content\/uploads\/2026\/03\/WhatsApp-Image-2026-03-10-at-03.58.19.jpeg","datePublished":"2026-03-11T03:15:38+00:00","breadcrumb":{"@id":"https:\/\/www.notibras.com\/site\/vestigios-da-chama\/#breadcrumb"},"inLanguage":"pt-BR","potentialAction":[{"@type":"ReadAction","target":["https:\/\/www.notibras.com\/site\/vestigios-da-chama\/"]}]},{"@type":"ImageObject","inLanguage":"pt-BR","@id":"https:\/\/www.notibras.com\/site\/vestigios-da-chama\/#primaryimage","url":"https:\/\/www.notibras.com\/site\/wp-content\/uploads\/2026\/03\/WhatsApp-Image-2026-03-10-at-03.58.19.jpeg","contentUrl":"https:\/\/www.notibras.com\/site\/wp-content\/uploads\/2026\/03\/WhatsApp-Image-2026-03-10-at-03.58.19.jpeg","width":1024,"height":559},{"@type":"BreadcrumbList","@id":"https:\/\/www.notibras.com\/site\/vestigios-da-chama\/#breadcrumb","itemListElement":[{"@type":"ListItem","position":1,"name":"In\u00edcio","item":"https:\/\/www.notibras.com\/site\/"},{"@type":"ListItem","position":2,"name":"Vest\u00edgios da chama"}]},{"@type":"WebSite","@id":"https:\/\/www.notibras.com\/site\/#website","url":"https:\/\/www.notibras.com\/site\/","name":"Notibras","description":"Not\u00edcias de Bras\u00edlia, do Brasil e do Mundo","publisher":{"@id":"https:\/\/www.notibras.com\/site\/#organization"},"potentialAction":[{"@type":"SearchAction","target":{"@type":"EntryPoint","urlTemplate":"https:\/\/www.notibras.com\/site\/?s={search_term_string}"},"query-input":{"@type":"PropertyValueSpecification","valueRequired":true,"valueName":"search_term_string"}}],"inLanguage":"pt-BR"},{"@type":"Organization","@id":"https:\/\/www.notibras.com\/site\/#organization","name":"Grupo Notibras de Comunica\u00e7\u00e3o","url":"https:\/\/www.notibras.com\/site\/","logo":{"@type":"ImageObject","inLanguage":"pt-BR","@id":"https:\/\/www.notibras.com\/site\/#\/schema\/logo\/image\/","url":"https:\/\/www.notibras.com\/site\/wp-content\/uploads\/2023\/01\/notibras23.png","contentUrl":"https:\/\/www.notibras.com\/site\/wp-content\/uploads\/2023\/01\/notibras23.png","width":350,"height":87,"caption":"Grupo Notibras de Comunica\u00e7\u00e3o"},"image":{"@id":"https:\/\/www.notibras.com\/site\/#\/schema\/logo\/image\/"},"sameAs":["https:\/\/www.facebook.com\/notibras\/","https:\/\/x.com\/Notibras","https:\/\/www.instagram.com\/notibras\/"]},{"@type":"Person","@id":"https:\/\/www.notibras.com\/site\/#\/schema\/person\/5b7fabf2aedc3ada2105f03b22b4d3dd","name":"Eduardo Mart\u00ednez","image":{"@type":"ImageObject","inLanguage":"pt-BR","@id":"https:\/\/secure.gravatar.com\/avatar\/7902f906289926289cbcda644b5197c796b893c6ffd7b9a536a42d290f7704a0?s=96&d=mm&r=g","url":"https:\/\/secure.gravatar.com\/avatar\/7902f906289926289cbcda644b5197c796b893c6ffd7b9a536a42d290f7704a0?s=96&d=mm&r=g","contentUrl":"https:\/\/secure.gravatar.com\/avatar\/7902f906289926289cbcda644b5197c796b893c6ffd7b9a536a42d290f7704a0?s=96&d=mm&r=g","caption":"Eduardo Mart\u00ednez"}}]}},"amp_enabled":true,"_links":{"self":[{"href":"https:\/\/www.notibras.com\/site\/wp-json\/wp\/v2\/posts\/386367","targetHints":{"allow":["GET"]}}],"collection":[{"href":"https:\/\/www.notibras.com\/site\/wp-json\/wp\/v2\/posts"}],"about":[{"href":"https:\/\/www.notibras.com\/site\/wp-json\/wp\/v2\/types\/post"}],"author":[{"embeddable":true,"href":"https:\/\/www.notibras.com\/site\/wp-json\/wp\/v2\/users\/21"}],"replies":[{"embeddable":true,"href":"https:\/\/www.notibras.com\/site\/wp-json\/wp\/v2\/comments?post=386367"}],"version-history":[{"count":2,"href":"https:\/\/www.notibras.com\/site\/wp-json\/wp\/v2\/posts\/386367\/revisions"}],"predecessor-version":[{"id":386370,"href":"https:\/\/www.notibras.com\/site\/wp-json\/wp\/v2\/posts\/386367\/revisions\/386370"}],"wp:featuredmedia":[{"embeddable":true,"href":"https:\/\/www.notibras.com\/site\/wp-json\/wp\/v2\/media\/386368"}],"wp:attachment":[{"href":"https:\/\/www.notibras.com\/site\/wp-json\/wp\/v2\/media?parent=386367"}],"wp:term":[{"taxonomy":"category","embeddable":true,"href":"https:\/\/www.notibras.com\/site\/wp-json\/wp\/v2\/categories?post=386367"},{"taxonomy":"post_tag","embeddable":true,"href":"https:\/\/www.notibras.com\/site\/wp-json\/wp\/v2\/tags?post=386367"}],"curies":[{"name":"wp","href":"https:\/\/api.w.org\/{rel}","templated":true}]}}