{"id":386388,"date":"2026-03-12T00:30:37","date_gmt":"2026-03-12T03:30:37","guid":{"rendered":"https:\/\/www.notibras.com\/site\/?p=386388"},"modified":"2026-03-10T05:41:48","modified_gmt":"2026-03-10T08:41:48","slug":"devaneio-das-estrelas","status":"publish","type":"post","link":"https:\/\/www.notibras.com\/site\/devaneio-das-estrelas\/","title":{"rendered":"Devaneio das estrelas"},"content":{"rendered":"<p>Por este amor que se torna infinito,<br \/>\ncada olhar sobre ti \u00e9 aurora,<br \/>\npelo desejo que guardo em sil\u00eancio,<br \/>\nque tu conheces, que arde como chama,<br \/>\nsinto que somos almas entrela\u00e7adas,<br \/>\nf\u00e9 que n\u00e3o teme a dist\u00e2ncia,<br \/>\nsomos brisa que acaricia,<br \/>\ne \u00e0s vezes vento que sacode desertos.<\/p>\n<p>Nesta noite sonho que me chamas,<br \/>\nque tua voz me envolve em ternura,<br \/>\npara sermos dois esp\u00edritos e um s\u00f3 pulsar,<br \/>\npois nada det\u00e9m o voo do devaneio.<\/p>\n<p>Sou a luz que nunca se extingue,<br \/>\nquando este sentimento me domina,<br \/>\nque anuncia ao mundo que n\u00e3o h\u00e1 inverno<br \/>\nse tu me amas como eu te amo.<br \/>\nE vendo teus olhos t\u00e3o pr\u00f3ximos dos meus,<br \/>\nem nosso leito como c\u00famplices,<br \/>\nsussurro em teu ouvido que enlouque\u00e7o<br \/>\ncom esta vertigem que carrego em mim.<\/p>\n<p>D\u00e1-me tua m\u00e3o, para te trazer<br \/>\npara perto, para dentro da minha ess\u00eancia,<br \/>\npara saborear o que conquistamos,<br \/>\npara colher teus beijos quando eu os chamar.<br \/>\n\u00c9 este amor que me preenche,<br \/>\nque me domina, que n\u00e3o se aquieta,<br \/>\nat\u00e9 que eu te ou\u00e7a prometer<br \/>\nque n\u00e3o haver\u00e1 esquecimento se o amor \u00e9 eterno.<\/p>\n<p>Ama-me sem reservas, n\u00e3o me deixes,<br \/>\nsou peregrino seguindo tua estrela,<br \/>\ne se o mundo se apagar para n\u00f3s,<br \/>\nguarda em teu peito meu cora\u00e7\u00e3o,<br \/>\ncarrega nossas mem\u00f3rias como rel\u00edquias,<br \/>\nsente nas noites que nunca parti,<br \/>\ne se a ang\u00fastia bater \u00e0 tua porta,<br \/>\nsonha desperta que estou contigo.<\/p>\n<p>Se chamares meu nome, fiel companheira,<br \/>\nque me ensinaste o que \u00e9 amar,<br \/>\no que prometi se cumprir\u00e1.<br \/>\nE no sil\u00eancio do nosso ref\u00fagio,<br \/>\nse me esperares como sempre fizeste,<\/p>\n<p>chegarei \u00e0 noite e sussurrarei em teu ouvido:<\/p>\n<p>&#8220;Sonha desperta, pois nunca estar\u00e1s sozinha,<br \/>\nmeu cora\u00e7\u00e3o permanece contigo,<br \/>\ne jamais te abandonar\u00e1.&#8221;<\/p>\n","protected":false},"excerpt":{"rendered":"<p>Por este amor que se torna infinito, cada olhar sobre ti \u00e9 aurora, pelo desejo que guardo em sil\u00eancio, que tu conheces, que arde como chama, sinto que somos almas entrela\u00e7adas, f\u00e9 que n\u00e3o teme a dist\u00e2ncia, somos brisa que acaricia, e \u00e0s vezes vento que sacode desertos. Nesta noite sonho que me chamas, que [&hellip;]<\/p>\n","protected":false},"author":21,"featured_media":386389,"comment_status":"closed","ping_status":"closed","sticky":false,"template":"","format":"standard","meta":{"_acf_changed":false,"footnotes":""},"categories":[234],"tags":[],"class_list":["post-386388","post","type-post","status-publish","format-standard","has-post-thumbnail","hentry","category-cafe-literario"],"acf":[],"yoast_head":"<!-- This site is optimized with the Yoast SEO plugin v27.2 - https:\/\/yoast.com\/product\/yoast-seo-wordpress\/ -->\n<title>Devaneio das estrelas - Notibras<\/title>\n<meta name=\"robots\" content=\"index, follow, max-snippet:-1, max-image-preview:large, max-video-preview:-1\" \/>\n<link rel=\"canonical\" href=\"https:\/\/www.notibras.com\/site\/devaneio-das-estrelas\/\" \/>\n<meta property=\"og:locale\" content=\"pt_BR\" \/>\n<meta property=\"og:type\" content=\"article\" \/>\n<meta property=\"og:title\" content=\"Devaneio das estrelas - Notibras\" \/>\n<meta property=\"og:description\" content=\"Por este amor que se torna infinito, cada olhar sobre ti \u00e9 aurora, pelo desejo que guardo em sil\u00eancio, que tu conheces, que arde como chama, sinto que somos almas entrela\u00e7adas, f\u00e9 que n\u00e3o teme a dist\u00e2ncia, somos brisa que acaricia, e \u00e0s vezes vento que sacode desertos. Nesta noite sonho que me chamas, que [&hellip;]\" \/>\n<meta property=\"og:url\" content=\"https:\/\/www.notibras.com\/site\/devaneio-das-estrelas\/\" \/>\n<meta property=\"og:site_name\" content=\"Notibras\" \/>\n<meta property=\"article:publisher\" content=\"https:\/\/www.facebook.com\/notibras\/\" \/>\n<meta property=\"article:published_time\" content=\"2026-03-12T03:30:37+00:00\" \/>\n<meta property=\"og:image\" content=\"https:\/\/www.notibras.com\/site\/wp-content\/uploads\/2026\/03\/WhatsApp-Image-2026-03-10-at-05.39.44.jpeg\" \/>\n\t<meta property=\"og:image:width\" content=\"810\" \/>\n\t<meta property=\"og:image:height\" content=\"1440\" \/>\n\t<meta property=\"og:image:type\" content=\"image\/jpeg\" \/>\n<meta name=\"author\" content=\"Eduardo Mart\u00ednez\" \/>\n<meta name=\"twitter:card\" content=\"summary_large_image\" \/>\n<meta name=\"twitter:creator\" content=\"@Notibras\" \/>\n<meta name=\"twitter:site\" content=\"@Notibras\" \/>\n<meta name=\"twitter:label1\" content=\"Escrito por\" \/>\n\t<meta name=\"twitter:data1\" content=\"Eduardo Mart\u00ednez\" \/>\n\t<meta name=\"twitter:label2\" content=\"Est. tempo de leitura\" \/>\n\t<meta name=\"twitter:data2\" content=\"2 minutos\" \/>\n<script type=\"application\/ld+json\" class=\"yoast-schema-graph\">{\"@context\":\"https:\/\/schema.org\",\"@graph\":[{\"@type\":\"Article\",\"@id\":\"https:\/\/www.notibras.com\/site\/devaneio-das-estrelas\/#article\",\"isPartOf\":{\"@id\":\"https:\/\/www.notibras.com\/site\/devaneio-das-estrelas\/\"},\"author\":{\"name\":\"Eduardo Mart\u00ednez\",\"@id\":\"https:\/\/www.notibras.com\/site\/#\/schema\/person\/5b7fabf2aedc3ada2105f03b22b4d3dd\"},\"headline\":\"Devaneio das estrelas\",\"datePublished\":\"2026-03-12T03:30:37+00:00\",\"mainEntityOfPage\":{\"@id\":\"https:\/\/www.notibras.com\/site\/devaneio-das-estrelas\/\"},\"wordCount\":309,\"publisher\":{\"@id\":\"https:\/\/www.notibras.com\/site\/#organization\"},\"image\":{\"@id\":\"https:\/\/www.notibras.com\/site\/devaneio-das-estrelas\/#primaryimage\"},\"thumbnailUrl\":\"https:\/\/www.notibras.com\/site\/wp-content\/uploads\/2026\/03\/WhatsApp-Image-2026-03-10-at-05.39.44.jpeg\",\"articleSection\":[\"Caf\u00e9 Liter\u00e1rio\"],\"inLanguage\":\"pt-BR\"},{\"@type\":\"WebPage\",\"@id\":\"https:\/\/www.notibras.com\/site\/devaneio-das-estrelas\/\",\"url\":\"https:\/\/www.notibras.com\/site\/devaneio-das-estrelas\/\",\"name\":\"Devaneio das estrelas - Notibras\",\"isPartOf\":{\"@id\":\"https:\/\/www.notibras.com\/site\/#website\"},\"primaryImageOfPage\":{\"@id\":\"https:\/\/www.notibras.com\/site\/devaneio-das-estrelas\/#primaryimage\"},\"image\":{\"@id\":\"https:\/\/www.notibras.com\/site\/devaneio-das-estrelas\/#primaryimage\"},\"thumbnailUrl\":\"https:\/\/www.notibras.com\/site\/wp-content\/uploads\/2026\/03\/WhatsApp-Image-2026-03-10-at-05.39.44.jpeg\",\"datePublished\":\"2026-03-12T03:30:37+00:00\",\"breadcrumb\":{\"@id\":\"https:\/\/www.notibras.com\/site\/devaneio-das-estrelas\/#breadcrumb\"},\"inLanguage\":\"pt-BR\",\"potentialAction\":[{\"@type\":\"ReadAction\",\"target\":[\"https:\/\/www.notibras.com\/site\/devaneio-das-estrelas\/\"]}]},{\"@type\":\"ImageObject\",\"inLanguage\":\"pt-BR\",\"@id\":\"https:\/\/www.notibras.com\/site\/devaneio-das-estrelas\/#primaryimage\",\"url\":\"https:\/\/www.notibras.com\/site\/wp-content\/uploads\/2026\/03\/WhatsApp-Image-2026-03-10-at-05.39.44.jpeg\",\"contentUrl\":\"https:\/\/www.notibras.com\/site\/wp-content\/uploads\/2026\/03\/WhatsApp-Image-2026-03-10-at-05.39.44.jpeg\",\"width\":810,\"height\":1440},{\"@type\":\"BreadcrumbList\",\"@id\":\"https:\/\/www.notibras.com\/site\/devaneio-das-estrelas\/#breadcrumb\",\"itemListElement\":[{\"@type\":\"ListItem\",\"position\":1,\"name\":\"In\u00edcio\",\"item\":\"https:\/\/www.notibras.com\/site\/\"},{\"@type\":\"ListItem\",\"position\":2,\"name\":\"Devaneio das estrelas\"}]},{\"@type\":\"WebSite\",\"@id\":\"https:\/\/www.notibras.com\/site\/#website\",\"url\":\"https:\/\/www.notibras.com\/site\/\",\"name\":\"Notibras\",\"description\":\"Not\u00edcias de Bras\u00edlia, do Brasil e do Mundo\",\"publisher\":{\"@id\":\"https:\/\/www.notibras.com\/site\/#organization\"},\"potentialAction\":[{\"@type\":\"SearchAction\",\"target\":{\"@type\":\"EntryPoint\",\"urlTemplate\":\"https:\/\/www.notibras.com\/site\/?s={search_term_string}\"},\"query-input\":{\"@type\":\"PropertyValueSpecification\",\"valueRequired\":true,\"valueName\":\"search_term_string\"}}],\"inLanguage\":\"pt-BR\"},{\"@type\":\"Organization\",\"@id\":\"https:\/\/www.notibras.com\/site\/#organization\",\"name\":\"Grupo Notibras de Comunica\u00e7\u00e3o\",\"url\":\"https:\/\/www.notibras.com\/site\/\",\"logo\":{\"@type\":\"ImageObject\",\"inLanguage\":\"pt-BR\",\"@id\":\"https:\/\/www.notibras.com\/site\/#\/schema\/logo\/image\/\",\"url\":\"https:\/\/www.notibras.com\/site\/wp-content\/uploads\/2023\/01\/notibras23.png\",\"contentUrl\":\"https:\/\/www.notibras.com\/site\/wp-content\/uploads\/2023\/01\/notibras23.png\",\"width\":350,\"height\":87,\"caption\":\"Grupo Notibras de Comunica\u00e7\u00e3o\"},\"image\":{\"@id\":\"https:\/\/www.notibras.com\/site\/#\/schema\/logo\/image\/\"},\"sameAs\":[\"https:\/\/www.facebook.com\/notibras\/\",\"https:\/\/x.com\/Notibras\",\"https:\/\/www.instagram.com\/notibras\/\"]},{\"@type\":\"Person\",\"@id\":\"https:\/\/www.notibras.com\/site\/#\/schema\/person\/5b7fabf2aedc3ada2105f03b22b4d3dd\",\"name\":\"Eduardo Mart\u00ednez\",\"image\":{\"@type\":\"ImageObject\",\"inLanguage\":\"pt-BR\",\"@id\":\"https:\/\/secure.gravatar.com\/avatar\/7902f906289926289cbcda644b5197c796b893c6ffd7b9a536a42d290f7704a0?s=96&d=mm&r=g\",\"url\":\"https:\/\/secure.gravatar.com\/avatar\/7902f906289926289cbcda644b5197c796b893c6ffd7b9a536a42d290f7704a0?s=96&d=mm&r=g\",\"contentUrl\":\"https:\/\/secure.gravatar.com\/avatar\/7902f906289926289cbcda644b5197c796b893c6ffd7b9a536a42d290f7704a0?s=96&d=mm&r=g\",\"caption\":\"Eduardo Mart\u00ednez\"}}]}<\/script>\n<!-- \/ Yoast SEO plugin. -->","yoast_head_json":{"title":"Devaneio das estrelas - Notibras","robots":{"index":"index","follow":"follow","max-snippet":"max-snippet:-1","max-image-preview":"max-image-preview:large","max-video-preview":"max-video-preview:-1"},"canonical":"https:\/\/www.notibras.com\/site\/devaneio-das-estrelas\/","og_locale":"pt_BR","og_type":"article","og_title":"Devaneio das estrelas - Notibras","og_description":"Por este amor que se torna infinito, cada olhar sobre ti \u00e9 aurora, pelo desejo que guardo em sil\u00eancio, que tu conheces, que arde como chama, sinto que somos almas entrela\u00e7adas, f\u00e9 que n\u00e3o teme a dist\u00e2ncia, somos brisa que acaricia, e \u00e0s vezes vento que sacode desertos. Nesta noite sonho que me chamas, que [&hellip;]","og_url":"https:\/\/www.notibras.com\/site\/devaneio-das-estrelas\/","og_site_name":"Notibras","article_publisher":"https:\/\/www.facebook.com\/notibras\/","article_published_time":"2026-03-12T03:30:37+00:00","og_image":[{"width":810,"height":1440,"url":"https:\/\/www.notibras.com\/site\/wp-content\/uploads\/2026\/03\/WhatsApp-Image-2026-03-10-at-05.39.44.jpeg","type":"image\/jpeg"}],"author":"Eduardo Mart\u00ednez","twitter_card":"summary_large_image","twitter_creator":"@Notibras","twitter_site":"@Notibras","twitter_misc":{"Escrito por":"Eduardo Mart\u00ednez","Est. tempo de leitura":"2 minutos"},"schema":{"@context":"https:\/\/schema.org","@graph":[{"@type":"Article","@id":"https:\/\/www.notibras.com\/site\/devaneio-das-estrelas\/#article","isPartOf":{"@id":"https:\/\/www.notibras.com\/site\/devaneio-das-estrelas\/"},"author":{"name":"Eduardo Mart\u00ednez","@id":"https:\/\/www.notibras.com\/site\/#\/schema\/person\/5b7fabf2aedc3ada2105f03b22b4d3dd"},"headline":"Devaneio das estrelas","datePublished":"2026-03-12T03:30:37+00:00","mainEntityOfPage":{"@id":"https:\/\/www.notibras.com\/site\/devaneio-das-estrelas\/"},"wordCount":309,"publisher":{"@id":"https:\/\/www.notibras.com\/site\/#organization"},"image":{"@id":"https:\/\/www.notibras.com\/site\/devaneio-das-estrelas\/#primaryimage"},"thumbnailUrl":"https:\/\/www.notibras.com\/site\/wp-content\/uploads\/2026\/03\/WhatsApp-Image-2026-03-10-at-05.39.44.jpeg","articleSection":["Caf\u00e9 Liter\u00e1rio"],"inLanguage":"pt-BR"},{"@type":"WebPage","@id":"https:\/\/www.notibras.com\/site\/devaneio-das-estrelas\/","url":"https:\/\/www.notibras.com\/site\/devaneio-das-estrelas\/","name":"Devaneio das estrelas - Notibras","isPartOf":{"@id":"https:\/\/www.notibras.com\/site\/#website"},"primaryImageOfPage":{"@id":"https:\/\/www.notibras.com\/site\/devaneio-das-estrelas\/#primaryimage"},"image":{"@id":"https:\/\/www.notibras.com\/site\/devaneio-das-estrelas\/#primaryimage"},"thumbnailUrl":"https:\/\/www.notibras.com\/site\/wp-content\/uploads\/2026\/03\/WhatsApp-Image-2026-03-10-at-05.39.44.jpeg","datePublished":"2026-03-12T03:30:37+00:00","breadcrumb":{"@id":"https:\/\/www.notibras.com\/site\/devaneio-das-estrelas\/#breadcrumb"},"inLanguage":"pt-BR","potentialAction":[{"@type":"ReadAction","target":["https:\/\/www.notibras.com\/site\/devaneio-das-estrelas\/"]}]},{"@type":"ImageObject","inLanguage":"pt-BR","@id":"https:\/\/www.notibras.com\/site\/devaneio-das-estrelas\/#primaryimage","url":"https:\/\/www.notibras.com\/site\/wp-content\/uploads\/2026\/03\/WhatsApp-Image-2026-03-10-at-05.39.44.jpeg","contentUrl":"https:\/\/www.notibras.com\/site\/wp-content\/uploads\/2026\/03\/WhatsApp-Image-2026-03-10-at-05.39.44.jpeg","width":810,"height":1440},{"@type":"BreadcrumbList","@id":"https:\/\/www.notibras.com\/site\/devaneio-das-estrelas\/#breadcrumb","itemListElement":[{"@type":"ListItem","position":1,"name":"In\u00edcio","item":"https:\/\/www.notibras.com\/site\/"},{"@type":"ListItem","position":2,"name":"Devaneio das estrelas"}]},{"@type":"WebSite","@id":"https:\/\/www.notibras.com\/site\/#website","url":"https:\/\/www.notibras.com\/site\/","name":"Notibras","description":"Not\u00edcias de Bras\u00edlia, do Brasil e do Mundo","publisher":{"@id":"https:\/\/www.notibras.com\/site\/#organization"},"potentialAction":[{"@type":"SearchAction","target":{"@type":"EntryPoint","urlTemplate":"https:\/\/www.notibras.com\/site\/?s={search_term_string}"},"query-input":{"@type":"PropertyValueSpecification","valueRequired":true,"valueName":"search_term_string"}}],"inLanguage":"pt-BR"},{"@type":"Organization","@id":"https:\/\/www.notibras.com\/site\/#organization","name":"Grupo Notibras de Comunica\u00e7\u00e3o","url":"https:\/\/www.notibras.com\/site\/","logo":{"@type":"ImageObject","inLanguage":"pt-BR","@id":"https:\/\/www.notibras.com\/site\/#\/schema\/logo\/image\/","url":"https:\/\/www.notibras.com\/site\/wp-content\/uploads\/2023\/01\/notibras23.png","contentUrl":"https:\/\/www.notibras.com\/site\/wp-content\/uploads\/2023\/01\/notibras23.png","width":350,"height":87,"caption":"Grupo Notibras de Comunica\u00e7\u00e3o"},"image":{"@id":"https:\/\/www.notibras.com\/site\/#\/schema\/logo\/image\/"},"sameAs":["https:\/\/www.facebook.com\/notibras\/","https:\/\/x.com\/Notibras","https:\/\/www.instagram.com\/notibras\/"]},{"@type":"Person","@id":"https:\/\/www.notibras.com\/site\/#\/schema\/person\/5b7fabf2aedc3ada2105f03b22b4d3dd","name":"Eduardo Mart\u00ednez","image":{"@type":"ImageObject","inLanguage":"pt-BR","@id":"https:\/\/secure.gravatar.com\/avatar\/7902f906289926289cbcda644b5197c796b893c6ffd7b9a536a42d290f7704a0?s=96&d=mm&r=g","url":"https:\/\/secure.gravatar.com\/avatar\/7902f906289926289cbcda644b5197c796b893c6ffd7b9a536a42d290f7704a0?s=96&d=mm&r=g","contentUrl":"https:\/\/secure.gravatar.com\/avatar\/7902f906289926289cbcda644b5197c796b893c6ffd7b9a536a42d290f7704a0?s=96&d=mm&r=g","caption":"Eduardo Mart\u00ednez"}}]}},"amp_enabled":true,"_links":{"self":[{"href":"https:\/\/www.notibras.com\/site\/wp-json\/wp\/v2\/posts\/386388","targetHints":{"allow":["GET"]}}],"collection":[{"href":"https:\/\/www.notibras.com\/site\/wp-json\/wp\/v2\/posts"}],"about":[{"href":"https:\/\/www.notibras.com\/site\/wp-json\/wp\/v2\/types\/post"}],"author":[{"embeddable":true,"href":"https:\/\/www.notibras.com\/site\/wp-json\/wp\/v2\/users\/21"}],"replies":[{"embeddable":true,"href":"https:\/\/www.notibras.com\/site\/wp-json\/wp\/v2\/comments?post=386388"}],"version-history":[{"count":1,"href":"https:\/\/www.notibras.com\/site\/wp-json\/wp\/v2\/posts\/386388\/revisions"}],"predecessor-version":[{"id":386390,"href":"https:\/\/www.notibras.com\/site\/wp-json\/wp\/v2\/posts\/386388\/revisions\/386390"}],"wp:featuredmedia":[{"embeddable":true,"href":"https:\/\/www.notibras.com\/site\/wp-json\/wp\/v2\/media\/386389"}],"wp:attachment":[{"href":"https:\/\/www.notibras.com\/site\/wp-json\/wp\/v2\/media?parent=386388"}],"wp:term":[{"taxonomy":"category","embeddable":true,"href":"https:\/\/www.notibras.com\/site\/wp-json\/wp\/v2\/categories?post=386388"},{"taxonomy":"post_tag","embeddable":true,"href":"https:\/\/www.notibras.com\/site\/wp-json\/wp\/v2\/tags?post=386388"}],"curies":[{"name":"wp","href":"https:\/\/api.w.org\/{rel}","templated":true}]}}