{"id":386402,"date":"2026-03-10T00:00:36","date_gmt":"2026-03-10T03:00:36","guid":{"rendered":"https:\/\/www.notibras.com\/site\/?p=386402"},"modified":"2026-03-10T07:37:06","modified_gmt":"2026-03-10T10:37:06","slug":"acusados-por-campanha-de-odio-contra-maria-da-penha-viram-reus","status":"publish","type":"post","link":"https:\/\/www.notibras.com\/site\/acusados-por-campanha-de-odio-contra-maria-da-penha-viram-reus\/","title":{"rendered":"Acusados por campanha de \u00f3dio contra Maria da Penha viram r\u00e9us"},"content":{"rendered":"<p>A Justi\u00e7a do Cear\u00e1 aceitou den\u00fancia do Minist\u00e9rio P\u00fablico (MP) do estado e tornou r\u00e9us nesta segunda-feira (9) quatro suspeitos de participa\u00e7\u00e3o em uma campanha de \u00f3dio contra a farmac\u00eautica Maria da Penha, s\u00edmbolo da luta contra a viol\u00eancia dom\u00e9stica.<\/p>\n<p>Os acusados s\u00e3o o ex-marido da ativista, Marco Ant\u00f4nio Heredia Viveiros; o influenciador digital Alexandre Gon\u00e7alves de Paiva; o produtor do document\u00e1rio A Investiga\u00e7\u00e3o Paralela: o Caso Maria da Penha, Marcus Vin\u00edcius Mantovanelli e o editor e apresentador do document\u00e1rio, Henrique Barros Lesina Zingano.<\/p>\n<p>Os quatro foram denunciados por atuar de forma organizada para atacar a honra da ativista e descredibilizar a lei que leva o nome dela.<\/p>\n<p>Entre os mecanismos utilizados est\u00e3o persegui\u00e7\u00f5es virtuais, not\u00edcias falsas e um laudo de exame de corpo de delito forjado para sustentar a inoc\u00eancia de Heredia, j\u00e1 condenado por tentativa de homic\u00eddio contra Maria da Penha.<\/p>\n<p>As investiga\u00e7\u00f5es mostram que os denunciados promoviam a persegui\u00e7\u00e3o, cyberbullying, dissemina\u00e7\u00e3o de conte\u00fados mis\u00f3ginos (\u00f3dio, desprezo ou preconceito contra mulheres ou meninas), deturpavam informa\u00e7\u00f5es e atacavam Maria da Penha, em sites e redes sociais.<\/p>\n<p>Para o MP, os riscos foram al\u00e9m das redes sociais, pois Alexandre Paiva se deslocou at\u00e9 a antiga resid\u00eancia de Maria da Penha, em Fortaleza, onde gravou v\u00eddeos e divulgou o conte\u00fado nas redes.<\/p>\n<p><strong>Den\u00fancias<\/strong><br \/>\nMarco Heredia foi denunciado por falsifica\u00e7\u00e3o de documento p\u00fablico e Alexandre Paiva por stalking e cyberstalking.<\/p>\n<p>J\u00e1 Zingano e Mantovanelli respondem por uso de documento falso, ao utilizarem um laudo adulterado no document\u00e1rio A Investiga\u00e7\u00e3o Paralela: o Caso Maria da Penha, produzido pela Brasil Paralelo S\/A.<\/p>\n<p>O MP aponta que a pe\u00e7a difundiu informa\u00e7\u00f5es sobre uma suposta fraude processual no caso que condenou Heredia e apresentou um laudo adulterado de um exame de corpo de delito do ex-marido de Maria da Penha. Ele alegava que o casal tinha sido v\u00edtima de assaltantes, e que a luta corporal com os prov\u00e1veis bandidos teria provocado o disparo de tiro em Maria da Penha e les\u00f5es no queixo, m\u00e3o e pesco\u00e7o dele pr\u00f3prio.<\/p>\n<p>O material foi submetido \u00e0 an\u00e1lise, que concluiu que o documento passou por uma montagem.<\/p>\n<p>Entre as falsifica\u00e7\u00f5es identificadas est\u00e3o a inclus\u00e3o de informa\u00e7\u00f5es sobre les\u00f5es no pesco\u00e7o e bra\u00e7o de Marco Heredia, que n\u00e3o estavam no documento original, diferen\u00e7as nas assinaturas dos peritos e marcas de carimbos, numerais e rubricas compat\u00edveis com montagem.<\/p>\n<p>O laudo forjado foi utilizado no document\u00e1rio e amplamente divulgado para corroborar com a tese de que Marco seria v\u00edtima e n\u00e3o autor da tentativa de assassinato da ent\u00e3o esposa. As altera\u00e7\u00f5es no documento foram feitas tendo como base o laudo original do exame de corpo de delito.<\/p>\n<p>Al\u00e9m disso, os investigados utilizavam grupos de WhatsApp para planejar estrat\u00e9gias da campanha de \u00f3dio nas redes sociais e para produzir o document\u00e1rio.<\/p>\n<p>Para o MP, o grupo buscava lucro com a desinforma\u00e7\u00e3o. Extratos banc\u00e1rios de Alexandre Paiva, acessados com autoriza\u00e7\u00e3o judicial, revelaram dep\u00f3sitos da Google LLC e da Meta Platforms Ireland Limited, al\u00e9m de ganhos com publicidade.<\/p>\n<p>O caso ser\u00e1 julgado pela 9\u00aa Vara Criminal de Fortaleza. N\u00e3o h\u00e1 prazo para julgamento.<\/p>\n<p><strong>Opera\u00e7\u00e3o <\/strong><br \/>\nA investiga\u00e7\u00e3o, iniciada em 2024 pelo N\u00facleo de Investiga\u00e7\u00e3o Criminal (Nuinc), resultou na opera\u00e7\u00e3o \u201cEcho Chamber\u201d, realizada em duas fases. Em dezembro de 2024, buscas no Esp\u00edrito Santo e Rio de Janeiro levaram \u00e0 suspens\u00e3o do perfil de Paiva e \u00e0 proibi\u00e7\u00e3o de contato e aproxima\u00e7\u00e3o com Maria da Penha e suas filhas.<\/p>\n<p>Em julho de 2025, buscas em Natal apreenderam documentos e eletr\u00f4nicos, incluindo um pen drive com o laudo adulterado, e suspenderam a veicula\u00e7\u00e3o do document\u00e1rio. Diante da gravidade dos ataques, Maria da Penha foi inclu\u00edda no Programa de Prote\u00e7\u00e3o aos Defensores de Direitos Humanos pelo N\u00facleo de Acolhimento \u00e0s V\u00edtimas de Viol\u00eancia (Nuavv) do MP do Cear\u00e1.<\/p>\n<p><strong>Maria da Penha<\/strong><br \/>\nA ativista foi v\u00edtima de dupla tentativa de homic\u00eddio em 1983, por parte do ent\u00e3o esposo Marco Heredia. Primeiro, ele a feriu com um tiro nas costas enquanto ela dormia, que causou les\u00f5es na coluna e medula deixando-a parapl\u00e9gica.<\/p>\n<p>O marido declarou \u00e0 pol\u00edcia que o ataque teria sido uma tentativa de assalto, vers\u00e3o que foi posteriormente desmentida pela per\u00edcia. Quatro meses depois, quando Maria da Penha voltou para casa \u2013 ap\u00f3s duas cirurgias, interna\u00e7\u00f5es e tratamentos \u2013, ele a manteve em c\u00e1rcere privado durante 15 dias e tentou eletrocut\u00e1-la durante o banho.<\/p>\n","protected":false},"excerpt":{"rendered":"<p>A Justi\u00e7a do Cear\u00e1 aceitou den\u00fancia do Minist\u00e9rio P\u00fablico (MP) do estado e tornou r\u00e9us nesta segunda-feira (9) quatro suspeitos de participa\u00e7\u00e3o em uma campanha de \u00f3dio contra a farmac\u00eautica Maria da Penha, s\u00edmbolo da luta contra a viol\u00eancia dom\u00e9stica. Os acusados s\u00e3o o ex-marido da ativista, Marco Ant\u00f4nio Heredia Viveiros; o influenciador digital Alexandre [&hellip;]<\/p>\n","protected":false},"author":2,"featured_media":386403,"comment_status":"closed","ping_status":"closed","sticky":false,"template":"","format":"standard","meta":{"_acf_changed":false,"footnotes":""},"categories":[165],"tags":[],"class_list":["post-386402","post","type-post","status-publish","format-standard","has-post-thumbnail","hentry","category-nordeste"],"acf":[],"yoast_head":"<!-- This site is optimized with the Yoast SEO plugin v27.2 - https:\/\/yoast.com\/product\/yoast-seo-wordpress\/ -->\n<title>Acusados por campanha de \u00f3dio contra Maria da Penha viram r\u00e9us - Notibras<\/title>\n<meta name=\"robots\" content=\"index, follow, max-snippet:-1, max-image-preview:large, max-video-preview:-1\" \/>\n<link rel=\"canonical\" href=\"https:\/\/www.notibras.com\/site\/acusados-por-campanha-de-odio-contra-maria-da-penha-viram-reus\/\" \/>\n<meta property=\"og:locale\" content=\"pt_BR\" \/>\n<meta property=\"og:type\" content=\"article\" \/>\n<meta property=\"og:title\" content=\"Acusados por campanha de \u00f3dio contra Maria da Penha viram r\u00e9us - Notibras\" \/>\n<meta property=\"og:description\" content=\"A Justi\u00e7a do Cear\u00e1 aceitou den\u00fancia do Minist\u00e9rio P\u00fablico (MP) do estado e tornou r\u00e9us nesta segunda-feira (9) quatro suspeitos de participa\u00e7\u00e3o em uma campanha de \u00f3dio contra a farmac\u00eautica Maria da Penha, s\u00edmbolo da luta contra a viol\u00eancia dom\u00e9stica. Os acusados s\u00e3o o ex-marido da ativista, Marco Ant\u00f4nio Heredia Viveiros; o influenciador digital Alexandre [&hellip;]\" \/>\n<meta property=\"og:url\" content=\"https:\/\/www.notibras.com\/site\/acusados-por-campanha-de-odio-contra-maria-da-penha-viram-reus\/\" \/>\n<meta property=\"og:site_name\" content=\"Notibras\" \/>\n<meta property=\"article:publisher\" content=\"https:\/\/www.facebook.com\/notibras\/\" \/>\n<meta property=\"article:published_time\" content=\"2026-03-10T03:00:36+00:00\" \/>\n<meta property=\"article:modified_time\" content=\"2026-03-10T10:37:06+00:00\" \/>\n<meta property=\"og:image\" content=\"https:\/\/www.notibras.com\/site\/wp-content\/uploads\/2026\/03\/0d9a7387_1.webp\" \/>\n\t<meta property=\"og:image:width\" content=\"1170\" \/>\n\t<meta property=\"og:image:height\" content=\"700\" \/>\n\t<meta property=\"og:image:type\" content=\"image\/webp\" \/>\n<meta name=\"author\" content=\"Reda\u00e7\u00e3o\" \/>\n<meta name=\"twitter:card\" content=\"summary_large_image\" \/>\n<meta name=\"twitter:creator\" content=\"@Notibras\" \/>\n<meta name=\"twitter:site\" content=\"@Notibras\" \/>\n<meta name=\"twitter:label1\" content=\"Escrito por\" \/>\n\t<meta name=\"twitter:data1\" content=\"Reda\u00e7\u00e3o\" \/>\n\t<meta name=\"twitter:label2\" content=\"Est. tempo de leitura\" \/>\n\t<meta name=\"twitter:data2\" content=\"5 minutos\" \/>\n<script type=\"application\/ld+json\" class=\"yoast-schema-graph\">{\"@context\":\"https:\/\/schema.org\",\"@graph\":[{\"@type\":\"Article\",\"@id\":\"https:\/\/www.notibras.com\/site\/acusados-por-campanha-de-odio-contra-maria-da-penha-viram-reus\/#article\",\"isPartOf\":{\"@id\":\"https:\/\/www.notibras.com\/site\/acusados-por-campanha-de-odio-contra-maria-da-penha-viram-reus\/\"},\"author\":{\"name\":\"Reda\u00e7\u00e3o\",\"@id\":\"https:\/\/www.notibras.com\/site\/#\/schema\/person\/36ab0979449956132d3e5b517ea76ac8\"},\"headline\":\"Acusados por campanha de \u00f3dio contra Maria da Penha viram r\u00e9us\",\"datePublished\":\"2026-03-10T03:00:36+00:00\",\"dateModified\":\"2026-03-10T10:37:06+00:00\",\"mainEntityOfPage\":{\"@id\":\"https:\/\/www.notibras.com\/site\/acusados-por-campanha-de-odio-contra-maria-da-penha-viram-reus\/\"},\"wordCount\":813,\"publisher\":{\"@id\":\"https:\/\/www.notibras.com\/site\/#organization\"},\"image\":{\"@id\":\"https:\/\/www.notibras.com\/site\/acusados-por-campanha-de-odio-contra-maria-da-penha-viram-reus\/#primaryimage\"},\"thumbnailUrl\":\"https:\/\/www.notibras.com\/site\/wp-content\/uploads\/2026\/03\/0d9a7387_1.webp\",\"articleSection\":[\"Nordeste\"],\"inLanguage\":\"pt-BR\"},{\"@type\":\"WebPage\",\"@id\":\"https:\/\/www.notibras.com\/site\/acusados-por-campanha-de-odio-contra-maria-da-penha-viram-reus\/\",\"url\":\"https:\/\/www.notibras.com\/site\/acusados-por-campanha-de-odio-contra-maria-da-penha-viram-reus\/\",\"name\":\"Acusados por campanha de \u00f3dio contra Maria da Penha viram r\u00e9us - Notibras\",\"isPartOf\":{\"@id\":\"https:\/\/www.notibras.com\/site\/#website\"},\"primaryImageOfPage\":{\"@id\":\"https:\/\/www.notibras.com\/site\/acusados-por-campanha-de-odio-contra-maria-da-penha-viram-reus\/#primaryimage\"},\"image\":{\"@id\":\"https:\/\/www.notibras.com\/site\/acusados-por-campanha-de-odio-contra-maria-da-penha-viram-reus\/#primaryimage\"},\"thumbnailUrl\":\"https:\/\/www.notibras.com\/site\/wp-content\/uploads\/2026\/03\/0d9a7387_1.webp\",\"datePublished\":\"2026-03-10T03:00:36+00:00\",\"dateModified\":\"2026-03-10T10:37:06+00:00\",\"breadcrumb\":{\"@id\":\"https:\/\/www.notibras.com\/site\/acusados-por-campanha-de-odio-contra-maria-da-penha-viram-reus\/#breadcrumb\"},\"inLanguage\":\"pt-BR\",\"potentialAction\":[{\"@type\":\"ReadAction\",\"target\":[\"https:\/\/www.notibras.com\/site\/acusados-por-campanha-de-odio-contra-maria-da-penha-viram-reus\/\"]}]},{\"@type\":\"ImageObject\",\"inLanguage\":\"pt-BR\",\"@id\":\"https:\/\/www.notibras.com\/site\/acusados-por-campanha-de-odio-contra-maria-da-penha-viram-reus\/#primaryimage\",\"url\":\"https:\/\/www.notibras.com\/site\/wp-content\/uploads\/2026\/03\/0d9a7387_1.webp\",\"contentUrl\":\"https:\/\/www.notibras.com\/site\/wp-content\/uploads\/2026\/03\/0d9a7387_1.webp\",\"width\":1170,\"height\":700},{\"@type\":\"BreadcrumbList\",\"@id\":\"https:\/\/www.notibras.com\/site\/acusados-por-campanha-de-odio-contra-maria-da-penha-viram-reus\/#breadcrumb\",\"itemListElement\":[{\"@type\":\"ListItem\",\"position\":1,\"name\":\"In\u00edcio\",\"item\":\"https:\/\/www.notibras.com\/site\/\"},{\"@type\":\"ListItem\",\"position\":2,\"name\":\"Acusados por campanha de \u00f3dio contra Maria da Penha viram r\u00e9us\"}]},{\"@type\":\"WebSite\",\"@id\":\"https:\/\/www.notibras.com\/site\/#website\",\"url\":\"https:\/\/www.notibras.com\/site\/\",\"name\":\"Notibras\",\"description\":\"Not\u00edcias de Bras\u00edlia, do Brasil e do Mundo\",\"publisher\":{\"@id\":\"https:\/\/www.notibras.com\/site\/#organization\"},\"potentialAction\":[{\"@type\":\"SearchAction\",\"target\":{\"@type\":\"EntryPoint\",\"urlTemplate\":\"https:\/\/www.notibras.com\/site\/?s={search_term_string}\"},\"query-input\":{\"@type\":\"PropertyValueSpecification\",\"valueRequired\":true,\"valueName\":\"search_term_string\"}}],\"inLanguage\":\"pt-BR\"},{\"@type\":\"Organization\",\"@id\":\"https:\/\/www.notibras.com\/site\/#organization\",\"name\":\"Grupo Notibras de Comunica\u00e7\u00e3o\",\"url\":\"https:\/\/www.notibras.com\/site\/\",\"logo\":{\"@type\":\"ImageObject\",\"inLanguage\":\"pt-BR\",\"@id\":\"https:\/\/www.notibras.com\/site\/#\/schema\/logo\/image\/\",\"url\":\"https:\/\/www.notibras.com\/site\/wp-content\/uploads\/2023\/01\/notibras23.png\",\"contentUrl\":\"https:\/\/www.notibras.com\/site\/wp-content\/uploads\/2023\/01\/notibras23.png\",\"width\":350,\"height\":87,\"caption\":\"Grupo Notibras de Comunica\u00e7\u00e3o\"},\"image\":{\"@id\":\"https:\/\/www.notibras.com\/site\/#\/schema\/logo\/image\/\"},\"sameAs\":[\"https:\/\/www.facebook.com\/notibras\/\",\"https:\/\/x.com\/Notibras\",\"https:\/\/www.instagram.com\/notibras\/\"]},{\"@type\":\"Person\",\"@id\":\"https:\/\/www.notibras.com\/site\/#\/schema\/person\/36ab0979449956132d3e5b517ea76ac8\",\"name\":\"Reda\u00e7\u00e3o\",\"image\":{\"@type\":\"ImageObject\",\"inLanguage\":\"pt-BR\",\"@id\":\"https:\/\/secure.gravatar.com\/avatar\/e0a867bdedb85fd243eadf09663511f96fc81e0720a4a42581f334ad4303aa6b?s=96&d=mm&r=g\",\"url\":\"https:\/\/secure.gravatar.com\/avatar\/e0a867bdedb85fd243eadf09663511f96fc81e0720a4a42581f334ad4303aa6b?s=96&d=mm&r=g\",\"contentUrl\":\"https:\/\/secure.gravatar.com\/avatar\/e0a867bdedb85fd243eadf09663511f96fc81e0720a4a42581f334ad4303aa6b?s=96&d=mm&r=g\",\"caption\":\"Reda\u00e7\u00e3o\"}}]}<\/script>\n<!-- \/ Yoast SEO plugin. -->","yoast_head_json":{"title":"Acusados por campanha de \u00f3dio contra Maria da Penha viram r\u00e9us - Notibras","robots":{"index":"index","follow":"follow","max-snippet":"max-snippet:-1","max-image-preview":"max-image-preview:large","max-video-preview":"max-video-preview:-1"},"canonical":"https:\/\/www.notibras.com\/site\/acusados-por-campanha-de-odio-contra-maria-da-penha-viram-reus\/","og_locale":"pt_BR","og_type":"article","og_title":"Acusados por campanha de \u00f3dio contra Maria da Penha viram r\u00e9us - Notibras","og_description":"A Justi\u00e7a do Cear\u00e1 aceitou den\u00fancia do Minist\u00e9rio P\u00fablico (MP) do estado e tornou r\u00e9us nesta segunda-feira (9) quatro suspeitos de participa\u00e7\u00e3o em uma campanha de \u00f3dio contra a farmac\u00eautica Maria da Penha, s\u00edmbolo da luta contra a viol\u00eancia dom\u00e9stica. Os acusados s\u00e3o o ex-marido da ativista, Marco Ant\u00f4nio Heredia Viveiros; o influenciador digital Alexandre [&hellip;]","og_url":"https:\/\/www.notibras.com\/site\/acusados-por-campanha-de-odio-contra-maria-da-penha-viram-reus\/","og_site_name":"Notibras","article_publisher":"https:\/\/www.facebook.com\/notibras\/","article_published_time":"2026-03-10T03:00:36+00:00","article_modified_time":"2026-03-10T10:37:06+00:00","og_image":[{"width":1170,"height":700,"url":"https:\/\/www.notibras.com\/site\/wp-content\/uploads\/2026\/03\/0d9a7387_1.webp","type":"image\/webp"}],"author":"Reda\u00e7\u00e3o","twitter_card":"summary_large_image","twitter_creator":"@Notibras","twitter_site":"@Notibras","twitter_misc":{"Escrito por":"Reda\u00e7\u00e3o","Est. tempo de leitura":"5 minutos"},"schema":{"@context":"https:\/\/schema.org","@graph":[{"@type":"Article","@id":"https:\/\/www.notibras.com\/site\/acusados-por-campanha-de-odio-contra-maria-da-penha-viram-reus\/#article","isPartOf":{"@id":"https:\/\/www.notibras.com\/site\/acusados-por-campanha-de-odio-contra-maria-da-penha-viram-reus\/"},"author":{"name":"Reda\u00e7\u00e3o","@id":"https:\/\/www.notibras.com\/site\/#\/schema\/person\/36ab0979449956132d3e5b517ea76ac8"},"headline":"Acusados por campanha de \u00f3dio contra Maria da Penha viram r\u00e9us","datePublished":"2026-03-10T03:00:36+00:00","dateModified":"2026-03-10T10:37:06+00:00","mainEntityOfPage":{"@id":"https:\/\/www.notibras.com\/site\/acusados-por-campanha-de-odio-contra-maria-da-penha-viram-reus\/"},"wordCount":813,"publisher":{"@id":"https:\/\/www.notibras.com\/site\/#organization"},"image":{"@id":"https:\/\/www.notibras.com\/site\/acusados-por-campanha-de-odio-contra-maria-da-penha-viram-reus\/#primaryimage"},"thumbnailUrl":"https:\/\/www.notibras.com\/site\/wp-content\/uploads\/2026\/03\/0d9a7387_1.webp","articleSection":["Nordeste"],"inLanguage":"pt-BR"},{"@type":"WebPage","@id":"https:\/\/www.notibras.com\/site\/acusados-por-campanha-de-odio-contra-maria-da-penha-viram-reus\/","url":"https:\/\/www.notibras.com\/site\/acusados-por-campanha-de-odio-contra-maria-da-penha-viram-reus\/","name":"Acusados por campanha de \u00f3dio contra Maria da Penha viram r\u00e9us - Notibras","isPartOf":{"@id":"https:\/\/www.notibras.com\/site\/#website"},"primaryImageOfPage":{"@id":"https:\/\/www.notibras.com\/site\/acusados-por-campanha-de-odio-contra-maria-da-penha-viram-reus\/#primaryimage"},"image":{"@id":"https:\/\/www.notibras.com\/site\/acusados-por-campanha-de-odio-contra-maria-da-penha-viram-reus\/#primaryimage"},"thumbnailUrl":"https:\/\/www.notibras.com\/site\/wp-content\/uploads\/2026\/03\/0d9a7387_1.webp","datePublished":"2026-03-10T03:00:36+00:00","dateModified":"2026-03-10T10:37:06+00:00","breadcrumb":{"@id":"https:\/\/www.notibras.com\/site\/acusados-por-campanha-de-odio-contra-maria-da-penha-viram-reus\/#breadcrumb"},"inLanguage":"pt-BR","potentialAction":[{"@type":"ReadAction","target":["https:\/\/www.notibras.com\/site\/acusados-por-campanha-de-odio-contra-maria-da-penha-viram-reus\/"]}]},{"@type":"ImageObject","inLanguage":"pt-BR","@id":"https:\/\/www.notibras.com\/site\/acusados-por-campanha-de-odio-contra-maria-da-penha-viram-reus\/#primaryimage","url":"https:\/\/www.notibras.com\/site\/wp-content\/uploads\/2026\/03\/0d9a7387_1.webp","contentUrl":"https:\/\/www.notibras.com\/site\/wp-content\/uploads\/2026\/03\/0d9a7387_1.webp","width":1170,"height":700},{"@type":"BreadcrumbList","@id":"https:\/\/www.notibras.com\/site\/acusados-por-campanha-de-odio-contra-maria-da-penha-viram-reus\/#breadcrumb","itemListElement":[{"@type":"ListItem","position":1,"name":"In\u00edcio","item":"https:\/\/www.notibras.com\/site\/"},{"@type":"ListItem","position":2,"name":"Acusados por campanha de \u00f3dio contra Maria da Penha viram r\u00e9us"}]},{"@type":"WebSite","@id":"https:\/\/www.notibras.com\/site\/#website","url":"https:\/\/www.notibras.com\/site\/","name":"Notibras","description":"Not\u00edcias de Bras\u00edlia, do Brasil e do Mundo","publisher":{"@id":"https:\/\/www.notibras.com\/site\/#organization"},"potentialAction":[{"@type":"SearchAction","target":{"@type":"EntryPoint","urlTemplate":"https:\/\/www.notibras.com\/site\/?s={search_term_string}"},"query-input":{"@type":"PropertyValueSpecification","valueRequired":true,"valueName":"search_term_string"}}],"inLanguage":"pt-BR"},{"@type":"Organization","@id":"https:\/\/www.notibras.com\/site\/#organization","name":"Grupo Notibras de Comunica\u00e7\u00e3o","url":"https:\/\/www.notibras.com\/site\/","logo":{"@type":"ImageObject","inLanguage":"pt-BR","@id":"https:\/\/www.notibras.com\/site\/#\/schema\/logo\/image\/","url":"https:\/\/www.notibras.com\/site\/wp-content\/uploads\/2023\/01\/notibras23.png","contentUrl":"https:\/\/www.notibras.com\/site\/wp-content\/uploads\/2023\/01\/notibras23.png","width":350,"height":87,"caption":"Grupo Notibras de Comunica\u00e7\u00e3o"},"image":{"@id":"https:\/\/www.notibras.com\/site\/#\/schema\/logo\/image\/"},"sameAs":["https:\/\/www.facebook.com\/notibras\/","https:\/\/x.com\/Notibras","https:\/\/www.instagram.com\/notibras\/"]},{"@type":"Person","@id":"https:\/\/www.notibras.com\/site\/#\/schema\/person\/36ab0979449956132d3e5b517ea76ac8","name":"Reda\u00e7\u00e3o","image":{"@type":"ImageObject","inLanguage":"pt-BR","@id":"https:\/\/secure.gravatar.com\/avatar\/e0a867bdedb85fd243eadf09663511f96fc81e0720a4a42581f334ad4303aa6b?s=96&d=mm&r=g","url":"https:\/\/secure.gravatar.com\/avatar\/e0a867bdedb85fd243eadf09663511f96fc81e0720a4a42581f334ad4303aa6b?s=96&d=mm&r=g","contentUrl":"https:\/\/secure.gravatar.com\/avatar\/e0a867bdedb85fd243eadf09663511f96fc81e0720a4a42581f334ad4303aa6b?s=96&d=mm&r=g","caption":"Reda\u00e7\u00e3o"}}]}},"amp_enabled":true,"_links":{"self":[{"href":"https:\/\/www.notibras.com\/site\/wp-json\/wp\/v2\/posts\/386402","targetHints":{"allow":["GET"]}}],"collection":[{"href":"https:\/\/www.notibras.com\/site\/wp-json\/wp\/v2\/posts"}],"about":[{"href":"https:\/\/www.notibras.com\/site\/wp-json\/wp\/v2\/types\/post"}],"author":[{"embeddable":true,"href":"https:\/\/www.notibras.com\/site\/wp-json\/wp\/v2\/users\/2"}],"replies":[{"embeddable":true,"href":"https:\/\/www.notibras.com\/site\/wp-json\/wp\/v2\/comments?post=386402"}],"version-history":[{"count":1,"href":"https:\/\/www.notibras.com\/site\/wp-json\/wp\/v2\/posts\/386402\/revisions"}],"predecessor-version":[{"id":386404,"href":"https:\/\/www.notibras.com\/site\/wp-json\/wp\/v2\/posts\/386402\/revisions\/386404"}],"wp:featuredmedia":[{"embeddable":true,"href":"https:\/\/www.notibras.com\/site\/wp-json\/wp\/v2\/media\/386403"}],"wp:attachment":[{"href":"https:\/\/www.notibras.com\/site\/wp-json\/wp\/v2\/media?parent=386402"}],"wp:term":[{"taxonomy":"category","embeddable":true,"href":"https:\/\/www.notibras.com\/site\/wp-json\/wp\/v2\/categories?post=386402"},{"taxonomy":"post_tag","embeddable":true,"href":"https:\/\/www.notibras.com\/site\/wp-json\/wp\/v2\/tags?post=386402"}],"curies":[{"name":"wp","href":"https:\/\/api.w.org\/{rel}","templated":true}]}}