{"id":386405,"date":"2026-03-10T00:00:24","date_gmt":"2026-03-10T03:00:24","guid":{"rendered":"https:\/\/www.notibras.com\/site\/?p=386405"},"modified":"2026-03-10T07:40:58","modified_gmt":"2026-03-10T10:40:58","slug":"mapa-revela-projetos-de-conscientizacao-pelo-pais","status":"publish","type":"post","link":"https:\/\/www.notibras.com\/site\/mapa-revela-projetos-de-conscientizacao-pelo-pais\/","title":{"rendered":"Mapa revela projetos de conscientiza\u00e7\u00e3o pelo pa\u00eds"},"content":{"rendered":"<p>Na hora do intervalo ou em trabalhos durante as aulas da escola municipal Josu\u00e9 de Castro, na \u00e1rea rural de Theobroma (RO), a comunica\u00e7\u00e3o ganhou novo sentido. Isso porque um est\u00fadio improvisado de r\u00e1dio, com dois microfones e outros equipamentos, tem feito com que crian\u00e7as e adolescentes olhem a Amaz\u00f4nia, onde moram, de outra forma.<\/p>\n<p>O projeto de educa\u00e7\u00e3o midi\u00e1tica, que existe h\u00e1 pouco mais de dois anos, faz com que das quatro caixas de som do p\u00e1tio da escola, os estudantes possam se informar e reconhecer, em alto e bom som, temas como sustentabilidade, educa\u00e7\u00e3o e sa\u00fade.<\/p>\n<p><strong>Inscri\u00e7\u00f5es de novos projetos<\/strong><br \/>\nProjetos como o \u201cR\u00e1dio na Escola\u201d, da escola do interior de Rond\u00f4nia, est\u00e3o no Mapa Brasileiro da Educa\u00e7\u00e3o Midi\u00e1tica que re\u00fane at\u00e9 agora 226 iniciativas. O mapa \u00e9 uma iniciativa da Secretaria de Comunica\u00e7\u00e3o da Presid\u00eancia da Rep\u00fablica (Secom), com apoio do governo do Reino Unido no Brasil, parceria t\u00e9cnica do Porvir (portal de inova\u00e7\u00e3o educacional) e coopera\u00e7\u00e3o da Organiza\u00e7\u00e3o das Na\u00e7\u00f5es Unidas para a Educa\u00e7\u00e3o, a Ci\u00eancia e a Cultura (Unesco Brasil).<\/p>\n<p>At\u00e9 16 de mar\u00e7o, est\u00e3o abertas as inscri\u00e7\u00f5es para a inclus\u00e3o de novas experi\u00eancias e recursos que promovam o uso cr\u00edtico, respons\u00e1vel e criativo das m\u00eddias em diferentes contextos educativos.<\/p>\n<p><strong>Mobiliza\u00e7\u00e3o<\/strong><br \/>\nNo caso da escola de Theobroma (RO), de acordo com o diretor da unidade, Elias Bastos, o r\u00e1dio \u00e9 aplicado da pr\u00e9-escola at\u00e9 o nono ano do ensino fundamental.<\/p>\n<p>Ele explica que as grava\u00e7\u00f5es feitas pelos pr\u00f3prios alunos, sob orienta\u00e7\u00e3o dos professores, t\u00eam conseguido retornos at\u00e9 das fam\u00edlias dos estudantes, em assuntos como a polui\u00e7\u00e3o da nascente do Rio S\u00e3o Jo\u00e3o.<\/p>\n<p>\u201cEles j\u00e1 entenderam que \u00e9 importante conservar a natureza que nos cerca\u201d. O projeto tem finalidade tamb\u00e9m de combater desinforma\u00e7\u00e3o e boatos.<\/p>\n<p>A escola, de 183 alunos, fica no interior de um assentamento do Movimento dos Trabalhadores Sem Terra, batizado de \u201cAnt\u00f4nio Conselheiro\u201d (lideran\u00e7a popular na guerra de Canudos).<\/p>\n<p>\u201cPelo r\u00e1dio, temos falado tamb\u00e9m de como evitar a prolifera\u00e7\u00e3o da dengue e os riscos da evas\u00e3o escolar\u201d, diz o professor, que mora na \u00e1rea urbana, a cerca de 47 quil\u00f4metros de dist\u00e2ncia (ou mais de uma hora de viagem em estrada sem asfaltamento\u201d.<\/p>\n<p>Os resultados da iniciativa escolar t\u00eam animado os docentes a seguir viagem.<\/p>\n<p><strong>Contra fake news<\/strong><br \/>\nAs inscri\u00e7\u00f5es para integrar o mapa de educa\u00e7\u00e3o midi\u00e1tica s\u00e3o feitas por um formul\u00e1rio online e analisadas pela equipe t\u00e9cnica do projeto. A nova edi\u00e7\u00e3o do mapa est\u00e1 prevista para junho. Para participar dessa consolida\u00e7\u00e3o nacional de informa\u00e7\u00f5es, o projeto deve, por exemplo, promover uma an\u00e1lise cr\u00edtica da m\u00eddia, fazer checagem de fatos e produ\u00e7\u00e3o de conte\u00fados em prol da cidadania.<\/p>\n<p>\u201cA segunda chamada \u00e9 um convite para que mais educadores, pesquisadores e organiza\u00e7\u00f5es compartilhem suas experi\u00eancias.<\/p>\n<p>&#8220;Queremos ampliar o mapeamento de a\u00e7\u00f5es de educa\u00e7\u00e3o midi\u00e1tica no pa\u00eds, fortalecendo uma rede cada vez mais diversa, criativa e representativa\u201d, destacou a coordenadora de Educa\u00e7\u00e3o Midi\u00e1tica da Secom. Tha\u00eds Brito.<\/p>\n","protected":false},"excerpt":{"rendered":"<p>Na hora do intervalo ou em trabalhos durante as aulas da escola municipal Josu\u00e9 de Castro, na \u00e1rea rural de Theobroma (RO), a comunica\u00e7\u00e3o ganhou novo sentido. Isso porque um est\u00fadio improvisado de r\u00e1dio, com dois microfones e outros equipamentos, tem feito com que crian\u00e7as e adolescentes olhem a Amaz\u00f4nia, onde moram, de outra forma. [&hellip;]<\/p>\n","protected":false},"author":2,"featured_media":386406,"comment_status":"closed","ping_status":"closed","sticky":false,"template":"","format":"standard","meta":{"_acf_changed":false,"footnotes":""},"categories":[16],"tags":[],"class_list":["post-386405","post","type-post","status-publish","format-standard","has-post-thumbnail","hentry","category-brasil"],"acf":[],"yoast_head":"<!-- This site is optimized with the Yoast SEO plugin v27.2 - https:\/\/yoast.com\/product\/yoast-seo-wordpress\/ -->\n<title>Mapa revela projetos de conscientiza\u00e7\u00e3o pelo pa\u00eds - Notibras<\/title>\n<meta name=\"robots\" content=\"index, follow, max-snippet:-1, max-image-preview:large, max-video-preview:-1\" \/>\n<link rel=\"canonical\" href=\"https:\/\/www.notibras.com\/site\/mapa-revela-projetos-de-conscientizacao-pelo-pais\/\" \/>\n<meta property=\"og:locale\" content=\"pt_BR\" \/>\n<meta property=\"og:type\" content=\"article\" \/>\n<meta property=\"og:title\" content=\"Mapa revela projetos de conscientiza\u00e7\u00e3o pelo pa\u00eds - Notibras\" \/>\n<meta property=\"og:description\" content=\"Na hora do intervalo ou em trabalhos durante as aulas da escola municipal Josu\u00e9 de Castro, na \u00e1rea rural de Theobroma (RO), a comunica\u00e7\u00e3o ganhou novo sentido. Isso porque um est\u00fadio improvisado de r\u00e1dio, com dois microfones e outros equipamentos, tem feito com que crian\u00e7as e adolescentes olhem a Amaz\u00f4nia, onde moram, de outra forma. [&hellip;]\" \/>\n<meta property=\"og:url\" content=\"https:\/\/www.notibras.com\/site\/mapa-revela-projetos-de-conscientizacao-pelo-pais\/\" \/>\n<meta property=\"og:site_name\" content=\"Notibras\" \/>\n<meta property=\"article:publisher\" content=\"https:\/\/www.facebook.com\/notibras\/\" \/>\n<meta property=\"article:published_time\" content=\"2026-03-10T03:00:24+00:00\" \/>\n<meta property=\"article:modified_time\" content=\"2026-03-10T10:40:58+00:00\" \/>\n<meta property=\"og:image\" content=\"https:\/\/www.notibras.com\/site\/wp-content\/uploads\/2026\/03\/988412-04122015-_abr4147.webp\" \/>\n\t<meta property=\"og:image:width\" content=\"1170\" \/>\n\t<meta property=\"og:image:height\" content=\"700\" \/>\n\t<meta property=\"og:image:type\" content=\"image\/webp\" \/>\n<meta name=\"author\" content=\"Reda\u00e7\u00e3o\" \/>\n<meta name=\"twitter:card\" content=\"summary_large_image\" \/>\n<meta name=\"twitter:creator\" content=\"@Notibras\" \/>\n<meta name=\"twitter:site\" content=\"@Notibras\" \/>\n<meta name=\"twitter:label1\" content=\"Escrito por\" \/>\n\t<meta name=\"twitter:data1\" content=\"Reda\u00e7\u00e3o\" \/>\n\t<meta name=\"twitter:label2\" content=\"Est. tempo de leitura\" \/>\n\t<meta name=\"twitter:data2\" content=\"3 minutos\" \/>\n<script type=\"application\/ld+json\" class=\"yoast-schema-graph\">{\"@context\":\"https:\/\/schema.org\",\"@graph\":[{\"@type\":\"Article\",\"@id\":\"https:\/\/www.notibras.com\/site\/mapa-revela-projetos-de-conscientizacao-pelo-pais\/#article\",\"isPartOf\":{\"@id\":\"https:\/\/www.notibras.com\/site\/mapa-revela-projetos-de-conscientizacao-pelo-pais\/\"},\"author\":{\"name\":\"Reda\u00e7\u00e3o\",\"@id\":\"https:\/\/www.notibras.com\/site\/#\/schema\/person\/36ab0979449956132d3e5b517ea76ac8\"},\"headline\":\"Mapa revela projetos de conscientiza\u00e7\u00e3o pelo pa\u00eds\",\"datePublished\":\"2026-03-10T03:00:24+00:00\",\"dateModified\":\"2026-03-10T10:40:58+00:00\",\"mainEntityOfPage\":{\"@id\":\"https:\/\/www.notibras.com\/site\/mapa-revela-projetos-de-conscientizacao-pelo-pais\/\"},\"wordCount\":564,\"publisher\":{\"@id\":\"https:\/\/www.notibras.com\/site\/#organization\"},\"image\":{\"@id\":\"https:\/\/www.notibras.com\/site\/mapa-revela-projetos-de-conscientizacao-pelo-pais\/#primaryimage\"},\"thumbnailUrl\":\"https:\/\/www.notibras.com\/site\/wp-content\/uploads\/2026\/03\/988412-04122015-_abr4147.webp\",\"articleSection\":[\"Brasil\"],\"inLanguage\":\"pt-BR\"},{\"@type\":\"WebPage\",\"@id\":\"https:\/\/www.notibras.com\/site\/mapa-revela-projetos-de-conscientizacao-pelo-pais\/\",\"url\":\"https:\/\/www.notibras.com\/site\/mapa-revela-projetos-de-conscientizacao-pelo-pais\/\",\"name\":\"Mapa revela projetos de conscientiza\u00e7\u00e3o pelo pa\u00eds - Notibras\",\"isPartOf\":{\"@id\":\"https:\/\/www.notibras.com\/site\/#website\"},\"primaryImageOfPage\":{\"@id\":\"https:\/\/www.notibras.com\/site\/mapa-revela-projetos-de-conscientizacao-pelo-pais\/#primaryimage\"},\"image\":{\"@id\":\"https:\/\/www.notibras.com\/site\/mapa-revela-projetos-de-conscientizacao-pelo-pais\/#primaryimage\"},\"thumbnailUrl\":\"https:\/\/www.notibras.com\/site\/wp-content\/uploads\/2026\/03\/988412-04122015-_abr4147.webp\",\"datePublished\":\"2026-03-10T03:00:24+00:00\",\"dateModified\":\"2026-03-10T10:40:58+00:00\",\"breadcrumb\":{\"@id\":\"https:\/\/www.notibras.com\/site\/mapa-revela-projetos-de-conscientizacao-pelo-pais\/#breadcrumb\"},\"inLanguage\":\"pt-BR\",\"potentialAction\":[{\"@type\":\"ReadAction\",\"target\":[\"https:\/\/www.notibras.com\/site\/mapa-revela-projetos-de-conscientizacao-pelo-pais\/\"]}]},{\"@type\":\"ImageObject\",\"inLanguage\":\"pt-BR\",\"@id\":\"https:\/\/www.notibras.com\/site\/mapa-revela-projetos-de-conscientizacao-pelo-pais\/#primaryimage\",\"url\":\"https:\/\/www.notibras.com\/site\/wp-content\/uploads\/2026\/03\/988412-04122015-_abr4147.webp\",\"contentUrl\":\"https:\/\/www.notibras.com\/site\/wp-content\/uploads\/2026\/03\/988412-04122015-_abr4147.webp\",\"width\":1170,\"height\":700},{\"@type\":\"BreadcrumbList\",\"@id\":\"https:\/\/www.notibras.com\/site\/mapa-revela-projetos-de-conscientizacao-pelo-pais\/#breadcrumb\",\"itemListElement\":[{\"@type\":\"ListItem\",\"position\":1,\"name\":\"In\u00edcio\",\"item\":\"https:\/\/www.notibras.com\/site\/\"},{\"@type\":\"ListItem\",\"position\":2,\"name\":\"Mapa revela projetos de conscientiza\u00e7\u00e3o pelo pa\u00eds\"}]},{\"@type\":\"WebSite\",\"@id\":\"https:\/\/www.notibras.com\/site\/#website\",\"url\":\"https:\/\/www.notibras.com\/site\/\",\"name\":\"Notibras\",\"description\":\"Not\u00edcias de Bras\u00edlia, do Brasil e do Mundo\",\"publisher\":{\"@id\":\"https:\/\/www.notibras.com\/site\/#organization\"},\"potentialAction\":[{\"@type\":\"SearchAction\",\"target\":{\"@type\":\"EntryPoint\",\"urlTemplate\":\"https:\/\/www.notibras.com\/site\/?s={search_term_string}\"},\"query-input\":{\"@type\":\"PropertyValueSpecification\",\"valueRequired\":true,\"valueName\":\"search_term_string\"}}],\"inLanguage\":\"pt-BR\"},{\"@type\":\"Organization\",\"@id\":\"https:\/\/www.notibras.com\/site\/#organization\",\"name\":\"Grupo Notibras de Comunica\u00e7\u00e3o\",\"url\":\"https:\/\/www.notibras.com\/site\/\",\"logo\":{\"@type\":\"ImageObject\",\"inLanguage\":\"pt-BR\",\"@id\":\"https:\/\/www.notibras.com\/site\/#\/schema\/logo\/image\/\",\"url\":\"https:\/\/www.notibras.com\/site\/wp-content\/uploads\/2023\/01\/notibras23.png\",\"contentUrl\":\"https:\/\/www.notibras.com\/site\/wp-content\/uploads\/2023\/01\/notibras23.png\",\"width\":350,\"height\":87,\"caption\":\"Grupo Notibras de Comunica\u00e7\u00e3o\"},\"image\":{\"@id\":\"https:\/\/www.notibras.com\/site\/#\/schema\/logo\/image\/\"},\"sameAs\":[\"https:\/\/www.facebook.com\/notibras\/\",\"https:\/\/x.com\/Notibras\",\"https:\/\/www.instagram.com\/notibras\/\"]},{\"@type\":\"Person\",\"@id\":\"https:\/\/www.notibras.com\/site\/#\/schema\/person\/36ab0979449956132d3e5b517ea76ac8\",\"name\":\"Reda\u00e7\u00e3o\",\"image\":{\"@type\":\"ImageObject\",\"inLanguage\":\"pt-BR\",\"@id\":\"https:\/\/secure.gravatar.com\/avatar\/e0a867bdedb85fd243eadf09663511f96fc81e0720a4a42581f334ad4303aa6b?s=96&d=mm&r=g\",\"url\":\"https:\/\/secure.gravatar.com\/avatar\/e0a867bdedb85fd243eadf09663511f96fc81e0720a4a42581f334ad4303aa6b?s=96&d=mm&r=g\",\"contentUrl\":\"https:\/\/secure.gravatar.com\/avatar\/e0a867bdedb85fd243eadf09663511f96fc81e0720a4a42581f334ad4303aa6b?s=96&d=mm&r=g\",\"caption\":\"Reda\u00e7\u00e3o\"}}]}<\/script>\n<!-- \/ Yoast SEO plugin. -->","yoast_head_json":{"title":"Mapa revela projetos de conscientiza\u00e7\u00e3o pelo pa\u00eds - Notibras","robots":{"index":"index","follow":"follow","max-snippet":"max-snippet:-1","max-image-preview":"max-image-preview:large","max-video-preview":"max-video-preview:-1"},"canonical":"https:\/\/www.notibras.com\/site\/mapa-revela-projetos-de-conscientizacao-pelo-pais\/","og_locale":"pt_BR","og_type":"article","og_title":"Mapa revela projetos de conscientiza\u00e7\u00e3o pelo pa\u00eds - Notibras","og_description":"Na hora do intervalo ou em trabalhos durante as aulas da escola municipal Josu\u00e9 de Castro, na \u00e1rea rural de Theobroma (RO), a comunica\u00e7\u00e3o ganhou novo sentido. Isso porque um est\u00fadio improvisado de r\u00e1dio, com dois microfones e outros equipamentos, tem feito com que crian\u00e7as e adolescentes olhem a Amaz\u00f4nia, onde moram, de outra forma. [&hellip;]","og_url":"https:\/\/www.notibras.com\/site\/mapa-revela-projetos-de-conscientizacao-pelo-pais\/","og_site_name":"Notibras","article_publisher":"https:\/\/www.facebook.com\/notibras\/","article_published_time":"2026-03-10T03:00:24+00:00","article_modified_time":"2026-03-10T10:40:58+00:00","og_image":[{"width":1170,"height":700,"url":"https:\/\/www.notibras.com\/site\/wp-content\/uploads\/2026\/03\/988412-04122015-_abr4147.webp","type":"image\/webp"}],"author":"Reda\u00e7\u00e3o","twitter_card":"summary_large_image","twitter_creator":"@Notibras","twitter_site":"@Notibras","twitter_misc":{"Escrito por":"Reda\u00e7\u00e3o","Est. tempo de leitura":"3 minutos"},"schema":{"@context":"https:\/\/schema.org","@graph":[{"@type":"Article","@id":"https:\/\/www.notibras.com\/site\/mapa-revela-projetos-de-conscientizacao-pelo-pais\/#article","isPartOf":{"@id":"https:\/\/www.notibras.com\/site\/mapa-revela-projetos-de-conscientizacao-pelo-pais\/"},"author":{"name":"Reda\u00e7\u00e3o","@id":"https:\/\/www.notibras.com\/site\/#\/schema\/person\/36ab0979449956132d3e5b517ea76ac8"},"headline":"Mapa revela projetos de conscientiza\u00e7\u00e3o pelo pa\u00eds","datePublished":"2026-03-10T03:00:24+00:00","dateModified":"2026-03-10T10:40:58+00:00","mainEntityOfPage":{"@id":"https:\/\/www.notibras.com\/site\/mapa-revela-projetos-de-conscientizacao-pelo-pais\/"},"wordCount":564,"publisher":{"@id":"https:\/\/www.notibras.com\/site\/#organization"},"image":{"@id":"https:\/\/www.notibras.com\/site\/mapa-revela-projetos-de-conscientizacao-pelo-pais\/#primaryimage"},"thumbnailUrl":"https:\/\/www.notibras.com\/site\/wp-content\/uploads\/2026\/03\/988412-04122015-_abr4147.webp","articleSection":["Brasil"],"inLanguage":"pt-BR"},{"@type":"WebPage","@id":"https:\/\/www.notibras.com\/site\/mapa-revela-projetos-de-conscientizacao-pelo-pais\/","url":"https:\/\/www.notibras.com\/site\/mapa-revela-projetos-de-conscientizacao-pelo-pais\/","name":"Mapa revela projetos de conscientiza\u00e7\u00e3o pelo pa\u00eds - Notibras","isPartOf":{"@id":"https:\/\/www.notibras.com\/site\/#website"},"primaryImageOfPage":{"@id":"https:\/\/www.notibras.com\/site\/mapa-revela-projetos-de-conscientizacao-pelo-pais\/#primaryimage"},"image":{"@id":"https:\/\/www.notibras.com\/site\/mapa-revela-projetos-de-conscientizacao-pelo-pais\/#primaryimage"},"thumbnailUrl":"https:\/\/www.notibras.com\/site\/wp-content\/uploads\/2026\/03\/988412-04122015-_abr4147.webp","datePublished":"2026-03-10T03:00:24+00:00","dateModified":"2026-03-10T10:40:58+00:00","breadcrumb":{"@id":"https:\/\/www.notibras.com\/site\/mapa-revela-projetos-de-conscientizacao-pelo-pais\/#breadcrumb"},"inLanguage":"pt-BR","potentialAction":[{"@type":"ReadAction","target":["https:\/\/www.notibras.com\/site\/mapa-revela-projetos-de-conscientizacao-pelo-pais\/"]}]},{"@type":"ImageObject","inLanguage":"pt-BR","@id":"https:\/\/www.notibras.com\/site\/mapa-revela-projetos-de-conscientizacao-pelo-pais\/#primaryimage","url":"https:\/\/www.notibras.com\/site\/wp-content\/uploads\/2026\/03\/988412-04122015-_abr4147.webp","contentUrl":"https:\/\/www.notibras.com\/site\/wp-content\/uploads\/2026\/03\/988412-04122015-_abr4147.webp","width":1170,"height":700},{"@type":"BreadcrumbList","@id":"https:\/\/www.notibras.com\/site\/mapa-revela-projetos-de-conscientizacao-pelo-pais\/#breadcrumb","itemListElement":[{"@type":"ListItem","position":1,"name":"In\u00edcio","item":"https:\/\/www.notibras.com\/site\/"},{"@type":"ListItem","position":2,"name":"Mapa revela projetos de conscientiza\u00e7\u00e3o pelo pa\u00eds"}]},{"@type":"WebSite","@id":"https:\/\/www.notibras.com\/site\/#website","url":"https:\/\/www.notibras.com\/site\/","name":"Notibras","description":"Not\u00edcias de Bras\u00edlia, do Brasil e do Mundo","publisher":{"@id":"https:\/\/www.notibras.com\/site\/#organization"},"potentialAction":[{"@type":"SearchAction","target":{"@type":"EntryPoint","urlTemplate":"https:\/\/www.notibras.com\/site\/?s={search_term_string}"},"query-input":{"@type":"PropertyValueSpecification","valueRequired":true,"valueName":"search_term_string"}}],"inLanguage":"pt-BR"},{"@type":"Organization","@id":"https:\/\/www.notibras.com\/site\/#organization","name":"Grupo Notibras de Comunica\u00e7\u00e3o","url":"https:\/\/www.notibras.com\/site\/","logo":{"@type":"ImageObject","inLanguage":"pt-BR","@id":"https:\/\/www.notibras.com\/site\/#\/schema\/logo\/image\/","url":"https:\/\/www.notibras.com\/site\/wp-content\/uploads\/2023\/01\/notibras23.png","contentUrl":"https:\/\/www.notibras.com\/site\/wp-content\/uploads\/2023\/01\/notibras23.png","width":350,"height":87,"caption":"Grupo Notibras de Comunica\u00e7\u00e3o"},"image":{"@id":"https:\/\/www.notibras.com\/site\/#\/schema\/logo\/image\/"},"sameAs":["https:\/\/www.facebook.com\/notibras\/","https:\/\/x.com\/Notibras","https:\/\/www.instagram.com\/notibras\/"]},{"@type":"Person","@id":"https:\/\/www.notibras.com\/site\/#\/schema\/person\/36ab0979449956132d3e5b517ea76ac8","name":"Reda\u00e7\u00e3o","image":{"@type":"ImageObject","inLanguage":"pt-BR","@id":"https:\/\/secure.gravatar.com\/avatar\/e0a867bdedb85fd243eadf09663511f96fc81e0720a4a42581f334ad4303aa6b?s=96&d=mm&r=g","url":"https:\/\/secure.gravatar.com\/avatar\/e0a867bdedb85fd243eadf09663511f96fc81e0720a4a42581f334ad4303aa6b?s=96&d=mm&r=g","contentUrl":"https:\/\/secure.gravatar.com\/avatar\/e0a867bdedb85fd243eadf09663511f96fc81e0720a4a42581f334ad4303aa6b?s=96&d=mm&r=g","caption":"Reda\u00e7\u00e3o"}}]}},"amp_enabled":true,"_links":{"self":[{"href":"https:\/\/www.notibras.com\/site\/wp-json\/wp\/v2\/posts\/386405","targetHints":{"allow":["GET"]}}],"collection":[{"href":"https:\/\/www.notibras.com\/site\/wp-json\/wp\/v2\/posts"}],"about":[{"href":"https:\/\/www.notibras.com\/site\/wp-json\/wp\/v2\/types\/post"}],"author":[{"embeddable":true,"href":"https:\/\/www.notibras.com\/site\/wp-json\/wp\/v2\/users\/2"}],"replies":[{"embeddable":true,"href":"https:\/\/www.notibras.com\/site\/wp-json\/wp\/v2\/comments?post=386405"}],"version-history":[{"count":1,"href":"https:\/\/www.notibras.com\/site\/wp-json\/wp\/v2\/posts\/386405\/revisions"}],"predecessor-version":[{"id":386407,"href":"https:\/\/www.notibras.com\/site\/wp-json\/wp\/v2\/posts\/386405\/revisions\/386407"}],"wp:featuredmedia":[{"embeddable":true,"href":"https:\/\/www.notibras.com\/site\/wp-json\/wp\/v2\/media\/386406"}],"wp:attachment":[{"href":"https:\/\/www.notibras.com\/site\/wp-json\/wp\/v2\/media?parent=386405"}],"wp:term":[{"taxonomy":"category","embeddable":true,"href":"https:\/\/www.notibras.com\/site\/wp-json\/wp\/v2\/categories?post=386405"},{"taxonomy":"post_tag","embeddable":true,"href":"https:\/\/www.notibras.com\/site\/wp-json\/wp\/v2\/tags?post=386405"}],"curies":[{"name":"wp","href":"https:\/\/api.w.org\/{rel}","templated":true}]}}