{"id":386417,"date":"2026-03-10T07:58:40","date_gmt":"2026-03-10T10:58:40","guid":{"rendered":"https:\/\/www.notibras.com\/site\/?p=386417"},"modified":"2026-03-10T07:58:40","modified_gmt":"2026-03-10T10:58:40","slug":"lendas-que-fascinam-o-homem-e-o-universo","status":"publish","type":"post","link":"https:\/\/www.notibras.com\/site\/lendas-que-fascinam-o-homem-e-o-universo\/","title":{"rendered":"Lendas que fascinam o homem e o Universo"},"content":{"rendered":"<p>Desde que o primeiro olhar humano se ergueu em dire\u00e7\u00e3o ao c\u00e9u noturno, o Universo deixou de ser apenas imensid\u00e3o e passou a ser tamb\u00e9m mist\u00e9rio. Cada estrela acesa na ab\u00f3bada escura parecia carregar uma mensagem antiga, um segredo guardado por for\u00e7as invis\u00edveis, como se o firmamento fosse um grande livro aberto escrito numa l\u00edngua que apenas a alma pudesse compreender.<\/p>\n<p>Muito antes de telesc\u00f3pios, c\u00e1lculos e sondas espaciais, foram as lendas que constru\u00edram as primeiras pontes entre o homem e o desconhecido. Povos antigos acreditavam que as constela\u00e7\u00f5es eram rastros deixados por deuses, guerreiros e criaturas eternizadas na eternidade celeste. Constellation n\u00e3o era apenas um agrupamento de estrelas: era ca\u00e7a, destino, amor, trag\u00e9dia e eternidade desenhados no c\u00e9u. Cada ponto luminoso guardava um enredo, e cada enredo explicava aquilo que a raz\u00e3o ainda n\u00e3o podia alcan\u00e7ar.<\/p>\n<p>Entre essas narrativas, muitas afirmam que o Universo respira junto com a humanidade. H\u00e1 tradi\u00e7\u00f5es antigas segundo as quais certos ciclos lunares alteram o humor dos povos, abrem portais de sensibilidade e despertam mem\u00f3rias ancestrais adormecidas. A Moon, por exemplo, sempre foi vista n\u00e3o apenas como astro, mas como guardi\u00e3 silenciosa das \u00e1guas, dos sonhos e dos press\u00e1gios. Em muitas culturas, acredita-se que noites de lua cheia tornam mais t\u00eanues as fronteiras entre o vis\u00edvel e o invis\u00edvel.<\/p>\n<p>H\u00e1 tamb\u00e9m lendas que dizem que certos cometas n\u00e3o chegam apenas como fen\u00f4menos astron\u00f4micos, mas como mensageiros de mudan\u00e7a. Civiliza\u00e7\u00f5es antigas viam nesses rastros luminosos an\u00fancios de grandes transforma\u00e7\u00f5es \u2014 o nascimento de imp\u00e9rios, a queda de reis, o surgimento de novas eras. O c\u00e9u, nesses relatos, nunca foi neutro: ele sempre respondeu, de algum modo, ao movimento interior da humanidade.<\/p>\n<p>No cora\u00e7\u00e3o dessas cren\u00e7as est\u00e1 uma pergunta que atravessa s\u00e9culos: por que o homem sente necessidade de atribuir alma ao Universo? Talvez porque dentro de cada ser humano exista uma antiga percep\u00e7\u00e3o de pertencimento c\u00f3smico \u2014 como se cada vida individual fosse apenas uma centelha provis\u00f3ria de uma energia muito maior. A moderna Astronomy mede dist\u00e2ncias e calcula \u00f3rbitas, mas o imagin\u00e1rio humano continua procurando significados que escapam aos n\u00fameros.<\/p>\n<p>Em desertos, montanhas, oceanos e florestas, repetem-se hist\u00f3rias semelhantes: vozes vindas do c\u00e9u, estrelas que guiam peregrinos, luas vermelhas que anunciam tempos de prova\u00e7\u00e3o, eclipses interpretados como di\u00e1logos entre for\u00e7as superiores. Essas narrativas persistem porque alimentam algo essencial: a convic\u00e7\u00e3o de que o Universo n\u00e3o \u00e9 apenas espa\u00e7o, mas tamb\u00e9m linguagem.<\/p>\n<p>Talvez por isso as lendas jamais desapare\u00e7am. Porque mesmo diante de sat\u00e9lites, telesc\u00f3pios e mapas celestes detalhados, continua existindo dentro do homem uma regi\u00e3o onde a raz\u00e3o se curva diante do assombro. E nessa regi\u00e3o silenciosa, onde o mist\u00e9rio ainda governa, cada estrela continua sendo uma pergunta \u2014 e cada noite, uma promessa.<\/p>\n","protected":false},"excerpt":{"rendered":"<p>Desde que o primeiro olhar humano se ergueu em dire\u00e7\u00e3o ao c\u00e9u noturno, o Universo deixou de ser apenas imensid\u00e3o e passou a ser tamb\u00e9m mist\u00e9rio. Cada estrela acesa na ab\u00f3bada escura parecia carregar uma mensagem antiga, um segredo guardado por for\u00e7as invis\u00edveis, como se o firmamento fosse um grande livro aberto escrito numa l\u00edngua [&hellip;]<\/p>\n","protected":false},"author":2,"featured_media":386418,"comment_status":"closed","ping_status":"closed","sticky":false,"template":"","format":"standard","meta":{"_acf_changed":false,"footnotes":""},"categories":[237],"tags":[],"class_list":["post-386417","post","type-post","status-publish","format-standard","has-post-thumbnail","hentry","category-oraculos"],"acf":[],"yoast_head":"<!-- This site is optimized with the Yoast SEO plugin v27.2 - https:\/\/yoast.com\/product\/yoast-seo-wordpress\/ -->\n<title>Lendas que fascinam o homem e o Universo - Notibras<\/title>\n<meta name=\"robots\" content=\"index, follow, max-snippet:-1, max-image-preview:large, max-video-preview:-1\" \/>\n<link rel=\"canonical\" href=\"https:\/\/www.notibras.com\/site\/lendas-que-fascinam-o-homem-e-o-universo\/\" \/>\n<meta property=\"og:locale\" content=\"pt_BR\" \/>\n<meta property=\"og:type\" content=\"article\" \/>\n<meta property=\"og:title\" content=\"Lendas que fascinam o homem e o Universo - Notibras\" \/>\n<meta property=\"og:description\" content=\"Desde que o primeiro olhar humano se ergueu em dire\u00e7\u00e3o ao c\u00e9u noturno, o Universo deixou de ser apenas imensid\u00e3o e passou a ser tamb\u00e9m mist\u00e9rio. Cada estrela acesa na ab\u00f3bada escura parecia carregar uma mensagem antiga, um segredo guardado por for\u00e7as invis\u00edveis, como se o firmamento fosse um grande livro aberto escrito numa l\u00edngua [&hellip;]\" \/>\n<meta property=\"og:url\" content=\"https:\/\/www.notibras.com\/site\/lendas-que-fascinam-o-homem-e-o-universo\/\" \/>\n<meta property=\"og:site_name\" content=\"Notibras\" \/>\n<meta property=\"article:publisher\" content=\"https:\/\/www.facebook.com\/notibras\/\" \/>\n<meta property=\"article:published_time\" content=\"2026-03-10T10:58:40+00:00\" \/>\n<meta property=\"og:image\" content=\"https:\/\/www.notibras.com\/site\/wp-content\/uploads\/2026\/03\/88fa17e5-d436-4b33-9f2a-bbb2e6111602-683x1024.png\" \/>\n\t<meta property=\"og:image:width\" content=\"683\" \/>\n\t<meta property=\"og:image:height\" content=\"1024\" \/>\n\t<meta property=\"og:image:type\" content=\"image\/png\" \/>\n<meta name=\"author\" content=\"Reda\u00e7\u00e3o\" \/>\n<meta name=\"twitter:card\" content=\"summary_large_image\" \/>\n<meta name=\"twitter:creator\" content=\"@Notibras\" \/>\n<meta name=\"twitter:site\" content=\"@Notibras\" \/>\n<meta name=\"twitter:label1\" content=\"Escrito por\" \/>\n\t<meta name=\"twitter:data1\" content=\"Reda\u00e7\u00e3o\" \/>\n\t<meta name=\"twitter:label2\" content=\"Est. tempo de leitura\" \/>\n\t<meta name=\"twitter:data2\" content=\"3 minutos\" \/>\n<script type=\"application\/ld+json\" class=\"yoast-schema-graph\">{\"@context\":\"https:\/\/schema.org\",\"@graph\":[{\"@type\":\"Article\",\"@id\":\"https:\/\/www.notibras.com\/site\/lendas-que-fascinam-o-homem-e-o-universo\/#article\",\"isPartOf\":{\"@id\":\"https:\/\/www.notibras.com\/site\/lendas-que-fascinam-o-homem-e-o-universo\/\"},\"author\":{\"name\":\"Reda\u00e7\u00e3o\",\"@id\":\"https:\/\/www.notibras.com\/site\/#\/schema\/person\/36ab0979449956132d3e5b517ea76ac8\"},\"headline\":\"Lendas que fascinam o homem e o Universo\",\"datePublished\":\"2026-03-10T10:58:40+00:00\",\"mainEntityOfPage\":{\"@id\":\"https:\/\/www.notibras.com\/site\/lendas-que-fascinam-o-homem-e-o-universo\/\"},\"wordCount\":516,\"publisher\":{\"@id\":\"https:\/\/www.notibras.com\/site\/#organization\"},\"image\":{\"@id\":\"https:\/\/www.notibras.com\/site\/lendas-que-fascinam-o-homem-e-o-universo\/#primaryimage\"},\"thumbnailUrl\":\"https:\/\/www.notibras.com\/site\/wp-content\/uploads\/2026\/03\/88fa17e5-d436-4b33-9f2a-bbb2e6111602.png\",\"articleSection\":[\"Or\u00e1culos\"],\"inLanguage\":\"pt-BR\"},{\"@type\":\"WebPage\",\"@id\":\"https:\/\/www.notibras.com\/site\/lendas-que-fascinam-o-homem-e-o-universo\/\",\"url\":\"https:\/\/www.notibras.com\/site\/lendas-que-fascinam-o-homem-e-o-universo\/\",\"name\":\"Lendas que fascinam o homem e o Universo - Notibras\",\"isPartOf\":{\"@id\":\"https:\/\/www.notibras.com\/site\/#website\"},\"primaryImageOfPage\":{\"@id\":\"https:\/\/www.notibras.com\/site\/lendas-que-fascinam-o-homem-e-o-universo\/#primaryimage\"},\"image\":{\"@id\":\"https:\/\/www.notibras.com\/site\/lendas-que-fascinam-o-homem-e-o-universo\/#primaryimage\"},\"thumbnailUrl\":\"https:\/\/www.notibras.com\/site\/wp-content\/uploads\/2026\/03\/88fa17e5-d436-4b33-9f2a-bbb2e6111602.png\",\"datePublished\":\"2026-03-10T10:58:40+00:00\",\"breadcrumb\":{\"@id\":\"https:\/\/www.notibras.com\/site\/lendas-que-fascinam-o-homem-e-o-universo\/#breadcrumb\"},\"inLanguage\":\"pt-BR\",\"potentialAction\":[{\"@type\":\"ReadAction\",\"target\":[\"https:\/\/www.notibras.com\/site\/lendas-que-fascinam-o-homem-e-o-universo\/\"]}]},{\"@type\":\"ImageObject\",\"inLanguage\":\"pt-BR\",\"@id\":\"https:\/\/www.notibras.com\/site\/lendas-que-fascinam-o-homem-e-o-universo\/#primaryimage\",\"url\":\"https:\/\/www.notibras.com\/site\/wp-content\/uploads\/2026\/03\/88fa17e5-d436-4b33-9f2a-bbb2e6111602.png\",\"contentUrl\":\"https:\/\/www.notibras.com\/site\/wp-content\/uploads\/2026\/03\/88fa17e5-d436-4b33-9f2a-bbb2e6111602.png\",\"width\":1024,\"height\":1536},{\"@type\":\"BreadcrumbList\",\"@id\":\"https:\/\/www.notibras.com\/site\/lendas-que-fascinam-o-homem-e-o-universo\/#breadcrumb\",\"itemListElement\":[{\"@type\":\"ListItem\",\"position\":1,\"name\":\"In\u00edcio\",\"item\":\"https:\/\/www.notibras.com\/site\/\"},{\"@type\":\"ListItem\",\"position\":2,\"name\":\"Lendas que fascinam o homem e o Universo\"}]},{\"@type\":\"WebSite\",\"@id\":\"https:\/\/www.notibras.com\/site\/#website\",\"url\":\"https:\/\/www.notibras.com\/site\/\",\"name\":\"Notibras\",\"description\":\"Not\u00edcias de Bras\u00edlia, do Brasil e do Mundo\",\"publisher\":{\"@id\":\"https:\/\/www.notibras.com\/site\/#organization\"},\"potentialAction\":[{\"@type\":\"SearchAction\",\"target\":{\"@type\":\"EntryPoint\",\"urlTemplate\":\"https:\/\/www.notibras.com\/site\/?s={search_term_string}\"},\"query-input\":{\"@type\":\"PropertyValueSpecification\",\"valueRequired\":true,\"valueName\":\"search_term_string\"}}],\"inLanguage\":\"pt-BR\"},{\"@type\":\"Organization\",\"@id\":\"https:\/\/www.notibras.com\/site\/#organization\",\"name\":\"Grupo Notibras de Comunica\u00e7\u00e3o\",\"url\":\"https:\/\/www.notibras.com\/site\/\",\"logo\":{\"@type\":\"ImageObject\",\"inLanguage\":\"pt-BR\",\"@id\":\"https:\/\/www.notibras.com\/site\/#\/schema\/logo\/image\/\",\"url\":\"https:\/\/www.notibras.com\/site\/wp-content\/uploads\/2023\/01\/notibras23.png\",\"contentUrl\":\"https:\/\/www.notibras.com\/site\/wp-content\/uploads\/2023\/01\/notibras23.png\",\"width\":350,\"height\":87,\"caption\":\"Grupo Notibras de Comunica\u00e7\u00e3o\"},\"image\":{\"@id\":\"https:\/\/www.notibras.com\/site\/#\/schema\/logo\/image\/\"},\"sameAs\":[\"https:\/\/www.facebook.com\/notibras\/\",\"https:\/\/x.com\/Notibras\",\"https:\/\/www.instagram.com\/notibras\/\"]},{\"@type\":\"Person\",\"@id\":\"https:\/\/www.notibras.com\/site\/#\/schema\/person\/36ab0979449956132d3e5b517ea76ac8\",\"name\":\"Reda\u00e7\u00e3o\",\"image\":{\"@type\":\"ImageObject\",\"inLanguage\":\"pt-BR\",\"@id\":\"https:\/\/secure.gravatar.com\/avatar\/e0a867bdedb85fd243eadf09663511f96fc81e0720a4a42581f334ad4303aa6b?s=96&d=mm&r=g\",\"url\":\"https:\/\/secure.gravatar.com\/avatar\/e0a867bdedb85fd243eadf09663511f96fc81e0720a4a42581f334ad4303aa6b?s=96&d=mm&r=g\",\"contentUrl\":\"https:\/\/secure.gravatar.com\/avatar\/e0a867bdedb85fd243eadf09663511f96fc81e0720a4a42581f334ad4303aa6b?s=96&d=mm&r=g\",\"caption\":\"Reda\u00e7\u00e3o\"}}]}<\/script>\n<!-- \/ Yoast SEO plugin. -->","yoast_head_json":{"title":"Lendas que fascinam o homem e o Universo - Notibras","robots":{"index":"index","follow":"follow","max-snippet":"max-snippet:-1","max-image-preview":"max-image-preview:large","max-video-preview":"max-video-preview:-1"},"canonical":"https:\/\/www.notibras.com\/site\/lendas-que-fascinam-o-homem-e-o-universo\/","og_locale":"pt_BR","og_type":"article","og_title":"Lendas que fascinam o homem e o Universo - Notibras","og_description":"Desde que o primeiro olhar humano se ergueu em dire\u00e7\u00e3o ao c\u00e9u noturno, o Universo deixou de ser apenas imensid\u00e3o e passou a ser tamb\u00e9m mist\u00e9rio. Cada estrela acesa na ab\u00f3bada escura parecia carregar uma mensagem antiga, um segredo guardado por for\u00e7as invis\u00edveis, como se o firmamento fosse um grande livro aberto escrito numa l\u00edngua [&hellip;]","og_url":"https:\/\/www.notibras.com\/site\/lendas-que-fascinam-o-homem-e-o-universo\/","og_site_name":"Notibras","article_publisher":"https:\/\/www.facebook.com\/notibras\/","article_published_time":"2026-03-10T10:58:40+00:00","og_image":[{"width":683,"height":1024,"url":"https:\/\/www.notibras.com\/site\/wp-content\/uploads\/2026\/03\/88fa17e5-d436-4b33-9f2a-bbb2e6111602-683x1024.png","type":"image\/png"}],"author":"Reda\u00e7\u00e3o","twitter_card":"summary_large_image","twitter_creator":"@Notibras","twitter_site":"@Notibras","twitter_misc":{"Escrito por":"Reda\u00e7\u00e3o","Est. tempo de leitura":"3 minutos"},"schema":{"@context":"https:\/\/schema.org","@graph":[{"@type":"Article","@id":"https:\/\/www.notibras.com\/site\/lendas-que-fascinam-o-homem-e-o-universo\/#article","isPartOf":{"@id":"https:\/\/www.notibras.com\/site\/lendas-que-fascinam-o-homem-e-o-universo\/"},"author":{"name":"Reda\u00e7\u00e3o","@id":"https:\/\/www.notibras.com\/site\/#\/schema\/person\/36ab0979449956132d3e5b517ea76ac8"},"headline":"Lendas que fascinam o homem e o Universo","datePublished":"2026-03-10T10:58:40+00:00","mainEntityOfPage":{"@id":"https:\/\/www.notibras.com\/site\/lendas-que-fascinam-o-homem-e-o-universo\/"},"wordCount":516,"publisher":{"@id":"https:\/\/www.notibras.com\/site\/#organization"},"image":{"@id":"https:\/\/www.notibras.com\/site\/lendas-que-fascinam-o-homem-e-o-universo\/#primaryimage"},"thumbnailUrl":"https:\/\/www.notibras.com\/site\/wp-content\/uploads\/2026\/03\/88fa17e5-d436-4b33-9f2a-bbb2e6111602.png","articleSection":["Or\u00e1culos"],"inLanguage":"pt-BR"},{"@type":"WebPage","@id":"https:\/\/www.notibras.com\/site\/lendas-que-fascinam-o-homem-e-o-universo\/","url":"https:\/\/www.notibras.com\/site\/lendas-que-fascinam-o-homem-e-o-universo\/","name":"Lendas que fascinam o homem e o Universo - Notibras","isPartOf":{"@id":"https:\/\/www.notibras.com\/site\/#website"},"primaryImageOfPage":{"@id":"https:\/\/www.notibras.com\/site\/lendas-que-fascinam-o-homem-e-o-universo\/#primaryimage"},"image":{"@id":"https:\/\/www.notibras.com\/site\/lendas-que-fascinam-o-homem-e-o-universo\/#primaryimage"},"thumbnailUrl":"https:\/\/www.notibras.com\/site\/wp-content\/uploads\/2026\/03\/88fa17e5-d436-4b33-9f2a-bbb2e6111602.png","datePublished":"2026-03-10T10:58:40+00:00","breadcrumb":{"@id":"https:\/\/www.notibras.com\/site\/lendas-que-fascinam-o-homem-e-o-universo\/#breadcrumb"},"inLanguage":"pt-BR","potentialAction":[{"@type":"ReadAction","target":["https:\/\/www.notibras.com\/site\/lendas-que-fascinam-o-homem-e-o-universo\/"]}]},{"@type":"ImageObject","inLanguage":"pt-BR","@id":"https:\/\/www.notibras.com\/site\/lendas-que-fascinam-o-homem-e-o-universo\/#primaryimage","url":"https:\/\/www.notibras.com\/site\/wp-content\/uploads\/2026\/03\/88fa17e5-d436-4b33-9f2a-bbb2e6111602.png","contentUrl":"https:\/\/www.notibras.com\/site\/wp-content\/uploads\/2026\/03\/88fa17e5-d436-4b33-9f2a-bbb2e6111602.png","width":1024,"height":1536},{"@type":"BreadcrumbList","@id":"https:\/\/www.notibras.com\/site\/lendas-que-fascinam-o-homem-e-o-universo\/#breadcrumb","itemListElement":[{"@type":"ListItem","position":1,"name":"In\u00edcio","item":"https:\/\/www.notibras.com\/site\/"},{"@type":"ListItem","position":2,"name":"Lendas que fascinam o homem e o Universo"}]},{"@type":"WebSite","@id":"https:\/\/www.notibras.com\/site\/#website","url":"https:\/\/www.notibras.com\/site\/","name":"Notibras","description":"Not\u00edcias de Bras\u00edlia, do Brasil e do Mundo","publisher":{"@id":"https:\/\/www.notibras.com\/site\/#organization"},"potentialAction":[{"@type":"SearchAction","target":{"@type":"EntryPoint","urlTemplate":"https:\/\/www.notibras.com\/site\/?s={search_term_string}"},"query-input":{"@type":"PropertyValueSpecification","valueRequired":true,"valueName":"search_term_string"}}],"inLanguage":"pt-BR"},{"@type":"Organization","@id":"https:\/\/www.notibras.com\/site\/#organization","name":"Grupo Notibras de Comunica\u00e7\u00e3o","url":"https:\/\/www.notibras.com\/site\/","logo":{"@type":"ImageObject","inLanguage":"pt-BR","@id":"https:\/\/www.notibras.com\/site\/#\/schema\/logo\/image\/","url":"https:\/\/www.notibras.com\/site\/wp-content\/uploads\/2023\/01\/notibras23.png","contentUrl":"https:\/\/www.notibras.com\/site\/wp-content\/uploads\/2023\/01\/notibras23.png","width":350,"height":87,"caption":"Grupo Notibras de Comunica\u00e7\u00e3o"},"image":{"@id":"https:\/\/www.notibras.com\/site\/#\/schema\/logo\/image\/"},"sameAs":["https:\/\/www.facebook.com\/notibras\/","https:\/\/x.com\/Notibras","https:\/\/www.instagram.com\/notibras\/"]},{"@type":"Person","@id":"https:\/\/www.notibras.com\/site\/#\/schema\/person\/36ab0979449956132d3e5b517ea76ac8","name":"Reda\u00e7\u00e3o","image":{"@type":"ImageObject","inLanguage":"pt-BR","@id":"https:\/\/secure.gravatar.com\/avatar\/e0a867bdedb85fd243eadf09663511f96fc81e0720a4a42581f334ad4303aa6b?s=96&d=mm&r=g","url":"https:\/\/secure.gravatar.com\/avatar\/e0a867bdedb85fd243eadf09663511f96fc81e0720a4a42581f334ad4303aa6b?s=96&d=mm&r=g","contentUrl":"https:\/\/secure.gravatar.com\/avatar\/e0a867bdedb85fd243eadf09663511f96fc81e0720a4a42581f334ad4303aa6b?s=96&d=mm&r=g","caption":"Reda\u00e7\u00e3o"}}]}},"amp_enabled":true,"_links":{"self":[{"href":"https:\/\/www.notibras.com\/site\/wp-json\/wp\/v2\/posts\/386417","targetHints":{"allow":["GET"]}}],"collection":[{"href":"https:\/\/www.notibras.com\/site\/wp-json\/wp\/v2\/posts"}],"about":[{"href":"https:\/\/www.notibras.com\/site\/wp-json\/wp\/v2\/types\/post"}],"author":[{"embeddable":true,"href":"https:\/\/www.notibras.com\/site\/wp-json\/wp\/v2\/users\/2"}],"replies":[{"embeddable":true,"href":"https:\/\/www.notibras.com\/site\/wp-json\/wp\/v2\/comments?post=386417"}],"version-history":[{"count":1,"href":"https:\/\/www.notibras.com\/site\/wp-json\/wp\/v2\/posts\/386417\/revisions"}],"predecessor-version":[{"id":386419,"href":"https:\/\/www.notibras.com\/site\/wp-json\/wp\/v2\/posts\/386417\/revisions\/386419"}],"wp:featuredmedia":[{"embeddable":true,"href":"https:\/\/www.notibras.com\/site\/wp-json\/wp\/v2\/media\/386418"}],"wp:attachment":[{"href":"https:\/\/www.notibras.com\/site\/wp-json\/wp\/v2\/media?parent=386417"}],"wp:term":[{"taxonomy":"category","embeddable":true,"href":"https:\/\/www.notibras.com\/site\/wp-json\/wp\/v2\/categories?post=386417"},{"taxonomy":"post_tag","embeddable":true,"href":"https:\/\/www.notibras.com\/site\/wp-json\/wp\/v2\/tags?post=386417"}],"curies":[{"name":"wp","href":"https:\/\/api.w.org\/{rel}","templated":true}]}}