{"id":386420,"date":"2026-03-10T00:27:19","date_gmt":"2026-03-10T03:27:19","guid":{"rendered":"https:\/\/www.notibras.com\/site\/?p=386420"},"modified":"2026-03-10T08:28:51","modified_gmt":"2026-03-10T11:28:51","slug":"especialistas-alertam-para-riscos-ambientais-de-intervencoes","status":"publish","type":"post","link":"https:\/\/www.notibras.com\/site\/especialistas-alertam-para-riscos-ambientais-de-intervencoes\/","title":{"rendered":"Especialistas alertam para riscos ambientais de interven\u00e7\u00f5es"},"content":{"rendered":"<p>Obras como engordas artificiais de praia, molhes de pedra e muros de conten\u00e7\u00e3o t\u00eam se multiplicado para conter o avan\u00e7o do mar no litoral brasileiro. Por\u00e9m, especialistas alertam para efeitos colaterais no meio ambiente e para a necessidade de solu\u00e7\u00f5es baseadas na natureza.<\/p>\n<p>Na semana passada, o governo do Paran\u00e1 foi multado pelo Instituto Brasileiro do Meio Ambiente e dos Recursos Naturais Renov\u00e1veis (Ibama) em R$ 2,5 milh\u00f5es pelo uso de sacos pl\u00e1sticos com areia para conter a eros\u00e3o no litoral de Matinhos.<\/p>\n<p>Cidades litor\u00e2neas t\u00eam recorrido com frequ\u00eancia \u00e0 engorda de praia, t\u00e9cnica para ampliar artificialmente a faixa de areia. Munic\u00edpios como Balne\u00e1rio Cambori\u00fa e Pi\u00e7arras, em Santa Catarina, tornaram-se exemplos desse tipo de interven\u00e7\u00e3o.<\/p>\n<p>Pesquisadores da Universidade Federal de Santa Catarina (UFSC) observaram que essas obras podem alterar a din\u00e2mica natural das ondas e das correntes mar\u00edtimas. Em nota t\u00e9cnica, o grupo de pesquisa indica mudan\u00e7as nos padr\u00f5es de circula\u00e7\u00e3o da \u00e1gua, o que pode afetar a qualidade dela e at\u00e9 aumentar o risco de afogamentos em \u00e1reas recentemente alargadas.<\/p>\n<p>Segundo o professor Alexander Turra, pesquisador do Instituto Oceanogr\u00e1fico da Universidade de S\u00e3o Paulo (USP), estruturas emergenciais costumam resolver um problema localizado, mas acabam provocando desequil\u00edbrios em outros pontos da costa.<\/p>\n<p>\u201cEssas obras podem reter areia de um lado, mas intensificar a eros\u00e3o do outro. O resultado \u00e9 um efeito domin\u00f3 que exige novas interven\u00e7\u00f5es e pode comprometer a continuidade da praia\u201d, explica Turra, que \u00e9 membro da Rede de Especialistas em Conserva\u00e7\u00e3o da Natureza (RECN).<\/p>\n<p>O pesquisador cita casos no litoral sul da Bahia e no litoral paulista em que empreendimentos tur\u00edsticos foram constru\u00eddos em \u00e1reas naturalmente vulner\u00e1veis ao avan\u00e7o do mar. A ocupa\u00e7\u00e3o em muitas dessas regi\u00f5es ocorreu com a supress\u00e3o de restingas e dunas, ecossistemas que funcionavam como barreiras naturais.<\/p>\n<p>Com o avan\u00e7o da eros\u00e3o, hot\u00e9is e outras estruturas passaram a construir muros de conten\u00e7\u00e3o para proteger suas instala\u00e7\u00f5es. O resultado, por\u00e9m, \u00e9 a perda quase total da faixa de areia durante a mar\u00e9 alta.<\/p>\n<p><strong>Solu\u00e7\u00f5es da natureza<\/strong><br \/>\nPesquisadores defendem a amplia\u00e7\u00e3o das chamadas solu\u00e7\u00f5es baseadas na natureza para a prote\u00e7\u00e3o costeira. A bi\u00f3loga Jana\u00edna Bumbeer, gerente de projetos da Funda\u00e7\u00e3o Grupo Botic\u00e1rio, explica que ecossistemas como manguezais, restingas, dunas e recifes de coral desempenham papel fundamental na prote\u00e7\u00e3o do litoral.<\/p>\n<p>\u201cEsses ambientes absorvem a energia das ondas, mant\u00eam os sedimentos no lugar e amortecem o impacto das tempestades\u201d, diz Bumbeer. \u201cA praia \u00e9 din\u00e2mica, mas as estruturas de concreto s\u00e3o est\u00e1ticas e n\u00e3o se adaptam aos ciclos naturais\u201d.<\/p>\n<p>Al\u00e9m de proteger a costa, esses ambientes tamb\u00e9m oferecem benef\u00edcios econ\u00f4micos e ambientais. Estudo coordenado pela bi\u00f3loga estima que os recifes de coral do Nordeste brasileiro evitam at\u00e9 R$ 160 bilh\u00f5es em danos gra\u00e7as \u00e0 sua fun\u00e7\u00e3o de prote\u00e7\u00e3o costeira.<\/p>\n<p>Manguezais tamb\u00e9m desempenham papel estrat\u00e9gico: al\u00e9m de armazenarem grandes quantidades de carbono, sustentam cerca de 70% das esp\u00e9cies pesqueiras exploradas comercialmente no Brasil em alguma fase do ciclo de vida.<\/p>\n<p>Restingas e dunas, por sua vez, conseguem acumular sedimentos e crescer verticalmente, acompanhando a eleva\u00e7\u00e3o do n\u00edvel do mar quando preservadas.<\/p>\n<p>Para Turra, ampliar o conhecimento p\u00fablico e planejar melhor a ocupa\u00e7\u00e3o do litoral s\u00e3o medidas essenciais diante das mudan\u00e7as clim\u00e1ticas.<\/p>\n<p>\u201cO litoral \u00e9 um bem coletivo. Planejar sua ocupa\u00e7\u00e3o com base em evid\u00eancias cient\u00edficas \u00e9 garantir que ele continue existindo e gerando prosperidade para as pr\u00f3ximas gera\u00e7\u00f5es, e n\u00e3o apenas para interesses particulares de curto prazo\u201d, afirma.<\/p>\n","protected":false},"excerpt":{"rendered":"<p>Obras como engordas artificiais de praia, molhes de pedra e muros de conten\u00e7\u00e3o t\u00eam se multiplicado para conter o avan\u00e7o do mar no litoral brasileiro. Por\u00e9m, especialistas alertam para efeitos colaterais no meio ambiente e para a necessidade de solu\u00e7\u00f5es baseadas na natureza. Na semana passada, o governo do Paran\u00e1 foi multado pelo Instituto Brasileiro [&hellip;]<\/p>\n","protected":false},"author":2,"featured_media":386421,"comment_status":"closed","ping_status":"closed","sticky":false,"template":"","format":"standard","meta":{"_acf_changed":false,"footnotes":""},"categories":[155],"tags":[],"class_list":["post-386420","post","type-post","status-publish","format-standard","has-post-thumbnail","hentry","category-leitura-vip"],"acf":[],"yoast_head":"<!-- This site is optimized with the Yoast SEO plugin v27.2 - https:\/\/yoast.com\/product\/yoast-seo-wordpress\/ -->\n<title>Especialistas alertam para riscos ambientais de interven\u00e7\u00f5es - Notibras<\/title>\n<meta name=\"robots\" content=\"index, follow, max-snippet:-1, max-image-preview:large, max-video-preview:-1\" \/>\n<link rel=\"canonical\" href=\"https:\/\/www.notibras.com\/site\/especialistas-alertam-para-riscos-ambientais-de-intervencoes\/\" \/>\n<meta property=\"og:locale\" content=\"pt_BR\" \/>\n<meta property=\"og:type\" content=\"article\" \/>\n<meta property=\"og:title\" content=\"Especialistas alertam para riscos ambientais de interven\u00e7\u00f5es - Notibras\" \/>\n<meta property=\"og:description\" content=\"Obras como engordas artificiais de praia, molhes de pedra e muros de conten\u00e7\u00e3o t\u00eam se multiplicado para conter o avan\u00e7o do mar no litoral brasileiro. Por\u00e9m, especialistas alertam para efeitos colaterais no meio ambiente e para a necessidade de solu\u00e7\u00f5es baseadas na natureza. Na semana passada, o governo do Paran\u00e1 foi multado pelo Instituto Brasileiro [&hellip;]\" \/>\n<meta property=\"og:url\" content=\"https:\/\/www.notibras.com\/site\/especialistas-alertam-para-riscos-ambientais-de-intervencoes\/\" \/>\n<meta property=\"og:site_name\" content=\"Notibras\" \/>\n<meta property=\"article:publisher\" content=\"https:\/\/www.facebook.com\/notibras\/\" \/>\n<meta property=\"article:published_time\" content=\"2026-03-10T03:27:19+00:00\" \/>\n<meta property=\"article:modified_time\" content=\"2026-03-10T11:28:51+00:00\" \/>\n<meta property=\"og:image\" content=\"https:\/\/www.notibras.com\/site\/wp-content\/uploads\/2026\/03\/d6a3904.webp\" \/>\n\t<meta property=\"og:image:width\" content=\"1170\" \/>\n\t<meta property=\"og:image:height\" content=\"700\" \/>\n\t<meta property=\"og:image:type\" content=\"image\/webp\" \/>\n<meta name=\"author\" content=\"Reda\u00e7\u00e3o\" \/>\n<meta name=\"twitter:card\" content=\"summary_large_image\" \/>\n<meta name=\"twitter:creator\" content=\"@Notibras\" \/>\n<meta name=\"twitter:site\" content=\"@Notibras\" \/>\n<meta name=\"twitter:label1\" content=\"Escrito por\" \/>\n\t<meta name=\"twitter:data1\" content=\"Reda\u00e7\u00e3o\" \/>\n\t<meta name=\"twitter:label2\" content=\"Est. tempo de leitura\" \/>\n\t<meta name=\"twitter:data2\" content=\"4 minutos\" \/>\n<script type=\"application\/ld+json\" class=\"yoast-schema-graph\">{\"@context\":\"https:\/\/schema.org\",\"@graph\":[{\"@type\":\"Article\",\"@id\":\"https:\/\/www.notibras.com\/site\/especialistas-alertam-para-riscos-ambientais-de-intervencoes\/#article\",\"isPartOf\":{\"@id\":\"https:\/\/www.notibras.com\/site\/especialistas-alertam-para-riscos-ambientais-de-intervencoes\/\"},\"author\":{\"name\":\"Reda\u00e7\u00e3o\",\"@id\":\"https:\/\/www.notibras.com\/site\/#\/schema\/person\/36ab0979449956132d3e5b517ea76ac8\"},\"headline\":\"Especialistas alertam para riscos ambientais de interven\u00e7\u00f5es\",\"datePublished\":\"2026-03-10T03:27:19+00:00\",\"dateModified\":\"2026-03-10T11:28:51+00:00\",\"mainEntityOfPage\":{\"@id\":\"https:\/\/www.notibras.com\/site\/especialistas-alertam-para-riscos-ambientais-de-intervencoes\/\"},\"wordCount\":641,\"publisher\":{\"@id\":\"https:\/\/www.notibras.com\/site\/#organization\"},\"image\":{\"@id\":\"https:\/\/www.notibras.com\/site\/especialistas-alertam-para-riscos-ambientais-de-intervencoes\/#primaryimage\"},\"thumbnailUrl\":\"https:\/\/www.notibras.com\/site\/wp-content\/uploads\/2026\/03\/d6a3904.webp\",\"articleSection\":[\"Leitura Vip\"],\"inLanguage\":\"pt-BR\"},{\"@type\":\"WebPage\",\"@id\":\"https:\/\/www.notibras.com\/site\/especialistas-alertam-para-riscos-ambientais-de-intervencoes\/\",\"url\":\"https:\/\/www.notibras.com\/site\/especialistas-alertam-para-riscos-ambientais-de-intervencoes\/\",\"name\":\"Especialistas alertam para riscos ambientais de interven\u00e7\u00f5es - Notibras\",\"isPartOf\":{\"@id\":\"https:\/\/www.notibras.com\/site\/#website\"},\"primaryImageOfPage\":{\"@id\":\"https:\/\/www.notibras.com\/site\/especialistas-alertam-para-riscos-ambientais-de-intervencoes\/#primaryimage\"},\"image\":{\"@id\":\"https:\/\/www.notibras.com\/site\/especialistas-alertam-para-riscos-ambientais-de-intervencoes\/#primaryimage\"},\"thumbnailUrl\":\"https:\/\/www.notibras.com\/site\/wp-content\/uploads\/2026\/03\/d6a3904.webp\",\"datePublished\":\"2026-03-10T03:27:19+00:00\",\"dateModified\":\"2026-03-10T11:28:51+00:00\",\"breadcrumb\":{\"@id\":\"https:\/\/www.notibras.com\/site\/especialistas-alertam-para-riscos-ambientais-de-intervencoes\/#breadcrumb\"},\"inLanguage\":\"pt-BR\",\"potentialAction\":[{\"@type\":\"ReadAction\",\"target\":[\"https:\/\/www.notibras.com\/site\/especialistas-alertam-para-riscos-ambientais-de-intervencoes\/\"]}]},{\"@type\":\"ImageObject\",\"inLanguage\":\"pt-BR\",\"@id\":\"https:\/\/www.notibras.com\/site\/especialistas-alertam-para-riscos-ambientais-de-intervencoes\/#primaryimage\",\"url\":\"https:\/\/www.notibras.com\/site\/wp-content\/uploads\/2026\/03\/d6a3904.webp\",\"contentUrl\":\"https:\/\/www.notibras.com\/site\/wp-content\/uploads\/2026\/03\/d6a3904.webp\",\"width\":1170,\"height\":700},{\"@type\":\"BreadcrumbList\",\"@id\":\"https:\/\/www.notibras.com\/site\/especialistas-alertam-para-riscos-ambientais-de-intervencoes\/#breadcrumb\",\"itemListElement\":[{\"@type\":\"ListItem\",\"position\":1,\"name\":\"In\u00edcio\",\"item\":\"https:\/\/www.notibras.com\/site\/\"},{\"@type\":\"ListItem\",\"position\":2,\"name\":\"Especialistas alertam para riscos ambientais de interven\u00e7\u00f5es\"}]},{\"@type\":\"WebSite\",\"@id\":\"https:\/\/www.notibras.com\/site\/#website\",\"url\":\"https:\/\/www.notibras.com\/site\/\",\"name\":\"Notibras\",\"description\":\"Not\u00edcias de Bras\u00edlia, do Brasil e do Mundo\",\"publisher\":{\"@id\":\"https:\/\/www.notibras.com\/site\/#organization\"},\"potentialAction\":[{\"@type\":\"SearchAction\",\"target\":{\"@type\":\"EntryPoint\",\"urlTemplate\":\"https:\/\/www.notibras.com\/site\/?s={search_term_string}\"},\"query-input\":{\"@type\":\"PropertyValueSpecification\",\"valueRequired\":true,\"valueName\":\"search_term_string\"}}],\"inLanguage\":\"pt-BR\"},{\"@type\":\"Organization\",\"@id\":\"https:\/\/www.notibras.com\/site\/#organization\",\"name\":\"Grupo Notibras de Comunica\u00e7\u00e3o\",\"url\":\"https:\/\/www.notibras.com\/site\/\",\"logo\":{\"@type\":\"ImageObject\",\"inLanguage\":\"pt-BR\",\"@id\":\"https:\/\/www.notibras.com\/site\/#\/schema\/logo\/image\/\",\"url\":\"https:\/\/www.notibras.com\/site\/wp-content\/uploads\/2023\/01\/notibras23.png\",\"contentUrl\":\"https:\/\/www.notibras.com\/site\/wp-content\/uploads\/2023\/01\/notibras23.png\",\"width\":350,\"height\":87,\"caption\":\"Grupo Notibras de Comunica\u00e7\u00e3o\"},\"image\":{\"@id\":\"https:\/\/www.notibras.com\/site\/#\/schema\/logo\/image\/\"},\"sameAs\":[\"https:\/\/www.facebook.com\/notibras\/\",\"https:\/\/x.com\/Notibras\",\"https:\/\/www.instagram.com\/notibras\/\"]},{\"@type\":\"Person\",\"@id\":\"https:\/\/www.notibras.com\/site\/#\/schema\/person\/36ab0979449956132d3e5b517ea76ac8\",\"name\":\"Reda\u00e7\u00e3o\",\"image\":{\"@type\":\"ImageObject\",\"inLanguage\":\"pt-BR\",\"@id\":\"https:\/\/secure.gravatar.com\/avatar\/e0a867bdedb85fd243eadf09663511f96fc81e0720a4a42581f334ad4303aa6b?s=96&d=mm&r=g\",\"url\":\"https:\/\/secure.gravatar.com\/avatar\/e0a867bdedb85fd243eadf09663511f96fc81e0720a4a42581f334ad4303aa6b?s=96&d=mm&r=g\",\"contentUrl\":\"https:\/\/secure.gravatar.com\/avatar\/e0a867bdedb85fd243eadf09663511f96fc81e0720a4a42581f334ad4303aa6b?s=96&d=mm&r=g\",\"caption\":\"Reda\u00e7\u00e3o\"}}]}<\/script>\n<!-- \/ Yoast SEO plugin. -->","yoast_head_json":{"title":"Especialistas alertam para riscos ambientais de interven\u00e7\u00f5es - Notibras","robots":{"index":"index","follow":"follow","max-snippet":"max-snippet:-1","max-image-preview":"max-image-preview:large","max-video-preview":"max-video-preview:-1"},"canonical":"https:\/\/www.notibras.com\/site\/especialistas-alertam-para-riscos-ambientais-de-intervencoes\/","og_locale":"pt_BR","og_type":"article","og_title":"Especialistas alertam para riscos ambientais de interven\u00e7\u00f5es - Notibras","og_description":"Obras como engordas artificiais de praia, molhes de pedra e muros de conten\u00e7\u00e3o t\u00eam se multiplicado para conter o avan\u00e7o do mar no litoral brasileiro. Por\u00e9m, especialistas alertam para efeitos colaterais no meio ambiente e para a necessidade de solu\u00e7\u00f5es baseadas na natureza. Na semana passada, o governo do Paran\u00e1 foi multado pelo Instituto Brasileiro [&hellip;]","og_url":"https:\/\/www.notibras.com\/site\/especialistas-alertam-para-riscos-ambientais-de-intervencoes\/","og_site_name":"Notibras","article_publisher":"https:\/\/www.facebook.com\/notibras\/","article_published_time":"2026-03-10T03:27:19+00:00","article_modified_time":"2026-03-10T11:28:51+00:00","og_image":[{"width":1170,"height":700,"url":"https:\/\/www.notibras.com\/site\/wp-content\/uploads\/2026\/03\/d6a3904.webp","type":"image\/webp"}],"author":"Reda\u00e7\u00e3o","twitter_card":"summary_large_image","twitter_creator":"@Notibras","twitter_site":"@Notibras","twitter_misc":{"Escrito por":"Reda\u00e7\u00e3o","Est. tempo de leitura":"4 minutos"},"schema":{"@context":"https:\/\/schema.org","@graph":[{"@type":"Article","@id":"https:\/\/www.notibras.com\/site\/especialistas-alertam-para-riscos-ambientais-de-intervencoes\/#article","isPartOf":{"@id":"https:\/\/www.notibras.com\/site\/especialistas-alertam-para-riscos-ambientais-de-intervencoes\/"},"author":{"name":"Reda\u00e7\u00e3o","@id":"https:\/\/www.notibras.com\/site\/#\/schema\/person\/36ab0979449956132d3e5b517ea76ac8"},"headline":"Especialistas alertam para riscos ambientais de interven\u00e7\u00f5es","datePublished":"2026-03-10T03:27:19+00:00","dateModified":"2026-03-10T11:28:51+00:00","mainEntityOfPage":{"@id":"https:\/\/www.notibras.com\/site\/especialistas-alertam-para-riscos-ambientais-de-intervencoes\/"},"wordCount":641,"publisher":{"@id":"https:\/\/www.notibras.com\/site\/#organization"},"image":{"@id":"https:\/\/www.notibras.com\/site\/especialistas-alertam-para-riscos-ambientais-de-intervencoes\/#primaryimage"},"thumbnailUrl":"https:\/\/www.notibras.com\/site\/wp-content\/uploads\/2026\/03\/d6a3904.webp","articleSection":["Leitura Vip"],"inLanguage":"pt-BR"},{"@type":"WebPage","@id":"https:\/\/www.notibras.com\/site\/especialistas-alertam-para-riscos-ambientais-de-intervencoes\/","url":"https:\/\/www.notibras.com\/site\/especialistas-alertam-para-riscos-ambientais-de-intervencoes\/","name":"Especialistas alertam para riscos ambientais de interven\u00e7\u00f5es - Notibras","isPartOf":{"@id":"https:\/\/www.notibras.com\/site\/#website"},"primaryImageOfPage":{"@id":"https:\/\/www.notibras.com\/site\/especialistas-alertam-para-riscos-ambientais-de-intervencoes\/#primaryimage"},"image":{"@id":"https:\/\/www.notibras.com\/site\/especialistas-alertam-para-riscos-ambientais-de-intervencoes\/#primaryimage"},"thumbnailUrl":"https:\/\/www.notibras.com\/site\/wp-content\/uploads\/2026\/03\/d6a3904.webp","datePublished":"2026-03-10T03:27:19+00:00","dateModified":"2026-03-10T11:28:51+00:00","breadcrumb":{"@id":"https:\/\/www.notibras.com\/site\/especialistas-alertam-para-riscos-ambientais-de-intervencoes\/#breadcrumb"},"inLanguage":"pt-BR","potentialAction":[{"@type":"ReadAction","target":["https:\/\/www.notibras.com\/site\/especialistas-alertam-para-riscos-ambientais-de-intervencoes\/"]}]},{"@type":"ImageObject","inLanguage":"pt-BR","@id":"https:\/\/www.notibras.com\/site\/especialistas-alertam-para-riscos-ambientais-de-intervencoes\/#primaryimage","url":"https:\/\/www.notibras.com\/site\/wp-content\/uploads\/2026\/03\/d6a3904.webp","contentUrl":"https:\/\/www.notibras.com\/site\/wp-content\/uploads\/2026\/03\/d6a3904.webp","width":1170,"height":700},{"@type":"BreadcrumbList","@id":"https:\/\/www.notibras.com\/site\/especialistas-alertam-para-riscos-ambientais-de-intervencoes\/#breadcrumb","itemListElement":[{"@type":"ListItem","position":1,"name":"In\u00edcio","item":"https:\/\/www.notibras.com\/site\/"},{"@type":"ListItem","position":2,"name":"Especialistas alertam para riscos ambientais de interven\u00e7\u00f5es"}]},{"@type":"WebSite","@id":"https:\/\/www.notibras.com\/site\/#website","url":"https:\/\/www.notibras.com\/site\/","name":"Notibras","description":"Not\u00edcias de Bras\u00edlia, do Brasil e do Mundo","publisher":{"@id":"https:\/\/www.notibras.com\/site\/#organization"},"potentialAction":[{"@type":"SearchAction","target":{"@type":"EntryPoint","urlTemplate":"https:\/\/www.notibras.com\/site\/?s={search_term_string}"},"query-input":{"@type":"PropertyValueSpecification","valueRequired":true,"valueName":"search_term_string"}}],"inLanguage":"pt-BR"},{"@type":"Organization","@id":"https:\/\/www.notibras.com\/site\/#organization","name":"Grupo Notibras de Comunica\u00e7\u00e3o","url":"https:\/\/www.notibras.com\/site\/","logo":{"@type":"ImageObject","inLanguage":"pt-BR","@id":"https:\/\/www.notibras.com\/site\/#\/schema\/logo\/image\/","url":"https:\/\/www.notibras.com\/site\/wp-content\/uploads\/2023\/01\/notibras23.png","contentUrl":"https:\/\/www.notibras.com\/site\/wp-content\/uploads\/2023\/01\/notibras23.png","width":350,"height":87,"caption":"Grupo Notibras de Comunica\u00e7\u00e3o"},"image":{"@id":"https:\/\/www.notibras.com\/site\/#\/schema\/logo\/image\/"},"sameAs":["https:\/\/www.facebook.com\/notibras\/","https:\/\/x.com\/Notibras","https:\/\/www.instagram.com\/notibras\/"]},{"@type":"Person","@id":"https:\/\/www.notibras.com\/site\/#\/schema\/person\/36ab0979449956132d3e5b517ea76ac8","name":"Reda\u00e7\u00e3o","image":{"@type":"ImageObject","inLanguage":"pt-BR","@id":"https:\/\/secure.gravatar.com\/avatar\/e0a867bdedb85fd243eadf09663511f96fc81e0720a4a42581f334ad4303aa6b?s=96&d=mm&r=g","url":"https:\/\/secure.gravatar.com\/avatar\/e0a867bdedb85fd243eadf09663511f96fc81e0720a4a42581f334ad4303aa6b?s=96&d=mm&r=g","contentUrl":"https:\/\/secure.gravatar.com\/avatar\/e0a867bdedb85fd243eadf09663511f96fc81e0720a4a42581f334ad4303aa6b?s=96&d=mm&r=g","caption":"Reda\u00e7\u00e3o"}}]}},"amp_enabled":true,"_links":{"self":[{"href":"https:\/\/www.notibras.com\/site\/wp-json\/wp\/v2\/posts\/386420","targetHints":{"allow":["GET"]}}],"collection":[{"href":"https:\/\/www.notibras.com\/site\/wp-json\/wp\/v2\/posts"}],"about":[{"href":"https:\/\/www.notibras.com\/site\/wp-json\/wp\/v2\/types\/post"}],"author":[{"embeddable":true,"href":"https:\/\/www.notibras.com\/site\/wp-json\/wp\/v2\/users\/2"}],"replies":[{"embeddable":true,"href":"https:\/\/www.notibras.com\/site\/wp-json\/wp\/v2\/comments?post=386420"}],"version-history":[{"count":1,"href":"https:\/\/www.notibras.com\/site\/wp-json\/wp\/v2\/posts\/386420\/revisions"}],"predecessor-version":[{"id":386422,"href":"https:\/\/www.notibras.com\/site\/wp-json\/wp\/v2\/posts\/386420\/revisions\/386422"}],"wp:featuredmedia":[{"embeddable":true,"href":"https:\/\/www.notibras.com\/site\/wp-json\/wp\/v2\/media\/386421"}],"wp:attachment":[{"href":"https:\/\/www.notibras.com\/site\/wp-json\/wp\/v2\/media?parent=386420"}],"wp:term":[{"taxonomy":"category","embeddable":true,"href":"https:\/\/www.notibras.com\/site\/wp-json\/wp\/v2\/categories?post=386420"},{"taxonomy":"post_tag","embeddable":true,"href":"https:\/\/www.notibras.com\/site\/wp-json\/wp\/v2\/tags?post=386420"}],"curies":[{"name":"wp","href":"https:\/\/api.w.org\/{rel}","templated":true}]}}