{"id":386423,"date":"2026-03-10T00:37:17","date_gmt":"2026-03-10T03:37:17","guid":{"rendered":"https:\/\/www.notibras.com\/site\/?p=386423"},"modified":"2026-03-10T08:39:14","modified_gmt":"2026-03-10T11:39:14","slug":"stf-julga-deputados-do-maranhao-e-sergipe-por-corrupcao","status":"publish","type":"post","link":"https:\/\/www.notibras.com\/site\/stf-julga-deputados-do-maranhao-e-sergipe-por-corrupcao\/","title":{"rendered":"STF julga deputados do Maranh\u00e3o e Sergipe por corrup\u00e7\u00e3o"},"content":{"rendered":"<p>A Primeira Turma do Supremo Tribunal Federal (STF) inicia nesta ter\u00e7a-feira (10) o julgamento de dois deputados federais e um suplente do PL pelos crimes de corrup\u00e7\u00e3o passiva e organiza\u00e7\u00e3o criminosa. A sess\u00e3o est\u00e1 prevista para come\u00e7ar \u00e0s 9h.<\/p>\n<p>O colegiado vai julgar a a\u00e7\u00e3o penal na qual s\u00e3o r\u00e9us os parlamentares Josimar Maranh\u00e3ozinho (PL-MA) e Pastor Gil (PL-MA), al\u00e9m do suplente Bosco Costa (PL-SE).<\/p>\n<p>Eles s\u00e3o acusados pela Procuradoria-Geral da Rep\u00fablica (PGR) de cobrarem propina para a libera\u00e7\u00e3o de emendas parlamentares.<\/p>\n<p>Al\u00e9m dos deputados, mais cinco pessoas ligadas aos parlamentares s\u00e3o r\u00e9us no processo e tamb\u00e9m ser\u00e3o julgadas.<\/p>\n<p>De acordo com a PGR, entre janeiro e agosto de 2020, os acusados solicitaram vantagem indevida de R$ 1,6 milh\u00e3o para libera\u00e7\u00e3o de R$ 6,6 milh\u00f5es em emendas para o munic\u00edpio de S\u00e3o Jos\u00e9 de Ribamar (MA).<\/p>\n<p>O caso \u00e9 relatado pelo ministro Cristiano Zanin. Tamb\u00e9m fazem parte da turma os ministros Flavio Dino, Alexandre de Moraes e C\u00e1rmen L\u00facia.<\/p>\n<p><strong>Defesas<\/strong><br \/>\nDurante a tramita\u00e7\u00e3o do processo, a defesa do deputado Josimar Maranh\u00e3ozinho declarou ao Supremo que as acusa\u00e7\u00f5es da PGR contra o parlamentar se &#8220;mostram fr\u00e1geis e desfundamentadas&#8221;.<\/p>\n<p>Os advogados de Bosco Costa defenderam a rejei\u00e7\u00e3o da den\u00fancia por falta de provas. A defesa afirmou ao Supremo que a acusa\u00e7\u00e3o est\u00e1 baseada em &#8220;di\u00e1logos de terceiros e anota\u00e7\u00f5es manuscritas desconhecidas de Bosco&#8221;.<\/p>\n<p>A defesa de Pastor Gil defendeu a ilegalidade das provas obtidas na investiga\u00e7\u00e3o por entender que o caso deveria ter iniciado no STF, e n\u00e3o na Justi\u00e7a Federal do Maranh\u00e3o. Os advogados tamb\u00e9m acrescentaram que a den\u00fancia \u00e9 baseada em &#8220;hip\u00f3teses e conjecturas&#8221;.<\/p>\n","protected":false},"excerpt":{"rendered":"<p>A Primeira Turma do Supremo Tribunal Federal (STF) inicia nesta ter\u00e7a-feira (10) o julgamento de dois deputados federais e um suplente do PL pelos crimes de corrup\u00e7\u00e3o passiva e organiza\u00e7\u00e3o criminosa. A sess\u00e3o est\u00e1 prevista para come\u00e7ar \u00e0s 9h. O colegiado vai julgar a a\u00e7\u00e3o penal na qual s\u00e3o r\u00e9us os parlamentares Josimar Maranh\u00e3ozinho (PL-MA) [&hellip;]<\/p>\n","protected":false},"author":2,"featured_media":200557,"comment_status":"closed","ping_status":"closed","sticky":false,"template":"","format":"standard","meta":{"_acf_changed":false,"footnotes":""},"categories":[165],"tags":[],"class_list":["post-386423","post","type-post","status-publish","format-standard","has-post-thumbnail","hentry","category-nordeste"],"acf":[],"yoast_head":"<!-- This site is optimized with the Yoast SEO plugin v27.2 - https:\/\/yoast.com\/product\/yoast-seo-wordpress\/ -->\n<title>STF julga deputados do Maranh\u00e3o e Sergipe por corrup\u00e7\u00e3o - Notibras<\/title>\n<meta name=\"robots\" content=\"index, follow, max-snippet:-1, max-image-preview:large, max-video-preview:-1\" \/>\n<link rel=\"canonical\" href=\"https:\/\/www.notibras.com\/site\/stf-julga-deputados-do-maranhao-e-sergipe-por-corrupcao\/\" \/>\n<meta property=\"og:locale\" content=\"pt_BR\" \/>\n<meta property=\"og:type\" content=\"article\" \/>\n<meta property=\"og:title\" content=\"STF julga deputados do Maranh\u00e3o e Sergipe por corrup\u00e7\u00e3o - Notibras\" \/>\n<meta property=\"og:description\" content=\"A Primeira Turma do Supremo Tribunal Federal (STF) inicia nesta ter\u00e7a-feira (10) o julgamento de dois deputados federais e um suplente do PL pelos crimes de corrup\u00e7\u00e3o passiva e organiza\u00e7\u00e3o criminosa. A sess\u00e3o est\u00e1 prevista para come\u00e7ar \u00e0s 9h. O colegiado vai julgar a a\u00e7\u00e3o penal na qual s\u00e3o r\u00e9us os parlamentares Josimar Maranh\u00e3ozinho (PL-MA) [&hellip;]\" \/>\n<meta property=\"og:url\" content=\"https:\/\/www.notibras.com\/site\/stf-julga-deputados-do-maranhao-e-sergipe-por-corrupcao\/\" \/>\n<meta property=\"og:site_name\" content=\"Notibras\" \/>\n<meta property=\"article:publisher\" content=\"https:\/\/www.facebook.com\/notibras\/\" \/>\n<meta property=\"article:published_time\" content=\"2026-03-10T03:37:17+00:00\" \/>\n<meta property=\"article:modified_time\" content=\"2026-03-10T11:39:14+00:00\" \/>\n<meta property=\"og:image\" content=\"https:\/\/www.notibras.com\/site\/wp-content\/uploads\/2019\/01\/servidor-corrupto.jpg\" \/>\n\t<meta property=\"og:image:width\" content=\"1260\" \/>\n\t<meta property=\"og:image:height\" content=\"840\" \/>\n\t<meta property=\"og:image:type\" content=\"image\/jpeg\" \/>\n<meta name=\"author\" content=\"Reda\u00e7\u00e3o\" \/>\n<meta name=\"twitter:card\" content=\"summary_large_image\" \/>\n<meta name=\"twitter:creator\" content=\"@Notibras\" \/>\n<meta name=\"twitter:site\" content=\"@Notibras\" \/>\n<meta name=\"twitter:label1\" content=\"Escrito por\" \/>\n\t<meta name=\"twitter:data1\" content=\"Reda\u00e7\u00e3o\" \/>\n\t<meta name=\"twitter:label2\" content=\"Est. tempo de leitura\" \/>\n\t<meta name=\"twitter:data2\" content=\"2 minutos\" \/>\n<script type=\"application\/ld+json\" class=\"yoast-schema-graph\">{\"@context\":\"https:\/\/schema.org\",\"@graph\":[{\"@type\":\"Article\",\"@id\":\"https:\/\/www.notibras.com\/site\/stf-julga-deputados-do-maranhao-e-sergipe-por-corrupcao\/#article\",\"isPartOf\":{\"@id\":\"https:\/\/www.notibras.com\/site\/stf-julga-deputados-do-maranhao-e-sergipe-por-corrupcao\/\"},\"author\":{\"name\":\"Reda\u00e7\u00e3o\",\"@id\":\"https:\/\/www.notibras.com\/site\/#\/schema\/person\/36ab0979449956132d3e5b517ea76ac8\"},\"headline\":\"STF julga deputados do Maranh\u00e3o e Sergipe por corrup\u00e7\u00e3o\",\"datePublished\":\"2026-03-10T03:37:17+00:00\",\"dateModified\":\"2026-03-10T11:39:14+00:00\",\"mainEntityOfPage\":{\"@id\":\"https:\/\/www.notibras.com\/site\/stf-julga-deputados-do-maranhao-e-sergipe-por-corrupcao\/\"},\"wordCount\":311,\"publisher\":{\"@id\":\"https:\/\/www.notibras.com\/site\/#organization\"},\"image\":{\"@id\":\"https:\/\/www.notibras.com\/site\/stf-julga-deputados-do-maranhao-e-sergipe-por-corrupcao\/#primaryimage\"},\"thumbnailUrl\":\"https:\/\/www.notibras.com\/site\/wp-content\/uploads\/2019\/01\/servidor-corrupto.jpg\",\"articleSection\":[\"Nordeste\"],\"inLanguage\":\"pt-BR\"},{\"@type\":\"WebPage\",\"@id\":\"https:\/\/www.notibras.com\/site\/stf-julga-deputados-do-maranhao-e-sergipe-por-corrupcao\/\",\"url\":\"https:\/\/www.notibras.com\/site\/stf-julga-deputados-do-maranhao-e-sergipe-por-corrupcao\/\",\"name\":\"STF julga deputados do Maranh\u00e3o e Sergipe por corrup\u00e7\u00e3o - Notibras\",\"isPartOf\":{\"@id\":\"https:\/\/www.notibras.com\/site\/#website\"},\"primaryImageOfPage\":{\"@id\":\"https:\/\/www.notibras.com\/site\/stf-julga-deputados-do-maranhao-e-sergipe-por-corrupcao\/#primaryimage\"},\"image\":{\"@id\":\"https:\/\/www.notibras.com\/site\/stf-julga-deputados-do-maranhao-e-sergipe-por-corrupcao\/#primaryimage\"},\"thumbnailUrl\":\"https:\/\/www.notibras.com\/site\/wp-content\/uploads\/2019\/01\/servidor-corrupto.jpg\",\"datePublished\":\"2026-03-10T03:37:17+00:00\",\"dateModified\":\"2026-03-10T11:39:14+00:00\",\"breadcrumb\":{\"@id\":\"https:\/\/www.notibras.com\/site\/stf-julga-deputados-do-maranhao-e-sergipe-por-corrupcao\/#breadcrumb\"},\"inLanguage\":\"pt-BR\",\"potentialAction\":[{\"@type\":\"ReadAction\",\"target\":[\"https:\/\/www.notibras.com\/site\/stf-julga-deputados-do-maranhao-e-sergipe-por-corrupcao\/\"]}]},{\"@type\":\"ImageObject\",\"inLanguage\":\"pt-BR\",\"@id\":\"https:\/\/www.notibras.com\/site\/stf-julga-deputados-do-maranhao-e-sergipe-por-corrupcao\/#primaryimage\",\"url\":\"https:\/\/www.notibras.com\/site\/wp-content\/uploads\/2019\/01\/servidor-corrupto.jpg\",\"contentUrl\":\"https:\/\/www.notibras.com\/site\/wp-content\/uploads\/2019\/01\/servidor-corrupto.jpg\",\"width\":1260,\"height\":840},{\"@type\":\"BreadcrumbList\",\"@id\":\"https:\/\/www.notibras.com\/site\/stf-julga-deputados-do-maranhao-e-sergipe-por-corrupcao\/#breadcrumb\",\"itemListElement\":[{\"@type\":\"ListItem\",\"position\":1,\"name\":\"In\u00edcio\",\"item\":\"https:\/\/www.notibras.com\/site\/\"},{\"@type\":\"ListItem\",\"position\":2,\"name\":\"STF julga deputados do Maranh\u00e3o e Sergipe por corrup\u00e7\u00e3o\"}]},{\"@type\":\"WebSite\",\"@id\":\"https:\/\/www.notibras.com\/site\/#website\",\"url\":\"https:\/\/www.notibras.com\/site\/\",\"name\":\"Notibras\",\"description\":\"Not\u00edcias de Bras\u00edlia, do Brasil e do Mundo\",\"publisher\":{\"@id\":\"https:\/\/www.notibras.com\/site\/#organization\"},\"potentialAction\":[{\"@type\":\"SearchAction\",\"target\":{\"@type\":\"EntryPoint\",\"urlTemplate\":\"https:\/\/www.notibras.com\/site\/?s={search_term_string}\"},\"query-input\":{\"@type\":\"PropertyValueSpecification\",\"valueRequired\":true,\"valueName\":\"search_term_string\"}}],\"inLanguage\":\"pt-BR\"},{\"@type\":\"Organization\",\"@id\":\"https:\/\/www.notibras.com\/site\/#organization\",\"name\":\"Grupo Notibras de Comunica\u00e7\u00e3o\",\"url\":\"https:\/\/www.notibras.com\/site\/\",\"logo\":{\"@type\":\"ImageObject\",\"inLanguage\":\"pt-BR\",\"@id\":\"https:\/\/www.notibras.com\/site\/#\/schema\/logo\/image\/\",\"url\":\"https:\/\/www.notibras.com\/site\/wp-content\/uploads\/2023\/01\/notibras23.png\",\"contentUrl\":\"https:\/\/www.notibras.com\/site\/wp-content\/uploads\/2023\/01\/notibras23.png\",\"width\":350,\"height\":87,\"caption\":\"Grupo Notibras de Comunica\u00e7\u00e3o\"},\"image\":{\"@id\":\"https:\/\/www.notibras.com\/site\/#\/schema\/logo\/image\/\"},\"sameAs\":[\"https:\/\/www.facebook.com\/notibras\/\",\"https:\/\/x.com\/Notibras\",\"https:\/\/www.instagram.com\/notibras\/\"]},{\"@type\":\"Person\",\"@id\":\"https:\/\/www.notibras.com\/site\/#\/schema\/person\/36ab0979449956132d3e5b517ea76ac8\",\"name\":\"Reda\u00e7\u00e3o\",\"image\":{\"@type\":\"ImageObject\",\"inLanguage\":\"pt-BR\",\"@id\":\"https:\/\/secure.gravatar.com\/avatar\/e0a867bdedb85fd243eadf09663511f96fc81e0720a4a42581f334ad4303aa6b?s=96&d=mm&r=g\",\"url\":\"https:\/\/secure.gravatar.com\/avatar\/e0a867bdedb85fd243eadf09663511f96fc81e0720a4a42581f334ad4303aa6b?s=96&d=mm&r=g\",\"contentUrl\":\"https:\/\/secure.gravatar.com\/avatar\/e0a867bdedb85fd243eadf09663511f96fc81e0720a4a42581f334ad4303aa6b?s=96&d=mm&r=g\",\"caption\":\"Reda\u00e7\u00e3o\"}}]}<\/script>\n<!-- \/ Yoast SEO plugin. -->","yoast_head_json":{"title":"STF julga deputados do Maranh\u00e3o e Sergipe por corrup\u00e7\u00e3o - Notibras","robots":{"index":"index","follow":"follow","max-snippet":"max-snippet:-1","max-image-preview":"max-image-preview:large","max-video-preview":"max-video-preview:-1"},"canonical":"https:\/\/www.notibras.com\/site\/stf-julga-deputados-do-maranhao-e-sergipe-por-corrupcao\/","og_locale":"pt_BR","og_type":"article","og_title":"STF julga deputados do Maranh\u00e3o e Sergipe por corrup\u00e7\u00e3o - Notibras","og_description":"A Primeira Turma do Supremo Tribunal Federal (STF) inicia nesta ter\u00e7a-feira (10) o julgamento de dois deputados federais e um suplente do PL pelos crimes de corrup\u00e7\u00e3o passiva e organiza\u00e7\u00e3o criminosa. A sess\u00e3o est\u00e1 prevista para come\u00e7ar \u00e0s 9h. O colegiado vai julgar a a\u00e7\u00e3o penal na qual s\u00e3o r\u00e9us os parlamentares Josimar Maranh\u00e3ozinho (PL-MA) [&hellip;]","og_url":"https:\/\/www.notibras.com\/site\/stf-julga-deputados-do-maranhao-e-sergipe-por-corrupcao\/","og_site_name":"Notibras","article_publisher":"https:\/\/www.facebook.com\/notibras\/","article_published_time":"2026-03-10T03:37:17+00:00","article_modified_time":"2026-03-10T11:39:14+00:00","og_image":[{"width":1260,"height":840,"url":"https:\/\/www.notibras.com\/site\/wp-content\/uploads\/2019\/01\/servidor-corrupto.jpg","type":"image\/jpeg"}],"author":"Reda\u00e7\u00e3o","twitter_card":"summary_large_image","twitter_creator":"@Notibras","twitter_site":"@Notibras","twitter_misc":{"Escrito por":"Reda\u00e7\u00e3o","Est. tempo de leitura":"2 minutos"},"schema":{"@context":"https:\/\/schema.org","@graph":[{"@type":"Article","@id":"https:\/\/www.notibras.com\/site\/stf-julga-deputados-do-maranhao-e-sergipe-por-corrupcao\/#article","isPartOf":{"@id":"https:\/\/www.notibras.com\/site\/stf-julga-deputados-do-maranhao-e-sergipe-por-corrupcao\/"},"author":{"name":"Reda\u00e7\u00e3o","@id":"https:\/\/www.notibras.com\/site\/#\/schema\/person\/36ab0979449956132d3e5b517ea76ac8"},"headline":"STF julga deputados do Maranh\u00e3o e Sergipe por corrup\u00e7\u00e3o","datePublished":"2026-03-10T03:37:17+00:00","dateModified":"2026-03-10T11:39:14+00:00","mainEntityOfPage":{"@id":"https:\/\/www.notibras.com\/site\/stf-julga-deputados-do-maranhao-e-sergipe-por-corrupcao\/"},"wordCount":311,"publisher":{"@id":"https:\/\/www.notibras.com\/site\/#organization"},"image":{"@id":"https:\/\/www.notibras.com\/site\/stf-julga-deputados-do-maranhao-e-sergipe-por-corrupcao\/#primaryimage"},"thumbnailUrl":"https:\/\/www.notibras.com\/site\/wp-content\/uploads\/2019\/01\/servidor-corrupto.jpg","articleSection":["Nordeste"],"inLanguage":"pt-BR"},{"@type":"WebPage","@id":"https:\/\/www.notibras.com\/site\/stf-julga-deputados-do-maranhao-e-sergipe-por-corrupcao\/","url":"https:\/\/www.notibras.com\/site\/stf-julga-deputados-do-maranhao-e-sergipe-por-corrupcao\/","name":"STF julga deputados do Maranh\u00e3o e Sergipe por corrup\u00e7\u00e3o - Notibras","isPartOf":{"@id":"https:\/\/www.notibras.com\/site\/#website"},"primaryImageOfPage":{"@id":"https:\/\/www.notibras.com\/site\/stf-julga-deputados-do-maranhao-e-sergipe-por-corrupcao\/#primaryimage"},"image":{"@id":"https:\/\/www.notibras.com\/site\/stf-julga-deputados-do-maranhao-e-sergipe-por-corrupcao\/#primaryimage"},"thumbnailUrl":"https:\/\/www.notibras.com\/site\/wp-content\/uploads\/2019\/01\/servidor-corrupto.jpg","datePublished":"2026-03-10T03:37:17+00:00","dateModified":"2026-03-10T11:39:14+00:00","breadcrumb":{"@id":"https:\/\/www.notibras.com\/site\/stf-julga-deputados-do-maranhao-e-sergipe-por-corrupcao\/#breadcrumb"},"inLanguage":"pt-BR","potentialAction":[{"@type":"ReadAction","target":["https:\/\/www.notibras.com\/site\/stf-julga-deputados-do-maranhao-e-sergipe-por-corrupcao\/"]}]},{"@type":"ImageObject","inLanguage":"pt-BR","@id":"https:\/\/www.notibras.com\/site\/stf-julga-deputados-do-maranhao-e-sergipe-por-corrupcao\/#primaryimage","url":"https:\/\/www.notibras.com\/site\/wp-content\/uploads\/2019\/01\/servidor-corrupto.jpg","contentUrl":"https:\/\/www.notibras.com\/site\/wp-content\/uploads\/2019\/01\/servidor-corrupto.jpg","width":1260,"height":840},{"@type":"BreadcrumbList","@id":"https:\/\/www.notibras.com\/site\/stf-julga-deputados-do-maranhao-e-sergipe-por-corrupcao\/#breadcrumb","itemListElement":[{"@type":"ListItem","position":1,"name":"In\u00edcio","item":"https:\/\/www.notibras.com\/site\/"},{"@type":"ListItem","position":2,"name":"STF julga deputados do Maranh\u00e3o e Sergipe por corrup\u00e7\u00e3o"}]},{"@type":"WebSite","@id":"https:\/\/www.notibras.com\/site\/#website","url":"https:\/\/www.notibras.com\/site\/","name":"Notibras","description":"Not\u00edcias de Bras\u00edlia, do Brasil e do Mundo","publisher":{"@id":"https:\/\/www.notibras.com\/site\/#organization"},"potentialAction":[{"@type":"SearchAction","target":{"@type":"EntryPoint","urlTemplate":"https:\/\/www.notibras.com\/site\/?s={search_term_string}"},"query-input":{"@type":"PropertyValueSpecification","valueRequired":true,"valueName":"search_term_string"}}],"inLanguage":"pt-BR"},{"@type":"Organization","@id":"https:\/\/www.notibras.com\/site\/#organization","name":"Grupo Notibras de Comunica\u00e7\u00e3o","url":"https:\/\/www.notibras.com\/site\/","logo":{"@type":"ImageObject","inLanguage":"pt-BR","@id":"https:\/\/www.notibras.com\/site\/#\/schema\/logo\/image\/","url":"https:\/\/www.notibras.com\/site\/wp-content\/uploads\/2023\/01\/notibras23.png","contentUrl":"https:\/\/www.notibras.com\/site\/wp-content\/uploads\/2023\/01\/notibras23.png","width":350,"height":87,"caption":"Grupo Notibras de Comunica\u00e7\u00e3o"},"image":{"@id":"https:\/\/www.notibras.com\/site\/#\/schema\/logo\/image\/"},"sameAs":["https:\/\/www.facebook.com\/notibras\/","https:\/\/x.com\/Notibras","https:\/\/www.instagram.com\/notibras\/"]},{"@type":"Person","@id":"https:\/\/www.notibras.com\/site\/#\/schema\/person\/36ab0979449956132d3e5b517ea76ac8","name":"Reda\u00e7\u00e3o","image":{"@type":"ImageObject","inLanguage":"pt-BR","@id":"https:\/\/secure.gravatar.com\/avatar\/e0a867bdedb85fd243eadf09663511f96fc81e0720a4a42581f334ad4303aa6b?s=96&d=mm&r=g","url":"https:\/\/secure.gravatar.com\/avatar\/e0a867bdedb85fd243eadf09663511f96fc81e0720a4a42581f334ad4303aa6b?s=96&d=mm&r=g","contentUrl":"https:\/\/secure.gravatar.com\/avatar\/e0a867bdedb85fd243eadf09663511f96fc81e0720a4a42581f334ad4303aa6b?s=96&d=mm&r=g","caption":"Reda\u00e7\u00e3o"}}]}},"amp_enabled":true,"_links":{"self":[{"href":"https:\/\/www.notibras.com\/site\/wp-json\/wp\/v2\/posts\/386423","targetHints":{"allow":["GET"]}}],"collection":[{"href":"https:\/\/www.notibras.com\/site\/wp-json\/wp\/v2\/posts"}],"about":[{"href":"https:\/\/www.notibras.com\/site\/wp-json\/wp\/v2\/types\/post"}],"author":[{"embeddable":true,"href":"https:\/\/www.notibras.com\/site\/wp-json\/wp\/v2\/users\/2"}],"replies":[{"embeddable":true,"href":"https:\/\/www.notibras.com\/site\/wp-json\/wp\/v2\/comments?post=386423"}],"version-history":[{"count":1,"href":"https:\/\/www.notibras.com\/site\/wp-json\/wp\/v2\/posts\/386423\/revisions"}],"predecessor-version":[{"id":386424,"href":"https:\/\/www.notibras.com\/site\/wp-json\/wp\/v2\/posts\/386423\/revisions\/386424"}],"wp:featuredmedia":[{"embeddable":true,"href":"https:\/\/www.notibras.com\/site\/wp-json\/wp\/v2\/media\/200557"}],"wp:attachment":[{"href":"https:\/\/www.notibras.com\/site\/wp-json\/wp\/v2\/media?parent=386423"}],"wp:term":[{"taxonomy":"category","embeddable":true,"href":"https:\/\/www.notibras.com\/site\/wp-json\/wp\/v2\/categories?post=386423"},{"taxonomy":"post_tag","embeddable":true,"href":"https:\/\/www.notibras.com\/site\/wp-json\/wp\/v2\/tags?post=386423"}],"curies":[{"name":"wp","href":"https:\/\/api.w.org\/{rel}","templated":true}]}}