{"id":386425,"date":"2026-03-11T00:15:37","date_gmt":"2026-03-11T03:15:37","guid":{"rendered":"https:\/\/www.notibras.com\/site\/?p=386425"},"modified":"2026-03-10T10:59:38","modified_gmt":"2026-03-10T13:59:38","slug":"agentes-de-vigilancia-ambiental-recebem-mais-de-680-tablets","status":"publish","type":"post","link":"https:\/\/www.notibras.com\/site\/agentes-de-vigilancia-ambiental-recebem-mais-de-680-tablets\/","title":{"rendered":"Agentes de Vigil\u00e2ncia Ambiental recebem mais de 680 tablets"},"content":{"rendered":"<p>Os profissionais da <a href=\"https:\/\/www.saude.df.gov.br\/servicos-dival\">Diretoria de Vigil\u00e2ncia Ambiental em Sa\u00fade (Dival)<\/a>, da Secretaria de Sa\u00fade (SES-DF), ter\u00e3o \u00e0 disposi\u00e7\u00e3o mais de 680 tablets para o desempenho de suas atividades. A primeira remessa, com 170 novos aparelhos destinados aos agentes de Vigil\u00e2ncia Ambiental em Sa\u00fade (Avas), est\u00e1 sendo distribu\u00edda a equipes de Ceil\u00e2ndia e do N\u00facleo Bandeirante.<\/p>\n<p>A tecnologia serve, principalmente, para o registro em tempo real das visitas domiciliares. Al\u00e9m disso, a ferramenta permite a localiza\u00e7\u00e3o precisa dos poss\u00edveis focos de Aedes aegypti identificados pelos <a href=\"https:\/\/www.saude.df.gov.br\/w\/drones-refor%C3%A7am-combate-ao-mosquito-da-dengue-no-df\">drones utilizados<\/a> pela SES-DF no mapeamento de determinadas regi\u00f5es. \u201cOs tablets representam a nossa entrada no mundo digital\u201d, resume o titular da Dival, Edvar Schubach.<\/p>\n<p>A entrega dos equipamentos \u00e9 acompanhada de breves instru\u00e7\u00f5es sobre as funcionalidades e a utiliza\u00e7\u00e3o do aparelho. Nesta ter\u00e7a-feira (10), como parte dos preparativos para a utiliza\u00e7\u00e3o, ser\u00e1 feito um treinamento junto \u00e0 Secretaria do Meio Ambiente (Sema-DF) sobre o sistema de informa\u00e7\u00f5es ambientais do Distrito Federal.<br \/>\nTransforma\u00e7\u00e3o digital<\/p>\n<p>A a\u00e7\u00e3o faz parte da estrat\u00e9gia do Governo do Distrito Federal (GDF) para a transforma\u00e7\u00e3o digital da Aten\u00e7\u00e3o Prim\u00e1ria \u00e0 Sa\u00fade (APS). <a href=\"https:\/\/www.saude.df.gov.br\/w\/gdf-utiliza-1-6-mil-tablets-para-agilizar-cuidado-%C3%A0-sa%C3%BAde-da-popula%C3%A7%C3%A3o\">Mais de 1,6 mil tablets<\/a> j\u00e1 s\u00e3o usados por agentes comunit\u00e1rios de sa\u00fade (ACSs), equipes de Consult\u00f3rio na Rua (eCR) e profissionais que realizam a\u00e7\u00f5es fora das unidades SES-DF.<\/p>\n<p>\u201cNa pr\u00e1tica, isso se traduz em mais tempo para o cuidado direto \u00e0 popula\u00e7\u00e3o e maior qualidade da informa\u00e7\u00e3o para gest\u00e3o em sa\u00fade\u201d, ressalta o secret\u00e1rio de Sa\u00fade do DF, Juracy Lacerda.<\/p>\n","protected":false},"excerpt":{"rendered":"<p>Os profissionais da Diretoria de Vigil\u00e2ncia Ambiental em Sa\u00fade (Dival), da Secretaria de Sa\u00fade (SES-DF), ter\u00e3o \u00e0 disposi\u00e7\u00e3o mais de 680 tablets para o desempenho de suas atividades. A primeira remessa, com 170 novos aparelhos destinados aos agentes de Vigil\u00e2ncia Ambiental em Sa\u00fade (Avas), est\u00e1 sendo distribu\u00edda a equipes de Ceil\u00e2ndia e do N\u00facleo Bandeirante. [&hellip;]<\/p>\n","protected":false},"author":21,"featured_media":386426,"comment_status":"closed","ping_status":"closed","sticky":false,"template":"","format":"standard","meta":{"_acf_changed":false,"footnotes":""},"categories":[161],"tags":[],"class_list":["post-386425","post","type-post","status-publish","format-standard","has-post-thumbnail","hentry","category-quadradinho-em-foco"],"acf":[],"yoast_head":"<!-- This site is optimized with the Yoast SEO plugin v27.2 - https:\/\/yoast.com\/product\/yoast-seo-wordpress\/ -->\n<title>Agentes de Vigil\u00e2ncia Ambiental recebem mais de 680 tablets - Notibras<\/title>\n<meta name=\"robots\" content=\"index, follow, max-snippet:-1, max-image-preview:large, max-video-preview:-1\" \/>\n<link rel=\"canonical\" href=\"https:\/\/www.notibras.com\/site\/agentes-de-vigilancia-ambiental-recebem-mais-de-680-tablets\/\" \/>\n<meta property=\"og:locale\" content=\"pt_BR\" \/>\n<meta property=\"og:type\" content=\"article\" \/>\n<meta property=\"og:title\" content=\"Agentes de Vigil\u00e2ncia Ambiental recebem mais de 680 tablets - Notibras\" \/>\n<meta property=\"og:description\" content=\"Os profissionais da Diretoria de Vigil\u00e2ncia Ambiental em Sa\u00fade (Dival), da Secretaria de Sa\u00fade (SES-DF), ter\u00e3o \u00e0 disposi\u00e7\u00e3o mais de 680 tablets para o desempenho de suas atividades. A primeira remessa, com 170 novos aparelhos destinados aos agentes de Vigil\u00e2ncia Ambiental em Sa\u00fade (Avas), est\u00e1 sendo distribu\u00edda a equipes de Ceil\u00e2ndia e do N\u00facleo Bandeirante. [&hellip;]\" \/>\n<meta property=\"og:url\" content=\"https:\/\/www.notibras.com\/site\/agentes-de-vigilancia-ambiental-recebem-mais-de-680-tablets\/\" \/>\n<meta property=\"og:site_name\" content=\"Notibras\" \/>\n<meta property=\"article:publisher\" content=\"https:\/\/www.facebook.com\/notibras\/\" \/>\n<meta property=\"article:published_time\" content=\"2026-03-11T03:15:37+00:00\" \/>\n<meta property=\"og:image\" content=\"https:\/\/www.notibras.com\/site\/wp-content\/uploads\/2026\/03\/WhatsApp-Image-2026-03-10-at-09.49.08.jpeg\" \/>\n\t<meta property=\"og:image:width\" content=\"1600\" \/>\n\t<meta property=\"og:image:height\" content=\"1064\" \/>\n\t<meta property=\"og:image:type\" content=\"image\/jpeg\" \/>\n<meta name=\"author\" content=\"Eduardo Mart\u00ednez\" \/>\n<meta name=\"twitter:card\" content=\"summary_large_image\" \/>\n<meta name=\"twitter:creator\" content=\"@Notibras\" \/>\n<meta name=\"twitter:site\" content=\"@Notibras\" \/>\n<meta name=\"twitter:label1\" content=\"Escrito por\" \/>\n\t<meta name=\"twitter:data1\" content=\"Eduardo Mart\u00ednez\" \/>\n\t<meta name=\"twitter:label2\" content=\"Est. tempo de leitura\" \/>\n\t<meta name=\"twitter:data2\" content=\"2 minutos\" \/>\n<script type=\"application\/ld+json\" class=\"yoast-schema-graph\">{\"@context\":\"https:\/\/schema.org\",\"@graph\":[{\"@type\":\"Article\",\"@id\":\"https:\/\/www.notibras.com\/site\/agentes-de-vigilancia-ambiental-recebem-mais-de-680-tablets\/#article\",\"isPartOf\":{\"@id\":\"https:\/\/www.notibras.com\/site\/agentes-de-vigilancia-ambiental-recebem-mais-de-680-tablets\/\"},\"author\":{\"name\":\"Eduardo Mart\u00ednez\",\"@id\":\"https:\/\/www.notibras.com\/site\/#\/schema\/person\/5b7fabf2aedc3ada2105f03b22b4d3dd\"},\"headline\":\"Agentes de Vigil\u00e2ncia Ambiental recebem mais de 680 tablets\",\"datePublished\":\"2026-03-11T03:15:37+00:00\",\"mainEntityOfPage\":{\"@id\":\"https:\/\/www.notibras.com\/site\/agentes-de-vigilancia-ambiental-recebem-mais-de-680-tablets\/\"},\"wordCount\":279,\"publisher\":{\"@id\":\"https:\/\/www.notibras.com\/site\/#organization\"},\"image\":{\"@id\":\"https:\/\/www.notibras.com\/site\/agentes-de-vigilancia-ambiental-recebem-mais-de-680-tablets\/#primaryimage\"},\"thumbnailUrl\":\"https:\/\/www.notibras.com\/site\/wp-content\/uploads\/2026\/03\/WhatsApp-Image-2026-03-10-at-09.49.08.jpeg\",\"articleSection\":[\"Quadradinho em Foco\"],\"inLanguage\":\"pt-BR\"},{\"@type\":\"WebPage\",\"@id\":\"https:\/\/www.notibras.com\/site\/agentes-de-vigilancia-ambiental-recebem-mais-de-680-tablets\/\",\"url\":\"https:\/\/www.notibras.com\/site\/agentes-de-vigilancia-ambiental-recebem-mais-de-680-tablets\/\",\"name\":\"Agentes de Vigil\u00e2ncia Ambiental recebem mais de 680 tablets - Notibras\",\"isPartOf\":{\"@id\":\"https:\/\/www.notibras.com\/site\/#website\"},\"primaryImageOfPage\":{\"@id\":\"https:\/\/www.notibras.com\/site\/agentes-de-vigilancia-ambiental-recebem-mais-de-680-tablets\/#primaryimage\"},\"image\":{\"@id\":\"https:\/\/www.notibras.com\/site\/agentes-de-vigilancia-ambiental-recebem-mais-de-680-tablets\/#primaryimage\"},\"thumbnailUrl\":\"https:\/\/www.notibras.com\/site\/wp-content\/uploads\/2026\/03\/WhatsApp-Image-2026-03-10-at-09.49.08.jpeg\",\"datePublished\":\"2026-03-11T03:15:37+00:00\",\"breadcrumb\":{\"@id\":\"https:\/\/www.notibras.com\/site\/agentes-de-vigilancia-ambiental-recebem-mais-de-680-tablets\/#breadcrumb\"},\"inLanguage\":\"pt-BR\",\"potentialAction\":[{\"@type\":\"ReadAction\",\"target\":[\"https:\/\/www.notibras.com\/site\/agentes-de-vigilancia-ambiental-recebem-mais-de-680-tablets\/\"]}]},{\"@type\":\"ImageObject\",\"inLanguage\":\"pt-BR\",\"@id\":\"https:\/\/www.notibras.com\/site\/agentes-de-vigilancia-ambiental-recebem-mais-de-680-tablets\/#primaryimage\",\"url\":\"https:\/\/www.notibras.com\/site\/wp-content\/uploads\/2026\/03\/WhatsApp-Image-2026-03-10-at-09.49.08.jpeg\",\"contentUrl\":\"https:\/\/www.notibras.com\/site\/wp-content\/uploads\/2026\/03\/WhatsApp-Image-2026-03-10-at-09.49.08.jpeg\",\"width\":1600,\"height\":1064},{\"@type\":\"BreadcrumbList\",\"@id\":\"https:\/\/www.notibras.com\/site\/agentes-de-vigilancia-ambiental-recebem-mais-de-680-tablets\/#breadcrumb\",\"itemListElement\":[{\"@type\":\"ListItem\",\"position\":1,\"name\":\"In\u00edcio\",\"item\":\"https:\/\/www.notibras.com\/site\/\"},{\"@type\":\"ListItem\",\"position\":2,\"name\":\"Agentes de Vigil\u00e2ncia Ambiental recebem mais de 680 tablets\"}]},{\"@type\":\"WebSite\",\"@id\":\"https:\/\/www.notibras.com\/site\/#website\",\"url\":\"https:\/\/www.notibras.com\/site\/\",\"name\":\"Notibras\",\"description\":\"Not\u00edcias de Bras\u00edlia, do Brasil e do Mundo\",\"publisher\":{\"@id\":\"https:\/\/www.notibras.com\/site\/#organization\"},\"potentialAction\":[{\"@type\":\"SearchAction\",\"target\":{\"@type\":\"EntryPoint\",\"urlTemplate\":\"https:\/\/www.notibras.com\/site\/?s={search_term_string}\"},\"query-input\":{\"@type\":\"PropertyValueSpecification\",\"valueRequired\":true,\"valueName\":\"search_term_string\"}}],\"inLanguage\":\"pt-BR\"},{\"@type\":\"Organization\",\"@id\":\"https:\/\/www.notibras.com\/site\/#organization\",\"name\":\"Grupo Notibras de Comunica\u00e7\u00e3o\",\"url\":\"https:\/\/www.notibras.com\/site\/\",\"logo\":{\"@type\":\"ImageObject\",\"inLanguage\":\"pt-BR\",\"@id\":\"https:\/\/www.notibras.com\/site\/#\/schema\/logo\/image\/\",\"url\":\"https:\/\/www.notibras.com\/site\/wp-content\/uploads\/2023\/01\/notibras23.png\",\"contentUrl\":\"https:\/\/www.notibras.com\/site\/wp-content\/uploads\/2023\/01\/notibras23.png\",\"width\":350,\"height\":87,\"caption\":\"Grupo Notibras de Comunica\u00e7\u00e3o\"},\"image\":{\"@id\":\"https:\/\/www.notibras.com\/site\/#\/schema\/logo\/image\/\"},\"sameAs\":[\"https:\/\/www.facebook.com\/notibras\/\",\"https:\/\/x.com\/Notibras\",\"https:\/\/www.instagram.com\/notibras\/\"]},{\"@type\":\"Person\",\"@id\":\"https:\/\/www.notibras.com\/site\/#\/schema\/person\/5b7fabf2aedc3ada2105f03b22b4d3dd\",\"name\":\"Eduardo Mart\u00ednez\",\"image\":{\"@type\":\"ImageObject\",\"inLanguage\":\"pt-BR\",\"@id\":\"https:\/\/secure.gravatar.com\/avatar\/7902f906289926289cbcda644b5197c796b893c6ffd7b9a536a42d290f7704a0?s=96&d=mm&r=g\",\"url\":\"https:\/\/secure.gravatar.com\/avatar\/7902f906289926289cbcda644b5197c796b893c6ffd7b9a536a42d290f7704a0?s=96&d=mm&r=g\",\"contentUrl\":\"https:\/\/secure.gravatar.com\/avatar\/7902f906289926289cbcda644b5197c796b893c6ffd7b9a536a42d290f7704a0?s=96&d=mm&r=g\",\"caption\":\"Eduardo Mart\u00ednez\"}}]}<\/script>\n<!-- \/ Yoast SEO plugin. -->","yoast_head_json":{"title":"Agentes de Vigil\u00e2ncia Ambiental recebem mais de 680 tablets - Notibras","robots":{"index":"index","follow":"follow","max-snippet":"max-snippet:-1","max-image-preview":"max-image-preview:large","max-video-preview":"max-video-preview:-1"},"canonical":"https:\/\/www.notibras.com\/site\/agentes-de-vigilancia-ambiental-recebem-mais-de-680-tablets\/","og_locale":"pt_BR","og_type":"article","og_title":"Agentes de Vigil\u00e2ncia Ambiental recebem mais de 680 tablets - Notibras","og_description":"Os profissionais da Diretoria de Vigil\u00e2ncia Ambiental em Sa\u00fade (Dival), da Secretaria de Sa\u00fade (SES-DF), ter\u00e3o \u00e0 disposi\u00e7\u00e3o mais de 680 tablets para o desempenho de suas atividades. A primeira remessa, com 170 novos aparelhos destinados aos agentes de Vigil\u00e2ncia Ambiental em Sa\u00fade (Avas), est\u00e1 sendo distribu\u00edda a equipes de Ceil\u00e2ndia e do N\u00facleo Bandeirante. [&hellip;]","og_url":"https:\/\/www.notibras.com\/site\/agentes-de-vigilancia-ambiental-recebem-mais-de-680-tablets\/","og_site_name":"Notibras","article_publisher":"https:\/\/www.facebook.com\/notibras\/","article_published_time":"2026-03-11T03:15:37+00:00","og_image":[{"width":1600,"height":1064,"url":"https:\/\/www.notibras.com\/site\/wp-content\/uploads\/2026\/03\/WhatsApp-Image-2026-03-10-at-09.49.08.jpeg","type":"image\/jpeg"}],"author":"Eduardo Mart\u00ednez","twitter_card":"summary_large_image","twitter_creator":"@Notibras","twitter_site":"@Notibras","twitter_misc":{"Escrito por":"Eduardo Mart\u00ednez","Est. tempo de leitura":"2 minutos"},"schema":{"@context":"https:\/\/schema.org","@graph":[{"@type":"Article","@id":"https:\/\/www.notibras.com\/site\/agentes-de-vigilancia-ambiental-recebem-mais-de-680-tablets\/#article","isPartOf":{"@id":"https:\/\/www.notibras.com\/site\/agentes-de-vigilancia-ambiental-recebem-mais-de-680-tablets\/"},"author":{"name":"Eduardo Mart\u00ednez","@id":"https:\/\/www.notibras.com\/site\/#\/schema\/person\/5b7fabf2aedc3ada2105f03b22b4d3dd"},"headline":"Agentes de Vigil\u00e2ncia Ambiental recebem mais de 680 tablets","datePublished":"2026-03-11T03:15:37+00:00","mainEntityOfPage":{"@id":"https:\/\/www.notibras.com\/site\/agentes-de-vigilancia-ambiental-recebem-mais-de-680-tablets\/"},"wordCount":279,"publisher":{"@id":"https:\/\/www.notibras.com\/site\/#organization"},"image":{"@id":"https:\/\/www.notibras.com\/site\/agentes-de-vigilancia-ambiental-recebem-mais-de-680-tablets\/#primaryimage"},"thumbnailUrl":"https:\/\/www.notibras.com\/site\/wp-content\/uploads\/2026\/03\/WhatsApp-Image-2026-03-10-at-09.49.08.jpeg","articleSection":["Quadradinho em Foco"],"inLanguage":"pt-BR"},{"@type":"WebPage","@id":"https:\/\/www.notibras.com\/site\/agentes-de-vigilancia-ambiental-recebem-mais-de-680-tablets\/","url":"https:\/\/www.notibras.com\/site\/agentes-de-vigilancia-ambiental-recebem-mais-de-680-tablets\/","name":"Agentes de Vigil\u00e2ncia Ambiental recebem mais de 680 tablets - Notibras","isPartOf":{"@id":"https:\/\/www.notibras.com\/site\/#website"},"primaryImageOfPage":{"@id":"https:\/\/www.notibras.com\/site\/agentes-de-vigilancia-ambiental-recebem-mais-de-680-tablets\/#primaryimage"},"image":{"@id":"https:\/\/www.notibras.com\/site\/agentes-de-vigilancia-ambiental-recebem-mais-de-680-tablets\/#primaryimage"},"thumbnailUrl":"https:\/\/www.notibras.com\/site\/wp-content\/uploads\/2026\/03\/WhatsApp-Image-2026-03-10-at-09.49.08.jpeg","datePublished":"2026-03-11T03:15:37+00:00","breadcrumb":{"@id":"https:\/\/www.notibras.com\/site\/agentes-de-vigilancia-ambiental-recebem-mais-de-680-tablets\/#breadcrumb"},"inLanguage":"pt-BR","potentialAction":[{"@type":"ReadAction","target":["https:\/\/www.notibras.com\/site\/agentes-de-vigilancia-ambiental-recebem-mais-de-680-tablets\/"]}]},{"@type":"ImageObject","inLanguage":"pt-BR","@id":"https:\/\/www.notibras.com\/site\/agentes-de-vigilancia-ambiental-recebem-mais-de-680-tablets\/#primaryimage","url":"https:\/\/www.notibras.com\/site\/wp-content\/uploads\/2026\/03\/WhatsApp-Image-2026-03-10-at-09.49.08.jpeg","contentUrl":"https:\/\/www.notibras.com\/site\/wp-content\/uploads\/2026\/03\/WhatsApp-Image-2026-03-10-at-09.49.08.jpeg","width":1600,"height":1064},{"@type":"BreadcrumbList","@id":"https:\/\/www.notibras.com\/site\/agentes-de-vigilancia-ambiental-recebem-mais-de-680-tablets\/#breadcrumb","itemListElement":[{"@type":"ListItem","position":1,"name":"In\u00edcio","item":"https:\/\/www.notibras.com\/site\/"},{"@type":"ListItem","position":2,"name":"Agentes de Vigil\u00e2ncia Ambiental recebem mais de 680 tablets"}]},{"@type":"WebSite","@id":"https:\/\/www.notibras.com\/site\/#website","url":"https:\/\/www.notibras.com\/site\/","name":"Notibras","description":"Not\u00edcias de Bras\u00edlia, do Brasil e do Mundo","publisher":{"@id":"https:\/\/www.notibras.com\/site\/#organization"},"potentialAction":[{"@type":"SearchAction","target":{"@type":"EntryPoint","urlTemplate":"https:\/\/www.notibras.com\/site\/?s={search_term_string}"},"query-input":{"@type":"PropertyValueSpecification","valueRequired":true,"valueName":"search_term_string"}}],"inLanguage":"pt-BR"},{"@type":"Organization","@id":"https:\/\/www.notibras.com\/site\/#organization","name":"Grupo Notibras de Comunica\u00e7\u00e3o","url":"https:\/\/www.notibras.com\/site\/","logo":{"@type":"ImageObject","inLanguage":"pt-BR","@id":"https:\/\/www.notibras.com\/site\/#\/schema\/logo\/image\/","url":"https:\/\/www.notibras.com\/site\/wp-content\/uploads\/2023\/01\/notibras23.png","contentUrl":"https:\/\/www.notibras.com\/site\/wp-content\/uploads\/2023\/01\/notibras23.png","width":350,"height":87,"caption":"Grupo Notibras de Comunica\u00e7\u00e3o"},"image":{"@id":"https:\/\/www.notibras.com\/site\/#\/schema\/logo\/image\/"},"sameAs":["https:\/\/www.facebook.com\/notibras\/","https:\/\/x.com\/Notibras","https:\/\/www.instagram.com\/notibras\/"]},{"@type":"Person","@id":"https:\/\/www.notibras.com\/site\/#\/schema\/person\/5b7fabf2aedc3ada2105f03b22b4d3dd","name":"Eduardo Mart\u00ednez","image":{"@type":"ImageObject","inLanguage":"pt-BR","@id":"https:\/\/secure.gravatar.com\/avatar\/7902f906289926289cbcda644b5197c796b893c6ffd7b9a536a42d290f7704a0?s=96&d=mm&r=g","url":"https:\/\/secure.gravatar.com\/avatar\/7902f906289926289cbcda644b5197c796b893c6ffd7b9a536a42d290f7704a0?s=96&d=mm&r=g","contentUrl":"https:\/\/secure.gravatar.com\/avatar\/7902f906289926289cbcda644b5197c796b893c6ffd7b9a536a42d290f7704a0?s=96&d=mm&r=g","caption":"Eduardo Mart\u00ednez"}}]}},"amp_enabled":true,"_links":{"self":[{"href":"https:\/\/www.notibras.com\/site\/wp-json\/wp\/v2\/posts\/386425","targetHints":{"allow":["GET"]}}],"collection":[{"href":"https:\/\/www.notibras.com\/site\/wp-json\/wp\/v2\/posts"}],"about":[{"href":"https:\/\/www.notibras.com\/site\/wp-json\/wp\/v2\/types\/post"}],"author":[{"embeddable":true,"href":"https:\/\/www.notibras.com\/site\/wp-json\/wp\/v2\/users\/21"}],"replies":[{"embeddable":true,"href":"https:\/\/www.notibras.com\/site\/wp-json\/wp\/v2\/comments?post=386425"}],"version-history":[{"count":3,"href":"https:\/\/www.notibras.com\/site\/wp-json\/wp\/v2\/posts\/386425\/revisions"}],"predecessor-version":[{"id":386429,"href":"https:\/\/www.notibras.com\/site\/wp-json\/wp\/v2\/posts\/386425\/revisions\/386429"}],"wp:featuredmedia":[{"embeddable":true,"href":"https:\/\/www.notibras.com\/site\/wp-json\/wp\/v2\/media\/386426"}],"wp:attachment":[{"href":"https:\/\/www.notibras.com\/site\/wp-json\/wp\/v2\/media?parent=386425"}],"wp:term":[{"taxonomy":"category","embeddable":true,"href":"https:\/\/www.notibras.com\/site\/wp-json\/wp\/v2\/categories?post=386425"},{"taxonomy":"post_tag","embeddable":true,"href":"https:\/\/www.notibras.com\/site\/wp-json\/wp\/v2\/tags?post=386425"}],"curies":[{"name":"wp","href":"https:\/\/api.w.org\/{rel}","templated":true}]}}