{"id":386430,"date":"2026-03-11T00:30:27","date_gmt":"2026-03-11T03:30:27","guid":{"rendered":"https:\/\/www.notibras.com\/site\/?p=386430"},"modified":"2026-03-10T19:38:19","modified_gmt":"2026-03-10T22:38:19","slug":"pesquisa-mostra-como-as-pessoas-se-deslocam-do-entorno","status":"publish","type":"post","link":"https:\/\/www.notibras.com\/site\/pesquisa-mostra-como-as-pessoas-se-deslocam-do-entorno\/","title":{"rendered":"Pesquisa mostra como as pessoas se deslocam do entorno"},"content":{"rendered":"<p>Elaborada pelo Instituto de Pesquisa e Estat\u00edstica do Distrito Federal (IPEDF), a Pesquisa Distrital por Amostra de Domic\u00edlios ampliada (Pdad-A) de 2024 traz recortes que apresentam dados sobre como as pessoas que moram na Periferia Metropolitana de Bras\u00edlia (PMB) fazem o deslocamento para o Distrito Federal para trabalhar e estudar.<\/p>\n<p>Aproximadamente 200 mil pessoas v\u00eam para a capital a trabalho. Desse total, cerca de 122 mil trabalhadores utilizam \u00f4nibus no deslocamento. Quanto ao munic\u00edpio de origem, a maioria dos trabalhadores \u00e9 origin\u00e1ria dos munic\u00edpios goianos de \u00c1guas Lindas de Goi\u00e1s (mais de 55 mil pessoas), Valpara\u00edso de Goi\u00e1s (mais de 42 mil pessoas), Novo Gama e Luzi\u00e2nia, com mais de 24 mil trabalhadores, cada um.<\/p>\n<p>Os moradores dos munic\u00edpios goianos que se deslocam para o DF para estudar totalizam 44 mil pessoas, das quais aproximadamente 18 mil utilizam \u00f4nibus ou transporte escolar p\u00fablico. A m\u00e9dia de 9 mil estudantes v\u00eam do Novo Gama \u00e9 seguida de \u00c1guas Lindas de Goi\u00e1s (cerca de 8.300 estudantes) e de Valpara\u00edso e Planaltina, com quase 8 mil estudantes, cada.<\/p>\n<p>\u201cEsses dados evidenciam a forte integra\u00e7\u00e3o da PMB com o DF\u201d, avalia o diretor-presidente do IPEDF, Manoel Clementino. \u201cAo divulgar esses resultados, o IPEDF fornece a base t\u00e9cnica indispens\u00e1vel para que gestores planejem solu\u00e7\u00f5es que reduzam o tempo de deslocamento e melhorem a qualidade de vida da popula\u00e7\u00e3o. Produzir dados confi\u00e1veis \u00e9 o primeiro passo para uma mobilidade urbana mais justa e conectada.\u201d<\/p>\n<p>De acordo com os dados da pesquisa, a Periferia Metropolitana de Bras\u00edlia, que engloba os 12 munic\u00edpios do Entorno, re\u00fane 1.272.908 moradores e 571.635 domic\u00edlios na \u00e1rea urbana da PMB.<\/p>\n<p>O secret\u00e1rio do Entorno do GDF, Cristian Viana, refor\u00e7a: \u201cA pesquisa do IPEDF \u00e9 um divisor de \u00e1guas para entendermos a realidade da mobilidade no Entorno. Vamos utilizar esses n\u00fameros para fortalecer as parcerias do GDF com o estado de Goi\u00e1s e a Uni\u00e3o, priorizando um transporte p\u00fablico eficiente e acess\u00edvel. Precisamos transformar o Entorno em um polo de desenvolvimento integrado\u201d.<\/p>\n<p>Sobre o deslocamento di\u00e1rio de mais de 200 mil trabalhadores da regi\u00e3o do Entorno para o DF, o diretor de Estudos e Pol\u00edticas Ambientais e Territoriais do IPEDF pontua: \u201cEsse fluxo massivo de profissionais e trabalhadores demonstra a import\u00e2ncia da investiga\u00e7\u00e3o e estudo sobre a mobilidade dos moradores, uma vez que subsidia pol\u00edticas e a\u00e7\u00f5es voltadas especialmente aos acessos, modos de se deslocar e melhorias das infraestruturas de transportes, considerando que o deslocamento cotidiano impacta diretamente a vida e a sa\u00fade da popula\u00e7\u00e3o\u201d.<\/p>\n","protected":false},"excerpt":{"rendered":"<p>Elaborada pelo Instituto de Pesquisa e Estat\u00edstica do Distrito Federal (IPEDF), a Pesquisa Distrital por Amostra de Domic\u00edlios ampliada (Pdad-A) de 2024 traz recortes que apresentam dados sobre como as pessoas que moram na Periferia Metropolitana de Bras\u00edlia (PMB) fazem o deslocamento para o Distrito Federal para trabalhar e estudar. Aproximadamente 200 mil pessoas v\u00eam [&hellip;]<\/p>\n","protected":false},"author":21,"featured_media":386431,"comment_status":"closed","ping_status":"closed","sticky":false,"template":"","format":"standard","meta":{"_acf_changed":false,"footnotes":""},"categories":[161],"tags":[],"class_list":["post-386430","post","type-post","status-publish","format-standard","has-post-thumbnail","hentry","category-quadradinho-em-foco"],"acf":[],"yoast_head":"<!-- This site is optimized with the Yoast SEO plugin v27.2 - https:\/\/yoast.com\/product\/yoast-seo-wordpress\/ -->\n<title>Pesquisa mostra como as pessoas se deslocam do entorno - Notibras<\/title>\n<meta name=\"robots\" content=\"index, follow, max-snippet:-1, max-image-preview:large, max-video-preview:-1\" \/>\n<link rel=\"canonical\" href=\"https:\/\/www.notibras.com\/site\/pesquisa-mostra-como-as-pessoas-se-deslocam-do-entorno\/\" \/>\n<meta property=\"og:locale\" content=\"pt_BR\" \/>\n<meta property=\"og:type\" content=\"article\" \/>\n<meta property=\"og:title\" content=\"Pesquisa mostra como as pessoas se deslocam do entorno - Notibras\" \/>\n<meta property=\"og:description\" content=\"Elaborada pelo Instituto de Pesquisa e Estat\u00edstica do Distrito Federal (IPEDF), a Pesquisa Distrital por Amostra de Domic\u00edlios ampliada (Pdad-A) de 2024 traz recortes que apresentam dados sobre como as pessoas que moram na Periferia Metropolitana de Bras\u00edlia (PMB) fazem o deslocamento para o Distrito Federal para trabalhar e estudar. Aproximadamente 200 mil pessoas v\u00eam [&hellip;]\" \/>\n<meta property=\"og:url\" content=\"https:\/\/www.notibras.com\/site\/pesquisa-mostra-como-as-pessoas-se-deslocam-do-entorno\/\" \/>\n<meta property=\"og:site_name\" content=\"Notibras\" \/>\n<meta property=\"article:publisher\" content=\"https:\/\/www.facebook.com\/notibras\/\" \/>\n<meta property=\"article:published_time\" content=\"2026-03-11T03:30:27+00:00\" \/>\n<meta property=\"og:image\" content=\"https:\/\/www.notibras.com\/site\/wp-content\/uploads\/2026\/03\/onibus-gama-leste.jpg\" \/>\n\t<meta property=\"og:image:width\" content=\"2048\" \/>\n\t<meta property=\"og:image:height\" content=\"1360\" \/>\n\t<meta property=\"og:image:type\" content=\"image\/jpeg\" \/>\n<meta name=\"author\" content=\"Eduardo Mart\u00ednez\" \/>\n<meta name=\"twitter:card\" content=\"summary_large_image\" \/>\n<meta name=\"twitter:creator\" content=\"@Notibras\" \/>\n<meta name=\"twitter:site\" content=\"@Notibras\" \/>\n<meta name=\"twitter:label1\" content=\"Escrito por\" \/>\n\t<meta name=\"twitter:data1\" content=\"Eduardo Mart\u00ednez\" \/>\n\t<meta name=\"twitter:label2\" content=\"Est. tempo de leitura\" \/>\n\t<meta name=\"twitter:data2\" content=\"3 minutos\" \/>\n<script type=\"application\/ld+json\" class=\"yoast-schema-graph\">{\"@context\":\"https:\/\/schema.org\",\"@graph\":[{\"@type\":\"Article\",\"@id\":\"https:\/\/www.notibras.com\/site\/pesquisa-mostra-como-as-pessoas-se-deslocam-do-entorno\/#article\",\"isPartOf\":{\"@id\":\"https:\/\/www.notibras.com\/site\/pesquisa-mostra-como-as-pessoas-se-deslocam-do-entorno\/\"},\"author\":{\"name\":\"Eduardo Mart\u00ednez\",\"@id\":\"https:\/\/www.notibras.com\/site\/#\/schema\/person\/5b7fabf2aedc3ada2105f03b22b4d3dd\"},\"headline\":\"Pesquisa mostra como as pessoas se deslocam do entorno\",\"datePublished\":\"2026-03-11T03:30:27+00:00\",\"mainEntityOfPage\":{\"@id\":\"https:\/\/www.notibras.com\/site\/pesquisa-mostra-como-as-pessoas-se-deslocam-do-entorno\/\"},\"wordCount\":445,\"publisher\":{\"@id\":\"https:\/\/www.notibras.com\/site\/#organization\"},\"image\":{\"@id\":\"https:\/\/www.notibras.com\/site\/pesquisa-mostra-como-as-pessoas-se-deslocam-do-entorno\/#primaryimage\"},\"thumbnailUrl\":\"https:\/\/www.notibras.com\/site\/wp-content\/uploads\/2026\/03\/onibus-gama-leste.jpg\",\"articleSection\":[\"Quadradinho em Foco\"],\"inLanguage\":\"pt-BR\"},{\"@type\":\"WebPage\",\"@id\":\"https:\/\/www.notibras.com\/site\/pesquisa-mostra-como-as-pessoas-se-deslocam-do-entorno\/\",\"url\":\"https:\/\/www.notibras.com\/site\/pesquisa-mostra-como-as-pessoas-se-deslocam-do-entorno\/\",\"name\":\"Pesquisa mostra como as pessoas se deslocam do entorno - Notibras\",\"isPartOf\":{\"@id\":\"https:\/\/www.notibras.com\/site\/#website\"},\"primaryImageOfPage\":{\"@id\":\"https:\/\/www.notibras.com\/site\/pesquisa-mostra-como-as-pessoas-se-deslocam-do-entorno\/#primaryimage\"},\"image\":{\"@id\":\"https:\/\/www.notibras.com\/site\/pesquisa-mostra-como-as-pessoas-se-deslocam-do-entorno\/#primaryimage\"},\"thumbnailUrl\":\"https:\/\/www.notibras.com\/site\/wp-content\/uploads\/2026\/03\/onibus-gama-leste.jpg\",\"datePublished\":\"2026-03-11T03:30:27+00:00\",\"breadcrumb\":{\"@id\":\"https:\/\/www.notibras.com\/site\/pesquisa-mostra-como-as-pessoas-se-deslocam-do-entorno\/#breadcrumb\"},\"inLanguage\":\"pt-BR\",\"potentialAction\":[{\"@type\":\"ReadAction\",\"target\":[\"https:\/\/www.notibras.com\/site\/pesquisa-mostra-como-as-pessoas-se-deslocam-do-entorno\/\"]}]},{\"@type\":\"ImageObject\",\"inLanguage\":\"pt-BR\",\"@id\":\"https:\/\/www.notibras.com\/site\/pesquisa-mostra-como-as-pessoas-se-deslocam-do-entorno\/#primaryimage\",\"url\":\"https:\/\/www.notibras.com\/site\/wp-content\/uploads\/2026\/03\/onibus-gama-leste.jpg\",\"contentUrl\":\"https:\/\/www.notibras.com\/site\/wp-content\/uploads\/2026\/03\/onibus-gama-leste.jpg\",\"width\":2048,\"height\":1360},{\"@type\":\"BreadcrumbList\",\"@id\":\"https:\/\/www.notibras.com\/site\/pesquisa-mostra-como-as-pessoas-se-deslocam-do-entorno\/#breadcrumb\",\"itemListElement\":[{\"@type\":\"ListItem\",\"position\":1,\"name\":\"In\u00edcio\",\"item\":\"https:\/\/www.notibras.com\/site\/\"},{\"@type\":\"ListItem\",\"position\":2,\"name\":\"Pesquisa mostra como as pessoas se deslocam do entorno\"}]},{\"@type\":\"WebSite\",\"@id\":\"https:\/\/www.notibras.com\/site\/#website\",\"url\":\"https:\/\/www.notibras.com\/site\/\",\"name\":\"Notibras\",\"description\":\"Not\u00edcias de Bras\u00edlia, do Brasil e do Mundo\",\"publisher\":{\"@id\":\"https:\/\/www.notibras.com\/site\/#organization\"},\"potentialAction\":[{\"@type\":\"SearchAction\",\"target\":{\"@type\":\"EntryPoint\",\"urlTemplate\":\"https:\/\/www.notibras.com\/site\/?s={search_term_string}\"},\"query-input\":{\"@type\":\"PropertyValueSpecification\",\"valueRequired\":true,\"valueName\":\"search_term_string\"}}],\"inLanguage\":\"pt-BR\"},{\"@type\":\"Organization\",\"@id\":\"https:\/\/www.notibras.com\/site\/#organization\",\"name\":\"Grupo Notibras de Comunica\u00e7\u00e3o\",\"url\":\"https:\/\/www.notibras.com\/site\/\",\"logo\":{\"@type\":\"ImageObject\",\"inLanguage\":\"pt-BR\",\"@id\":\"https:\/\/www.notibras.com\/site\/#\/schema\/logo\/image\/\",\"url\":\"https:\/\/www.notibras.com\/site\/wp-content\/uploads\/2023\/01\/notibras23.png\",\"contentUrl\":\"https:\/\/www.notibras.com\/site\/wp-content\/uploads\/2023\/01\/notibras23.png\",\"width\":350,\"height\":87,\"caption\":\"Grupo Notibras de Comunica\u00e7\u00e3o\"},\"image\":{\"@id\":\"https:\/\/www.notibras.com\/site\/#\/schema\/logo\/image\/\"},\"sameAs\":[\"https:\/\/www.facebook.com\/notibras\/\",\"https:\/\/x.com\/Notibras\",\"https:\/\/www.instagram.com\/notibras\/\"]},{\"@type\":\"Person\",\"@id\":\"https:\/\/www.notibras.com\/site\/#\/schema\/person\/5b7fabf2aedc3ada2105f03b22b4d3dd\",\"name\":\"Eduardo Mart\u00ednez\",\"image\":{\"@type\":\"ImageObject\",\"inLanguage\":\"pt-BR\",\"@id\":\"https:\/\/secure.gravatar.com\/avatar\/7902f906289926289cbcda644b5197c796b893c6ffd7b9a536a42d290f7704a0?s=96&d=mm&r=g\",\"url\":\"https:\/\/secure.gravatar.com\/avatar\/7902f906289926289cbcda644b5197c796b893c6ffd7b9a536a42d290f7704a0?s=96&d=mm&r=g\",\"contentUrl\":\"https:\/\/secure.gravatar.com\/avatar\/7902f906289926289cbcda644b5197c796b893c6ffd7b9a536a42d290f7704a0?s=96&d=mm&r=g\",\"caption\":\"Eduardo Mart\u00ednez\"}}]}<\/script>\n<!-- \/ Yoast SEO plugin. -->","yoast_head_json":{"title":"Pesquisa mostra como as pessoas se deslocam do entorno - Notibras","robots":{"index":"index","follow":"follow","max-snippet":"max-snippet:-1","max-image-preview":"max-image-preview:large","max-video-preview":"max-video-preview:-1"},"canonical":"https:\/\/www.notibras.com\/site\/pesquisa-mostra-como-as-pessoas-se-deslocam-do-entorno\/","og_locale":"pt_BR","og_type":"article","og_title":"Pesquisa mostra como as pessoas se deslocam do entorno - Notibras","og_description":"Elaborada pelo Instituto de Pesquisa e Estat\u00edstica do Distrito Federal (IPEDF), a Pesquisa Distrital por Amostra de Domic\u00edlios ampliada (Pdad-A) de 2024 traz recortes que apresentam dados sobre como as pessoas que moram na Periferia Metropolitana de Bras\u00edlia (PMB) fazem o deslocamento para o Distrito Federal para trabalhar e estudar. Aproximadamente 200 mil pessoas v\u00eam [&hellip;]","og_url":"https:\/\/www.notibras.com\/site\/pesquisa-mostra-como-as-pessoas-se-deslocam-do-entorno\/","og_site_name":"Notibras","article_publisher":"https:\/\/www.facebook.com\/notibras\/","article_published_time":"2026-03-11T03:30:27+00:00","og_image":[{"width":2048,"height":1360,"url":"https:\/\/www.notibras.com\/site\/wp-content\/uploads\/2026\/03\/onibus-gama-leste.jpg","type":"image\/jpeg"}],"author":"Eduardo Mart\u00ednez","twitter_card":"summary_large_image","twitter_creator":"@Notibras","twitter_site":"@Notibras","twitter_misc":{"Escrito por":"Eduardo Mart\u00ednez","Est. tempo de leitura":"3 minutos"},"schema":{"@context":"https:\/\/schema.org","@graph":[{"@type":"Article","@id":"https:\/\/www.notibras.com\/site\/pesquisa-mostra-como-as-pessoas-se-deslocam-do-entorno\/#article","isPartOf":{"@id":"https:\/\/www.notibras.com\/site\/pesquisa-mostra-como-as-pessoas-se-deslocam-do-entorno\/"},"author":{"name":"Eduardo Mart\u00ednez","@id":"https:\/\/www.notibras.com\/site\/#\/schema\/person\/5b7fabf2aedc3ada2105f03b22b4d3dd"},"headline":"Pesquisa mostra como as pessoas se deslocam do entorno","datePublished":"2026-03-11T03:30:27+00:00","mainEntityOfPage":{"@id":"https:\/\/www.notibras.com\/site\/pesquisa-mostra-como-as-pessoas-se-deslocam-do-entorno\/"},"wordCount":445,"publisher":{"@id":"https:\/\/www.notibras.com\/site\/#organization"},"image":{"@id":"https:\/\/www.notibras.com\/site\/pesquisa-mostra-como-as-pessoas-se-deslocam-do-entorno\/#primaryimage"},"thumbnailUrl":"https:\/\/www.notibras.com\/site\/wp-content\/uploads\/2026\/03\/onibus-gama-leste.jpg","articleSection":["Quadradinho em Foco"],"inLanguage":"pt-BR"},{"@type":"WebPage","@id":"https:\/\/www.notibras.com\/site\/pesquisa-mostra-como-as-pessoas-se-deslocam-do-entorno\/","url":"https:\/\/www.notibras.com\/site\/pesquisa-mostra-como-as-pessoas-se-deslocam-do-entorno\/","name":"Pesquisa mostra como as pessoas se deslocam do entorno - Notibras","isPartOf":{"@id":"https:\/\/www.notibras.com\/site\/#website"},"primaryImageOfPage":{"@id":"https:\/\/www.notibras.com\/site\/pesquisa-mostra-como-as-pessoas-se-deslocam-do-entorno\/#primaryimage"},"image":{"@id":"https:\/\/www.notibras.com\/site\/pesquisa-mostra-como-as-pessoas-se-deslocam-do-entorno\/#primaryimage"},"thumbnailUrl":"https:\/\/www.notibras.com\/site\/wp-content\/uploads\/2026\/03\/onibus-gama-leste.jpg","datePublished":"2026-03-11T03:30:27+00:00","breadcrumb":{"@id":"https:\/\/www.notibras.com\/site\/pesquisa-mostra-como-as-pessoas-se-deslocam-do-entorno\/#breadcrumb"},"inLanguage":"pt-BR","potentialAction":[{"@type":"ReadAction","target":["https:\/\/www.notibras.com\/site\/pesquisa-mostra-como-as-pessoas-se-deslocam-do-entorno\/"]}]},{"@type":"ImageObject","inLanguage":"pt-BR","@id":"https:\/\/www.notibras.com\/site\/pesquisa-mostra-como-as-pessoas-se-deslocam-do-entorno\/#primaryimage","url":"https:\/\/www.notibras.com\/site\/wp-content\/uploads\/2026\/03\/onibus-gama-leste.jpg","contentUrl":"https:\/\/www.notibras.com\/site\/wp-content\/uploads\/2026\/03\/onibus-gama-leste.jpg","width":2048,"height":1360},{"@type":"BreadcrumbList","@id":"https:\/\/www.notibras.com\/site\/pesquisa-mostra-como-as-pessoas-se-deslocam-do-entorno\/#breadcrumb","itemListElement":[{"@type":"ListItem","position":1,"name":"In\u00edcio","item":"https:\/\/www.notibras.com\/site\/"},{"@type":"ListItem","position":2,"name":"Pesquisa mostra como as pessoas se deslocam do entorno"}]},{"@type":"WebSite","@id":"https:\/\/www.notibras.com\/site\/#website","url":"https:\/\/www.notibras.com\/site\/","name":"Notibras","description":"Not\u00edcias de Bras\u00edlia, do Brasil e do Mundo","publisher":{"@id":"https:\/\/www.notibras.com\/site\/#organization"},"potentialAction":[{"@type":"SearchAction","target":{"@type":"EntryPoint","urlTemplate":"https:\/\/www.notibras.com\/site\/?s={search_term_string}"},"query-input":{"@type":"PropertyValueSpecification","valueRequired":true,"valueName":"search_term_string"}}],"inLanguage":"pt-BR"},{"@type":"Organization","@id":"https:\/\/www.notibras.com\/site\/#organization","name":"Grupo Notibras de Comunica\u00e7\u00e3o","url":"https:\/\/www.notibras.com\/site\/","logo":{"@type":"ImageObject","inLanguage":"pt-BR","@id":"https:\/\/www.notibras.com\/site\/#\/schema\/logo\/image\/","url":"https:\/\/www.notibras.com\/site\/wp-content\/uploads\/2023\/01\/notibras23.png","contentUrl":"https:\/\/www.notibras.com\/site\/wp-content\/uploads\/2023\/01\/notibras23.png","width":350,"height":87,"caption":"Grupo Notibras de Comunica\u00e7\u00e3o"},"image":{"@id":"https:\/\/www.notibras.com\/site\/#\/schema\/logo\/image\/"},"sameAs":["https:\/\/www.facebook.com\/notibras\/","https:\/\/x.com\/Notibras","https:\/\/www.instagram.com\/notibras\/"]},{"@type":"Person","@id":"https:\/\/www.notibras.com\/site\/#\/schema\/person\/5b7fabf2aedc3ada2105f03b22b4d3dd","name":"Eduardo Mart\u00ednez","image":{"@type":"ImageObject","inLanguage":"pt-BR","@id":"https:\/\/secure.gravatar.com\/avatar\/7902f906289926289cbcda644b5197c796b893c6ffd7b9a536a42d290f7704a0?s=96&d=mm&r=g","url":"https:\/\/secure.gravatar.com\/avatar\/7902f906289926289cbcda644b5197c796b893c6ffd7b9a536a42d290f7704a0?s=96&d=mm&r=g","contentUrl":"https:\/\/secure.gravatar.com\/avatar\/7902f906289926289cbcda644b5197c796b893c6ffd7b9a536a42d290f7704a0?s=96&d=mm&r=g","caption":"Eduardo Mart\u00ednez"}}]}},"amp_enabled":true,"_links":{"self":[{"href":"https:\/\/www.notibras.com\/site\/wp-json\/wp\/v2\/posts\/386430","targetHints":{"allow":["GET"]}}],"collection":[{"href":"https:\/\/www.notibras.com\/site\/wp-json\/wp\/v2\/posts"}],"about":[{"href":"https:\/\/www.notibras.com\/site\/wp-json\/wp\/v2\/types\/post"}],"author":[{"embeddable":true,"href":"https:\/\/www.notibras.com\/site\/wp-json\/wp\/v2\/users\/21"}],"replies":[{"embeddable":true,"href":"https:\/\/www.notibras.com\/site\/wp-json\/wp\/v2\/comments?post=386430"}],"version-history":[{"count":3,"href":"https:\/\/www.notibras.com\/site\/wp-json\/wp\/v2\/posts\/386430\/revisions"}],"predecessor-version":[{"id":386434,"href":"https:\/\/www.notibras.com\/site\/wp-json\/wp\/v2\/posts\/386430\/revisions\/386434"}],"wp:featuredmedia":[{"embeddable":true,"href":"https:\/\/www.notibras.com\/site\/wp-json\/wp\/v2\/media\/386431"}],"wp:attachment":[{"href":"https:\/\/www.notibras.com\/site\/wp-json\/wp\/v2\/media?parent=386430"}],"wp:term":[{"taxonomy":"category","embeddable":true,"href":"https:\/\/www.notibras.com\/site\/wp-json\/wp\/v2\/categories?post=386430"},{"taxonomy":"post_tag","embeddable":true,"href":"https:\/\/www.notibras.com\/site\/wp-json\/wp\/v2\/tags?post=386430"}],"curies":[{"name":"wp","href":"https:\/\/api.w.org\/{rel}","templated":true}]}}