{"id":386464,"date":"2026-03-11T02:00:36","date_gmt":"2026-03-11T05:00:36","guid":{"rendered":"https:\/\/www.notibras.com\/site\/?p=386464"},"modified":"2026-03-10T23:01:39","modified_gmt":"2026-03-11T02:01:39","slug":"pf-prende-homem-de-confianca-de-flavio-bolsonaro-e-claudio-castro","status":"publish","type":"post","link":"https:\/\/www.notibras.com\/site\/pf-prende-homem-de-confianca-de-flavio-bolsonaro-e-claudio-castro\/","title":{"rendered":"PF prende homem de confian\u00e7a de Fl\u00e1vio Bolsonaro e Cl\u00e1udio Castro"},"content":{"rendered":"<p>Nesta semana, a Pol\u00edcia Federal prendeu mais um aliado do grupo pol\u00edtico do governador do Rio de Janeiro, Cl\u00e1udio Castro, e do senador Fl\u00e1vio Bolsonaro, acusado de envolvimento com o Comando Vermelho. Trata-se de Alessandro Pitombeira Carracena, ex-secret\u00e1rio no governo do Rio e apontado como aliado e indicado por Fl\u00e1vio Bolsonaro. Carracena foi preso sob suspeita de favorecer o tr\u00e1fico internacional de drogas e, consequentemente, beneficiar a organiza\u00e7\u00e3o criminosa.<\/p>\n<p>O epis\u00f3dio reacendeu debates dentro do campo pol\u00edtico da direita sobre os riscos eleitorais envolvendo o nome de Fl\u00e1vio Bolsonaro. Diante desse cen\u00e1rio, come\u00e7a a ser cogitada a possibilidade de que o senador n\u00e3o dispute uma elei\u00e7\u00e3o presidencial. A avalia\u00e7\u00e3o de aliados \u00e9 que uma eventual derrota poderia ter consequ\u00eancias jur\u00eddicas relevantes, j\u00e1 que Fl\u00e1vio perderia o foro privilegiado, ficando mais exposto a investiga\u00e7\u00f5es e processos na justi\u00e7a comum.<\/p>\n<p>Al\u00e9m disso, temas j\u00e1 sens\u00edveis para sua trajet\u00f3ria pol\u00edtica, como o caso das chamadas \u201crachadinhas\u201d, certamente seriam amplamente explorados por advers\u00e1rios em uma campanha nacional. Agora, a pris\u00e3o de mais um nome ligado ao seu c\u00edrculo pol\u00edtico sob suspeita de liga\u00e7\u00e3o com o Comando Vermelho tende a se somar a esse conjunto de questionamentos. Em um cen\u00e1rio eleitoral altamente polarizado, epis\u00f3dios desse tipo podem ganhar grande repercuss\u00e3o e influenciar o debate p\u00fablico durante a campanha.<\/p>\n","protected":false},"excerpt":{"rendered":"<p>Nesta semana, a Pol\u00edcia Federal prendeu mais um aliado do grupo pol\u00edtico do governador do Rio de Janeiro, Cl\u00e1udio Castro, e do senador Fl\u00e1vio Bolsonaro, acusado de envolvimento com o Comando Vermelho. Trata-se de Alessandro Pitombeira Carracena, ex-secret\u00e1rio no governo do Rio e apontado como aliado e indicado por Fl\u00e1vio Bolsonaro. Carracena foi preso sob [&hellip;]<\/p>\n","protected":false},"author":21,"featured_media":386465,"comment_status":"closed","ping_status":"closed","sticky":false,"template":"","format":"standard","meta":{"_acf_changed":false,"footnotes":""},"categories":[235],"tags":[],"class_list":["post-386464","post","type-post","status-publish","format-standard","has-post-thumbnail","hentry","category-dona-irene"],"acf":[],"yoast_head":"<!-- This site is optimized with the Yoast SEO plugin v27.2 - https:\/\/yoast.com\/product\/yoast-seo-wordpress\/ -->\n<title>PF prende homem de confian\u00e7a de Fl\u00e1vio Bolsonaro e Cl\u00e1udio Castro - Notibras<\/title>\n<meta name=\"robots\" content=\"index, follow, max-snippet:-1, max-image-preview:large, max-video-preview:-1\" \/>\n<link rel=\"canonical\" href=\"https:\/\/www.notibras.com\/site\/pf-prende-homem-de-confianca-de-flavio-bolsonaro-e-claudio-castro\/\" \/>\n<meta property=\"og:locale\" content=\"pt_BR\" \/>\n<meta property=\"og:type\" content=\"article\" \/>\n<meta property=\"og:title\" content=\"PF prende homem de confian\u00e7a de Fl\u00e1vio Bolsonaro e Cl\u00e1udio Castro - Notibras\" \/>\n<meta property=\"og:description\" content=\"Nesta semana, a Pol\u00edcia Federal prendeu mais um aliado do grupo pol\u00edtico do governador do Rio de Janeiro, Cl\u00e1udio Castro, e do senador Fl\u00e1vio Bolsonaro, acusado de envolvimento com o Comando Vermelho. Trata-se de Alessandro Pitombeira Carracena, ex-secret\u00e1rio no governo do Rio e apontado como aliado e indicado por Fl\u00e1vio Bolsonaro. Carracena foi preso sob [&hellip;]\" \/>\n<meta property=\"og:url\" content=\"https:\/\/www.notibras.com\/site\/pf-prende-homem-de-confianca-de-flavio-bolsonaro-e-claudio-castro\/\" \/>\n<meta property=\"og:site_name\" content=\"Notibras\" \/>\n<meta property=\"article:publisher\" content=\"https:\/\/www.facebook.com\/notibras\/\" \/>\n<meta property=\"article:published_time\" content=\"2026-03-11T05:00:36+00:00\" \/>\n<meta property=\"og:image\" content=\"https:\/\/www.notibras.com\/site\/wp-content\/uploads\/2026\/03\/HDDN6I5WEAAdSh2.png\" \/>\n\t<meta property=\"og:image:width\" content=\"600\" \/>\n\t<meta property=\"og:image:height\" content=\"378\" \/>\n\t<meta property=\"og:image:type\" content=\"image\/png\" \/>\n<meta name=\"author\" content=\"Eduardo Mart\u00ednez\" \/>\n<meta name=\"twitter:card\" content=\"summary_large_image\" \/>\n<meta name=\"twitter:creator\" content=\"@Notibras\" \/>\n<meta name=\"twitter:site\" content=\"@Notibras\" \/>\n<meta name=\"twitter:label1\" content=\"Escrito por\" \/>\n\t<meta name=\"twitter:data1\" content=\"Eduardo Mart\u00ednez\" \/>\n\t<meta name=\"twitter:label2\" content=\"Est. tempo de leitura\" \/>\n\t<meta name=\"twitter:data2\" content=\"2 minutos\" \/>\n<script type=\"application\/ld+json\" class=\"yoast-schema-graph\">{\"@context\":\"https:\/\/schema.org\",\"@graph\":[{\"@type\":\"Article\",\"@id\":\"https:\/\/www.notibras.com\/site\/pf-prende-homem-de-confianca-de-flavio-bolsonaro-e-claudio-castro\/#article\",\"isPartOf\":{\"@id\":\"https:\/\/www.notibras.com\/site\/pf-prende-homem-de-confianca-de-flavio-bolsonaro-e-claudio-castro\/\"},\"author\":{\"name\":\"Eduardo Mart\u00ednez\",\"@id\":\"https:\/\/www.notibras.com\/site\/#\/schema\/person\/5b7fabf2aedc3ada2105f03b22b4d3dd\"},\"headline\":\"PF prende homem de confian\u00e7a de Fl\u00e1vio Bolsonaro e Cl\u00e1udio Castro\",\"datePublished\":\"2026-03-11T05:00:36+00:00\",\"mainEntityOfPage\":{\"@id\":\"https:\/\/www.notibras.com\/site\/pf-prende-homem-de-confianca-de-flavio-bolsonaro-e-claudio-castro\/\"},\"wordCount\":260,\"publisher\":{\"@id\":\"https:\/\/www.notibras.com\/site\/#organization\"},\"image\":{\"@id\":\"https:\/\/www.notibras.com\/site\/pf-prende-homem-de-confianca-de-flavio-bolsonaro-e-claudio-castro\/#primaryimage\"},\"thumbnailUrl\":\"https:\/\/www.notibras.com\/site\/wp-content\/uploads\/2026\/03\/HDDN6I5WEAAdSh2.png\",\"articleSection\":[\"Dona Irene\"],\"inLanguage\":\"pt-BR\"},{\"@type\":\"WebPage\",\"@id\":\"https:\/\/www.notibras.com\/site\/pf-prende-homem-de-confianca-de-flavio-bolsonaro-e-claudio-castro\/\",\"url\":\"https:\/\/www.notibras.com\/site\/pf-prende-homem-de-confianca-de-flavio-bolsonaro-e-claudio-castro\/\",\"name\":\"PF prende homem de confian\u00e7a de Fl\u00e1vio Bolsonaro e Cl\u00e1udio Castro - Notibras\",\"isPartOf\":{\"@id\":\"https:\/\/www.notibras.com\/site\/#website\"},\"primaryImageOfPage\":{\"@id\":\"https:\/\/www.notibras.com\/site\/pf-prende-homem-de-confianca-de-flavio-bolsonaro-e-claudio-castro\/#primaryimage\"},\"image\":{\"@id\":\"https:\/\/www.notibras.com\/site\/pf-prende-homem-de-confianca-de-flavio-bolsonaro-e-claudio-castro\/#primaryimage\"},\"thumbnailUrl\":\"https:\/\/www.notibras.com\/site\/wp-content\/uploads\/2026\/03\/HDDN6I5WEAAdSh2.png\",\"datePublished\":\"2026-03-11T05:00:36+00:00\",\"breadcrumb\":{\"@id\":\"https:\/\/www.notibras.com\/site\/pf-prende-homem-de-confianca-de-flavio-bolsonaro-e-claudio-castro\/#breadcrumb\"},\"inLanguage\":\"pt-BR\",\"potentialAction\":[{\"@type\":\"ReadAction\",\"target\":[\"https:\/\/www.notibras.com\/site\/pf-prende-homem-de-confianca-de-flavio-bolsonaro-e-claudio-castro\/\"]}]},{\"@type\":\"ImageObject\",\"inLanguage\":\"pt-BR\",\"@id\":\"https:\/\/www.notibras.com\/site\/pf-prende-homem-de-confianca-de-flavio-bolsonaro-e-claudio-castro\/#primaryimage\",\"url\":\"https:\/\/www.notibras.com\/site\/wp-content\/uploads\/2026\/03\/HDDN6I5WEAAdSh2.png\",\"contentUrl\":\"https:\/\/www.notibras.com\/site\/wp-content\/uploads\/2026\/03\/HDDN6I5WEAAdSh2.png\",\"width\":600,\"height\":378},{\"@type\":\"BreadcrumbList\",\"@id\":\"https:\/\/www.notibras.com\/site\/pf-prende-homem-de-confianca-de-flavio-bolsonaro-e-claudio-castro\/#breadcrumb\",\"itemListElement\":[{\"@type\":\"ListItem\",\"position\":1,\"name\":\"In\u00edcio\",\"item\":\"https:\/\/www.notibras.com\/site\/\"},{\"@type\":\"ListItem\",\"position\":2,\"name\":\"PF prende homem de confian\u00e7a de Fl\u00e1vio Bolsonaro e Cl\u00e1udio Castro\"}]},{\"@type\":\"WebSite\",\"@id\":\"https:\/\/www.notibras.com\/site\/#website\",\"url\":\"https:\/\/www.notibras.com\/site\/\",\"name\":\"Notibras\",\"description\":\"Not\u00edcias de Bras\u00edlia, do Brasil e do Mundo\",\"publisher\":{\"@id\":\"https:\/\/www.notibras.com\/site\/#organization\"},\"potentialAction\":[{\"@type\":\"SearchAction\",\"target\":{\"@type\":\"EntryPoint\",\"urlTemplate\":\"https:\/\/www.notibras.com\/site\/?s={search_term_string}\"},\"query-input\":{\"@type\":\"PropertyValueSpecification\",\"valueRequired\":true,\"valueName\":\"search_term_string\"}}],\"inLanguage\":\"pt-BR\"},{\"@type\":\"Organization\",\"@id\":\"https:\/\/www.notibras.com\/site\/#organization\",\"name\":\"Grupo Notibras de Comunica\u00e7\u00e3o\",\"url\":\"https:\/\/www.notibras.com\/site\/\",\"logo\":{\"@type\":\"ImageObject\",\"inLanguage\":\"pt-BR\",\"@id\":\"https:\/\/www.notibras.com\/site\/#\/schema\/logo\/image\/\",\"url\":\"https:\/\/www.notibras.com\/site\/wp-content\/uploads\/2023\/01\/notibras23.png\",\"contentUrl\":\"https:\/\/www.notibras.com\/site\/wp-content\/uploads\/2023\/01\/notibras23.png\",\"width\":350,\"height\":87,\"caption\":\"Grupo Notibras de Comunica\u00e7\u00e3o\"},\"image\":{\"@id\":\"https:\/\/www.notibras.com\/site\/#\/schema\/logo\/image\/\"},\"sameAs\":[\"https:\/\/www.facebook.com\/notibras\/\",\"https:\/\/x.com\/Notibras\",\"https:\/\/www.instagram.com\/notibras\/\"]},{\"@type\":\"Person\",\"@id\":\"https:\/\/www.notibras.com\/site\/#\/schema\/person\/5b7fabf2aedc3ada2105f03b22b4d3dd\",\"name\":\"Eduardo Mart\u00ednez\",\"image\":{\"@type\":\"ImageObject\",\"inLanguage\":\"pt-BR\",\"@id\":\"https:\/\/secure.gravatar.com\/avatar\/7902f906289926289cbcda644b5197c796b893c6ffd7b9a536a42d290f7704a0?s=96&d=mm&r=g\",\"url\":\"https:\/\/secure.gravatar.com\/avatar\/7902f906289926289cbcda644b5197c796b893c6ffd7b9a536a42d290f7704a0?s=96&d=mm&r=g\",\"contentUrl\":\"https:\/\/secure.gravatar.com\/avatar\/7902f906289926289cbcda644b5197c796b893c6ffd7b9a536a42d290f7704a0?s=96&d=mm&r=g\",\"caption\":\"Eduardo Mart\u00ednez\"}}]}<\/script>\n<!-- \/ Yoast SEO plugin. -->","yoast_head_json":{"title":"PF prende homem de confian\u00e7a de Fl\u00e1vio Bolsonaro e Cl\u00e1udio Castro - Notibras","robots":{"index":"index","follow":"follow","max-snippet":"max-snippet:-1","max-image-preview":"max-image-preview:large","max-video-preview":"max-video-preview:-1"},"canonical":"https:\/\/www.notibras.com\/site\/pf-prende-homem-de-confianca-de-flavio-bolsonaro-e-claudio-castro\/","og_locale":"pt_BR","og_type":"article","og_title":"PF prende homem de confian\u00e7a de Fl\u00e1vio Bolsonaro e Cl\u00e1udio Castro - Notibras","og_description":"Nesta semana, a Pol\u00edcia Federal prendeu mais um aliado do grupo pol\u00edtico do governador do Rio de Janeiro, Cl\u00e1udio Castro, e do senador Fl\u00e1vio Bolsonaro, acusado de envolvimento com o Comando Vermelho. Trata-se de Alessandro Pitombeira Carracena, ex-secret\u00e1rio no governo do Rio e apontado como aliado e indicado por Fl\u00e1vio Bolsonaro. Carracena foi preso sob [&hellip;]","og_url":"https:\/\/www.notibras.com\/site\/pf-prende-homem-de-confianca-de-flavio-bolsonaro-e-claudio-castro\/","og_site_name":"Notibras","article_publisher":"https:\/\/www.facebook.com\/notibras\/","article_published_time":"2026-03-11T05:00:36+00:00","og_image":[{"width":600,"height":378,"url":"https:\/\/www.notibras.com\/site\/wp-content\/uploads\/2026\/03\/HDDN6I5WEAAdSh2.png","type":"image\/png"}],"author":"Eduardo Mart\u00ednez","twitter_card":"summary_large_image","twitter_creator":"@Notibras","twitter_site":"@Notibras","twitter_misc":{"Escrito por":"Eduardo Mart\u00ednez","Est. tempo de leitura":"2 minutos"},"schema":{"@context":"https:\/\/schema.org","@graph":[{"@type":"Article","@id":"https:\/\/www.notibras.com\/site\/pf-prende-homem-de-confianca-de-flavio-bolsonaro-e-claudio-castro\/#article","isPartOf":{"@id":"https:\/\/www.notibras.com\/site\/pf-prende-homem-de-confianca-de-flavio-bolsonaro-e-claudio-castro\/"},"author":{"name":"Eduardo Mart\u00ednez","@id":"https:\/\/www.notibras.com\/site\/#\/schema\/person\/5b7fabf2aedc3ada2105f03b22b4d3dd"},"headline":"PF prende homem de confian\u00e7a de Fl\u00e1vio Bolsonaro e Cl\u00e1udio Castro","datePublished":"2026-03-11T05:00:36+00:00","mainEntityOfPage":{"@id":"https:\/\/www.notibras.com\/site\/pf-prende-homem-de-confianca-de-flavio-bolsonaro-e-claudio-castro\/"},"wordCount":260,"publisher":{"@id":"https:\/\/www.notibras.com\/site\/#organization"},"image":{"@id":"https:\/\/www.notibras.com\/site\/pf-prende-homem-de-confianca-de-flavio-bolsonaro-e-claudio-castro\/#primaryimage"},"thumbnailUrl":"https:\/\/www.notibras.com\/site\/wp-content\/uploads\/2026\/03\/HDDN6I5WEAAdSh2.png","articleSection":["Dona Irene"],"inLanguage":"pt-BR"},{"@type":"WebPage","@id":"https:\/\/www.notibras.com\/site\/pf-prende-homem-de-confianca-de-flavio-bolsonaro-e-claudio-castro\/","url":"https:\/\/www.notibras.com\/site\/pf-prende-homem-de-confianca-de-flavio-bolsonaro-e-claudio-castro\/","name":"PF prende homem de confian\u00e7a de Fl\u00e1vio Bolsonaro e Cl\u00e1udio Castro - Notibras","isPartOf":{"@id":"https:\/\/www.notibras.com\/site\/#website"},"primaryImageOfPage":{"@id":"https:\/\/www.notibras.com\/site\/pf-prende-homem-de-confianca-de-flavio-bolsonaro-e-claudio-castro\/#primaryimage"},"image":{"@id":"https:\/\/www.notibras.com\/site\/pf-prende-homem-de-confianca-de-flavio-bolsonaro-e-claudio-castro\/#primaryimage"},"thumbnailUrl":"https:\/\/www.notibras.com\/site\/wp-content\/uploads\/2026\/03\/HDDN6I5WEAAdSh2.png","datePublished":"2026-03-11T05:00:36+00:00","breadcrumb":{"@id":"https:\/\/www.notibras.com\/site\/pf-prende-homem-de-confianca-de-flavio-bolsonaro-e-claudio-castro\/#breadcrumb"},"inLanguage":"pt-BR","potentialAction":[{"@type":"ReadAction","target":["https:\/\/www.notibras.com\/site\/pf-prende-homem-de-confianca-de-flavio-bolsonaro-e-claudio-castro\/"]}]},{"@type":"ImageObject","inLanguage":"pt-BR","@id":"https:\/\/www.notibras.com\/site\/pf-prende-homem-de-confianca-de-flavio-bolsonaro-e-claudio-castro\/#primaryimage","url":"https:\/\/www.notibras.com\/site\/wp-content\/uploads\/2026\/03\/HDDN6I5WEAAdSh2.png","contentUrl":"https:\/\/www.notibras.com\/site\/wp-content\/uploads\/2026\/03\/HDDN6I5WEAAdSh2.png","width":600,"height":378},{"@type":"BreadcrumbList","@id":"https:\/\/www.notibras.com\/site\/pf-prende-homem-de-confianca-de-flavio-bolsonaro-e-claudio-castro\/#breadcrumb","itemListElement":[{"@type":"ListItem","position":1,"name":"In\u00edcio","item":"https:\/\/www.notibras.com\/site\/"},{"@type":"ListItem","position":2,"name":"PF prende homem de confian\u00e7a de Fl\u00e1vio Bolsonaro e Cl\u00e1udio Castro"}]},{"@type":"WebSite","@id":"https:\/\/www.notibras.com\/site\/#website","url":"https:\/\/www.notibras.com\/site\/","name":"Notibras","description":"Not\u00edcias de Bras\u00edlia, do Brasil e do Mundo","publisher":{"@id":"https:\/\/www.notibras.com\/site\/#organization"},"potentialAction":[{"@type":"SearchAction","target":{"@type":"EntryPoint","urlTemplate":"https:\/\/www.notibras.com\/site\/?s={search_term_string}"},"query-input":{"@type":"PropertyValueSpecification","valueRequired":true,"valueName":"search_term_string"}}],"inLanguage":"pt-BR"},{"@type":"Organization","@id":"https:\/\/www.notibras.com\/site\/#organization","name":"Grupo Notibras de Comunica\u00e7\u00e3o","url":"https:\/\/www.notibras.com\/site\/","logo":{"@type":"ImageObject","inLanguage":"pt-BR","@id":"https:\/\/www.notibras.com\/site\/#\/schema\/logo\/image\/","url":"https:\/\/www.notibras.com\/site\/wp-content\/uploads\/2023\/01\/notibras23.png","contentUrl":"https:\/\/www.notibras.com\/site\/wp-content\/uploads\/2023\/01\/notibras23.png","width":350,"height":87,"caption":"Grupo Notibras de Comunica\u00e7\u00e3o"},"image":{"@id":"https:\/\/www.notibras.com\/site\/#\/schema\/logo\/image\/"},"sameAs":["https:\/\/www.facebook.com\/notibras\/","https:\/\/x.com\/Notibras","https:\/\/www.instagram.com\/notibras\/"]},{"@type":"Person","@id":"https:\/\/www.notibras.com\/site\/#\/schema\/person\/5b7fabf2aedc3ada2105f03b22b4d3dd","name":"Eduardo Mart\u00ednez","image":{"@type":"ImageObject","inLanguage":"pt-BR","@id":"https:\/\/secure.gravatar.com\/avatar\/7902f906289926289cbcda644b5197c796b893c6ffd7b9a536a42d290f7704a0?s=96&d=mm&r=g","url":"https:\/\/secure.gravatar.com\/avatar\/7902f906289926289cbcda644b5197c796b893c6ffd7b9a536a42d290f7704a0?s=96&d=mm&r=g","contentUrl":"https:\/\/secure.gravatar.com\/avatar\/7902f906289926289cbcda644b5197c796b893c6ffd7b9a536a42d290f7704a0?s=96&d=mm&r=g","caption":"Eduardo Mart\u00ednez"}}]}},"amp_enabled":true,"_links":{"self":[{"href":"https:\/\/www.notibras.com\/site\/wp-json\/wp\/v2\/posts\/386464","targetHints":{"allow":["GET"]}}],"collection":[{"href":"https:\/\/www.notibras.com\/site\/wp-json\/wp\/v2\/posts"}],"about":[{"href":"https:\/\/www.notibras.com\/site\/wp-json\/wp\/v2\/types\/post"}],"author":[{"embeddable":true,"href":"https:\/\/www.notibras.com\/site\/wp-json\/wp\/v2\/users\/21"}],"replies":[{"embeddable":true,"href":"https:\/\/www.notibras.com\/site\/wp-json\/wp\/v2\/comments?post=386464"}],"version-history":[{"count":3,"href":"https:\/\/www.notibras.com\/site\/wp-json\/wp\/v2\/posts\/386464\/revisions"}],"predecessor-version":[{"id":386468,"href":"https:\/\/www.notibras.com\/site\/wp-json\/wp\/v2\/posts\/386464\/revisions\/386468"}],"wp:featuredmedia":[{"embeddable":true,"href":"https:\/\/www.notibras.com\/site\/wp-json\/wp\/v2\/media\/386465"}],"wp:attachment":[{"href":"https:\/\/www.notibras.com\/site\/wp-json\/wp\/v2\/media?parent=386464"}],"wp:term":[{"taxonomy":"category","embeddable":true,"href":"https:\/\/www.notibras.com\/site\/wp-json\/wp\/v2\/categories?post=386464"},{"taxonomy":"post_tag","embeddable":true,"href":"https:\/\/www.notibras.com\/site\/wp-json\/wp\/v2\/tags?post=386464"}],"curies":[{"name":"wp","href":"https:\/\/api.w.org\/{rel}","templated":true}]}}