{"id":386484,"date":"2026-03-14T02:15:38","date_gmt":"2026-03-14T05:15:38","guid":{"rendered":"https:\/\/www.notibras.com\/site\/?p=386484"},"modified":"2026-03-10T23:40:49","modified_gmt":"2026-03-11T02:40:49","slug":"o-medo-que-aprendemos-a-administrar","status":"publish","type":"post","link":"https:\/\/www.notibras.com\/site\/o-medo-que-aprendemos-a-administrar\/","title":{"rendered":"O medo que aprendemos a administrar"},"content":{"rendered":"<p>Existe um conhecimento silencioso compartilhado por muitas mulheres: a administra\u00e7\u00e3o constante do medo.<\/p>\n<p>N\u00e3o \u00e9 um medo permanente, mas uma aten\u00e7\u00e3o cont\u00ednua. Caminhos escolhidos com cuidado, mensagens enviadas ao chegar em casa, chaves entre os dedos ao atravessar ruas escuras. Pequenas estrat\u00e9gias que se tornam h\u00e1bitos.<\/p>\n<p>Esse comportamento n\u00e3o surge do nada. Ele nasce de estat\u00edsticas, not\u00edcias e hist\u00f3rias pr\u00f3ximas. Mulheres aprendem, desde cedo, que a viol\u00eancia de g\u00eanero \u00e9 uma possibilidade concreta.<\/p>\n<p>A fil\u00f3sofa Judith Butler argumenta que algumas vidas s\u00e3o consideradas socialmente mais vulner\u00e1veis porque as condi\u00e7\u00f5es de prote\u00e7\u00e3o s\u00e3o distribu\u00eddas de forma desigual. Certos corpos s\u00e3o mais expostos \u00e0 viol\u00eancia.<\/p>\n<p>Administrar o medo n\u00e3o deveria ser habilidade necess\u00e1ria para existir no espa\u00e7o p\u00fablico. No entanto, para muitas mulheres, ele se tornou parte da rotina.<\/p>\n","protected":false},"excerpt":{"rendered":"<p>Existe um conhecimento silencioso compartilhado por muitas mulheres: a administra\u00e7\u00e3o constante do medo. N\u00e3o \u00e9 um medo permanente, mas uma aten\u00e7\u00e3o cont\u00ednua. Caminhos escolhidos com cuidado, mensagens enviadas ao chegar em casa, chaves entre os dedos ao atravessar ruas escuras. Pequenas estrat\u00e9gias que se tornam h\u00e1bitos. Esse comportamento n\u00e3o surge do nada. Ele nasce de [&hellip;]<\/p>\n","protected":false},"author":21,"featured_media":386485,"comment_status":"closed","ping_status":"closed","sticky":false,"template":"","format":"standard","meta":{"_acf_changed":false,"footnotes":""},"categories":[236],"tags":[],"class_list":["post-386484","post","type-post","status-publish","format-standard","has-post-thumbnail","hentry","category-ponto-de-vista"],"acf":[],"yoast_head":"<!-- This site is optimized with the Yoast SEO plugin v27.2 - https:\/\/yoast.com\/product\/yoast-seo-wordpress\/ -->\n<title>O medo que aprendemos a administrar - Notibras<\/title>\n<meta name=\"robots\" content=\"index, follow, max-snippet:-1, max-image-preview:large, max-video-preview:-1\" \/>\n<link rel=\"canonical\" href=\"https:\/\/www.notibras.com\/site\/o-medo-que-aprendemos-a-administrar\/\" \/>\n<meta property=\"og:locale\" content=\"pt_BR\" \/>\n<meta property=\"og:type\" content=\"article\" \/>\n<meta property=\"og:title\" content=\"O medo que aprendemos a administrar - Notibras\" \/>\n<meta property=\"og:description\" content=\"Existe um conhecimento silencioso compartilhado por muitas mulheres: a administra\u00e7\u00e3o constante do medo. N\u00e3o \u00e9 um medo permanente, mas uma aten\u00e7\u00e3o cont\u00ednua. Caminhos escolhidos com cuidado, mensagens enviadas ao chegar em casa, chaves entre os dedos ao atravessar ruas escuras. Pequenas estrat\u00e9gias que se tornam h\u00e1bitos. Esse comportamento n\u00e3o surge do nada. Ele nasce de [&hellip;]\" \/>\n<meta property=\"og:url\" content=\"https:\/\/www.notibras.com\/site\/o-medo-que-aprendemos-a-administrar\/\" \/>\n<meta property=\"og:site_name\" content=\"Notibras\" \/>\n<meta property=\"article:publisher\" content=\"https:\/\/www.facebook.com\/notibras\/\" \/>\n<meta property=\"article:published_time\" content=\"2026-03-14T05:15:38+00:00\" \/>\n<meta property=\"og:image\" content=\"https:\/\/www.notibras.com\/site\/wp-content\/uploads\/2026\/03\/WhatsApp-Image-2026-03-10-at-23.36.43.jpeg\" \/>\n\t<meta property=\"og:image:width\" content=\"816\" \/>\n\t<meta property=\"og:image:height\" content=\"1440\" \/>\n\t<meta property=\"og:image:type\" content=\"image\/jpeg\" \/>\n<meta name=\"author\" content=\"Eduardo Mart\u00ednez\" \/>\n<meta name=\"twitter:card\" content=\"summary_large_image\" \/>\n<meta name=\"twitter:creator\" content=\"@Notibras\" \/>\n<meta name=\"twitter:site\" content=\"@Notibras\" \/>\n<meta name=\"twitter:label1\" content=\"Escrito por\" \/>\n\t<meta name=\"twitter:data1\" content=\"Eduardo Mart\u00ednez\" \/>\n\t<meta name=\"twitter:label2\" content=\"Est. tempo de leitura\" \/>\n\t<meta name=\"twitter:data2\" content=\"1 minuto\" \/>\n<script type=\"application\/ld+json\" class=\"yoast-schema-graph\">{\"@context\":\"https:\/\/schema.org\",\"@graph\":[{\"@type\":\"Article\",\"@id\":\"https:\/\/www.notibras.com\/site\/o-medo-que-aprendemos-a-administrar\/#article\",\"isPartOf\":{\"@id\":\"https:\/\/www.notibras.com\/site\/o-medo-que-aprendemos-a-administrar\/\"},\"author\":{\"name\":\"Eduardo Mart\u00ednez\",\"@id\":\"https:\/\/www.notibras.com\/site\/#\/schema\/person\/5b7fabf2aedc3ada2105f03b22b4d3dd\"},\"headline\":\"O medo que aprendemos a administrar\",\"datePublished\":\"2026-03-14T05:15:38+00:00\",\"mainEntityOfPage\":{\"@id\":\"https:\/\/www.notibras.com\/site\/o-medo-que-aprendemos-a-administrar\/\"},\"wordCount\":156,\"publisher\":{\"@id\":\"https:\/\/www.notibras.com\/site\/#organization\"},\"image\":{\"@id\":\"https:\/\/www.notibras.com\/site\/o-medo-que-aprendemos-a-administrar\/#primaryimage\"},\"thumbnailUrl\":\"https:\/\/www.notibras.com\/site\/wp-content\/uploads\/2026\/03\/WhatsApp-Image-2026-03-10-at-23.36.43.jpeg\",\"articleSection\":[\"Ponto de Vista\"],\"inLanguage\":\"pt-BR\"},{\"@type\":\"WebPage\",\"@id\":\"https:\/\/www.notibras.com\/site\/o-medo-que-aprendemos-a-administrar\/\",\"url\":\"https:\/\/www.notibras.com\/site\/o-medo-que-aprendemos-a-administrar\/\",\"name\":\"O medo que aprendemos a administrar - Notibras\",\"isPartOf\":{\"@id\":\"https:\/\/www.notibras.com\/site\/#website\"},\"primaryImageOfPage\":{\"@id\":\"https:\/\/www.notibras.com\/site\/o-medo-que-aprendemos-a-administrar\/#primaryimage\"},\"image\":{\"@id\":\"https:\/\/www.notibras.com\/site\/o-medo-que-aprendemos-a-administrar\/#primaryimage\"},\"thumbnailUrl\":\"https:\/\/www.notibras.com\/site\/wp-content\/uploads\/2026\/03\/WhatsApp-Image-2026-03-10-at-23.36.43.jpeg\",\"datePublished\":\"2026-03-14T05:15:38+00:00\",\"breadcrumb\":{\"@id\":\"https:\/\/www.notibras.com\/site\/o-medo-que-aprendemos-a-administrar\/#breadcrumb\"},\"inLanguage\":\"pt-BR\",\"potentialAction\":[{\"@type\":\"ReadAction\",\"target\":[\"https:\/\/www.notibras.com\/site\/o-medo-que-aprendemos-a-administrar\/\"]}]},{\"@type\":\"ImageObject\",\"inLanguage\":\"pt-BR\",\"@id\":\"https:\/\/www.notibras.com\/site\/o-medo-que-aprendemos-a-administrar\/#primaryimage\",\"url\":\"https:\/\/www.notibras.com\/site\/wp-content\/uploads\/2026\/03\/WhatsApp-Image-2026-03-10-at-23.36.43.jpeg\",\"contentUrl\":\"https:\/\/www.notibras.com\/site\/wp-content\/uploads\/2026\/03\/WhatsApp-Image-2026-03-10-at-23.36.43.jpeg\",\"width\":816,\"height\":1440},{\"@type\":\"BreadcrumbList\",\"@id\":\"https:\/\/www.notibras.com\/site\/o-medo-que-aprendemos-a-administrar\/#breadcrumb\",\"itemListElement\":[{\"@type\":\"ListItem\",\"position\":1,\"name\":\"In\u00edcio\",\"item\":\"https:\/\/www.notibras.com\/site\/\"},{\"@type\":\"ListItem\",\"position\":2,\"name\":\"O medo que aprendemos a administrar\"}]},{\"@type\":\"WebSite\",\"@id\":\"https:\/\/www.notibras.com\/site\/#website\",\"url\":\"https:\/\/www.notibras.com\/site\/\",\"name\":\"Notibras\",\"description\":\"Not\u00edcias de Bras\u00edlia, do Brasil e do Mundo\",\"publisher\":{\"@id\":\"https:\/\/www.notibras.com\/site\/#organization\"},\"potentialAction\":[{\"@type\":\"SearchAction\",\"target\":{\"@type\":\"EntryPoint\",\"urlTemplate\":\"https:\/\/www.notibras.com\/site\/?s={search_term_string}\"},\"query-input\":{\"@type\":\"PropertyValueSpecification\",\"valueRequired\":true,\"valueName\":\"search_term_string\"}}],\"inLanguage\":\"pt-BR\"},{\"@type\":\"Organization\",\"@id\":\"https:\/\/www.notibras.com\/site\/#organization\",\"name\":\"Grupo Notibras de Comunica\u00e7\u00e3o\",\"url\":\"https:\/\/www.notibras.com\/site\/\",\"logo\":{\"@type\":\"ImageObject\",\"inLanguage\":\"pt-BR\",\"@id\":\"https:\/\/www.notibras.com\/site\/#\/schema\/logo\/image\/\",\"url\":\"https:\/\/www.notibras.com\/site\/wp-content\/uploads\/2023\/01\/notibras23.png\",\"contentUrl\":\"https:\/\/www.notibras.com\/site\/wp-content\/uploads\/2023\/01\/notibras23.png\",\"width\":350,\"height\":87,\"caption\":\"Grupo Notibras de Comunica\u00e7\u00e3o\"},\"image\":{\"@id\":\"https:\/\/www.notibras.com\/site\/#\/schema\/logo\/image\/\"},\"sameAs\":[\"https:\/\/www.facebook.com\/notibras\/\",\"https:\/\/x.com\/Notibras\",\"https:\/\/www.instagram.com\/notibras\/\"]},{\"@type\":\"Person\",\"@id\":\"https:\/\/www.notibras.com\/site\/#\/schema\/person\/5b7fabf2aedc3ada2105f03b22b4d3dd\",\"name\":\"Eduardo Mart\u00ednez\",\"image\":{\"@type\":\"ImageObject\",\"inLanguage\":\"pt-BR\",\"@id\":\"https:\/\/secure.gravatar.com\/avatar\/7902f906289926289cbcda644b5197c796b893c6ffd7b9a536a42d290f7704a0?s=96&d=mm&r=g\",\"url\":\"https:\/\/secure.gravatar.com\/avatar\/7902f906289926289cbcda644b5197c796b893c6ffd7b9a536a42d290f7704a0?s=96&d=mm&r=g\",\"contentUrl\":\"https:\/\/secure.gravatar.com\/avatar\/7902f906289926289cbcda644b5197c796b893c6ffd7b9a536a42d290f7704a0?s=96&d=mm&r=g\",\"caption\":\"Eduardo Mart\u00ednez\"}}]}<\/script>\n<!-- \/ Yoast SEO plugin. -->","yoast_head_json":{"title":"O medo que aprendemos a administrar - Notibras","robots":{"index":"index","follow":"follow","max-snippet":"max-snippet:-1","max-image-preview":"max-image-preview:large","max-video-preview":"max-video-preview:-1"},"canonical":"https:\/\/www.notibras.com\/site\/o-medo-que-aprendemos-a-administrar\/","og_locale":"pt_BR","og_type":"article","og_title":"O medo que aprendemos a administrar - Notibras","og_description":"Existe um conhecimento silencioso compartilhado por muitas mulheres: a administra\u00e7\u00e3o constante do medo. N\u00e3o \u00e9 um medo permanente, mas uma aten\u00e7\u00e3o cont\u00ednua. Caminhos escolhidos com cuidado, mensagens enviadas ao chegar em casa, chaves entre os dedos ao atravessar ruas escuras. Pequenas estrat\u00e9gias que se tornam h\u00e1bitos. Esse comportamento n\u00e3o surge do nada. Ele nasce de [&hellip;]","og_url":"https:\/\/www.notibras.com\/site\/o-medo-que-aprendemos-a-administrar\/","og_site_name":"Notibras","article_publisher":"https:\/\/www.facebook.com\/notibras\/","article_published_time":"2026-03-14T05:15:38+00:00","og_image":[{"width":816,"height":1440,"url":"https:\/\/www.notibras.com\/site\/wp-content\/uploads\/2026\/03\/WhatsApp-Image-2026-03-10-at-23.36.43.jpeg","type":"image\/jpeg"}],"author":"Eduardo Mart\u00ednez","twitter_card":"summary_large_image","twitter_creator":"@Notibras","twitter_site":"@Notibras","twitter_misc":{"Escrito por":"Eduardo Mart\u00ednez","Est. tempo de leitura":"1 minuto"},"schema":{"@context":"https:\/\/schema.org","@graph":[{"@type":"Article","@id":"https:\/\/www.notibras.com\/site\/o-medo-que-aprendemos-a-administrar\/#article","isPartOf":{"@id":"https:\/\/www.notibras.com\/site\/o-medo-que-aprendemos-a-administrar\/"},"author":{"name":"Eduardo Mart\u00ednez","@id":"https:\/\/www.notibras.com\/site\/#\/schema\/person\/5b7fabf2aedc3ada2105f03b22b4d3dd"},"headline":"O medo que aprendemos a administrar","datePublished":"2026-03-14T05:15:38+00:00","mainEntityOfPage":{"@id":"https:\/\/www.notibras.com\/site\/o-medo-que-aprendemos-a-administrar\/"},"wordCount":156,"publisher":{"@id":"https:\/\/www.notibras.com\/site\/#organization"},"image":{"@id":"https:\/\/www.notibras.com\/site\/o-medo-que-aprendemos-a-administrar\/#primaryimage"},"thumbnailUrl":"https:\/\/www.notibras.com\/site\/wp-content\/uploads\/2026\/03\/WhatsApp-Image-2026-03-10-at-23.36.43.jpeg","articleSection":["Ponto de Vista"],"inLanguage":"pt-BR"},{"@type":"WebPage","@id":"https:\/\/www.notibras.com\/site\/o-medo-que-aprendemos-a-administrar\/","url":"https:\/\/www.notibras.com\/site\/o-medo-que-aprendemos-a-administrar\/","name":"O medo que aprendemos a administrar - Notibras","isPartOf":{"@id":"https:\/\/www.notibras.com\/site\/#website"},"primaryImageOfPage":{"@id":"https:\/\/www.notibras.com\/site\/o-medo-que-aprendemos-a-administrar\/#primaryimage"},"image":{"@id":"https:\/\/www.notibras.com\/site\/o-medo-que-aprendemos-a-administrar\/#primaryimage"},"thumbnailUrl":"https:\/\/www.notibras.com\/site\/wp-content\/uploads\/2026\/03\/WhatsApp-Image-2026-03-10-at-23.36.43.jpeg","datePublished":"2026-03-14T05:15:38+00:00","breadcrumb":{"@id":"https:\/\/www.notibras.com\/site\/o-medo-que-aprendemos-a-administrar\/#breadcrumb"},"inLanguage":"pt-BR","potentialAction":[{"@type":"ReadAction","target":["https:\/\/www.notibras.com\/site\/o-medo-que-aprendemos-a-administrar\/"]}]},{"@type":"ImageObject","inLanguage":"pt-BR","@id":"https:\/\/www.notibras.com\/site\/o-medo-que-aprendemos-a-administrar\/#primaryimage","url":"https:\/\/www.notibras.com\/site\/wp-content\/uploads\/2026\/03\/WhatsApp-Image-2026-03-10-at-23.36.43.jpeg","contentUrl":"https:\/\/www.notibras.com\/site\/wp-content\/uploads\/2026\/03\/WhatsApp-Image-2026-03-10-at-23.36.43.jpeg","width":816,"height":1440},{"@type":"BreadcrumbList","@id":"https:\/\/www.notibras.com\/site\/o-medo-que-aprendemos-a-administrar\/#breadcrumb","itemListElement":[{"@type":"ListItem","position":1,"name":"In\u00edcio","item":"https:\/\/www.notibras.com\/site\/"},{"@type":"ListItem","position":2,"name":"O medo que aprendemos a administrar"}]},{"@type":"WebSite","@id":"https:\/\/www.notibras.com\/site\/#website","url":"https:\/\/www.notibras.com\/site\/","name":"Notibras","description":"Not\u00edcias de Bras\u00edlia, do Brasil e do Mundo","publisher":{"@id":"https:\/\/www.notibras.com\/site\/#organization"},"potentialAction":[{"@type":"SearchAction","target":{"@type":"EntryPoint","urlTemplate":"https:\/\/www.notibras.com\/site\/?s={search_term_string}"},"query-input":{"@type":"PropertyValueSpecification","valueRequired":true,"valueName":"search_term_string"}}],"inLanguage":"pt-BR"},{"@type":"Organization","@id":"https:\/\/www.notibras.com\/site\/#organization","name":"Grupo Notibras de Comunica\u00e7\u00e3o","url":"https:\/\/www.notibras.com\/site\/","logo":{"@type":"ImageObject","inLanguage":"pt-BR","@id":"https:\/\/www.notibras.com\/site\/#\/schema\/logo\/image\/","url":"https:\/\/www.notibras.com\/site\/wp-content\/uploads\/2023\/01\/notibras23.png","contentUrl":"https:\/\/www.notibras.com\/site\/wp-content\/uploads\/2023\/01\/notibras23.png","width":350,"height":87,"caption":"Grupo Notibras de Comunica\u00e7\u00e3o"},"image":{"@id":"https:\/\/www.notibras.com\/site\/#\/schema\/logo\/image\/"},"sameAs":["https:\/\/www.facebook.com\/notibras\/","https:\/\/x.com\/Notibras","https:\/\/www.instagram.com\/notibras\/"]},{"@type":"Person","@id":"https:\/\/www.notibras.com\/site\/#\/schema\/person\/5b7fabf2aedc3ada2105f03b22b4d3dd","name":"Eduardo Mart\u00ednez","image":{"@type":"ImageObject","inLanguage":"pt-BR","@id":"https:\/\/secure.gravatar.com\/avatar\/7902f906289926289cbcda644b5197c796b893c6ffd7b9a536a42d290f7704a0?s=96&d=mm&r=g","url":"https:\/\/secure.gravatar.com\/avatar\/7902f906289926289cbcda644b5197c796b893c6ffd7b9a536a42d290f7704a0?s=96&d=mm&r=g","contentUrl":"https:\/\/secure.gravatar.com\/avatar\/7902f906289926289cbcda644b5197c796b893c6ffd7b9a536a42d290f7704a0?s=96&d=mm&r=g","caption":"Eduardo Mart\u00ednez"}}]}},"amp_enabled":true,"_links":{"self":[{"href":"https:\/\/www.notibras.com\/site\/wp-json\/wp\/v2\/posts\/386484","targetHints":{"allow":["GET"]}}],"collection":[{"href":"https:\/\/www.notibras.com\/site\/wp-json\/wp\/v2\/posts"}],"about":[{"href":"https:\/\/www.notibras.com\/site\/wp-json\/wp\/v2\/types\/post"}],"author":[{"embeddable":true,"href":"https:\/\/www.notibras.com\/site\/wp-json\/wp\/v2\/users\/21"}],"replies":[{"embeddable":true,"href":"https:\/\/www.notibras.com\/site\/wp-json\/wp\/v2\/comments?post=386484"}],"version-history":[{"count":2,"href":"https:\/\/www.notibras.com\/site\/wp-json\/wp\/v2\/posts\/386484\/revisions"}],"predecessor-version":[{"id":386487,"href":"https:\/\/www.notibras.com\/site\/wp-json\/wp\/v2\/posts\/386484\/revisions\/386487"}],"wp:featuredmedia":[{"embeddable":true,"href":"https:\/\/www.notibras.com\/site\/wp-json\/wp\/v2\/media\/386485"}],"wp:attachment":[{"href":"https:\/\/www.notibras.com\/site\/wp-json\/wp\/v2\/media?parent=386484"}],"wp:term":[{"taxonomy":"category","embeddable":true,"href":"https:\/\/www.notibras.com\/site\/wp-json\/wp\/v2\/categories?post=386484"},{"taxonomy":"post_tag","embeddable":true,"href":"https:\/\/www.notibras.com\/site\/wp-json\/wp\/v2\/tags?post=386484"}],"curies":[{"name":"wp","href":"https:\/\/api.w.org\/{rel}","templated":true}]}}