{"id":386495,"date":"2026-03-11T07:31:42","date_gmt":"2026-03-11T10:31:42","guid":{"rendered":"https:\/\/www.notibras.com\/site\/?p=386495"},"modified":"2026-03-11T15:57:03","modified_gmt":"2026-03-11T18:57:03","slug":"nelson-faz-do-brb-fenix-que-renasce-das-cinzas","status":"publish","type":"post","link":"https:\/\/www.notibras.com\/site\/nelson-faz-do-brb-fenix-que-renasce-das-cinzas\/","title":{"rendered":"Nelson faz do BRB F\u00eanix que renasce das cinzas"},"content":{"rendered":"<p>Ao assumir a presid\u00eancia do Banco de Bras\u00edlia em um momento delicado para a institui\u00e7\u00e3o, o economista Nelson Souza trouxe para o BRB um ativo que poucos executivos do sistema financeiro nacional acumulam com igual peso. Trata-se da experi\u00eancia concreta em momentos de reconstru\u00e7\u00e3o institucional. Ex-presidente da Caixa Econ\u00f4mica Federal e tamb\u00e9m do Banco do Nordeste, ele chegou ao comando do BRB com uma leitura clara do cen\u00e1rio e uma estrat\u00e9gia definida em tr\u00eas frentes consideradas essenciais para qualquer processo de recupera\u00e7\u00e3o banc\u00e1ria &#8211; liquidez, capital e reputa\u00e7\u00e3o.<\/p>\n<p>Nelson Souza conversou com a equipe de <strong>Notibras<\/strong> na ter\u00e7a, 10, logo ap\u00f3s a san\u00e7\u00e3o, pelo governador Ibaneis Rocha, da lei aprovada pelos deputados distritais que d\u00e1 um novo f\u00f4lego ao banco. O trabalho, diz ele, come\u00e7ou por uma revis\u00e3o profunda dos mecanismos internos de governan\u00e7a, com prioridade absoluta \u00e0 consist\u00eancia dos resultados e ao fortalecimento do principal patrim\u00f4nio da institui\u00e7\u00e3o, representada pela equipe de profissionais.<\/p>\n<p>A partir e agora, em vez de solu\u00e7\u00f5es de curto prazo, a dire\u00e7\u00e3o aposta em reorganiza\u00e7\u00e3o estrutural, preserva\u00e7\u00e3o da integridade das pr\u00e1ticas banc\u00e1rias e reconstru\u00e7\u00e3o gradual da confian\u00e7a de clientes, investidores e do pr\u00f3prio mercado. A l\u00f3gica \u00e9 simples, na interpreta\u00e7\u00e3o de Nelson, \u00e9 simples, se considerado que um banco p\u00fablico regional s\u00f3 se sustenta quando transmite previsibilidade, disciplina e capacidade de resposta. E \u00e9 exatamente esses atributos que o atual presidente busca recolocar no centro da gest\u00e3o.<\/p>\n<p>A experi\u00eancia acumulada por quem j\u00e1 comandou grandes estruturas financeiras p\u00fablicas permite a Nelson Souza atuar como um executivo acostumado a atravessar cen\u00e1rios adversos sem perder o horizonte estrat\u00e9gico. Nesse sentido, o BRB volta a mirar sua voca\u00e7\u00e3o original, que \u00e9 impulsionar o desenvolvimento econ\u00f4mico de Bras\u00edlia e da regi\u00e3o, sem abrir m\u00e3o de ampliar sua presen\u00e7a em \u00e1reas estrat\u00e9gicas do pa\u00eds. A atua\u00e7\u00e3o na Bahia, com dep\u00f3sitos judiciais, na Para\u00edba e Alagoas, administrando folha de pagamento e recursos p\u00fablicos, sinaliza que o banco pretende crescer com responsabilidade, transformando presen\u00e7a institucional em gera\u00e7\u00e3o de credibilidade. Para muitos observadores do setor, o caminho das pedras est\u00e1 sendo trilhado com m\u00e9todo que promete boas colheitas. Primeiro estabilizar, depois consolidar, e s\u00f3 ent\u00e3o expandir.<\/p>\n<p>Sob essa perspectiva, a presen\u00e7a de Nelson Souza no comando do BRB tende a representar mais do que uma simples mudan\u00e7a administrativa. A sinaliza\u00e7\u00e3o, com a sua presen\u00e7a, \u00e9 da ado\u00e7\u00e3o de uma cultura de gest\u00e3o orientada por crit\u00e9rios t\u00e9cnicos, prud\u00eancia regulat\u00f3ria e vis\u00e3o de longo prazo. Observe-se, a esse respeito, que em institui\u00e7\u00f5es financeiras p\u00fablicas, especialmente aquelas com forte identidade regional, a recomposi\u00e7\u00e3o da credibilidade exige medidas simult\u00e2neas, como equil\u00edbrio entre robustez patrimonial, capacidade operacional e comunica\u00e7\u00e3o transparente com o mercado. \u00c9 justamente nesse ponto que a trajet\u00f3ria do atual presidente ganha relevo.<\/p>\n<p>Executivos com passagem por estruturas como a Caixa Econ\u00f4mica Federal e o Banco do Nordeste sabem que a primeira decis\u00e3o estrat\u00e9gica em ambientes de press\u00e3o \u00e9 restaurar a previsibilidade. Isso significa rever exposi\u00e7\u00e3o a riscos, recalibrar carteiras, fortalecer colch\u00f5es de liquidez e estabelecer m\u00e9tricas rigorosas de desempenho interno. Em linguagem de mercado, trata-se de reconstruir capacidade de resposta antes de acelerar movimentos expansionistas. Mesmo porque, nenhum banco retoma protagonismo sem antes reafirmar sua seguran\u00e7a institucional.<\/p>\n<p>A tend\u00eancia natural, nesse tipo de gest\u00e3o, \u00e9 que decis\u00f5es futuras avancem em tr\u00eas dire\u00e7\u00f5es complementares, com refor\u00e7o dos controles internos, aprimoramento da aloca\u00e7\u00e3o de capital e revis\u00e3o seletiva das frentes de neg\u00f3cios. Isso pode significar desde maior rigor na an\u00e1lise de cr\u00e9dito at\u00e9 redefini\u00e7\u00e3o de prioridades em investimentos corporativos, sempre com aten\u00e7\u00e3o ao ambiente regulat\u00f3rio e \u00e0 rela\u00e7\u00e3o com \u00f3rg\u00e3os supervisores. Um gestor experiente sabe que crescimento sustent\u00e1vel n\u00e3o nasce da velocidade, mas da qualidade da arquitetura financeira constru\u00edda nos bastidores.<\/p>\n<p>Outro ponto decisivo apontado por Nelson Souza \u00e9 o reposicionamento reputacional. Bancos p\u00fablicos vivem tamb\u00e9m de percep\u00e7\u00e3o institucional. Nesse sentido, o esfor\u00e7o do presidente em associar governan\u00e7a \u00e0 entrega de resultados consistentes indica compreens\u00e3o de que reputa\u00e7\u00e3o n\u00e3o se recomp\u00f5e apenas com balan\u00e7os positivos, mas com sinais claros de disciplina administrativa, estabilidade decis\u00f3ria e compromisso p\u00fablico. \u00c9 uma sinaliza\u00e7\u00e3o para o mercado, investidores e correntistas, que observam menos discursos e mais coer\u00eancia entre an\u00fancio e execu\u00e7\u00e3o.<\/p>\n<p>Ao mesmo tempo, a expans\u00e3o para novos espa\u00e7os fora do Distrito Federal revela uma estrat\u00e9gia de diversifica\u00e7\u00e3o inteligente. Ao atuar em \u00e1reas como gest\u00e3o de dep\u00f3sitos judiciais e administra\u00e7\u00e3o de folhas p\u00fablicas em outros estados, o banco amplia receitas recorrentes, reduz depend\u00eancia de nichos tradicionais e fortalece sua musculatura operacional. Trata-se de uma forma moderna de consolidar presen\u00e7a nacional sem perder identidade regional. Em outras palavras, temos a\u00ed um\u2014 movimento t\u00edpico de institui\u00e7\u00f5es que desejam crescer sem descaracterizar sua miss\u00e3o original.<\/p>\n<p>No plano econ\u00f4mico, a leitura \u00e9 de que o BRB procura reencontrar um eixo de estabilidade em que desenvolvimento regional e efici\u00eancia financeira deixem de ser objetivos concorrentes e passem a operar como partes de uma mesma engrenagem. Bras\u00edlia continua sendo o centro simb\u00f3lico dessa estrat\u00e9gia, mas a vis\u00e3o de futuro exige amplitude geogr\u00e1fica e sofistica\u00e7\u00e3o gerencial.<\/p>\n<p>Em ambientes financeiros complexos, grandes gestores n\u00e3o trabalham apenas para resolver urg\u00eancias. Ao contr\u00e1rio, constroem condi\u00e7\u00f5es para que a institui\u00e7\u00e3o atravesse ciclos pol\u00edticos, preserve valor e mantenha capacidade de investimento. \u00c9 esse tipo de arquitetura silenciosa, feita de decis\u00f5es t\u00e9cnicas e timing correto, que come\u00e7a a desenhar o novo momento do banco.<\/p>\n<p>Nos pr\u00f3ximos meses, o desafio mais sens\u00edvel dever\u00e1 estar na capacidade de transformar estabilidade administrativa em ganho estrutural de longo prazo. Nesse cen\u00e1rio, uma das frentes mais observadas pelo mercado tende a ser a pol\u00edtica de capitaliza\u00e7\u00e3o. Um gestor com a experi\u00eancia de Nelson Souza sabe que refor\u00e7ar capital n\u00e3o significa apenas ampliar reservas. Isso envolve calibrar cuidadosamente a rela\u00e7\u00e3o entre patrim\u00f4nio, risco e capacidade futura de expans\u00e3o. Dependendo do ambiente econ\u00f4mico e regulat\u00f3rio, a medida poder\u00e1 significar reten\u00e7\u00e3o estrat\u00e9gica de resultados, reorganiza\u00e7\u00e3o de passivos e revis\u00e3o criteriosa de opera\u00e7\u00f5es que exijam elevado consumo de capital.<\/p>\n<p>Outra medida natural em processos de reestrutura\u00e7\u00e3o madura \u00e9 a revis\u00e3o profunda de ativos. Em bancos p\u00fablicos ou de economia mista, essa etapa costuma incluir reavalia\u00e7\u00e3o de carteiras, depura\u00e7\u00e3o de exposi\u00e7\u00f5es menos eficientes e prioriza\u00e7\u00e3o de segmentos com melhor retorno ajustado ao risco. A l\u00f3gica \u00e9 simples, considerando que um banco robusto n\u00e3o cresce apenas aumentando volume, mas selecionando com precis\u00e3o onde alocar recursos. Em tempos de juros ainda elevados e cr\u00e9dito seletivo, essa intelig\u00eancia passa a ser decisiva para proteger margem financeira e preservar competitividade.<\/p>\n<p>No campo tecnol\u00f3gico, o fortalecimento digital tende a ocupar papel central. A transforma\u00e7\u00e3o banc\u00e1ria brasileira j\u00e1 n\u00e3o permite distin\u00e7\u00e3o entre solidez financeira e capacidade tecnol\u00f3gica. Institui\u00e7\u00f5es que desejam manter relev\u00e2ncia precisam combinar seguran\u00e7a operacional, agilidade digital e experi\u00eancia qualificada ao cliente. Nesse aspecto, o BRB dever\u00e1 aprofundar investimentos em plataformas digitais, integra\u00e7\u00e3o de servi\u00e7os, intelig\u00eancia de dados e moderniza\u00e7\u00e3o dos canais de relacionamento, sobretudo para ampliar efici\u00eancia sem elevar proporcionalmente o custo operacional.<\/p>\n<p>H\u00e1 ainda uma dimens\u00e3o menos vis\u00edvel, por\u00e9m estrat\u00e9gica. A isso se chama blindagem institucional. Em estruturas financeiras p\u00fablicas, preservar governan\u00e7a significa tamb\u00e9m reduzir vulnerabilidades externas, fortalecer processos decis\u00f3rios internos e garantir que cada movimento relevante esteja sustentado por crit\u00e9rios t\u00e9cnicos claros. Grandes gestores sabem que reputa\u00e7\u00e3o institucional n\u00e3o se protege apenas com discursos, mas com mecanismos internos capazes de resistir a press\u00f5es conjunturais e assegurar previsibilidade ao mercado.<\/p>\n<p>Deve-se entender tamb\u00e9m que a recupera\u00e7\u00e3o plena de imagem diante de investidores e agentes financeiros depender\u00e1 da repeti\u00e7\u00e3o disciplinada de resultados consistentes. A confian\u00e7a, nesse ambiente, n\u00e3o se reconstr\u00f3i em ciclos curtos; ela nasce da continuidade. Cada balan\u00e7o s\u00f3lido, cada indicador estabilizado e cada contrato bem executado funciona como sinal concreto de que a institui\u00e7\u00e3o reencontra sua capacidade de gerar valor com seguran\u00e7a. \u00c9 nesse terreno que a experi\u00eancia acumulada por Nelson Souza tende a fazer diferen\u00e7a. Na conversa com <strong>Notibras<\/strong>, ele deixou claro que n\u00e3o vai apenas administrar o presente, mas reposicionar o banco para ciclos futuros de crescimento sustent\u00e1vel.<\/p>\n<p>No fundo, a travessia de um banco exige algo que poucos dirigentes conseguem combinar com naturalidade, j\u00e1 que \u00e9 necess\u00e1rio haver serenidade para enfrentar ru\u00eddos imediatos e vis\u00e3o suficiente para decidir pensando adiante. \u00c9 justamente essa combina\u00e7\u00e3o que, aos poucos, come\u00e7a a redesenhar o horizonte institucional do banco que permanece como s\u00edmbolo financeiro da capital da Rep\u00fablica.<\/p>\n<p>Por fim, pontue-se que em Bras\u00edlia, onde decis\u00f5es econ\u00f4micas raramente s\u00e3o observadas apenas pelo seu conte\u00fado t\u00e9cnico, a gest\u00e3o de Nelson Souza no comando do BRB passou a ser acompanhada como um teste de maturidade institucional. Mais do que recuperar indicadores ou reorganizar estruturas internas, o desafio \u00e9 demonstrar que uma institui\u00e7\u00e3o financeira p\u00fablica regional pode atravessar turbul\u00eancias, reafirmar sua identidade e voltar a ocupar posi\u00e7\u00e3o de confian\u00e7a no sistema banc\u00e1rio nacional. Se conseguir consolidar liquidez, fortalecer capital, blindar governan\u00e7a e devolver previsibilidade ao mercado, o banco n\u00e3o apenas preservar\u00e1 seu papel hist\u00f3rico junto \u00e0 popula\u00e7\u00e3o do Distrito Federal, mas poder\u00e1 inaugurar uma nova etapa de crescimento sustentado, ancorada menos no improviso e mais na disciplina silenciosa que costuma distinguir os grandes gestores financeiros.<\/p>\n<p>Na despedida, ap\u00f3s um caf\u00e9 e outro, ficou a certeza de que Nelson, no fim das contas, fara o que a capital da Rep\u00fablica espera dele: o Banco BRB ser\u00e1 uma nova F\u00eanix que renascer\u00e1 das cinzas.<\/p>\n<p>&#8230;&#8230;..<\/p>\n<p><strong>Jos\u00e9 Seabra \u00e9 CEO fundador de Notibras<\/strong><br \/>\n<strong>Dora Andrade \u00e9 Editora de Economia de Notibras<\/strong><\/p>\n","protected":false},"excerpt":{"rendered":"<p>Ao assumir a presid\u00eancia do Banco de Bras\u00edlia em um momento delicado para a institui\u00e7\u00e3o, o economista Nelson Souza trouxe para o BRB um ativo que poucos executivos do sistema financeiro nacional acumulam com igual peso. Trata-se da experi\u00eancia concreta em momentos de reconstru\u00e7\u00e3o institucional. Ex-presidente da Caixa Econ\u00f4mica Federal e tamb\u00e9m do Banco do [&hellip;]<\/p>\n","protected":false},"author":2,"featured_media":386498,"comment_status":"closed","ping_status":"closed","sticky":false,"template":"","format":"standard","meta":{"_acf_changed":false,"footnotes":""},"categories":[161],"tags":[95],"class_list":["post-386495","post","type-post","status-publish","format-standard","has-post-thumbnail","hentry","category-quadradinho-em-foco","tag-capa"],"acf":[],"yoast_head":"<!-- This site is optimized with the Yoast SEO plugin v27.2 - https:\/\/yoast.com\/product\/yoast-seo-wordpress\/ -->\n<title>Nelson faz do BRB F\u00eanix que renasce das cinzas - Notibras<\/title>\n<meta name=\"robots\" content=\"index, follow, max-snippet:-1, max-image-preview:large, max-video-preview:-1\" \/>\n<link rel=\"canonical\" href=\"https:\/\/www.notibras.com\/site\/nelson-faz-do-brb-fenix-que-renasce-das-cinzas\/\" \/>\n<meta property=\"og:locale\" content=\"pt_BR\" \/>\n<meta property=\"og:type\" content=\"article\" \/>\n<meta property=\"og:title\" content=\"Nelson faz do BRB F\u00eanix que renasce das cinzas - Notibras\" \/>\n<meta property=\"og:description\" content=\"Ao assumir a presid\u00eancia do Banco de Bras\u00edlia em um momento delicado para a institui\u00e7\u00e3o, o economista Nelson Souza trouxe para o BRB um ativo que poucos executivos do sistema financeiro nacional acumulam com igual peso. Trata-se da experi\u00eancia concreta em momentos de reconstru\u00e7\u00e3o institucional. Ex-presidente da Caixa Econ\u00f4mica Federal e tamb\u00e9m do Banco do [&hellip;]\" \/>\n<meta property=\"og:url\" content=\"https:\/\/www.notibras.com\/site\/nelson-faz-do-brb-fenix-que-renasce-das-cinzas\/\" \/>\n<meta property=\"og:site_name\" content=\"Notibras\" \/>\n<meta property=\"article:publisher\" content=\"https:\/\/www.facebook.com\/notibras\/\" \/>\n<meta property=\"article:published_time\" content=\"2026-03-11T10:31:42+00:00\" \/>\n<meta property=\"article:modified_time\" content=\"2026-03-11T18:57:03+00:00\" \/>\n<meta property=\"og:image\" content=\"https:\/\/www.notibras.com\/site\/wp-content\/uploads\/2026\/03\/1000430287-1.jpg\" \/>\n\t<meta property=\"og:image:width\" content=\"677\" \/>\n\t<meta property=\"og:image:height\" content=\"542\" \/>\n\t<meta property=\"og:image:type\" content=\"image\/jpeg\" \/>\n<meta name=\"author\" content=\"Reda\u00e7\u00e3o\" \/>\n<meta name=\"twitter:card\" content=\"summary_large_image\" \/>\n<meta name=\"twitter:creator\" content=\"@Notibras\" \/>\n<meta name=\"twitter:site\" content=\"@Notibras\" \/>\n<meta name=\"twitter:label1\" content=\"Escrito por\" \/>\n\t<meta name=\"twitter:data1\" content=\"Reda\u00e7\u00e3o\" \/>\n\t<meta name=\"twitter:label2\" content=\"Est. tempo de leitura\" \/>\n\t<meta name=\"twitter:data2\" content=\"9 minutos\" \/>\n<script type=\"application\/ld+json\" class=\"yoast-schema-graph\">{\"@context\":\"https:\/\/schema.org\",\"@graph\":[{\"@type\":\"Article\",\"@id\":\"https:\/\/www.notibras.com\/site\/nelson-faz-do-brb-fenix-que-renasce-das-cinzas\/#article\",\"isPartOf\":{\"@id\":\"https:\/\/www.notibras.com\/site\/nelson-faz-do-brb-fenix-que-renasce-das-cinzas\/\"},\"author\":{\"name\":\"Reda\u00e7\u00e3o\",\"@id\":\"https:\/\/www.notibras.com\/site\/#\/schema\/person\/36ab0979449956132d3e5b517ea76ac8\"},\"headline\":\"Nelson faz do BRB F\u00eanix que renasce das cinzas\",\"datePublished\":\"2026-03-11T10:31:42+00:00\",\"dateModified\":\"2026-03-11T18:57:03+00:00\",\"mainEntityOfPage\":{\"@id\":\"https:\/\/www.notibras.com\/site\/nelson-faz-do-brb-fenix-que-renasce-das-cinzas\/\"},\"wordCount\":1758,\"publisher\":{\"@id\":\"https:\/\/www.notibras.com\/site\/#organization\"},\"image\":{\"@id\":\"https:\/\/www.notibras.com\/site\/nelson-faz-do-brb-fenix-que-renasce-das-cinzas\/#primaryimage\"},\"thumbnailUrl\":\"https:\/\/www.notibras.com\/site\/wp-content\/uploads\/2026\/03\/1000430287-1.jpg\",\"keywords\":[\"capa\"],\"articleSection\":[\"Quadradinho em Foco\"],\"inLanguage\":\"pt-BR\"},{\"@type\":\"WebPage\",\"@id\":\"https:\/\/www.notibras.com\/site\/nelson-faz-do-brb-fenix-que-renasce-das-cinzas\/\",\"url\":\"https:\/\/www.notibras.com\/site\/nelson-faz-do-brb-fenix-que-renasce-das-cinzas\/\",\"name\":\"Nelson faz do BRB F\u00eanix que renasce das cinzas - Notibras\",\"isPartOf\":{\"@id\":\"https:\/\/www.notibras.com\/site\/#website\"},\"primaryImageOfPage\":{\"@id\":\"https:\/\/www.notibras.com\/site\/nelson-faz-do-brb-fenix-que-renasce-das-cinzas\/#primaryimage\"},\"image\":{\"@id\":\"https:\/\/www.notibras.com\/site\/nelson-faz-do-brb-fenix-que-renasce-das-cinzas\/#primaryimage\"},\"thumbnailUrl\":\"https:\/\/www.notibras.com\/site\/wp-content\/uploads\/2026\/03\/1000430287-1.jpg\",\"datePublished\":\"2026-03-11T10:31:42+00:00\",\"dateModified\":\"2026-03-11T18:57:03+00:00\",\"breadcrumb\":{\"@id\":\"https:\/\/www.notibras.com\/site\/nelson-faz-do-brb-fenix-que-renasce-das-cinzas\/#breadcrumb\"},\"inLanguage\":\"pt-BR\",\"potentialAction\":[{\"@type\":\"ReadAction\",\"target\":[\"https:\/\/www.notibras.com\/site\/nelson-faz-do-brb-fenix-que-renasce-das-cinzas\/\"]}]},{\"@type\":\"ImageObject\",\"inLanguage\":\"pt-BR\",\"@id\":\"https:\/\/www.notibras.com\/site\/nelson-faz-do-brb-fenix-que-renasce-das-cinzas\/#primaryimage\",\"url\":\"https:\/\/www.notibras.com\/site\/wp-content\/uploads\/2026\/03\/1000430287-1.jpg\",\"contentUrl\":\"https:\/\/www.notibras.com\/site\/wp-content\/uploads\/2026\/03\/1000430287-1.jpg\",\"width\":677,\"height\":542},{\"@type\":\"BreadcrumbList\",\"@id\":\"https:\/\/www.notibras.com\/site\/nelson-faz-do-brb-fenix-que-renasce-das-cinzas\/#breadcrumb\",\"itemListElement\":[{\"@type\":\"ListItem\",\"position\":1,\"name\":\"In\u00edcio\",\"item\":\"https:\/\/www.notibras.com\/site\/\"},{\"@type\":\"ListItem\",\"position\":2,\"name\":\"Nelson faz do BRB F\u00eanix que renasce das cinzas\"}]},{\"@type\":\"WebSite\",\"@id\":\"https:\/\/www.notibras.com\/site\/#website\",\"url\":\"https:\/\/www.notibras.com\/site\/\",\"name\":\"Notibras\",\"description\":\"Not\u00edcias de Bras\u00edlia, do Brasil e do Mundo\",\"publisher\":{\"@id\":\"https:\/\/www.notibras.com\/site\/#organization\"},\"potentialAction\":[{\"@type\":\"SearchAction\",\"target\":{\"@type\":\"EntryPoint\",\"urlTemplate\":\"https:\/\/www.notibras.com\/site\/?s={search_term_string}\"},\"query-input\":{\"@type\":\"PropertyValueSpecification\",\"valueRequired\":true,\"valueName\":\"search_term_string\"}}],\"inLanguage\":\"pt-BR\"},{\"@type\":\"Organization\",\"@id\":\"https:\/\/www.notibras.com\/site\/#organization\",\"name\":\"Grupo Notibras de Comunica\u00e7\u00e3o\",\"url\":\"https:\/\/www.notibras.com\/site\/\",\"logo\":{\"@type\":\"ImageObject\",\"inLanguage\":\"pt-BR\",\"@id\":\"https:\/\/www.notibras.com\/site\/#\/schema\/logo\/image\/\",\"url\":\"https:\/\/www.notibras.com\/site\/wp-content\/uploads\/2023\/01\/notibras23.png\",\"contentUrl\":\"https:\/\/www.notibras.com\/site\/wp-content\/uploads\/2023\/01\/notibras23.png\",\"width\":350,\"height\":87,\"caption\":\"Grupo Notibras de Comunica\u00e7\u00e3o\"},\"image\":{\"@id\":\"https:\/\/www.notibras.com\/site\/#\/schema\/logo\/image\/\"},\"sameAs\":[\"https:\/\/www.facebook.com\/notibras\/\",\"https:\/\/x.com\/Notibras\",\"https:\/\/www.instagram.com\/notibras\/\"]},{\"@type\":\"Person\",\"@id\":\"https:\/\/www.notibras.com\/site\/#\/schema\/person\/36ab0979449956132d3e5b517ea76ac8\",\"name\":\"Reda\u00e7\u00e3o\",\"image\":{\"@type\":\"ImageObject\",\"inLanguage\":\"pt-BR\",\"@id\":\"https:\/\/secure.gravatar.com\/avatar\/e0a867bdedb85fd243eadf09663511f96fc81e0720a4a42581f334ad4303aa6b?s=96&d=mm&r=g\",\"url\":\"https:\/\/secure.gravatar.com\/avatar\/e0a867bdedb85fd243eadf09663511f96fc81e0720a4a42581f334ad4303aa6b?s=96&d=mm&r=g\",\"contentUrl\":\"https:\/\/secure.gravatar.com\/avatar\/e0a867bdedb85fd243eadf09663511f96fc81e0720a4a42581f334ad4303aa6b?s=96&d=mm&r=g\",\"caption\":\"Reda\u00e7\u00e3o\"}}]}<\/script>\n<!-- \/ Yoast SEO plugin. -->","yoast_head_json":{"title":"Nelson faz do BRB F\u00eanix que renasce das cinzas - Notibras","robots":{"index":"index","follow":"follow","max-snippet":"max-snippet:-1","max-image-preview":"max-image-preview:large","max-video-preview":"max-video-preview:-1"},"canonical":"https:\/\/www.notibras.com\/site\/nelson-faz-do-brb-fenix-que-renasce-das-cinzas\/","og_locale":"pt_BR","og_type":"article","og_title":"Nelson faz do BRB F\u00eanix que renasce das cinzas - Notibras","og_description":"Ao assumir a presid\u00eancia do Banco de Bras\u00edlia em um momento delicado para a institui\u00e7\u00e3o, o economista Nelson Souza trouxe para o BRB um ativo que poucos executivos do sistema financeiro nacional acumulam com igual peso. Trata-se da experi\u00eancia concreta em momentos de reconstru\u00e7\u00e3o institucional. Ex-presidente da Caixa Econ\u00f4mica Federal e tamb\u00e9m do Banco do [&hellip;]","og_url":"https:\/\/www.notibras.com\/site\/nelson-faz-do-brb-fenix-que-renasce-das-cinzas\/","og_site_name":"Notibras","article_publisher":"https:\/\/www.facebook.com\/notibras\/","article_published_time":"2026-03-11T10:31:42+00:00","article_modified_time":"2026-03-11T18:57:03+00:00","og_image":[{"width":677,"height":542,"url":"https:\/\/www.notibras.com\/site\/wp-content\/uploads\/2026\/03\/1000430287-1.jpg","type":"image\/jpeg"}],"author":"Reda\u00e7\u00e3o","twitter_card":"summary_large_image","twitter_creator":"@Notibras","twitter_site":"@Notibras","twitter_misc":{"Escrito por":"Reda\u00e7\u00e3o","Est. tempo de leitura":"9 minutos"},"schema":{"@context":"https:\/\/schema.org","@graph":[{"@type":"Article","@id":"https:\/\/www.notibras.com\/site\/nelson-faz-do-brb-fenix-que-renasce-das-cinzas\/#article","isPartOf":{"@id":"https:\/\/www.notibras.com\/site\/nelson-faz-do-brb-fenix-que-renasce-das-cinzas\/"},"author":{"name":"Reda\u00e7\u00e3o","@id":"https:\/\/www.notibras.com\/site\/#\/schema\/person\/36ab0979449956132d3e5b517ea76ac8"},"headline":"Nelson faz do BRB F\u00eanix que renasce das cinzas","datePublished":"2026-03-11T10:31:42+00:00","dateModified":"2026-03-11T18:57:03+00:00","mainEntityOfPage":{"@id":"https:\/\/www.notibras.com\/site\/nelson-faz-do-brb-fenix-que-renasce-das-cinzas\/"},"wordCount":1758,"publisher":{"@id":"https:\/\/www.notibras.com\/site\/#organization"},"image":{"@id":"https:\/\/www.notibras.com\/site\/nelson-faz-do-brb-fenix-que-renasce-das-cinzas\/#primaryimage"},"thumbnailUrl":"https:\/\/www.notibras.com\/site\/wp-content\/uploads\/2026\/03\/1000430287-1.jpg","keywords":["capa"],"articleSection":["Quadradinho em Foco"],"inLanguage":"pt-BR"},{"@type":"WebPage","@id":"https:\/\/www.notibras.com\/site\/nelson-faz-do-brb-fenix-que-renasce-das-cinzas\/","url":"https:\/\/www.notibras.com\/site\/nelson-faz-do-brb-fenix-que-renasce-das-cinzas\/","name":"Nelson faz do BRB F\u00eanix que renasce das cinzas - Notibras","isPartOf":{"@id":"https:\/\/www.notibras.com\/site\/#website"},"primaryImageOfPage":{"@id":"https:\/\/www.notibras.com\/site\/nelson-faz-do-brb-fenix-que-renasce-das-cinzas\/#primaryimage"},"image":{"@id":"https:\/\/www.notibras.com\/site\/nelson-faz-do-brb-fenix-que-renasce-das-cinzas\/#primaryimage"},"thumbnailUrl":"https:\/\/www.notibras.com\/site\/wp-content\/uploads\/2026\/03\/1000430287-1.jpg","datePublished":"2026-03-11T10:31:42+00:00","dateModified":"2026-03-11T18:57:03+00:00","breadcrumb":{"@id":"https:\/\/www.notibras.com\/site\/nelson-faz-do-brb-fenix-que-renasce-das-cinzas\/#breadcrumb"},"inLanguage":"pt-BR","potentialAction":[{"@type":"ReadAction","target":["https:\/\/www.notibras.com\/site\/nelson-faz-do-brb-fenix-que-renasce-das-cinzas\/"]}]},{"@type":"ImageObject","inLanguage":"pt-BR","@id":"https:\/\/www.notibras.com\/site\/nelson-faz-do-brb-fenix-que-renasce-das-cinzas\/#primaryimage","url":"https:\/\/www.notibras.com\/site\/wp-content\/uploads\/2026\/03\/1000430287-1.jpg","contentUrl":"https:\/\/www.notibras.com\/site\/wp-content\/uploads\/2026\/03\/1000430287-1.jpg","width":677,"height":542},{"@type":"BreadcrumbList","@id":"https:\/\/www.notibras.com\/site\/nelson-faz-do-brb-fenix-que-renasce-das-cinzas\/#breadcrumb","itemListElement":[{"@type":"ListItem","position":1,"name":"In\u00edcio","item":"https:\/\/www.notibras.com\/site\/"},{"@type":"ListItem","position":2,"name":"Nelson faz do BRB F\u00eanix que renasce das cinzas"}]},{"@type":"WebSite","@id":"https:\/\/www.notibras.com\/site\/#website","url":"https:\/\/www.notibras.com\/site\/","name":"Notibras","description":"Not\u00edcias de Bras\u00edlia, do Brasil e do Mundo","publisher":{"@id":"https:\/\/www.notibras.com\/site\/#organization"},"potentialAction":[{"@type":"SearchAction","target":{"@type":"EntryPoint","urlTemplate":"https:\/\/www.notibras.com\/site\/?s={search_term_string}"},"query-input":{"@type":"PropertyValueSpecification","valueRequired":true,"valueName":"search_term_string"}}],"inLanguage":"pt-BR"},{"@type":"Organization","@id":"https:\/\/www.notibras.com\/site\/#organization","name":"Grupo Notibras de Comunica\u00e7\u00e3o","url":"https:\/\/www.notibras.com\/site\/","logo":{"@type":"ImageObject","inLanguage":"pt-BR","@id":"https:\/\/www.notibras.com\/site\/#\/schema\/logo\/image\/","url":"https:\/\/www.notibras.com\/site\/wp-content\/uploads\/2023\/01\/notibras23.png","contentUrl":"https:\/\/www.notibras.com\/site\/wp-content\/uploads\/2023\/01\/notibras23.png","width":350,"height":87,"caption":"Grupo Notibras de Comunica\u00e7\u00e3o"},"image":{"@id":"https:\/\/www.notibras.com\/site\/#\/schema\/logo\/image\/"},"sameAs":["https:\/\/www.facebook.com\/notibras\/","https:\/\/x.com\/Notibras","https:\/\/www.instagram.com\/notibras\/"]},{"@type":"Person","@id":"https:\/\/www.notibras.com\/site\/#\/schema\/person\/36ab0979449956132d3e5b517ea76ac8","name":"Reda\u00e7\u00e3o","image":{"@type":"ImageObject","inLanguage":"pt-BR","@id":"https:\/\/secure.gravatar.com\/avatar\/e0a867bdedb85fd243eadf09663511f96fc81e0720a4a42581f334ad4303aa6b?s=96&d=mm&r=g","url":"https:\/\/secure.gravatar.com\/avatar\/e0a867bdedb85fd243eadf09663511f96fc81e0720a4a42581f334ad4303aa6b?s=96&d=mm&r=g","contentUrl":"https:\/\/secure.gravatar.com\/avatar\/e0a867bdedb85fd243eadf09663511f96fc81e0720a4a42581f334ad4303aa6b?s=96&d=mm&r=g","caption":"Reda\u00e7\u00e3o"}}]}},"amp_enabled":true,"_links":{"self":[{"href":"https:\/\/www.notibras.com\/site\/wp-json\/wp\/v2\/posts\/386495","targetHints":{"allow":["GET"]}}],"collection":[{"href":"https:\/\/www.notibras.com\/site\/wp-json\/wp\/v2\/posts"}],"about":[{"href":"https:\/\/www.notibras.com\/site\/wp-json\/wp\/v2\/types\/post"}],"author":[{"embeddable":true,"href":"https:\/\/www.notibras.com\/site\/wp-json\/wp\/v2\/users\/2"}],"replies":[{"embeddable":true,"href":"https:\/\/www.notibras.com\/site\/wp-json\/wp\/v2\/comments?post=386495"}],"version-history":[{"count":2,"href":"https:\/\/www.notibras.com\/site\/wp-json\/wp\/v2\/posts\/386495\/revisions"}],"predecessor-version":[{"id":386537,"href":"https:\/\/www.notibras.com\/site\/wp-json\/wp\/v2\/posts\/386495\/revisions\/386537"}],"wp:featuredmedia":[{"embeddable":true,"href":"https:\/\/www.notibras.com\/site\/wp-json\/wp\/v2\/media\/386498"}],"wp:attachment":[{"href":"https:\/\/www.notibras.com\/site\/wp-json\/wp\/v2\/media?parent=386495"}],"wp:term":[{"taxonomy":"category","embeddable":true,"href":"https:\/\/www.notibras.com\/site\/wp-json\/wp\/v2\/categories?post=386495"},{"taxonomy":"post_tag","embeddable":true,"href":"https:\/\/www.notibras.com\/site\/wp-json\/wp\/v2\/tags?post=386495"}],"curies":[{"name":"wp","href":"https:\/\/api.w.org\/{rel}","templated":true}]}}