{"id":386500,"date":"2026-03-11T09:46:32","date_gmt":"2026-03-11T12:46:32","guid":{"rendered":"https:\/\/www.notibras.com\/site\/?p=386500"},"modified":"2026-03-11T09:56:53","modified_gmt":"2026-03-11T12:56:53","slug":"cpmi-perde-objeto-e-poe-integrantes-sob-suspeita","status":"publish","type":"post","link":"https:\/\/www.notibras.com\/site\/cpmi-perde-objeto-e-poe-integrantes-sob-suspeita\/","title":{"rendered":"CPMI perde objeto e p\u00f5e integrantes sob suspeita"},"content":{"rendered":"<p class=\"v1gmail-MsoBodyText\">Criada pelo Congresso Nacional em junho do ano passado, a Comiss\u00e3o Parlamentar Mista de Inqu\u00e9rito patina e n\u00e3o consegue sair do outro lado. Instalada com o objetivo inicial de investigar den\u00fancias de fraudes bilion\u00e1rias, principalmente descontos indevidos nos benef\u00edcios de aposentados e pensionistas, no in\u00edcio deste ano a CPMI tamb\u00e9m se direcionou a outras quest\u00f5es, incluindo conex\u00f5es com institui\u00e7\u00f5es financeiras, notadamente o Banco Master.<\/p>\n<p class=\"v1gmail-MsoBodyText\">Embora com fins espec\u00edficos, desde o in\u00edcio os integrantes da comiss\u00e3o se utilizam de outros meios para alcan\u00e7ar alvos diferentes do originalmente proposto. De forma mais objetiva, defender a barb\u00e1rie da bandidagem do INSS contra os aposentados ficou em \u00faltimo plano. Logo ap\u00f3s a instala\u00e7\u00e3o, a turma do deixa que eu chuto, com maioria no colegiado, percebeu nas investiga\u00e7\u00f5es um gancho mais do que perfeito para atingir o atual presidente da Rep\u00fablica.<\/p>\n<p class=\"v1gmail-MsoBodyText\">Por isso, a suspeita do povo de que a maioria deles n\u00e3o trabalha pelo pa\u00eds, mas sim por um projeto arcaico e tir\u00e2nico de governo. Al\u00e9m do presidente Lula, entraram no radar da oposi\u00e7\u00e3o todos aqueles que, de algum modo, se intrometeram na vida pol\u00edtica, pessoal e social de um cidad\u00e3o apelidado de mito. A partir dessa &#8220;descoberta&#8221;, a meta passou a ser o filho do mandat\u00e1rio, supostamente benefici\u00e1rio da gangue comandada pelo tal Careca do INSS. A primeira falha foi apostarem na informa\u00e7\u00e3o de que tudo come\u00e7ou no governo Lula.<\/p>\n<p class=\"v1gmail-MsoBodyText\">Erraram feio, pois, segundo a Pol\u00edcia Federal, o esquema foi iniciado em 2019, durante a gest\u00e3o de Jair Bolsonaro, o qual recebeu e &#8220;cagou&#8221; para numerosos alertas de fraudes no INSS. Ficou por isso mesmo e, como n\u00e3o houve avan\u00e7o algum, o pepino acabou estourando no colo do sucessor. Crasso e nem por isso menos grave, o segundo erro dos membros \u00e0 direita da CPMI foi acreditar que, divulgando \u00e1udios envolvendo autoridades e o filho do presidente com o falido dono do Banco Master, a elei\u00e7\u00e3o de outubro cairia no colo do senador Fl\u00e1vio Bolsonaro.<\/p>\n<p class=\"v1gmail-MsoBodyText\">O modus operandi da maioria dos integrantes da natimorta CPMI do INSS comprova uma antiga tese de que a pol\u00edtica \u00e9 o caminho para que os homens sem princ\u00edpios possam dirigir os homens sem mem\u00f3ria. Quase sem exce\u00e7\u00e3o, os discursos dos deputados e senadores vinculados aos ide\u00f3logos da direita buscam, al\u00e9m do personalismo, a ostenta\u00e7\u00e3o, o ufanismo e o auto envaidecimento. Est\u00e1 na B\u00edblia que o fato de &#8220;fingir uma qualidade e de se vangloriar dela \u00e9 uma confiss\u00e3o de n\u00e3o a possuir&#8221;. Tudo isso prova que o Brasil est\u00e1 sujo. Por isso, oremos antes de sair e agrade\u00e7amos ao chegar.<\/p>\n<p>&#8230;..<\/p>\n<p><strong>Misael Igreja \u00e9 analista de Notibras para assuntos pol\u00edticos, econ\u00f4micos e sociais<\/strong><\/p>\n","protected":false},"excerpt":{"rendered":"<p>Criada pelo Congresso Nacional em junho do ano passado, a Comiss\u00e3o Parlamentar Mista de Inqu\u00e9rito patina e n\u00e3o consegue sair do outro lado. Instalada com o objetivo inicial de investigar den\u00fancias de fraudes bilion\u00e1rias, principalmente descontos indevidos nos benef\u00edcios de aposentados e pensionistas, no in\u00edcio deste ano a CPMI tamb\u00e9m se direcionou a outras quest\u00f5es, [&hellip;]<\/p>\n","protected":false},"author":2,"featured_media":386501,"comment_status":"closed","ping_status":"closed","sticky":false,"template":"","format":"standard","meta":{"_acf_changed":false,"footnotes":""},"categories":[16],"tags":[],"class_list":["post-386500","post","type-post","status-publish","format-standard","has-post-thumbnail","hentry","category-brasil"],"acf":[],"yoast_head":"<!-- This site is optimized with the Yoast SEO plugin v27.2 - https:\/\/yoast.com\/product\/yoast-seo-wordpress\/ -->\n<title>CPMI perde objeto e p\u00f5e integrantes sob suspeita - Notibras<\/title>\n<meta name=\"robots\" content=\"index, follow, max-snippet:-1, max-image-preview:large, max-video-preview:-1\" \/>\n<link rel=\"canonical\" href=\"https:\/\/www.notibras.com\/site\/cpmi-perde-objeto-e-poe-integrantes-sob-suspeita\/\" \/>\n<meta property=\"og:locale\" content=\"pt_BR\" \/>\n<meta property=\"og:type\" content=\"article\" \/>\n<meta property=\"og:title\" content=\"CPMI perde objeto e p\u00f5e integrantes sob suspeita - Notibras\" \/>\n<meta property=\"og:description\" content=\"Criada pelo Congresso Nacional em junho do ano passado, a Comiss\u00e3o Parlamentar Mista de Inqu\u00e9rito patina e n\u00e3o consegue sair do outro lado. Instalada com o objetivo inicial de investigar den\u00fancias de fraudes bilion\u00e1rias, principalmente descontos indevidos nos benef\u00edcios de aposentados e pensionistas, no in\u00edcio deste ano a CPMI tamb\u00e9m se direcionou a outras quest\u00f5es, [&hellip;]\" \/>\n<meta property=\"og:url\" content=\"https:\/\/www.notibras.com\/site\/cpmi-perde-objeto-e-poe-integrantes-sob-suspeita\/\" \/>\n<meta property=\"og:site_name\" content=\"Notibras\" \/>\n<meta property=\"article:publisher\" content=\"https:\/\/www.facebook.com\/notibras\/\" \/>\n<meta property=\"article:published_time\" content=\"2026-03-11T12:46:32+00:00\" \/>\n<meta property=\"article:modified_time\" content=\"2026-03-11T12:56:53+00:00\" \/>\n<meta property=\"og:image\" content=\"https:\/\/www.notibras.com\/site\/wp-content\/uploads\/2026\/03\/53aa95be-bc7d-412a-ac30-5b7604f9c2df-1024x683.png\" \/>\n\t<meta property=\"og:image:width\" content=\"1024\" \/>\n\t<meta property=\"og:image:height\" content=\"683\" \/>\n\t<meta property=\"og:image:type\" content=\"image\/png\" \/>\n<meta name=\"author\" content=\"Reda\u00e7\u00e3o\" \/>\n<meta name=\"twitter:card\" content=\"summary_large_image\" \/>\n<meta name=\"twitter:creator\" content=\"@Notibras\" \/>\n<meta name=\"twitter:site\" content=\"@Notibras\" \/>\n<meta name=\"twitter:label1\" content=\"Escrito por\" \/>\n\t<meta name=\"twitter:data1\" content=\"Reda\u00e7\u00e3o\" \/>\n\t<meta name=\"twitter:label2\" content=\"Est. tempo de leitura\" \/>\n\t<meta name=\"twitter:data2\" content=\"3 minutos\" \/>\n<script type=\"application\/ld+json\" class=\"yoast-schema-graph\">{\"@context\":\"https:\/\/schema.org\",\"@graph\":[{\"@type\":\"Article\",\"@id\":\"https:\/\/www.notibras.com\/site\/cpmi-perde-objeto-e-poe-integrantes-sob-suspeita\/#article\",\"isPartOf\":{\"@id\":\"https:\/\/www.notibras.com\/site\/cpmi-perde-objeto-e-poe-integrantes-sob-suspeita\/\"},\"author\":{\"name\":\"Reda\u00e7\u00e3o\",\"@id\":\"https:\/\/www.notibras.com\/site\/#\/schema\/person\/36ab0979449956132d3e5b517ea76ac8\"},\"headline\":\"CPMI perde objeto e p\u00f5e integrantes sob suspeita\",\"datePublished\":\"2026-03-11T12:46:32+00:00\",\"dateModified\":\"2026-03-11T12:56:53+00:00\",\"mainEntityOfPage\":{\"@id\":\"https:\/\/www.notibras.com\/site\/cpmi-perde-objeto-e-poe-integrantes-sob-suspeita\/\"},\"wordCount\":489,\"publisher\":{\"@id\":\"https:\/\/www.notibras.com\/site\/#organization\"},\"image\":{\"@id\":\"https:\/\/www.notibras.com\/site\/cpmi-perde-objeto-e-poe-integrantes-sob-suspeita\/#primaryimage\"},\"thumbnailUrl\":\"https:\/\/www.notibras.com\/site\/wp-content\/uploads\/2026\/03\/53aa95be-bc7d-412a-ac30-5b7604f9c2df.png\",\"articleSection\":[\"Brasil\"],\"inLanguage\":\"pt-BR\"},{\"@type\":\"WebPage\",\"@id\":\"https:\/\/www.notibras.com\/site\/cpmi-perde-objeto-e-poe-integrantes-sob-suspeita\/\",\"url\":\"https:\/\/www.notibras.com\/site\/cpmi-perde-objeto-e-poe-integrantes-sob-suspeita\/\",\"name\":\"CPMI perde objeto e p\u00f5e integrantes sob suspeita - Notibras\",\"isPartOf\":{\"@id\":\"https:\/\/www.notibras.com\/site\/#website\"},\"primaryImageOfPage\":{\"@id\":\"https:\/\/www.notibras.com\/site\/cpmi-perde-objeto-e-poe-integrantes-sob-suspeita\/#primaryimage\"},\"image\":{\"@id\":\"https:\/\/www.notibras.com\/site\/cpmi-perde-objeto-e-poe-integrantes-sob-suspeita\/#primaryimage\"},\"thumbnailUrl\":\"https:\/\/www.notibras.com\/site\/wp-content\/uploads\/2026\/03\/53aa95be-bc7d-412a-ac30-5b7604f9c2df.png\",\"datePublished\":\"2026-03-11T12:46:32+00:00\",\"dateModified\":\"2026-03-11T12:56:53+00:00\",\"breadcrumb\":{\"@id\":\"https:\/\/www.notibras.com\/site\/cpmi-perde-objeto-e-poe-integrantes-sob-suspeita\/#breadcrumb\"},\"inLanguage\":\"pt-BR\",\"potentialAction\":[{\"@type\":\"ReadAction\",\"target\":[\"https:\/\/www.notibras.com\/site\/cpmi-perde-objeto-e-poe-integrantes-sob-suspeita\/\"]}]},{\"@type\":\"ImageObject\",\"inLanguage\":\"pt-BR\",\"@id\":\"https:\/\/www.notibras.com\/site\/cpmi-perde-objeto-e-poe-integrantes-sob-suspeita\/#primaryimage\",\"url\":\"https:\/\/www.notibras.com\/site\/wp-content\/uploads\/2026\/03\/53aa95be-bc7d-412a-ac30-5b7604f9c2df.png\",\"contentUrl\":\"https:\/\/www.notibras.com\/site\/wp-content\/uploads\/2026\/03\/53aa95be-bc7d-412a-ac30-5b7604f9c2df.png\",\"width\":1536,\"height\":1024},{\"@type\":\"BreadcrumbList\",\"@id\":\"https:\/\/www.notibras.com\/site\/cpmi-perde-objeto-e-poe-integrantes-sob-suspeita\/#breadcrumb\",\"itemListElement\":[{\"@type\":\"ListItem\",\"position\":1,\"name\":\"In\u00edcio\",\"item\":\"https:\/\/www.notibras.com\/site\/\"},{\"@type\":\"ListItem\",\"position\":2,\"name\":\"CPMI perde objeto e p\u00f5e integrantes sob suspeita\"}]},{\"@type\":\"WebSite\",\"@id\":\"https:\/\/www.notibras.com\/site\/#website\",\"url\":\"https:\/\/www.notibras.com\/site\/\",\"name\":\"Notibras\",\"description\":\"Not\u00edcias de Bras\u00edlia, do Brasil e do Mundo\",\"publisher\":{\"@id\":\"https:\/\/www.notibras.com\/site\/#organization\"},\"potentialAction\":[{\"@type\":\"SearchAction\",\"target\":{\"@type\":\"EntryPoint\",\"urlTemplate\":\"https:\/\/www.notibras.com\/site\/?s={search_term_string}\"},\"query-input\":{\"@type\":\"PropertyValueSpecification\",\"valueRequired\":true,\"valueName\":\"search_term_string\"}}],\"inLanguage\":\"pt-BR\"},{\"@type\":\"Organization\",\"@id\":\"https:\/\/www.notibras.com\/site\/#organization\",\"name\":\"Grupo Notibras de Comunica\u00e7\u00e3o\",\"url\":\"https:\/\/www.notibras.com\/site\/\",\"logo\":{\"@type\":\"ImageObject\",\"inLanguage\":\"pt-BR\",\"@id\":\"https:\/\/www.notibras.com\/site\/#\/schema\/logo\/image\/\",\"url\":\"https:\/\/www.notibras.com\/site\/wp-content\/uploads\/2023\/01\/notibras23.png\",\"contentUrl\":\"https:\/\/www.notibras.com\/site\/wp-content\/uploads\/2023\/01\/notibras23.png\",\"width\":350,\"height\":87,\"caption\":\"Grupo Notibras de Comunica\u00e7\u00e3o\"},\"image\":{\"@id\":\"https:\/\/www.notibras.com\/site\/#\/schema\/logo\/image\/\"},\"sameAs\":[\"https:\/\/www.facebook.com\/notibras\/\",\"https:\/\/x.com\/Notibras\",\"https:\/\/www.instagram.com\/notibras\/\"]},{\"@type\":\"Person\",\"@id\":\"https:\/\/www.notibras.com\/site\/#\/schema\/person\/36ab0979449956132d3e5b517ea76ac8\",\"name\":\"Reda\u00e7\u00e3o\",\"image\":{\"@type\":\"ImageObject\",\"inLanguage\":\"pt-BR\",\"@id\":\"https:\/\/secure.gravatar.com\/avatar\/e0a867bdedb85fd243eadf09663511f96fc81e0720a4a42581f334ad4303aa6b?s=96&d=mm&r=g\",\"url\":\"https:\/\/secure.gravatar.com\/avatar\/e0a867bdedb85fd243eadf09663511f96fc81e0720a4a42581f334ad4303aa6b?s=96&d=mm&r=g\",\"contentUrl\":\"https:\/\/secure.gravatar.com\/avatar\/e0a867bdedb85fd243eadf09663511f96fc81e0720a4a42581f334ad4303aa6b?s=96&d=mm&r=g\",\"caption\":\"Reda\u00e7\u00e3o\"}}]}<\/script>\n<!-- \/ Yoast SEO plugin. -->","yoast_head_json":{"title":"CPMI perde objeto e p\u00f5e integrantes sob suspeita - Notibras","robots":{"index":"index","follow":"follow","max-snippet":"max-snippet:-1","max-image-preview":"max-image-preview:large","max-video-preview":"max-video-preview:-1"},"canonical":"https:\/\/www.notibras.com\/site\/cpmi-perde-objeto-e-poe-integrantes-sob-suspeita\/","og_locale":"pt_BR","og_type":"article","og_title":"CPMI perde objeto e p\u00f5e integrantes sob suspeita - Notibras","og_description":"Criada pelo Congresso Nacional em junho do ano passado, a Comiss\u00e3o Parlamentar Mista de Inqu\u00e9rito patina e n\u00e3o consegue sair do outro lado. Instalada com o objetivo inicial de investigar den\u00fancias de fraudes bilion\u00e1rias, principalmente descontos indevidos nos benef\u00edcios de aposentados e pensionistas, no in\u00edcio deste ano a CPMI tamb\u00e9m se direcionou a outras quest\u00f5es, [&hellip;]","og_url":"https:\/\/www.notibras.com\/site\/cpmi-perde-objeto-e-poe-integrantes-sob-suspeita\/","og_site_name":"Notibras","article_publisher":"https:\/\/www.facebook.com\/notibras\/","article_published_time":"2026-03-11T12:46:32+00:00","article_modified_time":"2026-03-11T12:56:53+00:00","og_image":[{"width":1024,"height":683,"url":"https:\/\/www.notibras.com\/site\/wp-content\/uploads\/2026\/03\/53aa95be-bc7d-412a-ac30-5b7604f9c2df-1024x683.png","type":"image\/png"}],"author":"Reda\u00e7\u00e3o","twitter_card":"summary_large_image","twitter_creator":"@Notibras","twitter_site":"@Notibras","twitter_misc":{"Escrito por":"Reda\u00e7\u00e3o","Est. tempo de leitura":"3 minutos"},"schema":{"@context":"https:\/\/schema.org","@graph":[{"@type":"Article","@id":"https:\/\/www.notibras.com\/site\/cpmi-perde-objeto-e-poe-integrantes-sob-suspeita\/#article","isPartOf":{"@id":"https:\/\/www.notibras.com\/site\/cpmi-perde-objeto-e-poe-integrantes-sob-suspeita\/"},"author":{"name":"Reda\u00e7\u00e3o","@id":"https:\/\/www.notibras.com\/site\/#\/schema\/person\/36ab0979449956132d3e5b517ea76ac8"},"headline":"CPMI perde objeto e p\u00f5e integrantes sob suspeita","datePublished":"2026-03-11T12:46:32+00:00","dateModified":"2026-03-11T12:56:53+00:00","mainEntityOfPage":{"@id":"https:\/\/www.notibras.com\/site\/cpmi-perde-objeto-e-poe-integrantes-sob-suspeita\/"},"wordCount":489,"publisher":{"@id":"https:\/\/www.notibras.com\/site\/#organization"},"image":{"@id":"https:\/\/www.notibras.com\/site\/cpmi-perde-objeto-e-poe-integrantes-sob-suspeita\/#primaryimage"},"thumbnailUrl":"https:\/\/www.notibras.com\/site\/wp-content\/uploads\/2026\/03\/53aa95be-bc7d-412a-ac30-5b7604f9c2df.png","articleSection":["Brasil"],"inLanguage":"pt-BR"},{"@type":"WebPage","@id":"https:\/\/www.notibras.com\/site\/cpmi-perde-objeto-e-poe-integrantes-sob-suspeita\/","url":"https:\/\/www.notibras.com\/site\/cpmi-perde-objeto-e-poe-integrantes-sob-suspeita\/","name":"CPMI perde objeto e p\u00f5e integrantes sob suspeita - Notibras","isPartOf":{"@id":"https:\/\/www.notibras.com\/site\/#website"},"primaryImageOfPage":{"@id":"https:\/\/www.notibras.com\/site\/cpmi-perde-objeto-e-poe-integrantes-sob-suspeita\/#primaryimage"},"image":{"@id":"https:\/\/www.notibras.com\/site\/cpmi-perde-objeto-e-poe-integrantes-sob-suspeita\/#primaryimage"},"thumbnailUrl":"https:\/\/www.notibras.com\/site\/wp-content\/uploads\/2026\/03\/53aa95be-bc7d-412a-ac30-5b7604f9c2df.png","datePublished":"2026-03-11T12:46:32+00:00","dateModified":"2026-03-11T12:56:53+00:00","breadcrumb":{"@id":"https:\/\/www.notibras.com\/site\/cpmi-perde-objeto-e-poe-integrantes-sob-suspeita\/#breadcrumb"},"inLanguage":"pt-BR","potentialAction":[{"@type":"ReadAction","target":["https:\/\/www.notibras.com\/site\/cpmi-perde-objeto-e-poe-integrantes-sob-suspeita\/"]}]},{"@type":"ImageObject","inLanguage":"pt-BR","@id":"https:\/\/www.notibras.com\/site\/cpmi-perde-objeto-e-poe-integrantes-sob-suspeita\/#primaryimage","url":"https:\/\/www.notibras.com\/site\/wp-content\/uploads\/2026\/03\/53aa95be-bc7d-412a-ac30-5b7604f9c2df.png","contentUrl":"https:\/\/www.notibras.com\/site\/wp-content\/uploads\/2026\/03\/53aa95be-bc7d-412a-ac30-5b7604f9c2df.png","width":1536,"height":1024},{"@type":"BreadcrumbList","@id":"https:\/\/www.notibras.com\/site\/cpmi-perde-objeto-e-poe-integrantes-sob-suspeita\/#breadcrumb","itemListElement":[{"@type":"ListItem","position":1,"name":"In\u00edcio","item":"https:\/\/www.notibras.com\/site\/"},{"@type":"ListItem","position":2,"name":"CPMI perde objeto e p\u00f5e integrantes sob suspeita"}]},{"@type":"WebSite","@id":"https:\/\/www.notibras.com\/site\/#website","url":"https:\/\/www.notibras.com\/site\/","name":"Notibras","description":"Not\u00edcias de Bras\u00edlia, do Brasil e do Mundo","publisher":{"@id":"https:\/\/www.notibras.com\/site\/#organization"},"potentialAction":[{"@type":"SearchAction","target":{"@type":"EntryPoint","urlTemplate":"https:\/\/www.notibras.com\/site\/?s={search_term_string}"},"query-input":{"@type":"PropertyValueSpecification","valueRequired":true,"valueName":"search_term_string"}}],"inLanguage":"pt-BR"},{"@type":"Organization","@id":"https:\/\/www.notibras.com\/site\/#organization","name":"Grupo Notibras de Comunica\u00e7\u00e3o","url":"https:\/\/www.notibras.com\/site\/","logo":{"@type":"ImageObject","inLanguage":"pt-BR","@id":"https:\/\/www.notibras.com\/site\/#\/schema\/logo\/image\/","url":"https:\/\/www.notibras.com\/site\/wp-content\/uploads\/2023\/01\/notibras23.png","contentUrl":"https:\/\/www.notibras.com\/site\/wp-content\/uploads\/2023\/01\/notibras23.png","width":350,"height":87,"caption":"Grupo Notibras de Comunica\u00e7\u00e3o"},"image":{"@id":"https:\/\/www.notibras.com\/site\/#\/schema\/logo\/image\/"},"sameAs":["https:\/\/www.facebook.com\/notibras\/","https:\/\/x.com\/Notibras","https:\/\/www.instagram.com\/notibras\/"]},{"@type":"Person","@id":"https:\/\/www.notibras.com\/site\/#\/schema\/person\/36ab0979449956132d3e5b517ea76ac8","name":"Reda\u00e7\u00e3o","image":{"@type":"ImageObject","inLanguage":"pt-BR","@id":"https:\/\/secure.gravatar.com\/avatar\/e0a867bdedb85fd243eadf09663511f96fc81e0720a4a42581f334ad4303aa6b?s=96&d=mm&r=g","url":"https:\/\/secure.gravatar.com\/avatar\/e0a867bdedb85fd243eadf09663511f96fc81e0720a4a42581f334ad4303aa6b?s=96&d=mm&r=g","contentUrl":"https:\/\/secure.gravatar.com\/avatar\/e0a867bdedb85fd243eadf09663511f96fc81e0720a4a42581f334ad4303aa6b?s=96&d=mm&r=g","caption":"Reda\u00e7\u00e3o"}}]}},"amp_enabled":true,"_links":{"self":[{"href":"https:\/\/www.notibras.com\/site\/wp-json\/wp\/v2\/posts\/386500","targetHints":{"allow":["GET"]}}],"collection":[{"href":"https:\/\/www.notibras.com\/site\/wp-json\/wp\/v2\/posts"}],"about":[{"href":"https:\/\/www.notibras.com\/site\/wp-json\/wp\/v2\/types\/post"}],"author":[{"embeddable":true,"href":"https:\/\/www.notibras.com\/site\/wp-json\/wp\/v2\/users\/2"}],"replies":[{"embeddable":true,"href":"https:\/\/www.notibras.com\/site\/wp-json\/wp\/v2\/comments?post=386500"}],"version-history":[{"count":4,"href":"https:\/\/www.notibras.com\/site\/wp-json\/wp\/v2\/posts\/386500\/revisions"}],"predecessor-version":[{"id":386508,"href":"https:\/\/www.notibras.com\/site\/wp-json\/wp\/v2\/posts\/386500\/revisions\/386508"}],"wp:featuredmedia":[{"embeddable":true,"href":"https:\/\/www.notibras.com\/site\/wp-json\/wp\/v2\/media\/386501"}],"wp:attachment":[{"href":"https:\/\/www.notibras.com\/site\/wp-json\/wp\/v2\/media?parent=386500"}],"wp:term":[{"taxonomy":"category","embeddable":true,"href":"https:\/\/www.notibras.com\/site\/wp-json\/wp\/v2\/categories?post=386500"},{"taxonomy":"post_tag","embeddable":true,"href":"https:\/\/www.notibras.com\/site\/wp-json\/wp\/v2\/tags?post=386500"}],"curies":[{"name":"wp","href":"https:\/\/api.w.org\/{rel}","templated":true}]}}