{"id":386505,"date":"2026-03-11T09:22:49","date_gmt":"2026-03-11T12:22:49","guid":{"rendered":"https:\/\/www.notibras.com\/site\/?p=386505"},"modified":"2026-03-11T09:55:50","modified_gmt":"2026-03-11T12:55:50","slug":"excelencias-que-vazaram-audios-privados-fogem-com-medo-do-amanha","status":"publish","type":"post","link":"https:\/\/www.notibras.com\/site\/excelencias-que-vazaram-audios-privados-fogem-com-medo-do-amanha\/","title":{"rendered":"Excel\u00eancias que vazaram \u00e1udios privados fogem com medo do amanh\u00e3"},"content":{"rendered":"<p>Mais velozes do que as balas e do que os avi\u00f5es de ca\u00e7a em poder do s\u00edndico Donald Trump e do subs\u00edndico Benjamin Netanyahu, os deputados, senadores e simpatizantes do pa\u00eds do caos e do besteirol criaram a CPMI do INSS para emparedar o atual presidente da Rep\u00fablica, hoje potencial candidato \u00e0 reelei\u00e7\u00e3o. Nadaram, nadaram e, ao que parece, v\u00e3o morrer na praia. E n\u00e3o foi por falta de aviso. Antes de o ministro Fl\u00e1vio Dino anular a vota\u00e7\u00e3o de todos os requerimentos de quebras de sigilos e de convoca\u00e7\u00f5es de investigados, as excel\u00eancias da comiss\u00e3o haviam sido informadas que estavam metendo os p\u00e9s pelas m\u00e3os.<\/p>\n<p>Come\u00e7aram vazando deliberadamente \u00e1udios feitos em privado de Daniel Vorcaro com a namorada e com pessoas de sua rela\u00e7\u00e3o. Escorregaram no quiabo e agora ter\u00e3o de rebolar conforme a m\u00fasica. Na verdade, a exemplo de centenas de outras, a CPMI provavelmente terminar\u00e1 em massa podre de pizza sem borda e sem catupiry. Na impossibilidade de, por meio do filho mais velho, pegar no la\u00e7o o mandat\u00e1rio da Rep\u00fablica, a nova ordem \u00e9 focar na Corte Suprema, mais precisamente nos ministros Alexandre de Moraes e Dias Toffoli. Deve ser mais um tiro no p\u00e9.<\/p>\n<p>Embora aparentemente necess\u00e1rio, o envolvimento dos magistrados superiores pode abrir um leque muito mais perigoso para os senhores do Congresso Nacional do que para os de toga. N\u00e3o pesquisei \u2013 e nem precisa -, mas a maioria dos atuais parlamentares tem a l\u00edngua e o rabo presos com a Justi\u00e7a. Nessa extensa lista est\u00e3o inclu\u00eddos v\u00e1rios governadores da direita, entre eles o demagogo, insosso e omisso Romeu Zema, autor de um dos pedidos de impeachment de Moraes. De t\u00e3o preocupado com Xand\u00e3o, Zema esqueceu que a popula\u00e7\u00e3o de Juiz de Fora ainda vive uma situa\u00e7\u00e3o de caos absoluto.<\/p>\n<p>Vale registrar que a folha corrida de alguns dos deputados e senadores tende a ficar bem mais robusta ap\u00f3s a conclus\u00e3o das investiga\u00e7\u00f5es policiais sobre o Banco Master envolvendo o mercado financeiro. Escorados na imunidade que gera impunidade, os congressistas est\u00e3o sofrendo com relativa anteced\u00eancia. O que eles mais temem \u00e9 o vazamento de suas eventuais conversas com os gestores do Master. Em ano eleitoral, o gado se sente amea\u00e7ado de ir direto para o brejo. \u00c9 o feiti\u00e7o se encaminhando para pousar no ninho do feiticeiro.<\/p>\n<p>\u00c9 prematuro afirmar quem \u00e9 quem nesse escandaloso xadrez. Aparentemente, Moraes e Toffoli t\u00eam servido de escudo para os nossos bons, idolatrados e \u00edntegros homens p\u00fablicos. Entretanto, na Casa dos Horrores tem gente achando que exagerou quando decidiu jogar pedra na cruz. Soube por fontes fidedignas que muitas das excel\u00eancias da C\u00e2mara e do Senado, notadamente as que t\u00eam assento na CPMI do INSS, est\u00e3o se vazando direto. Com medo amanh\u00e3, algumas s\u00f3 dormem \u00e0 base de Rivotril. \u00c9 o pre\u00e7o a pagar pelos que acham que pimenta malagueta s\u00f3 arde no rabic\u00f3 e nos olhos dos outros.<\/p>\n<p>&#8230;&#8230;&#8230;&#8230;<\/p>\n<p><strong>Wenceslau Ara\u00fajo \u00e9 Editor-Chefe de Notibras<\/strong><\/p>\n","protected":false},"excerpt":{"rendered":"<p>Mais velozes do que as balas e do que os avi\u00f5es de ca\u00e7a em poder do s\u00edndico Donald Trump e do subs\u00edndico Benjamin Netanyahu, os deputados, senadores e simpatizantes do pa\u00eds do caos e do besteirol criaram a CPMI do INSS para emparedar o atual presidente da Rep\u00fablica, hoje potencial candidato \u00e0 reelei\u00e7\u00e3o. Nadaram, nadaram [&hellip;]<\/p>\n","protected":false},"author":2,"featured_media":386506,"comment_status":"closed","ping_status":"closed","sticky":false,"template":"","format":"standard","meta":{"_acf_changed":false,"footnotes":""},"categories":[16],"tags":[],"class_list":["post-386505","post","type-post","status-publish","format-standard","has-post-thumbnail","hentry","category-brasil"],"acf":[],"yoast_head":"<!-- This site is optimized with the Yoast SEO plugin v27.2 - https:\/\/yoast.com\/product\/yoast-seo-wordpress\/ -->\n<title>Excel\u00eancias que vazaram \u00e1udios privados fogem com medo do amanh\u00e3 - Notibras<\/title>\n<meta name=\"robots\" content=\"index, follow, max-snippet:-1, max-image-preview:large, max-video-preview:-1\" \/>\n<link rel=\"canonical\" href=\"https:\/\/www.notibras.com\/site\/excelencias-que-vazaram-audios-privados-fogem-com-medo-do-amanha\/\" \/>\n<meta property=\"og:locale\" content=\"pt_BR\" \/>\n<meta property=\"og:type\" content=\"article\" \/>\n<meta property=\"og:title\" content=\"Excel\u00eancias que vazaram \u00e1udios privados fogem com medo do amanh\u00e3 - Notibras\" \/>\n<meta property=\"og:description\" content=\"Mais velozes do que as balas e do que os avi\u00f5es de ca\u00e7a em poder do s\u00edndico Donald Trump e do subs\u00edndico Benjamin Netanyahu, os deputados, senadores e simpatizantes do pa\u00eds do caos e do besteirol criaram a CPMI do INSS para emparedar o atual presidente da Rep\u00fablica, hoje potencial candidato \u00e0 reelei\u00e7\u00e3o. Nadaram, nadaram [&hellip;]\" \/>\n<meta property=\"og:url\" content=\"https:\/\/www.notibras.com\/site\/excelencias-que-vazaram-audios-privados-fogem-com-medo-do-amanha\/\" \/>\n<meta property=\"og:site_name\" content=\"Notibras\" \/>\n<meta property=\"article:publisher\" content=\"https:\/\/www.facebook.com\/notibras\/\" \/>\n<meta property=\"article:published_time\" content=\"2026-03-11T12:22:49+00:00\" \/>\n<meta property=\"article:modified_time\" content=\"2026-03-11T12:55:50+00:00\" \/>\n<meta property=\"og:image\" content=\"https:\/\/www.notibras.com\/site\/wp-content\/uploads\/2026\/03\/1737c510-dce0-411a-86bc-917d5caddb40-1024x683.png\" \/>\n\t<meta property=\"og:image:width\" content=\"1024\" \/>\n\t<meta property=\"og:image:height\" content=\"683\" \/>\n\t<meta property=\"og:image:type\" content=\"image\/png\" \/>\n<meta name=\"author\" content=\"Reda\u00e7\u00e3o\" \/>\n<meta name=\"twitter:card\" content=\"summary_large_image\" \/>\n<meta name=\"twitter:creator\" content=\"@Notibras\" \/>\n<meta name=\"twitter:site\" content=\"@Notibras\" \/>\n<meta name=\"twitter:label1\" content=\"Escrito por\" \/>\n\t<meta name=\"twitter:data1\" content=\"Reda\u00e7\u00e3o\" \/>\n\t<meta name=\"twitter:label2\" content=\"Est. tempo de leitura\" \/>\n\t<meta name=\"twitter:data2\" content=\"3 minutos\" \/>\n<script type=\"application\/ld+json\" class=\"yoast-schema-graph\">{\"@context\":\"https:\/\/schema.org\",\"@graph\":[{\"@type\":\"Article\",\"@id\":\"https:\/\/www.notibras.com\/site\/excelencias-que-vazaram-audios-privados-fogem-com-medo-do-amanha\/#article\",\"isPartOf\":{\"@id\":\"https:\/\/www.notibras.com\/site\/excelencias-que-vazaram-audios-privados-fogem-com-medo-do-amanha\/\"},\"author\":{\"name\":\"Reda\u00e7\u00e3o\",\"@id\":\"https:\/\/www.notibras.com\/site\/#\/schema\/person\/36ab0979449956132d3e5b517ea76ac8\"},\"headline\":\"Excel\u00eancias que vazaram \u00e1udios privados fogem com medo do amanh\u00e3\",\"datePublished\":\"2026-03-11T12:22:49+00:00\",\"dateModified\":\"2026-03-11T12:55:50+00:00\",\"mainEntityOfPage\":{\"@id\":\"https:\/\/www.notibras.com\/site\/excelencias-que-vazaram-audios-privados-fogem-com-medo-do-amanha\/\"},\"wordCount\":538,\"publisher\":{\"@id\":\"https:\/\/www.notibras.com\/site\/#organization\"},\"image\":{\"@id\":\"https:\/\/www.notibras.com\/site\/excelencias-que-vazaram-audios-privados-fogem-com-medo-do-amanha\/#primaryimage\"},\"thumbnailUrl\":\"https:\/\/www.notibras.com\/site\/wp-content\/uploads\/2026\/03\/1737c510-dce0-411a-86bc-917d5caddb40.png\",\"articleSection\":[\"Brasil\"],\"inLanguage\":\"pt-BR\"},{\"@type\":\"WebPage\",\"@id\":\"https:\/\/www.notibras.com\/site\/excelencias-que-vazaram-audios-privados-fogem-com-medo-do-amanha\/\",\"url\":\"https:\/\/www.notibras.com\/site\/excelencias-que-vazaram-audios-privados-fogem-com-medo-do-amanha\/\",\"name\":\"Excel\u00eancias que vazaram \u00e1udios privados fogem com medo do amanh\u00e3 - Notibras\",\"isPartOf\":{\"@id\":\"https:\/\/www.notibras.com\/site\/#website\"},\"primaryImageOfPage\":{\"@id\":\"https:\/\/www.notibras.com\/site\/excelencias-que-vazaram-audios-privados-fogem-com-medo-do-amanha\/#primaryimage\"},\"image\":{\"@id\":\"https:\/\/www.notibras.com\/site\/excelencias-que-vazaram-audios-privados-fogem-com-medo-do-amanha\/#primaryimage\"},\"thumbnailUrl\":\"https:\/\/www.notibras.com\/site\/wp-content\/uploads\/2026\/03\/1737c510-dce0-411a-86bc-917d5caddb40.png\",\"datePublished\":\"2026-03-11T12:22:49+00:00\",\"dateModified\":\"2026-03-11T12:55:50+00:00\",\"breadcrumb\":{\"@id\":\"https:\/\/www.notibras.com\/site\/excelencias-que-vazaram-audios-privados-fogem-com-medo-do-amanha\/#breadcrumb\"},\"inLanguage\":\"pt-BR\",\"potentialAction\":[{\"@type\":\"ReadAction\",\"target\":[\"https:\/\/www.notibras.com\/site\/excelencias-que-vazaram-audios-privados-fogem-com-medo-do-amanha\/\"]}]},{\"@type\":\"ImageObject\",\"inLanguage\":\"pt-BR\",\"@id\":\"https:\/\/www.notibras.com\/site\/excelencias-que-vazaram-audios-privados-fogem-com-medo-do-amanha\/#primaryimage\",\"url\":\"https:\/\/www.notibras.com\/site\/wp-content\/uploads\/2026\/03\/1737c510-dce0-411a-86bc-917d5caddb40.png\",\"contentUrl\":\"https:\/\/www.notibras.com\/site\/wp-content\/uploads\/2026\/03\/1737c510-dce0-411a-86bc-917d5caddb40.png\",\"width\":1536,\"height\":1024},{\"@type\":\"BreadcrumbList\",\"@id\":\"https:\/\/www.notibras.com\/site\/excelencias-que-vazaram-audios-privados-fogem-com-medo-do-amanha\/#breadcrumb\",\"itemListElement\":[{\"@type\":\"ListItem\",\"position\":1,\"name\":\"In\u00edcio\",\"item\":\"https:\/\/www.notibras.com\/site\/\"},{\"@type\":\"ListItem\",\"position\":2,\"name\":\"Excel\u00eancias que vazaram \u00e1udios privados fogem com medo do amanh\u00e3\"}]},{\"@type\":\"WebSite\",\"@id\":\"https:\/\/www.notibras.com\/site\/#website\",\"url\":\"https:\/\/www.notibras.com\/site\/\",\"name\":\"Notibras\",\"description\":\"Not\u00edcias de Bras\u00edlia, do Brasil e do Mundo\",\"publisher\":{\"@id\":\"https:\/\/www.notibras.com\/site\/#organization\"},\"potentialAction\":[{\"@type\":\"SearchAction\",\"target\":{\"@type\":\"EntryPoint\",\"urlTemplate\":\"https:\/\/www.notibras.com\/site\/?s={search_term_string}\"},\"query-input\":{\"@type\":\"PropertyValueSpecification\",\"valueRequired\":true,\"valueName\":\"search_term_string\"}}],\"inLanguage\":\"pt-BR\"},{\"@type\":\"Organization\",\"@id\":\"https:\/\/www.notibras.com\/site\/#organization\",\"name\":\"Grupo Notibras de Comunica\u00e7\u00e3o\",\"url\":\"https:\/\/www.notibras.com\/site\/\",\"logo\":{\"@type\":\"ImageObject\",\"inLanguage\":\"pt-BR\",\"@id\":\"https:\/\/www.notibras.com\/site\/#\/schema\/logo\/image\/\",\"url\":\"https:\/\/www.notibras.com\/site\/wp-content\/uploads\/2023\/01\/notibras23.png\",\"contentUrl\":\"https:\/\/www.notibras.com\/site\/wp-content\/uploads\/2023\/01\/notibras23.png\",\"width\":350,\"height\":87,\"caption\":\"Grupo Notibras de Comunica\u00e7\u00e3o\"},\"image\":{\"@id\":\"https:\/\/www.notibras.com\/site\/#\/schema\/logo\/image\/\"},\"sameAs\":[\"https:\/\/www.facebook.com\/notibras\/\",\"https:\/\/x.com\/Notibras\",\"https:\/\/www.instagram.com\/notibras\/\"]},{\"@type\":\"Person\",\"@id\":\"https:\/\/www.notibras.com\/site\/#\/schema\/person\/36ab0979449956132d3e5b517ea76ac8\",\"name\":\"Reda\u00e7\u00e3o\",\"image\":{\"@type\":\"ImageObject\",\"inLanguage\":\"pt-BR\",\"@id\":\"https:\/\/secure.gravatar.com\/avatar\/e0a867bdedb85fd243eadf09663511f96fc81e0720a4a42581f334ad4303aa6b?s=96&d=mm&r=g\",\"url\":\"https:\/\/secure.gravatar.com\/avatar\/e0a867bdedb85fd243eadf09663511f96fc81e0720a4a42581f334ad4303aa6b?s=96&d=mm&r=g\",\"contentUrl\":\"https:\/\/secure.gravatar.com\/avatar\/e0a867bdedb85fd243eadf09663511f96fc81e0720a4a42581f334ad4303aa6b?s=96&d=mm&r=g\",\"caption\":\"Reda\u00e7\u00e3o\"}}]}<\/script>\n<!-- \/ Yoast SEO plugin. -->","yoast_head_json":{"title":"Excel\u00eancias que vazaram \u00e1udios privados fogem com medo do amanh\u00e3 - Notibras","robots":{"index":"index","follow":"follow","max-snippet":"max-snippet:-1","max-image-preview":"max-image-preview:large","max-video-preview":"max-video-preview:-1"},"canonical":"https:\/\/www.notibras.com\/site\/excelencias-que-vazaram-audios-privados-fogem-com-medo-do-amanha\/","og_locale":"pt_BR","og_type":"article","og_title":"Excel\u00eancias que vazaram \u00e1udios privados fogem com medo do amanh\u00e3 - Notibras","og_description":"Mais velozes do que as balas e do que os avi\u00f5es de ca\u00e7a em poder do s\u00edndico Donald Trump e do subs\u00edndico Benjamin Netanyahu, os deputados, senadores e simpatizantes do pa\u00eds do caos e do besteirol criaram a CPMI do INSS para emparedar o atual presidente da Rep\u00fablica, hoje potencial candidato \u00e0 reelei\u00e7\u00e3o. Nadaram, nadaram [&hellip;]","og_url":"https:\/\/www.notibras.com\/site\/excelencias-que-vazaram-audios-privados-fogem-com-medo-do-amanha\/","og_site_name":"Notibras","article_publisher":"https:\/\/www.facebook.com\/notibras\/","article_published_time":"2026-03-11T12:22:49+00:00","article_modified_time":"2026-03-11T12:55:50+00:00","og_image":[{"width":1024,"height":683,"url":"https:\/\/www.notibras.com\/site\/wp-content\/uploads\/2026\/03\/1737c510-dce0-411a-86bc-917d5caddb40-1024x683.png","type":"image\/png"}],"author":"Reda\u00e7\u00e3o","twitter_card":"summary_large_image","twitter_creator":"@Notibras","twitter_site":"@Notibras","twitter_misc":{"Escrito por":"Reda\u00e7\u00e3o","Est. tempo de leitura":"3 minutos"},"schema":{"@context":"https:\/\/schema.org","@graph":[{"@type":"Article","@id":"https:\/\/www.notibras.com\/site\/excelencias-que-vazaram-audios-privados-fogem-com-medo-do-amanha\/#article","isPartOf":{"@id":"https:\/\/www.notibras.com\/site\/excelencias-que-vazaram-audios-privados-fogem-com-medo-do-amanha\/"},"author":{"name":"Reda\u00e7\u00e3o","@id":"https:\/\/www.notibras.com\/site\/#\/schema\/person\/36ab0979449956132d3e5b517ea76ac8"},"headline":"Excel\u00eancias que vazaram \u00e1udios privados fogem com medo do amanh\u00e3","datePublished":"2026-03-11T12:22:49+00:00","dateModified":"2026-03-11T12:55:50+00:00","mainEntityOfPage":{"@id":"https:\/\/www.notibras.com\/site\/excelencias-que-vazaram-audios-privados-fogem-com-medo-do-amanha\/"},"wordCount":538,"publisher":{"@id":"https:\/\/www.notibras.com\/site\/#organization"},"image":{"@id":"https:\/\/www.notibras.com\/site\/excelencias-que-vazaram-audios-privados-fogem-com-medo-do-amanha\/#primaryimage"},"thumbnailUrl":"https:\/\/www.notibras.com\/site\/wp-content\/uploads\/2026\/03\/1737c510-dce0-411a-86bc-917d5caddb40.png","articleSection":["Brasil"],"inLanguage":"pt-BR"},{"@type":"WebPage","@id":"https:\/\/www.notibras.com\/site\/excelencias-que-vazaram-audios-privados-fogem-com-medo-do-amanha\/","url":"https:\/\/www.notibras.com\/site\/excelencias-que-vazaram-audios-privados-fogem-com-medo-do-amanha\/","name":"Excel\u00eancias que vazaram \u00e1udios privados fogem com medo do amanh\u00e3 - Notibras","isPartOf":{"@id":"https:\/\/www.notibras.com\/site\/#website"},"primaryImageOfPage":{"@id":"https:\/\/www.notibras.com\/site\/excelencias-que-vazaram-audios-privados-fogem-com-medo-do-amanha\/#primaryimage"},"image":{"@id":"https:\/\/www.notibras.com\/site\/excelencias-que-vazaram-audios-privados-fogem-com-medo-do-amanha\/#primaryimage"},"thumbnailUrl":"https:\/\/www.notibras.com\/site\/wp-content\/uploads\/2026\/03\/1737c510-dce0-411a-86bc-917d5caddb40.png","datePublished":"2026-03-11T12:22:49+00:00","dateModified":"2026-03-11T12:55:50+00:00","breadcrumb":{"@id":"https:\/\/www.notibras.com\/site\/excelencias-que-vazaram-audios-privados-fogem-com-medo-do-amanha\/#breadcrumb"},"inLanguage":"pt-BR","potentialAction":[{"@type":"ReadAction","target":["https:\/\/www.notibras.com\/site\/excelencias-que-vazaram-audios-privados-fogem-com-medo-do-amanha\/"]}]},{"@type":"ImageObject","inLanguage":"pt-BR","@id":"https:\/\/www.notibras.com\/site\/excelencias-que-vazaram-audios-privados-fogem-com-medo-do-amanha\/#primaryimage","url":"https:\/\/www.notibras.com\/site\/wp-content\/uploads\/2026\/03\/1737c510-dce0-411a-86bc-917d5caddb40.png","contentUrl":"https:\/\/www.notibras.com\/site\/wp-content\/uploads\/2026\/03\/1737c510-dce0-411a-86bc-917d5caddb40.png","width":1536,"height":1024},{"@type":"BreadcrumbList","@id":"https:\/\/www.notibras.com\/site\/excelencias-que-vazaram-audios-privados-fogem-com-medo-do-amanha\/#breadcrumb","itemListElement":[{"@type":"ListItem","position":1,"name":"In\u00edcio","item":"https:\/\/www.notibras.com\/site\/"},{"@type":"ListItem","position":2,"name":"Excel\u00eancias que vazaram \u00e1udios privados fogem com medo do amanh\u00e3"}]},{"@type":"WebSite","@id":"https:\/\/www.notibras.com\/site\/#website","url":"https:\/\/www.notibras.com\/site\/","name":"Notibras","description":"Not\u00edcias de Bras\u00edlia, do Brasil e do Mundo","publisher":{"@id":"https:\/\/www.notibras.com\/site\/#organization"},"potentialAction":[{"@type":"SearchAction","target":{"@type":"EntryPoint","urlTemplate":"https:\/\/www.notibras.com\/site\/?s={search_term_string}"},"query-input":{"@type":"PropertyValueSpecification","valueRequired":true,"valueName":"search_term_string"}}],"inLanguage":"pt-BR"},{"@type":"Organization","@id":"https:\/\/www.notibras.com\/site\/#organization","name":"Grupo Notibras de Comunica\u00e7\u00e3o","url":"https:\/\/www.notibras.com\/site\/","logo":{"@type":"ImageObject","inLanguage":"pt-BR","@id":"https:\/\/www.notibras.com\/site\/#\/schema\/logo\/image\/","url":"https:\/\/www.notibras.com\/site\/wp-content\/uploads\/2023\/01\/notibras23.png","contentUrl":"https:\/\/www.notibras.com\/site\/wp-content\/uploads\/2023\/01\/notibras23.png","width":350,"height":87,"caption":"Grupo Notibras de Comunica\u00e7\u00e3o"},"image":{"@id":"https:\/\/www.notibras.com\/site\/#\/schema\/logo\/image\/"},"sameAs":["https:\/\/www.facebook.com\/notibras\/","https:\/\/x.com\/Notibras","https:\/\/www.instagram.com\/notibras\/"]},{"@type":"Person","@id":"https:\/\/www.notibras.com\/site\/#\/schema\/person\/36ab0979449956132d3e5b517ea76ac8","name":"Reda\u00e7\u00e3o","image":{"@type":"ImageObject","inLanguage":"pt-BR","@id":"https:\/\/secure.gravatar.com\/avatar\/e0a867bdedb85fd243eadf09663511f96fc81e0720a4a42581f334ad4303aa6b?s=96&d=mm&r=g","url":"https:\/\/secure.gravatar.com\/avatar\/e0a867bdedb85fd243eadf09663511f96fc81e0720a4a42581f334ad4303aa6b?s=96&d=mm&r=g","contentUrl":"https:\/\/secure.gravatar.com\/avatar\/e0a867bdedb85fd243eadf09663511f96fc81e0720a4a42581f334ad4303aa6b?s=96&d=mm&r=g","caption":"Reda\u00e7\u00e3o"}}]}},"amp_enabled":true,"_links":{"self":[{"href":"https:\/\/www.notibras.com\/site\/wp-json\/wp\/v2\/posts\/386505","targetHints":{"allow":["GET"]}}],"collection":[{"href":"https:\/\/www.notibras.com\/site\/wp-json\/wp\/v2\/posts"}],"about":[{"href":"https:\/\/www.notibras.com\/site\/wp-json\/wp\/v2\/types\/post"}],"author":[{"embeddable":true,"href":"https:\/\/www.notibras.com\/site\/wp-json\/wp\/v2\/users\/2"}],"replies":[{"embeddable":true,"href":"https:\/\/www.notibras.com\/site\/wp-json\/wp\/v2\/comments?post=386505"}],"version-history":[{"count":1,"href":"https:\/\/www.notibras.com\/site\/wp-json\/wp\/v2\/posts\/386505\/revisions"}],"predecessor-version":[{"id":386507,"href":"https:\/\/www.notibras.com\/site\/wp-json\/wp\/v2\/posts\/386505\/revisions\/386507"}],"wp:featuredmedia":[{"embeddable":true,"href":"https:\/\/www.notibras.com\/site\/wp-json\/wp\/v2\/media\/386506"}],"wp:attachment":[{"href":"https:\/\/www.notibras.com\/site\/wp-json\/wp\/v2\/media?parent=386505"}],"wp:term":[{"taxonomy":"category","embeddable":true,"href":"https:\/\/www.notibras.com\/site\/wp-json\/wp\/v2\/categories?post=386505"},{"taxonomy":"post_tag","embeddable":true,"href":"https:\/\/www.notibras.com\/site\/wp-json\/wp\/v2\/tags?post=386505"}],"curies":[{"name":"wp","href":"https:\/\/api.w.org\/{rel}","templated":true}]}}