{"id":386509,"date":"2026-03-11T09:16:15","date_gmt":"2026-03-11T12:16:15","guid":{"rendered":"https:\/\/www.notibras.com\/site\/?p=386509"},"modified":"2026-03-11T10:17:50","modified_gmt":"2026-03-11T13:17:50","slug":"vendas-no-comercio-crescem-04-e-igualam-patamar-recorde","status":"publish","type":"post","link":"https:\/\/www.notibras.com\/site\/vendas-no-comercio-crescem-04-e-igualam-patamar-recorde\/","title":{"rendered":"Vendas no com\u00e9rcio crescem 0,4% e igualam patamar recorde"},"content":{"rendered":"<p>O volume de vendas no com\u00e9rcio varejista brasileiro cresceu 0,4% na passagem de dezembro para janeiro. Dessa forma, o setor alcan\u00e7ou o maior patamar, igualando o recorde de novembro de 2025.<\/p>\n<p>Na compara\u00e7\u00e3o com o mesmo m\u00eas do ano passado, janeiro de 2026 apresenta salto de 2,8%. Em 12 meses, o setor registra expans\u00e3o de 1,6%.<\/p>\n<p>A m\u00e9dia m\u00f3vel trimestral, que apresenta a tend\u00eancia de comportamento do com\u00e9rcio nos \u00faltimos meses, reflete alta de 0,3% na compara\u00e7\u00e3o com os tr\u00eas meses terminados em dezembro de 2025.<\/p>\n<p>O resultado de janeiro reverte a queda de 0,4% assinalada no \u00faltimo m\u00eas de 2025.<\/p>\n<p>Os dados fazem parte da Pesquisa Mensal de Com\u00e9rcio, divulgada nesta quarta-feira (11) pelo Instituto Brasileiro de Geografia e Estat\u00edstica (IBGE), no Rio de Janeiro.<\/p>\n<p>Ao destacar que foi alcan\u00e7ado o ponto mais alto da s\u00e9rie, iniciada no ano 2000, o gerente da pesquisa, Cristiano Santos, ressalta que \u201crenova\u00e7\u00f5es do pico n\u00e3o s\u00e3o t\u00e3o comuns assim\u201d.<\/p>\n<p><strong>Atividades<\/strong><br \/>\nDos oito segmentos pesquisados pelo IBGE, quatro apresentaram crescimento do volume de vendas na passagem de dezembro para janeiro, com destaque para a atividade farmac\u00eautica.<\/p>\n<p>&#8211; Artigos farmac\u00eauticos, m\u00e9dicos, ortop\u00e9dicos e de perfumaria: 2,6%<\/p>\n<p>&#8211; Tecidos, vestu\u00e1rio e cal\u00e7ados: 1,8%<\/p>\n<p>&#8211; Outros artigos de uso pessoal e dom\u00e9stico: 1,3%<\/p>\n<p>&#8211; Hiper, supermercados, produtos aliment\u00edcios, bebidas e fumo 0,4%<\/p>\n<p>&#8211; M\u00f3veis e eletrodom\u00e9sticos: 0%<\/p>\n<p>&#8211; Equipamentos e material para escrit\u00f3rio inform\u00e1tica e comunica\u00e7\u00e3o: -9,3%<\/p>\n<p>&#8211; Livros, jornais, revistas e papelaria: -1,8%<\/p>\n<p>&#8211; Combust\u00edveis e lubrificantes: -1,3%<\/p>\n<p>O gerente do IBGE aponta que a atividade farmac\u00eautica, que inclui produtos de higiene pessoal e beleza, tem apresentado crescimento constante desde julho de 2025, com exce\u00e7\u00e3o de dezembro.<\/p>\n<p>No outro extremo, o desempenho em janeiro foi dos equipamentos e material para escrit\u00f3rio inform\u00e1tica e comunica\u00e7\u00e3o.<\/p>\n<p>Cristiano explica que o tombo de quase 10% \u00e9 relacionado ao comportamento do d\u00f3lar.<\/p>\n<p>\u201cEsse setor \u00e9 especialmente afetado pela varia\u00e7\u00e3o do d\u00f3lar e em \u00e9pocas de alta volatilidade, as empresas aproveitam para repor estoques em momentos de valoriza\u00e7\u00e3o do real para depois decidir o melhor momento de fazer promo\u00e7\u00f5es\u201d.<\/p>\n<p>Ele acrescenta que o segmento vinha de vendas fortes durante a Black Friday (novembro) e Natal.<\/p>\n<p><strong>Atacado<\/strong><br \/>\nNo com\u00e9rcio varejista ampliado, que inclui atividades de atacado \u2500 ve\u00edculos, motos, partes e pe\u00e7as; material de constru\u00e7\u00e3o; e produtos aliment\u00edcios, bebidas e fumo \u2500 o indicador cresceu 0,9% de dezembro para janeiro, d\u00e9cimo m\u00eas seguido de alta nessa compara\u00e7\u00e3o entre meses imediatamente seguidos. Em 12 meses, o com\u00e9rcio varejista ampliado tem varia\u00e7\u00e3o nula (0%).<\/p>\n","protected":false},"excerpt":{"rendered":"<p>O volume de vendas no com\u00e9rcio varejista brasileiro cresceu 0,4% na passagem de dezembro para janeiro. Dessa forma, o setor alcan\u00e7ou o maior patamar, igualando o recorde de novembro de 2025. Na compara\u00e7\u00e3o com o mesmo m\u00eas do ano passado, janeiro de 2026 apresenta salto de 2,8%. Em 12 meses, o setor registra expans\u00e3o de [&hellip;]<\/p>\n","protected":false},"author":2,"featured_media":386510,"comment_status":"closed","ping_status":"closed","sticky":false,"template":"","format":"standard","meta":{"_acf_changed":false,"footnotes":""},"categories":[16],"tags":[],"class_list":["post-386509","post","type-post","status-publish","format-standard","has-post-thumbnail","hentry","category-brasil"],"acf":[],"yoast_head":"<!-- This site is optimized with the Yoast SEO plugin v27.2 - https:\/\/yoast.com\/product\/yoast-seo-wordpress\/ -->\n<title>Vendas no com\u00e9rcio crescem 0,4% e igualam patamar recorde - Notibras<\/title>\n<meta name=\"robots\" content=\"index, follow, max-snippet:-1, max-image-preview:large, max-video-preview:-1\" \/>\n<link rel=\"canonical\" href=\"https:\/\/www.notibras.com\/site\/vendas-no-comercio-crescem-04-e-igualam-patamar-recorde\/\" \/>\n<meta property=\"og:locale\" content=\"pt_BR\" \/>\n<meta property=\"og:type\" content=\"article\" \/>\n<meta property=\"og:title\" content=\"Vendas no com\u00e9rcio crescem 0,4% e igualam patamar recorde - Notibras\" \/>\n<meta property=\"og:description\" content=\"O volume de vendas no com\u00e9rcio varejista brasileiro cresceu 0,4% na passagem de dezembro para janeiro. Dessa forma, o setor alcan\u00e7ou o maior patamar, igualando o recorde de novembro de 2025. Na compara\u00e7\u00e3o com o mesmo m\u00eas do ano passado, janeiro de 2026 apresenta salto de 2,8%. Em 12 meses, o setor registra expans\u00e3o de [&hellip;]\" \/>\n<meta property=\"og:url\" content=\"https:\/\/www.notibras.com\/site\/vendas-no-comercio-crescem-04-e-igualam-patamar-recorde\/\" \/>\n<meta property=\"og:site_name\" content=\"Notibras\" \/>\n<meta property=\"article:publisher\" content=\"https:\/\/www.facebook.com\/notibras\/\" \/>\n<meta property=\"article:published_time\" content=\"2026-03-11T12:16:15+00:00\" \/>\n<meta property=\"article:modified_time\" content=\"2026-03-11T13:17:50+00:00\" \/>\n<meta property=\"og:image\" content=\"https:\/\/www.notibras.com\/site\/wp-content\/uploads\/2026\/03\/rio_tem_primeiro_dia_util_de_reabertura_do_comercio_de_rua2906200458.webp\" \/>\n\t<meta property=\"og:image:width\" content=\"1170\" \/>\n\t<meta property=\"og:image:height\" content=\"700\" \/>\n\t<meta property=\"og:image:type\" content=\"image\/webp\" \/>\n<meta name=\"author\" content=\"Reda\u00e7\u00e3o\" \/>\n<meta name=\"twitter:card\" content=\"summary_large_image\" \/>\n<meta name=\"twitter:creator\" content=\"@Notibras\" \/>\n<meta name=\"twitter:site\" content=\"@Notibras\" \/>\n<meta name=\"twitter:label1\" content=\"Escrito por\" \/>\n\t<meta name=\"twitter:data1\" content=\"Reda\u00e7\u00e3o\" \/>\n\t<meta name=\"twitter:label2\" content=\"Est. tempo de leitura\" \/>\n\t<meta name=\"twitter:data2\" content=\"3 minutos\" \/>\n<script type=\"application\/ld+json\" class=\"yoast-schema-graph\">{\"@context\":\"https:\/\/schema.org\",\"@graph\":[{\"@type\":\"Article\",\"@id\":\"https:\/\/www.notibras.com\/site\/vendas-no-comercio-crescem-04-e-igualam-patamar-recorde\/#article\",\"isPartOf\":{\"@id\":\"https:\/\/www.notibras.com\/site\/vendas-no-comercio-crescem-04-e-igualam-patamar-recorde\/\"},\"author\":{\"name\":\"Reda\u00e7\u00e3o\",\"@id\":\"https:\/\/www.notibras.com\/site\/#\/schema\/person\/36ab0979449956132d3e5b517ea76ac8\"},\"headline\":\"Vendas no com\u00e9rcio crescem 0,4% e igualam patamar recorde\",\"datePublished\":\"2026-03-11T12:16:15+00:00\",\"dateModified\":\"2026-03-11T13:17:50+00:00\",\"mainEntityOfPage\":{\"@id\":\"https:\/\/www.notibras.com\/site\/vendas-no-comercio-crescem-04-e-igualam-patamar-recorde\/\"},\"wordCount\":448,\"publisher\":{\"@id\":\"https:\/\/www.notibras.com\/site\/#organization\"},\"image\":{\"@id\":\"https:\/\/www.notibras.com\/site\/vendas-no-comercio-crescem-04-e-igualam-patamar-recorde\/#primaryimage\"},\"thumbnailUrl\":\"https:\/\/www.notibras.com\/site\/wp-content\/uploads\/2026\/03\/rio_tem_primeiro_dia_util_de_reabertura_do_comercio_de_rua2906200458.webp\",\"articleSection\":[\"Brasil\"],\"inLanguage\":\"pt-BR\"},{\"@type\":\"WebPage\",\"@id\":\"https:\/\/www.notibras.com\/site\/vendas-no-comercio-crescem-04-e-igualam-patamar-recorde\/\",\"url\":\"https:\/\/www.notibras.com\/site\/vendas-no-comercio-crescem-04-e-igualam-patamar-recorde\/\",\"name\":\"Vendas no com\u00e9rcio crescem 0,4% e igualam patamar recorde - Notibras\",\"isPartOf\":{\"@id\":\"https:\/\/www.notibras.com\/site\/#website\"},\"primaryImageOfPage\":{\"@id\":\"https:\/\/www.notibras.com\/site\/vendas-no-comercio-crescem-04-e-igualam-patamar-recorde\/#primaryimage\"},\"image\":{\"@id\":\"https:\/\/www.notibras.com\/site\/vendas-no-comercio-crescem-04-e-igualam-patamar-recorde\/#primaryimage\"},\"thumbnailUrl\":\"https:\/\/www.notibras.com\/site\/wp-content\/uploads\/2026\/03\/rio_tem_primeiro_dia_util_de_reabertura_do_comercio_de_rua2906200458.webp\",\"datePublished\":\"2026-03-11T12:16:15+00:00\",\"dateModified\":\"2026-03-11T13:17:50+00:00\",\"breadcrumb\":{\"@id\":\"https:\/\/www.notibras.com\/site\/vendas-no-comercio-crescem-04-e-igualam-patamar-recorde\/#breadcrumb\"},\"inLanguage\":\"pt-BR\",\"potentialAction\":[{\"@type\":\"ReadAction\",\"target\":[\"https:\/\/www.notibras.com\/site\/vendas-no-comercio-crescem-04-e-igualam-patamar-recorde\/\"]}]},{\"@type\":\"ImageObject\",\"inLanguage\":\"pt-BR\",\"@id\":\"https:\/\/www.notibras.com\/site\/vendas-no-comercio-crescem-04-e-igualam-patamar-recorde\/#primaryimage\",\"url\":\"https:\/\/www.notibras.com\/site\/wp-content\/uploads\/2026\/03\/rio_tem_primeiro_dia_util_de_reabertura_do_comercio_de_rua2906200458.webp\",\"contentUrl\":\"https:\/\/www.notibras.com\/site\/wp-content\/uploads\/2026\/03\/rio_tem_primeiro_dia_util_de_reabertura_do_comercio_de_rua2906200458.webp\",\"width\":1170,\"height\":700},{\"@type\":\"BreadcrumbList\",\"@id\":\"https:\/\/www.notibras.com\/site\/vendas-no-comercio-crescem-04-e-igualam-patamar-recorde\/#breadcrumb\",\"itemListElement\":[{\"@type\":\"ListItem\",\"position\":1,\"name\":\"In\u00edcio\",\"item\":\"https:\/\/www.notibras.com\/site\/\"},{\"@type\":\"ListItem\",\"position\":2,\"name\":\"Vendas no com\u00e9rcio crescem 0,4% e igualam patamar recorde\"}]},{\"@type\":\"WebSite\",\"@id\":\"https:\/\/www.notibras.com\/site\/#website\",\"url\":\"https:\/\/www.notibras.com\/site\/\",\"name\":\"Notibras\",\"description\":\"Not\u00edcias de Bras\u00edlia, do Brasil e do Mundo\",\"publisher\":{\"@id\":\"https:\/\/www.notibras.com\/site\/#organization\"},\"potentialAction\":[{\"@type\":\"SearchAction\",\"target\":{\"@type\":\"EntryPoint\",\"urlTemplate\":\"https:\/\/www.notibras.com\/site\/?s={search_term_string}\"},\"query-input\":{\"@type\":\"PropertyValueSpecification\",\"valueRequired\":true,\"valueName\":\"search_term_string\"}}],\"inLanguage\":\"pt-BR\"},{\"@type\":\"Organization\",\"@id\":\"https:\/\/www.notibras.com\/site\/#organization\",\"name\":\"Grupo Notibras de Comunica\u00e7\u00e3o\",\"url\":\"https:\/\/www.notibras.com\/site\/\",\"logo\":{\"@type\":\"ImageObject\",\"inLanguage\":\"pt-BR\",\"@id\":\"https:\/\/www.notibras.com\/site\/#\/schema\/logo\/image\/\",\"url\":\"https:\/\/www.notibras.com\/site\/wp-content\/uploads\/2023\/01\/notibras23.png\",\"contentUrl\":\"https:\/\/www.notibras.com\/site\/wp-content\/uploads\/2023\/01\/notibras23.png\",\"width\":350,\"height\":87,\"caption\":\"Grupo Notibras de Comunica\u00e7\u00e3o\"},\"image\":{\"@id\":\"https:\/\/www.notibras.com\/site\/#\/schema\/logo\/image\/\"},\"sameAs\":[\"https:\/\/www.facebook.com\/notibras\/\",\"https:\/\/x.com\/Notibras\",\"https:\/\/www.instagram.com\/notibras\/\"]},{\"@type\":\"Person\",\"@id\":\"https:\/\/www.notibras.com\/site\/#\/schema\/person\/36ab0979449956132d3e5b517ea76ac8\",\"name\":\"Reda\u00e7\u00e3o\",\"image\":{\"@type\":\"ImageObject\",\"inLanguage\":\"pt-BR\",\"@id\":\"https:\/\/secure.gravatar.com\/avatar\/e0a867bdedb85fd243eadf09663511f96fc81e0720a4a42581f334ad4303aa6b?s=96&d=mm&r=g\",\"url\":\"https:\/\/secure.gravatar.com\/avatar\/e0a867bdedb85fd243eadf09663511f96fc81e0720a4a42581f334ad4303aa6b?s=96&d=mm&r=g\",\"contentUrl\":\"https:\/\/secure.gravatar.com\/avatar\/e0a867bdedb85fd243eadf09663511f96fc81e0720a4a42581f334ad4303aa6b?s=96&d=mm&r=g\",\"caption\":\"Reda\u00e7\u00e3o\"}}]}<\/script>\n<!-- \/ Yoast SEO plugin. -->","yoast_head_json":{"title":"Vendas no com\u00e9rcio crescem 0,4% e igualam patamar recorde - Notibras","robots":{"index":"index","follow":"follow","max-snippet":"max-snippet:-1","max-image-preview":"max-image-preview:large","max-video-preview":"max-video-preview:-1"},"canonical":"https:\/\/www.notibras.com\/site\/vendas-no-comercio-crescem-04-e-igualam-patamar-recorde\/","og_locale":"pt_BR","og_type":"article","og_title":"Vendas no com\u00e9rcio crescem 0,4% e igualam patamar recorde - Notibras","og_description":"O volume de vendas no com\u00e9rcio varejista brasileiro cresceu 0,4% na passagem de dezembro para janeiro. Dessa forma, o setor alcan\u00e7ou o maior patamar, igualando o recorde de novembro de 2025. Na compara\u00e7\u00e3o com o mesmo m\u00eas do ano passado, janeiro de 2026 apresenta salto de 2,8%. Em 12 meses, o setor registra expans\u00e3o de [&hellip;]","og_url":"https:\/\/www.notibras.com\/site\/vendas-no-comercio-crescem-04-e-igualam-patamar-recorde\/","og_site_name":"Notibras","article_publisher":"https:\/\/www.facebook.com\/notibras\/","article_published_time":"2026-03-11T12:16:15+00:00","article_modified_time":"2026-03-11T13:17:50+00:00","og_image":[{"width":1170,"height":700,"url":"https:\/\/www.notibras.com\/site\/wp-content\/uploads\/2026\/03\/rio_tem_primeiro_dia_util_de_reabertura_do_comercio_de_rua2906200458.webp","type":"image\/webp"}],"author":"Reda\u00e7\u00e3o","twitter_card":"summary_large_image","twitter_creator":"@Notibras","twitter_site":"@Notibras","twitter_misc":{"Escrito por":"Reda\u00e7\u00e3o","Est. tempo de leitura":"3 minutos"},"schema":{"@context":"https:\/\/schema.org","@graph":[{"@type":"Article","@id":"https:\/\/www.notibras.com\/site\/vendas-no-comercio-crescem-04-e-igualam-patamar-recorde\/#article","isPartOf":{"@id":"https:\/\/www.notibras.com\/site\/vendas-no-comercio-crescem-04-e-igualam-patamar-recorde\/"},"author":{"name":"Reda\u00e7\u00e3o","@id":"https:\/\/www.notibras.com\/site\/#\/schema\/person\/36ab0979449956132d3e5b517ea76ac8"},"headline":"Vendas no com\u00e9rcio crescem 0,4% e igualam patamar recorde","datePublished":"2026-03-11T12:16:15+00:00","dateModified":"2026-03-11T13:17:50+00:00","mainEntityOfPage":{"@id":"https:\/\/www.notibras.com\/site\/vendas-no-comercio-crescem-04-e-igualam-patamar-recorde\/"},"wordCount":448,"publisher":{"@id":"https:\/\/www.notibras.com\/site\/#organization"},"image":{"@id":"https:\/\/www.notibras.com\/site\/vendas-no-comercio-crescem-04-e-igualam-patamar-recorde\/#primaryimage"},"thumbnailUrl":"https:\/\/www.notibras.com\/site\/wp-content\/uploads\/2026\/03\/rio_tem_primeiro_dia_util_de_reabertura_do_comercio_de_rua2906200458.webp","articleSection":["Brasil"],"inLanguage":"pt-BR"},{"@type":"WebPage","@id":"https:\/\/www.notibras.com\/site\/vendas-no-comercio-crescem-04-e-igualam-patamar-recorde\/","url":"https:\/\/www.notibras.com\/site\/vendas-no-comercio-crescem-04-e-igualam-patamar-recorde\/","name":"Vendas no com\u00e9rcio crescem 0,4% e igualam patamar recorde - Notibras","isPartOf":{"@id":"https:\/\/www.notibras.com\/site\/#website"},"primaryImageOfPage":{"@id":"https:\/\/www.notibras.com\/site\/vendas-no-comercio-crescem-04-e-igualam-patamar-recorde\/#primaryimage"},"image":{"@id":"https:\/\/www.notibras.com\/site\/vendas-no-comercio-crescem-04-e-igualam-patamar-recorde\/#primaryimage"},"thumbnailUrl":"https:\/\/www.notibras.com\/site\/wp-content\/uploads\/2026\/03\/rio_tem_primeiro_dia_util_de_reabertura_do_comercio_de_rua2906200458.webp","datePublished":"2026-03-11T12:16:15+00:00","dateModified":"2026-03-11T13:17:50+00:00","breadcrumb":{"@id":"https:\/\/www.notibras.com\/site\/vendas-no-comercio-crescem-04-e-igualam-patamar-recorde\/#breadcrumb"},"inLanguage":"pt-BR","potentialAction":[{"@type":"ReadAction","target":["https:\/\/www.notibras.com\/site\/vendas-no-comercio-crescem-04-e-igualam-patamar-recorde\/"]}]},{"@type":"ImageObject","inLanguage":"pt-BR","@id":"https:\/\/www.notibras.com\/site\/vendas-no-comercio-crescem-04-e-igualam-patamar-recorde\/#primaryimage","url":"https:\/\/www.notibras.com\/site\/wp-content\/uploads\/2026\/03\/rio_tem_primeiro_dia_util_de_reabertura_do_comercio_de_rua2906200458.webp","contentUrl":"https:\/\/www.notibras.com\/site\/wp-content\/uploads\/2026\/03\/rio_tem_primeiro_dia_util_de_reabertura_do_comercio_de_rua2906200458.webp","width":1170,"height":700},{"@type":"BreadcrumbList","@id":"https:\/\/www.notibras.com\/site\/vendas-no-comercio-crescem-04-e-igualam-patamar-recorde\/#breadcrumb","itemListElement":[{"@type":"ListItem","position":1,"name":"In\u00edcio","item":"https:\/\/www.notibras.com\/site\/"},{"@type":"ListItem","position":2,"name":"Vendas no com\u00e9rcio crescem 0,4% e igualam patamar recorde"}]},{"@type":"WebSite","@id":"https:\/\/www.notibras.com\/site\/#website","url":"https:\/\/www.notibras.com\/site\/","name":"Notibras","description":"Not\u00edcias de Bras\u00edlia, do Brasil e do Mundo","publisher":{"@id":"https:\/\/www.notibras.com\/site\/#organization"},"potentialAction":[{"@type":"SearchAction","target":{"@type":"EntryPoint","urlTemplate":"https:\/\/www.notibras.com\/site\/?s={search_term_string}"},"query-input":{"@type":"PropertyValueSpecification","valueRequired":true,"valueName":"search_term_string"}}],"inLanguage":"pt-BR"},{"@type":"Organization","@id":"https:\/\/www.notibras.com\/site\/#organization","name":"Grupo Notibras de Comunica\u00e7\u00e3o","url":"https:\/\/www.notibras.com\/site\/","logo":{"@type":"ImageObject","inLanguage":"pt-BR","@id":"https:\/\/www.notibras.com\/site\/#\/schema\/logo\/image\/","url":"https:\/\/www.notibras.com\/site\/wp-content\/uploads\/2023\/01\/notibras23.png","contentUrl":"https:\/\/www.notibras.com\/site\/wp-content\/uploads\/2023\/01\/notibras23.png","width":350,"height":87,"caption":"Grupo Notibras de Comunica\u00e7\u00e3o"},"image":{"@id":"https:\/\/www.notibras.com\/site\/#\/schema\/logo\/image\/"},"sameAs":["https:\/\/www.facebook.com\/notibras\/","https:\/\/x.com\/Notibras","https:\/\/www.instagram.com\/notibras\/"]},{"@type":"Person","@id":"https:\/\/www.notibras.com\/site\/#\/schema\/person\/36ab0979449956132d3e5b517ea76ac8","name":"Reda\u00e7\u00e3o","image":{"@type":"ImageObject","inLanguage":"pt-BR","@id":"https:\/\/secure.gravatar.com\/avatar\/e0a867bdedb85fd243eadf09663511f96fc81e0720a4a42581f334ad4303aa6b?s=96&d=mm&r=g","url":"https:\/\/secure.gravatar.com\/avatar\/e0a867bdedb85fd243eadf09663511f96fc81e0720a4a42581f334ad4303aa6b?s=96&d=mm&r=g","contentUrl":"https:\/\/secure.gravatar.com\/avatar\/e0a867bdedb85fd243eadf09663511f96fc81e0720a4a42581f334ad4303aa6b?s=96&d=mm&r=g","caption":"Reda\u00e7\u00e3o"}}]}},"amp_enabled":true,"_links":{"self":[{"href":"https:\/\/www.notibras.com\/site\/wp-json\/wp\/v2\/posts\/386509","targetHints":{"allow":["GET"]}}],"collection":[{"href":"https:\/\/www.notibras.com\/site\/wp-json\/wp\/v2\/posts"}],"about":[{"href":"https:\/\/www.notibras.com\/site\/wp-json\/wp\/v2\/types\/post"}],"author":[{"embeddable":true,"href":"https:\/\/www.notibras.com\/site\/wp-json\/wp\/v2\/users\/2"}],"replies":[{"embeddable":true,"href":"https:\/\/www.notibras.com\/site\/wp-json\/wp\/v2\/comments?post=386509"}],"version-history":[{"count":1,"href":"https:\/\/www.notibras.com\/site\/wp-json\/wp\/v2\/posts\/386509\/revisions"}],"predecessor-version":[{"id":386511,"href":"https:\/\/www.notibras.com\/site\/wp-json\/wp\/v2\/posts\/386509\/revisions\/386511"}],"wp:featuredmedia":[{"embeddable":true,"href":"https:\/\/www.notibras.com\/site\/wp-json\/wp\/v2\/media\/386510"}],"wp:attachment":[{"href":"https:\/\/www.notibras.com\/site\/wp-json\/wp\/v2\/media?parent=386509"}],"wp:term":[{"taxonomy":"category","embeddable":true,"href":"https:\/\/www.notibras.com\/site\/wp-json\/wp\/v2\/categories?post=386509"},{"taxonomy":"post_tag","embeddable":true,"href":"https:\/\/www.notibras.com\/site\/wp-json\/wp\/v2\/tags?post=386509"}],"curies":[{"name":"wp","href":"https:\/\/api.w.org\/{rel}","templated":true}]}}