{"id":386512,"date":"2026-03-11T09:10:58","date_gmt":"2026-03-11T12:10:58","guid":{"rendered":"https:\/\/www.notibras.com\/site\/?p=386512"},"modified":"2026-03-11T10:21:21","modified_gmt":"2026-03-11T13:21:21","slug":"governo-vai-monitorar-mercado-de-combustiveis-para-evitar-surpresas","status":"publish","type":"post","link":"https:\/\/www.notibras.com\/site\/governo-vai-monitorar-mercado-de-combustiveis-para-evitar-surpresas\/","title":{"rendered":"Governo vai monitorar mercado de combust\u00edveis para evitar surpresas"},"content":{"rendered":"<p>O Minist\u00e9rio de Minas e Energia (MME) criou uma Sala de Monitoramento do Abastecimento, que vai acompanhar, diariamente, as condi\u00e7\u00f5es do mercado nacional e internacional de combust\u00edveis em articula\u00e7\u00e3o com \u00f3rg\u00e3os reguladores e com os principais agentes do setor nos elos de fornecimento prim\u00e1rio e distribui\u00e7\u00e3o.<\/p>\n<p>Segundo o governo, a iniciativa intensifica o monitoramento das cadeias de suprimento globais de derivados de petr\u00f3leo, da log\u00edstica nacional do abastecimento de combust\u00edveis e dos pre\u00e7os dos principais produtos, em raz\u00e3o do Conflito no Oriente M\u00e9dio \u2013 maior regi\u00e3o exportadora de petr\u00f3leo do mundo, com cerca de 60% das reservas globais.<\/p>\n<p>\u201cA pasta tamb\u00e9m ampliou, nos \u00faltimos dias, as interlocu\u00e7\u00f5es junto \u00e0 Ag\u00eancia Nacional do Petr\u00f3leo, G\u00e1s Natural e Biocombust\u00edveis (ANP) e a agentes de pre\u00e7os e de mercado que atuam na produ\u00e7\u00e3o, na importa\u00e7\u00e3o e na distribui\u00e7\u00e3o de combust\u00edveis no pa\u00eds\u201d, diz nota do minist\u00e9rio.<\/p>\n<p>O objetivo \u00e9 identificar rapidamente eventuais riscos ao abastecimento e coordenar as medidas necess\u00e1rias para preservar a seguran\u00e7a energ\u00e9tica e a normalidade do fornecimento de combust\u00edveis no pa\u00eds, em linha com medidas j\u00e1 adotadas pelo MME em situa\u00e7\u00f5es geopol\u00edticas semelhantes.<\/p>\n<p>At\u00e9 o momento, apesar do cen\u00e1rio de instabilidade, a exposi\u00e7\u00e3o direta do Brasil ao conflito \u00e9 considerada limitada. O pa\u00eds \u00e9 exportador de petr\u00f3leo bruto e importa parte dos derivados consumidos internamente, sobretudo diesel, mas a participa\u00e7\u00e3o de pa\u00edses do Golfo P\u00e9rsico como fornecedores de derivados de petr\u00f3leo \u00e9 relativamente pequena.<\/p>\n<p><strong>Aumento nas distribuidoras<\/strong><br \/>\nA Secretaria Nacional do Consumidor (Senacon), do Minist\u00e9rio da Justi\u00e7a e Seguran\u00e7a P\u00fablica (MJSP), enviou um of\u00edcio ao Conselho Administrativo de Defesa Econ\u00f4mica (Cade) solicitando a an\u00e1lise de recentes aumentos nos pre\u00e7os dos combust\u00edveis registrados em quatro estados e no Distrito Federal.<\/p>\n<p>O pedido foi encaminhado ap\u00f3s declara\u00e7\u00f5es p\u00fablicas de representantes de sindicatos (Sindicombust\u00edveis-DF, Sindicombust\u00edveis Bahia, Sindipostos-RN, Minaspetro-MG e Sulpetro-RS) informarem que distribuidoras elevaram os pre\u00e7os de venda para os postos sob a justificativa de alta no pre\u00e7o internacional do petr\u00f3leo, associada ao conflito no Oriente M\u00e9dio.<\/p>\n<p>At\u00e9 o momento, por\u00e9m, a Petrobras n\u00e3o anunciou aumento nos pre\u00e7os praticados em suas refinarias.<\/p>\n<p>\u201cDiante desse cen\u00e1rio, a Senacon solicitou que o Cade avalie a exist\u00eancia de poss\u00edveis ind\u00edcios de pr\u00e1ticas que possam prejudicar a livre concorr\u00eancia no mercado, e que podem indicar tentativa de influ\u00eancia \u00e0 ado\u00e7\u00e3o de conduta comercial uniforme ou combinada entre concorrentes\u201d, completa o MME.<\/p>\n","protected":false},"excerpt":{"rendered":"<p>O Minist\u00e9rio de Minas e Energia (MME) criou uma Sala de Monitoramento do Abastecimento, que vai acompanhar, diariamente, as condi\u00e7\u00f5es do mercado nacional e internacional de combust\u00edveis em articula\u00e7\u00e3o com \u00f3rg\u00e3os reguladores e com os principais agentes do setor nos elos de fornecimento prim\u00e1rio e distribui\u00e7\u00e3o. Segundo o governo, a iniciativa intensifica o monitoramento das [&hellip;]<\/p>\n","protected":false},"author":2,"featured_media":386513,"comment_status":"closed","ping_status":"closed","sticky":false,"template":"","format":"standard","meta":{"_acf_changed":false,"footnotes":""},"categories":[16],"tags":[],"class_list":["post-386512","post","type-post","status-publish","format-standard","has-post-thumbnail","hentry","category-brasil"],"acf":[],"yoast_head":"<!-- This site is optimized with the Yoast SEO plugin v27.2 - https:\/\/yoast.com\/product\/yoast-seo-wordpress\/ -->\n<title>Governo vai monitorar mercado de combust\u00edveis para evitar surpresas - Notibras<\/title>\n<meta name=\"robots\" content=\"index, follow, max-snippet:-1, max-image-preview:large, max-video-preview:-1\" \/>\n<link rel=\"canonical\" href=\"https:\/\/www.notibras.com\/site\/governo-vai-monitorar-mercado-de-combustiveis-para-evitar-surpresas\/\" \/>\n<meta property=\"og:locale\" content=\"pt_BR\" \/>\n<meta property=\"og:type\" content=\"article\" \/>\n<meta property=\"og:title\" content=\"Governo vai monitorar mercado de combust\u00edveis para evitar surpresas - Notibras\" \/>\n<meta property=\"og:description\" content=\"O Minist\u00e9rio de Minas e Energia (MME) criou uma Sala de Monitoramento do Abastecimento, que vai acompanhar, diariamente, as condi\u00e7\u00f5es do mercado nacional e internacional de combust\u00edveis em articula\u00e7\u00e3o com \u00f3rg\u00e3os reguladores e com os principais agentes do setor nos elos de fornecimento prim\u00e1rio e distribui\u00e7\u00e3o. Segundo o governo, a iniciativa intensifica o monitoramento das [&hellip;]\" \/>\n<meta property=\"og:url\" content=\"https:\/\/www.notibras.com\/site\/governo-vai-monitorar-mercado-de-combustiveis-para-evitar-surpresas\/\" \/>\n<meta property=\"og:site_name\" content=\"Notibras\" \/>\n<meta property=\"article:publisher\" content=\"https:\/\/www.facebook.com\/notibras\/\" \/>\n<meta property=\"article:published_time\" content=\"2026-03-11T12:10:58+00:00\" \/>\n<meta property=\"article:modified_time\" content=\"2026-03-11T13:21:21+00:00\" \/>\n<meta property=\"og:image\" content=\"https:\/\/www.notibras.com\/site\/wp-content\/uploads\/2026\/03\/tanque_de_diesel_r5_na_rpbc_-_foto_wilson_melo_agencia_petrobras.webp\" \/>\n\t<meta property=\"og:image:width\" content=\"1170\" \/>\n\t<meta property=\"og:image:height\" content=\"700\" \/>\n\t<meta property=\"og:image:type\" content=\"image\/webp\" \/>\n<meta name=\"author\" content=\"Reda\u00e7\u00e3o\" \/>\n<meta name=\"twitter:card\" content=\"summary_large_image\" \/>\n<meta name=\"twitter:creator\" content=\"@Notibras\" \/>\n<meta name=\"twitter:site\" content=\"@Notibras\" \/>\n<meta name=\"twitter:label1\" content=\"Escrito por\" \/>\n\t<meta name=\"twitter:data1\" content=\"Reda\u00e7\u00e3o\" \/>\n\t<meta name=\"twitter:label2\" content=\"Est. tempo de leitura\" \/>\n\t<meta name=\"twitter:data2\" content=\"3 minutos\" \/>\n<script type=\"application\/ld+json\" class=\"yoast-schema-graph\">{\"@context\":\"https:\/\/schema.org\",\"@graph\":[{\"@type\":\"Article\",\"@id\":\"https:\/\/www.notibras.com\/site\/governo-vai-monitorar-mercado-de-combustiveis-para-evitar-surpresas\/#article\",\"isPartOf\":{\"@id\":\"https:\/\/www.notibras.com\/site\/governo-vai-monitorar-mercado-de-combustiveis-para-evitar-surpresas\/\"},\"author\":{\"name\":\"Reda\u00e7\u00e3o\",\"@id\":\"https:\/\/www.notibras.com\/site\/#\/schema\/person\/36ab0979449956132d3e5b517ea76ac8\"},\"headline\":\"Governo vai monitorar mercado de combust\u00edveis para evitar surpresas\",\"datePublished\":\"2026-03-11T12:10:58+00:00\",\"dateModified\":\"2026-03-11T13:21:21+00:00\",\"mainEntityOfPage\":{\"@id\":\"https:\/\/www.notibras.com\/site\/governo-vai-monitorar-mercado-de-combustiveis-para-evitar-surpresas\/\"},\"wordCount\":458,\"publisher\":{\"@id\":\"https:\/\/www.notibras.com\/site\/#organization\"},\"image\":{\"@id\":\"https:\/\/www.notibras.com\/site\/governo-vai-monitorar-mercado-de-combustiveis-para-evitar-surpresas\/#primaryimage\"},\"thumbnailUrl\":\"https:\/\/www.notibras.com\/site\/wp-content\/uploads\/2026\/03\/tanque_de_diesel_r5_na_rpbc_-_foto_wilson_melo_agencia_petrobras.webp\",\"articleSection\":[\"Brasil\"],\"inLanguage\":\"pt-BR\"},{\"@type\":\"WebPage\",\"@id\":\"https:\/\/www.notibras.com\/site\/governo-vai-monitorar-mercado-de-combustiveis-para-evitar-surpresas\/\",\"url\":\"https:\/\/www.notibras.com\/site\/governo-vai-monitorar-mercado-de-combustiveis-para-evitar-surpresas\/\",\"name\":\"Governo vai monitorar mercado de combust\u00edveis para evitar surpresas - Notibras\",\"isPartOf\":{\"@id\":\"https:\/\/www.notibras.com\/site\/#website\"},\"primaryImageOfPage\":{\"@id\":\"https:\/\/www.notibras.com\/site\/governo-vai-monitorar-mercado-de-combustiveis-para-evitar-surpresas\/#primaryimage\"},\"image\":{\"@id\":\"https:\/\/www.notibras.com\/site\/governo-vai-monitorar-mercado-de-combustiveis-para-evitar-surpresas\/#primaryimage\"},\"thumbnailUrl\":\"https:\/\/www.notibras.com\/site\/wp-content\/uploads\/2026\/03\/tanque_de_diesel_r5_na_rpbc_-_foto_wilson_melo_agencia_petrobras.webp\",\"datePublished\":\"2026-03-11T12:10:58+00:00\",\"dateModified\":\"2026-03-11T13:21:21+00:00\",\"breadcrumb\":{\"@id\":\"https:\/\/www.notibras.com\/site\/governo-vai-monitorar-mercado-de-combustiveis-para-evitar-surpresas\/#breadcrumb\"},\"inLanguage\":\"pt-BR\",\"potentialAction\":[{\"@type\":\"ReadAction\",\"target\":[\"https:\/\/www.notibras.com\/site\/governo-vai-monitorar-mercado-de-combustiveis-para-evitar-surpresas\/\"]}]},{\"@type\":\"ImageObject\",\"inLanguage\":\"pt-BR\",\"@id\":\"https:\/\/www.notibras.com\/site\/governo-vai-monitorar-mercado-de-combustiveis-para-evitar-surpresas\/#primaryimage\",\"url\":\"https:\/\/www.notibras.com\/site\/wp-content\/uploads\/2026\/03\/tanque_de_diesel_r5_na_rpbc_-_foto_wilson_melo_agencia_petrobras.webp\",\"contentUrl\":\"https:\/\/www.notibras.com\/site\/wp-content\/uploads\/2026\/03\/tanque_de_diesel_r5_na_rpbc_-_foto_wilson_melo_agencia_petrobras.webp\",\"width\":1170,\"height\":700},{\"@type\":\"BreadcrumbList\",\"@id\":\"https:\/\/www.notibras.com\/site\/governo-vai-monitorar-mercado-de-combustiveis-para-evitar-surpresas\/#breadcrumb\",\"itemListElement\":[{\"@type\":\"ListItem\",\"position\":1,\"name\":\"In\u00edcio\",\"item\":\"https:\/\/www.notibras.com\/site\/\"},{\"@type\":\"ListItem\",\"position\":2,\"name\":\"Governo vai monitorar mercado de combust\u00edveis para evitar surpresas\"}]},{\"@type\":\"WebSite\",\"@id\":\"https:\/\/www.notibras.com\/site\/#website\",\"url\":\"https:\/\/www.notibras.com\/site\/\",\"name\":\"Notibras\",\"description\":\"Not\u00edcias de Bras\u00edlia, do Brasil e do Mundo\",\"publisher\":{\"@id\":\"https:\/\/www.notibras.com\/site\/#organization\"},\"potentialAction\":[{\"@type\":\"SearchAction\",\"target\":{\"@type\":\"EntryPoint\",\"urlTemplate\":\"https:\/\/www.notibras.com\/site\/?s={search_term_string}\"},\"query-input\":{\"@type\":\"PropertyValueSpecification\",\"valueRequired\":true,\"valueName\":\"search_term_string\"}}],\"inLanguage\":\"pt-BR\"},{\"@type\":\"Organization\",\"@id\":\"https:\/\/www.notibras.com\/site\/#organization\",\"name\":\"Grupo Notibras de Comunica\u00e7\u00e3o\",\"url\":\"https:\/\/www.notibras.com\/site\/\",\"logo\":{\"@type\":\"ImageObject\",\"inLanguage\":\"pt-BR\",\"@id\":\"https:\/\/www.notibras.com\/site\/#\/schema\/logo\/image\/\",\"url\":\"https:\/\/www.notibras.com\/site\/wp-content\/uploads\/2023\/01\/notibras23.png\",\"contentUrl\":\"https:\/\/www.notibras.com\/site\/wp-content\/uploads\/2023\/01\/notibras23.png\",\"width\":350,\"height\":87,\"caption\":\"Grupo Notibras de Comunica\u00e7\u00e3o\"},\"image\":{\"@id\":\"https:\/\/www.notibras.com\/site\/#\/schema\/logo\/image\/\"},\"sameAs\":[\"https:\/\/www.facebook.com\/notibras\/\",\"https:\/\/x.com\/Notibras\",\"https:\/\/www.instagram.com\/notibras\/\"]},{\"@type\":\"Person\",\"@id\":\"https:\/\/www.notibras.com\/site\/#\/schema\/person\/36ab0979449956132d3e5b517ea76ac8\",\"name\":\"Reda\u00e7\u00e3o\",\"image\":{\"@type\":\"ImageObject\",\"inLanguage\":\"pt-BR\",\"@id\":\"https:\/\/secure.gravatar.com\/avatar\/e0a867bdedb85fd243eadf09663511f96fc81e0720a4a42581f334ad4303aa6b?s=96&d=mm&r=g\",\"url\":\"https:\/\/secure.gravatar.com\/avatar\/e0a867bdedb85fd243eadf09663511f96fc81e0720a4a42581f334ad4303aa6b?s=96&d=mm&r=g\",\"contentUrl\":\"https:\/\/secure.gravatar.com\/avatar\/e0a867bdedb85fd243eadf09663511f96fc81e0720a4a42581f334ad4303aa6b?s=96&d=mm&r=g\",\"caption\":\"Reda\u00e7\u00e3o\"}}]}<\/script>\n<!-- \/ Yoast SEO plugin. -->","yoast_head_json":{"title":"Governo vai monitorar mercado de combust\u00edveis para evitar surpresas - Notibras","robots":{"index":"index","follow":"follow","max-snippet":"max-snippet:-1","max-image-preview":"max-image-preview:large","max-video-preview":"max-video-preview:-1"},"canonical":"https:\/\/www.notibras.com\/site\/governo-vai-monitorar-mercado-de-combustiveis-para-evitar-surpresas\/","og_locale":"pt_BR","og_type":"article","og_title":"Governo vai monitorar mercado de combust\u00edveis para evitar surpresas - Notibras","og_description":"O Minist\u00e9rio de Minas e Energia (MME) criou uma Sala de Monitoramento do Abastecimento, que vai acompanhar, diariamente, as condi\u00e7\u00f5es do mercado nacional e internacional de combust\u00edveis em articula\u00e7\u00e3o com \u00f3rg\u00e3os reguladores e com os principais agentes do setor nos elos de fornecimento prim\u00e1rio e distribui\u00e7\u00e3o. Segundo o governo, a iniciativa intensifica o monitoramento das [&hellip;]","og_url":"https:\/\/www.notibras.com\/site\/governo-vai-monitorar-mercado-de-combustiveis-para-evitar-surpresas\/","og_site_name":"Notibras","article_publisher":"https:\/\/www.facebook.com\/notibras\/","article_published_time":"2026-03-11T12:10:58+00:00","article_modified_time":"2026-03-11T13:21:21+00:00","og_image":[{"width":1170,"height":700,"url":"https:\/\/www.notibras.com\/site\/wp-content\/uploads\/2026\/03\/tanque_de_diesel_r5_na_rpbc_-_foto_wilson_melo_agencia_petrobras.webp","type":"image\/webp"}],"author":"Reda\u00e7\u00e3o","twitter_card":"summary_large_image","twitter_creator":"@Notibras","twitter_site":"@Notibras","twitter_misc":{"Escrito por":"Reda\u00e7\u00e3o","Est. tempo de leitura":"3 minutos"},"schema":{"@context":"https:\/\/schema.org","@graph":[{"@type":"Article","@id":"https:\/\/www.notibras.com\/site\/governo-vai-monitorar-mercado-de-combustiveis-para-evitar-surpresas\/#article","isPartOf":{"@id":"https:\/\/www.notibras.com\/site\/governo-vai-monitorar-mercado-de-combustiveis-para-evitar-surpresas\/"},"author":{"name":"Reda\u00e7\u00e3o","@id":"https:\/\/www.notibras.com\/site\/#\/schema\/person\/36ab0979449956132d3e5b517ea76ac8"},"headline":"Governo vai monitorar mercado de combust\u00edveis para evitar surpresas","datePublished":"2026-03-11T12:10:58+00:00","dateModified":"2026-03-11T13:21:21+00:00","mainEntityOfPage":{"@id":"https:\/\/www.notibras.com\/site\/governo-vai-monitorar-mercado-de-combustiveis-para-evitar-surpresas\/"},"wordCount":458,"publisher":{"@id":"https:\/\/www.notibras.com\/site\/#organization"},"image":{"@id":"https:\/\/www.notibras.com\/site\/governo-vai-monitorar-mercado-de-combustiveis-para-evitar-surpresas\/#primaryimage"},"thumbnailUrl":"https:\/\/www.notibras.com\/site\/wp-content\/uploads\/2026\/03\/tanque_de_diesel_r5_na_rpbc_-_foto_wilson_melo_agencia_petrobras.webp","articleSection":["Brasil"],"inLanguage":"pt-BR"},{"@type":"WebPage","@id":"https:\/\/www.notibras.com\/site\/governo-vai-monitorar-mercado-de-combustiveis-para-evitar-surpresas\/","url":"https:\/\/www.notibras.com\/site\/governo-vai-monitorar-mercado-de-combustiveis-para-evitar-surpresas\/","name":"Governo vai monitorar mercado de combust\u00edveis para evitar surpresas - Notibras","isPartOf":{"@id":"https:\/\/www.notibras.com\/site\/#website"},"primaryImageOfPage":{"@id":"https:\/\/www.notibras.com\/site\/governo-vai-monitorar-mercado-de-combustiveis-para-evitar-surpresas\/#primaryimage"},"image":{"@id":"https:\/\/www.notibras.com\/site\/governo-vai-monitorar-mercado-de-combustiveis-para-evitar-surpresas\/#primaryimage"},"thumbnailUrl":"https:\/\/www.notibras.com\/site\/wp-content\/uploads\/2026\/03\/tanque_de_diesel_r5_na_rpbc_-_foto_wilson_melo_agencia_petrobras.webp","datePublished":"2026-03-11T12:10:58+00:00","dateModified":"2026-03-11T13:21:21+00:00","breadcrumb":{"@id":"https:\/\/www.notibras.com\/site\/governo-vai-monitorar-mercado-de-combustiveis-para-evitar-surpresas\/#breadcrumb"},"inLanguage":"pt-BR","potentialAction":[{"@type":"ReadAction","target":["https:\/\/www.notibras.com\/site\/governo-vai-monitorar-mercado-de-combustiveis-para-evitar-surpresas\/"]}]},{"@type":"ImageObject","inLanguage":"pt-BR","@id":"https:\/\/www.notibras.com\/site\/governo-vai-monitorar-mercado-de-combustiveis-para-evitar-surpresas\/#primaryimage","url":"https:\/\/www.notibras.com\/site\/wp-content\/uploads\/2026\/03\/tanque_de_diesel_r5_na_rpbc_-_foto_wilson_melo_agencia_petrobras.webp","contentUrl":"https:\/\/www.notibras.com\/site\/wp-content\/uploads\/2026\/03\/tanque_de_diesel_r5_na_rpbc_-_foto_wilson_melo_agencia_petrobras.webp","width":1170,"height":700},{"@type":"BreadcrumbList","@id":"https:\/\/www.notibras.com\/site\/governo-vai-monitorar-mercado-de-combustiveis-para-evitar-surpresas\/#breadcrumb","itemListElement":[{"@type":"ListItem","position":1,"name":"In\u00edcio","item":"https:\/\/www.notibras.com\/site\/"},{"@type":"ListItem","position":2,"name":"Governo vai monitorar mercado de combust\u00edveis para evitar surpresas"}]},{"@type":"WebSite","@id":"https:\/\/www.notibras.com\/site\/#website","url":"https:\/\/www.notibras.com\/site\/","name":"Notibras","description":"Not\u00edcias de Bras\u00edlia, do Brasil e do Mundo","publisher":{"@id":"https:\/\/www.notibras.com\/site\/#organization"},"potentialAction":[{"@type":"SearchAction","target":{"@type":"EntryPoint","urlTemplate":"https:\/\/www.notibras.com\/site\/?s={search_term_string}"},"query-input":{"@type":"PropertyValueSpecification","valueRequired":true,"valueName":"search_term_string"}}],"inLanguage":"pt-BR"},{"@type":"Organization","@id":"https:\/\/www.notibras.com\/site\/#organization","name":"Grupo Notibras de Comunica\u00e7\u00e3o","url":"https:\/\/www.notibras.com\/site\/","logo":{"@type":"ImageObject","inLanguage":"pt-BR","@id":"https:\/\/www.notibras.com\/site\/#\/schema\/logo\/image\/","url":"https:\/\/www.notibras.com\/site\/wp-content\/uploads\/2023\/01\/notibras23.png","contentUrl":"https:\/\/www.notibras.com\/site\/wp-content\/uploads\/2023\/01\/notibras23.png","width":350,"height":87,"caption":"Grupo Notibras de Comunica\u00e7\u00e3o"},"image":{"@id":"https:\/\/www.notibras.com\/site\/#\/schema\/logo\/image\/"},"sameAs":["https:\/\/www.facebook.com\/notibras\/","https:\/\/x.com\/Notibras","https:\/\/www.instagram.com\/notibras\/"]},{"@type":"Person","@id":"https:\/\/www.notibras.com\/site\/#\/schema\/person\/36ab0979449956132d3e5b517ea76ac8","name":"Reda\u00e7\u00e3o","image":{"@type":"ImageObject","inLanguage":"pt-BR","@id":"https:\/\/secure.gravatar.com\/avatar\/e0a867bdedb85fd243eadf09663511f96fc81e0720a4a42581f334ad4303aa6b?s=96&d=mm&r=g","url":"https:\/\/secure.gravatar.com\/avatar\/e0a867bdedb85fd243eadf09663511f96fc81e0720a4a42581f334ad4303aa6b?s=96&d=mm&r=g","contentUrl":"https:\/\/secure.gravatar.com\/avatar\/e0a867bdedb85fd243eadf09663511f96fc81e0720a4a42581f334ad4303aa6b?s=96&d=mm&r=g","caption":"Reda\u00e7\u00e3o"}}]}},"amp_enabled":true,"_links":{"self":[{"href":"https:\/\/www.notibras.com\/site\/wp-json\/wp\/v2\/posts\/386512","targetHints":{"allow":["GET"]}}],"collection":[{"href":"https:\/\/www.notibras.com\/site\/wp-json\/wp\/v2\/posts"}],"about":[{"href":"https:\/\/www.notibras.com\/site\/wp-json\/wp\/v2\/types\/post"}],"author":[{"embeddable":true,"href":"https:\/\/www.notibras.com\/site\/wp-json\/wp\/v2\/users\/2"}],"replies":[{"embeddable":true,"href":"https:\/\/www.notibras.com\/site\/wp-json\/wp\/v2\/comments?post=386512"}],"version-history":[{"count":1,"href":"https:\/\/www.notibras.com\/site\/wp-json\/wp\/v2\/posts\/386512\/revisions"}],"predecessor-version":[{"id":386514,"href":"https:\/\/www.notibras.com\/site\/wp-json\/wp\/v2\/posts\/386512\/revisions\/386514"}],"wp:featuredmedia":[{"embeddable":true,"href":"https:\/\/www.notibras.com\/site\/wp-json\/wp\/v2\/media\/386513"}],"wp:attachment":[{"href":"https:\/\/www.notibras.com\/site\/wp-json\/wp\/v2\/media?parent=386512"}],"wp:term":[{"taxonomy":"category","embeddable":true,"href":"https:\/\/www.notibras.com\/site\/wp-json\/wp\/v2\/categories?post=386512"},{"taxonomy":"post_tag","embeddable":true,"href":"https:\/\/www.notibras.com\/site\/wp-json\/wp\/v2\/tags?post=386512"}],"curies":[{"name":"wp","href":"https:\/\/api.w.org\/{rel}","templated":true}]}}