{"id":386515,"date":"2026-03-11T08:00:21","date_gmt":"2026-03-11T11:00:21","guid":{"rendered":"https:\/\/www.notibras.com\/site\/?p=386515"},"modified":"2026-03-11T10:24:44","modified_gmt":"2026-03-11T13:24:44","slug":"sao-paulo-tem-primeiro-caso-de-sarampo-em-2026","status":"publish","type":"post","link":"https:\/\/www.notibras.com\/site\/sao-paulo-tem-primeiro-caso-de-sarampo-em-2026\/","title":{"rendered":"S\u00e3o Paulo tem primeiro caso de sarampo em 2026"},"content":{"rendered":"<p>Um beb\u00ea de seis meses, uma menina, \u00e9 a primeira pessoa a contrair sarampo em S\u00e3o Paulo, segundo informa a Secretaria de Estado da Sa\u00fade paulista. A bebe, que n\u00e3o foi vacinada, esteve na Bol\u00edvia em janeiro deste ano.<\/p>\n<p>O caso foi registrado em fevereiro e confirmado por exames laboratoriais. Em 2025 o estado de S\u00e3o Paulo teve dois casos importados de sarampo.<\/p>\n<p>O governo do estado refor\u00e7a que a melhor maneira de evitar ser contagiado pela doen\u00e7a \u00e9 atrav\u00e9s da vacina\u00e7\u00e3o. A vacina contra o sarampo integra o Calend\u00e1rio Nacional de Vacina\u00e7\u00e3o e a primeira dose deve ser ministrada aos 12 meses de idade. A segunda dose deve ser dada aos 15 meses.<\/p>\n<p>Tamb\u00e9m \u00e9 necess\u00e1rio se vacinar entre os 5 e 29 anos, com duas doses no intervalo m\u00ednimo de 30 dias. Pessoas entre 30 e 59 anos devem tomar uma nova dose.<\/p>\n<p><strong>OMS<\/strong><br \/>\nA Organiza\u00e7\u00e3o Mundial da Sa\u00fade (OMS) fez em fevereiro deste ano um alerta sobre esse assunto. Segundo a entidade, em 2024 e 2025, houve um aumento de 32 vezes nos cont\u00e1gios de sarampo nas Am\u00e9ricas.<\/p>\n","protected":false},"excerpt":{"rendered":"<p>Um beb\u00ea de seis meses, uma menina, \u00e9 a primeira pessoa a contrair sarampo em S\u00e3o Paulo, segundo informa a Secretaria de Estado da Sa\u00fade paulista. A bebe, que n\u00e3o foi vacinada, esteve na Bol\u00edvia em janeiro deste ano. O caso foi registrado em fevereiro e confirmado por exames laboratoriais. Em 2025 o estado de [&hellip;]<\/p>\n","protected":false},"author":2,"featured_media":386516,"comment_status":"closed","ping_status":"closed","sticky":false,"template":"","format":"standard","meta":{"_acf_changed":false,"footnotes":""},"categories":[16],"tags":[],"class_list":["post-386515","post","type-post","status-publish","format-standard","has-post-thumbnail","hentry","category-brasil"],"acf":[],"yoast_head":"<!-- This site is optimized with the Yoast SEO plugin v27.2 - https:\/\/yoast.com\/product\/yoast-seo-wordpress\/ -->\n<title>S\u00e3o Paulo tem primeiro caso de sarampo em 2026 - Notibras<\/title>\n<meta name=\"robots\" content=\"index, follow, max-snippet:-1, max-image-preview:large, max-video-preview:-1\" \/>\n<link rel=\"canonical\" href=\"https:\/\/www.notibras.com\/site\/sao-paulo-tem-primeiro-caso-de-sarampo-em-2026\/\" \/>\n<meta property=\"og:locale\" content=\"pt_BR\" \/>\n<meta property=\"og:type\" content=\"article\" \/>\n<meta property=\"og:title\" content=\"S\u00e3o Paulo tem primeiro caso de sarampo em 2026 - Notibras\" \/>\n<meta property=\"og:description\" content=\"Um beb\u00ea de seis meses, uma menina, \u00e9 a primeira pessoa a contrair sarampo em S\u00e3o Paulo, segundo informa a Secretaria de Estado da Sa\u00fade paulista. A bebe, que n\u00e3o foi vacinada, esteve na Bol\u00edvia em janeiro deste ano. O caso foi registrado em fevereiro e confirmado por exames laboratoriais. Em 2025 o estado de [&hellip;]\" \/>\n<meta property=\"og:url\" content=\"https:\/\/www.notibras.com\/site\/sao-paulo-tem-primeiro-caso-de-sarampo-em-2026\/\" \/>\n<meta property=\"og:site_name\" content=\"Notibras\" \/>\n<meta property=\"article:publisher\" content=\"https:\/\/www.facebook.com\/notibras\/\" \/>\n<meta property=\"article:published_time\" content=\"2026-03-11T11:00:21+00:00\" \/>\n<meta property=\"article:modified_time\" content=\"2026-03-11T13:24:44+00:00\" \/>\n<meta property=\"og:image\" content=\"https:\/\/www.notibras.com\/site\/wp-content\/uploads\/2026\/03\/campanha_estadual_do_dia_d_de_vacinacao_contra_o_sarampo_no_rio20200201_0133-1.webp\" \/>\n\t<meta property=\"og:image:width\" content=\"1170\" \/>\n\t<meta property=\"og:image:height\" content=\"700\" \/>\n\t<meta property=\"og:image:type\" content=\"image\/webp\" \/>\n<meta name=\"author\" content=\"Reda\u00e7\u00e3o\" \/>\n<meta name=\"twitter:card\" content=\"summary_large_image\" \/>\n<meta name=\"twitter:creator\" content=\"@Notibras\" \/>\n<meta name=\"twitter:site\" content=\"@Notibras\" \/>\n<meta name=\"twitter:label1\" content=\"Escrito por\" \/>\n\t<meta name=\"twitter:data1\" content=\"Reda\u00e7\u00e3o\" \/>\n\t<meta name=\"twitter:label2\" content=\"Est. tempo de leitura\" \/>\n\t<meta name=\"twitter:data2\" content=\"2 minutos\" \/>\n<script type=\"application\/ld+json\" class=\"yoast-schema-graph\">{\"@context\":\"https:\/\/schema.org\",\"@graph\":[{\"@type\":\"Article\",\"@id\":\"https:\/\/www.notibras.com\/site\/sao-paulo-tem-primeiro-caso-de-sarampo-em-2026\/#article\",\"isPartOf\":{\"@id\":\"https:\/\/www.notibras.com\/site\/sao-paulo-tem-primeiro-caso-de-sarampo-em-2026\/\"},\"author\":{\"name\":\"Reda\u00e7\u00e3o\",\"@id\":\"https:\/\/www.notibras.com\/site\/#\/schema\/person\/36ab0979449956132d3e5b517ea76ac8\"},\"headline\":\"S\u00e3o Paulo tem primeiro caso de sarampo em 2026\",\"datePublished\":\"2026-03-11T11:00:21+00:00\",\"dateModified\":\"2026-03-11T13:24:44+00:00\",\"mainEntityOfPage\":{\"@id\":\"https:\/\/www.notibras.com\/site\/sao-paulo-tem-primeiro-caso-de-sarampo-em-2026\/\"},\"wordCount\":194,\"publisher\":{\"@id\":\"https:\/\/www.notibras.com\/site\/#organization\"},\"image\":{\"@id\":\"https:\/\/www.notibras.com\/site\/sao-paulo-tem-primeiro-caso-de-sarampo-em-2026\/#primaryimage\"},\"thumbnailUrl\":\"https:\/\/www.notibras.com\/site\/wp-content\/uploads\/2026\/03\/campanha_estadual_do_dia_d_de_vacinacao_contra_o_sarampo_no_rio20200201_0133-1.webp\",\"articleSection\":[\"Brasil\"],\"inLanguage\":\"pt-BR\"},{\"@type\":\"WebPage\",\"@id\":\"https:\/\/www.notibras.com\/site\/sao-paulo-tem-primeiro-caso-de-sarampo-em-2026\/\",\"url\":\"https:\/\/www.notibras.com\/site\/sao-paulo-tem-primeiro-caso-de-sarampo-em-2026\/\",\"name\":\"S\u00e3o Paulo tem primeiro caso de sarampo em 2026 - Notibras\",\"isPartOf\":{\"@id\":\"https:\/\/www.notibras.com\/site\/#website\"},\"primaryImageOfPage\":{\"@id\":\"https:\/\/www.notibras.com\/site\/sao-paulo-tem-primeiro-caso-de-sarampo-em-2026\/#primaryimage\"},\"image\":{\"@id\":\"https:\/\/www.notibras.com\/site\/sao-paulo-tem-primeiro-caso-de-sarampo-em-2026\/#primaryimage\"},\"thumbnailUrl\":\"https:\/\/www.notibras.com\/site\/wp-content\/uploads\/2026\/03\/campanha_estadual_do_dia_d_de_vacinacao_contra_o_sarampo_no_rio20200201_0133-1.webp\",\"datePublished\":\"2026-03-11T11:00:21+00:00\",\"dateModified\":\"2026-03-11T13:24:44+00:00\",\"breadcrumb\":{\"@id\":\"https:\/\/www.notibras.com\/site\/sao-paulo-tem-primeiro-caso-de-sarampo-em-2026\/#breadcrumb\"},\"inLanguage\":\"pt-BR\",\"potentialAction\":[{\"@type\":\"ReadAction\",\"target\":[\"https:\/\/www.notibras.com\/site\/sao-paulo-tem-primeiro-caso-de-sarampo-em-2026\/\"]}]},{\"@type\":\"ImageObject\",\"inLanguage\":\"pt-BR\",\"@id\":\"https:\/\/www.notibras.com\/site\/sao-paulo-tem-primeiro-caso-de-sarampo-em-2026\/#primaryimage\",\"url\":\"https:\/\/www.notibras.com\/site\/wp-content\/uploads\/2026\/03\/campanha_estadual_do_dia_d_de_vacinacao_contra_o_sarampo_no_rio20200201_0133-1.webp\",\"contentUrl\":\"https:\/\/www.notibras.com\/site\/wp-content\/uploads\/2026\/03\/campanha_estadual_do_dia_d_de_vacinacao_contra_o_sarampo_no_rio20200201_0133-1.webp\",\"width\":1170,\"height\":700},{\"@type\":\"BreadcrumbList\",\"@id\":\"https:\/\/www.notibras.com\/site\/sao-paulo-tem-primeiro-caso-de-sarampo-em-2026\/#breadcrumb\",\"itemListElement\":[{\"@type\":\"ListItem\",\"position\":1,\"name\":\"In\u00edcio\",\"item\":\"https:\/\/www.notibras.com\/site\/\"},{\"@type\":\"ListItem\",\"position\":2,\"name\":\"S\u00e3o Paulo tem primeiro caso de sarampo em 2026\"}]},{\"@type\":\"WebSite\",\"@id\":\"https:\/\/www.notibras.com\/site\/#website\",\"url\":\"https:\/\/www.notibras.com\/site\/\",\"name\":\"Notibras\",\"description\":\"Not\u00edcias de Bras\u00edlia, do Brasil e do Mundo\",\"publisher\":{\"@id\":\"https:\/\/www.notibras.com\/site\/#organization\"},\"potentialAction\":[{\"@type\":\"SearchAction\",\"target\":{\"@type\":\"EntryPoint\",\"urlTemplate\":\"https:\/\/www.notibras.com\/site\/?s={search_term_string}\"},\"query-input\":{\"@type\":\"PropertyValueSpecification\",\"valueRequired\":true,\"valueName\":\"search_term_string\"}}],\"inLanguage\":\"pt-BR\"},{\"@type\":\"Organization\",\"@id\":\"https:\/\/www.notibras.com\/site\/#organization\",\"name\":\"Grupo Notibras de Comunica\u00e7\u00e3o\",\"url\":\"https:\/\/www.notibras.com\/site\/\",\"logo\":{\"@type\":\"ImageObject\",\"inLanguage\":\"pt-BR\",\"@id\":\"https:\/\/www.notibras.com\/site\/#\/schema\/logo\/image\/\",\"url\":\"https:\/\/www.notibras.com\/site\/wp-content\/uploads\/2023\/01\/notibras23.png\",\"contentUrl\":\"https:\/\/www.notibras.com\/site\/wp-content\/uploads\/2023\/01\/notibras23.png\",\"width\":350,\"height\":87,\"caption\":\"Grupo Notibras de Comunica\u00e7\u00e3o\"},\"image\":{\"@id\":\"https:\/\/www.notibras.com\/site\/#\/schema\/logo\/image\/\"},\"sameAs\":[\"https:\/\/www.facebook.com\/notibras\/\",\"https:\/\/x.com\/Notibras\",\"https:\/\/www.instagram.com\/notibras\/\"]},{\"@type\":\"Person\",\"@id\":\"https:\/\/www.notibras.com\/site\/#\/schema\/person\/36ab0979449956132d3e5b517ea76ac8\",\"name\":\"Reda\u00e7\u00e3o\",\"image\":{\"@type\":\"ImageObject\",\"inLanguage\":\"pt-BR\",\"@id\":\"https:\/\/secure.gravatar.com\/avatar\/e0a867bdedb85fd243eadf09663511f96fc81e0720a4a42581f334ad4303aa6b?s=96&d=mm&r=g\",\"url\":\"https:\/\/secure.gravatar.com\/avatar\/e0a867bdedb85fd243eadf09663511f96fc81e0720a4a42581f334ad4303aa6b?s=96&d=mm&r=g\",\"contentUrl\":\"https:\/\/secure.gravatar.com\/avatar\/e0a867bdedb85fd243eadf09663511f96fc81e0720a4a42581f334ad4303aa6b?s=96&d=mm&r=g\",\"caption\":\"Reda\u00e7\u00e3o\"}}]}<\/script>\n<!-- \/ Yoast SEO plugin. -->","yoast_head_json":{"title":"S\u00e3o Paulo tem primeiro caso de sarampo em 2026 - Notibras","robots":{"index":"index","follow":"follow","max-snippet":"max-snippet:-1","max-image-preview":"max-image-preview:large","max-video-preview":"max-video-preview:-1"},"canonical":"https:\/\/www.notibras.com\/site\/sao-paulo-tem-primeiro-caso-de-sarampo-em-2026\/","og_locale":"pt_BR","og_type":"article","og_title":"S\u00e3o Paulo tem primeiro caso de sarampo em 2026 - Notibras","og_description":"Um beb\u00ea de seis meses, uma menina, \u00e9 a primeira pessoa a contrair sarampo em S\u00e3o Paulo, segundo informa a Secretaria de Estado da Sa\u00fade paulista. A bebe, que n\u00e3o foi vacinada, esteve na Bol\u00edvia em janeiro deste ano. O caso foi registrado em fevereiro e confirmado por exames laboratoriais. Em 2025 o estado de [&hellip;]","og_url":"https:\/\/www.notibras.com\/site\/sao-paulo-tem-primeiro-caso-de-sarampo-em-2026\/","og_site_name":"Notibras","article_publisher":"https:\/\/www.facebook.com\/notibras\/","article_published_time":"2026-03-11T11:00:21+00:00","article_modified_time":"2026-03-11T13:24:44+00:00","og_image":[{"width":1170,"height":700,"url":"https:\/\/www.notibras.com\/site\/wp-content\/uploads\/2026\/03\/campanha_estadual_do_dia_d_de_vacinacao_contra_o_sarampo_no_rio20200201_0133-1.webp","type":"image\/webp"}],"author":"Reda\u00e7\u00e3o","twitter_card":"summary_large_image","twitter_creator":"@Notibras","twitter_site":"@Notibras","twitter_misc":{"Escrito por":"Reda\u00e7\u00e3o","Est. tempo de leitura":"2 minutos"},"schema":{"@context":"https:\/\/schema.org","@graph":[{"@type":"Article","@id":"https:\/\/www.notibras.com\/site\/sao-paulo-tem-primeiro-caso-de-sarampo-em-2026\/#article","isPartOf":{"@id":"https:\/\/www.notibras.com\/site\/sao-paulo-tem-primeiro-caso-de-sarampo-em-2026\/"},"author":{"name":"Reda\u00e7\u00e3o","@id":"https:\/\/www.notibras.com\/site\/#\/schema\/person\/36ab0979449956132d3e5b517ea76ac8"},"headline":"S\u00e3o Paulo tem primeiro caso de sarampo em 2026","datePublished":"2026-03-11T11:00:21+00:00","dateModified":"2026-03-11T13:24:44+00:00","mainEntityOfPage":{"@id":"https:\/\/www.notibras.com\/site\/sao-paulo-tem-primeiro-caso-de-sarampo-em-2026\/"},"wordCount":194,"publisher":{"@id":"https:\/\/www.notibras.com\/site\/#organization"},"image":{"@id":"https:\/\/www.notibras.com\/site\/sao-paulo-tem-primeiro-caso-de-sarampo-em-2026\/#primaryimage"},"thumbnailUrl":"https:\/\/www.notibras.com\/site\/wp-content\/uploads\/2026\/03\/campanha_estadual_do_dia_d_de_vacinacao_contra_o_sarampo_no_rio20200201_0133-1.webp","articleSection":["Brasil"],"inLanguage":"pt-BR"},{"@type":"WebPage","@id":"https:\/\/www.notibras.com\/site\/sao-paulo-tem-primeiro-caso-de-sarampo-em-2026\/","url":"https:\/\/www.notibras.com\/site\/sao-paulo-tem-primeiro-caso-de-sarampo-em-2026\/","name":"S\u00e3o Paulo tem primeiro caso de sarampo em 2026 - Notibras","isPartOf":{"@id":"https:\/\/www.notibras.com\/site\/#website"},"primaryImageOfPage":{"@id":"https:\/\/www.notibras.com\/site\/sao-paulo-tem-primeiro-caso-de-sarampo-em-2026\/#primaryimage"},"image":{"@id":"https:\/\/www.notibras.com\/site\/sao-paulo-tem-primeiro-caso-de-sarampo-em-2026\/#primaryimage"},"thumbnailUrl":"https:\/\/www.notibras.com\/site\/wp-content\/uploads\/2026\/03\/campanha_estadual_do_dia_d_de_vacinacao_contra_o_sarampo_no_rio20200201_0133-1.webp","datePublished":"2026-03-11T11:00:21+00:00","dateModified":"2026-03-11T13:24:44+00:00","breadcrumb":{"@id":"https:\/\/www.notibras.com\/site\/sao-paulo-tem-primeiro-caso-de-sarampo-em-2026\/#breadcrumb"},"inLanguage":"pt-BR","potentialAction":[{"@type":"ReadAction","target":["https:\/\/www.notibras.com\/site\/sao-paulo-tem-primeiro-caso-de-sarampo-em-2026\/"]}]},{"@type":"ImageObject","inLanguage":"pt-BR","@id":"https:\/\/www.notibras.com\/site\/sao-paulo-tem-primeiro-caso-de-sarampo-em-2026\/#primaryimage","url":"https:\/\/www.notibras.com\/site\/wp-content\/uploads\/2026\/03\/campanha_estadual_do_dia_d_de_vacinacao_contra_o_sarampo_no_rio20200201_0133-1.webp","contentUrl":"https:\/\/www.notibras.com\/site\/wp-content\/uploads\/2026\/03\/campanha_estadual_do_dia_d_de_vacinacao_contra_o_sarampo_no_rio20200201_0133-1.webp","width":1170,"height":700},{"@type":"BreadcrumbList","@id":"https:\/\/www.notibras.com\/site\/sao-paulo-tem-primeiro-caso-de-sarampo-em-2026\/#breadcrumb","itemListElement":[{"@type":"ListItem","position":1,"name":"In\u00edcio","item":"https:\/\/www.notibras.com\/site\/"},{"@type":"ListItem","position":2,"name":"S\u00e3o Paulo tem primeiro caso de sarampo em 2026"}]},{"@type":"WebSite","@id":"https:\/\/www.notibras.com\/site\/#website","url":"https:\/\/www.notibras.com\/site\/","name":"Notibras","description":"Not\u00edcias de Bras\u00edlia, do Brasil e do Mundo","publisher":{"@id":"https:\/\/www.notibras.com\/site\/#organization"},"potentialAction":[{"@type":"SearchAction","target":{"@type":"EntryPoint","urlTemplate":"https:\/\/www.notibras.com\/site\/?s={search_term_string}"},"query-input":{"@type":"PropertyValueSpecification","valueRequired":true,"valueName":"search_term_string"}}],"inLanguage":"pt-BR"},{"@type":"Organization","@id":"https:\/\/www.notibras.com\/site\/#organization","name":"Grupo Notibras de Comunica\u00e7\u00e3o","url":"https:\/\/www.notibras.com\/site\/","logo":{"@type":"ImageObject","inLanguage":"pt-BR","@id":"https:\/\/www.notibras.com\/site\/#\/schema\/logo\/image\/","url":"https:\/\/www.notibras.com\/site\/wp-content\/uploads\/2023\/01\/notibras23.png","contentUrl":"https:\/\/www.notibras.com\/site\/wp-content\/uploads\/2023\/01\/notibras23.png","width":350,"height":87,"caption":"Grupo Notibras de Comunica\u00e7\u00e3o"},"image":{"@id":"https:\/\/www.notibras.com\/site\/#\/schema\/logo\/image\/"},"sameAs":["https:\/\/www.facebook.com\/notibras\/","https:\/\/x.com\/Notibras","https:\/\/www.instagram.com\/notibras\/"]},{"@type":"Person","@id":"https:\/\/www.notibras.com\/site\/#\/schema\/person\/36ab0979449956132d3e5b517ea76ac8","name":"Reda\u00e7\u00e3o","image":{"@type":"ImageObject","inLanguage":"pt-BR","@id":"https:\/\/secure.gravatar.com\/avatar\/e0a867bdedb85fd243eadf09663511f96fc81e0720a4a42581f334ad4303aa6b?s=96&d=mm&r=g","url":"https:\/\/secure.gravatar.com\/avatar\/e0a867bdedb85fd243eadf09663511f96fc81e0720a4a42581f334ad4303aa6b?s=96&d=mm&r=g","contentUrl":"https:\/\/secure.gravatar.com\/avatar\/e0a867bdedb85fd243eadf09663511f96fc81e0720a4a42581f334ad4303aa6b?s=96&d=mm&r=g","caption":"Reda\u00e7\u00e3o"}}]}},"amp_enabled":true,"_links":{"self":[{"href":"https:\/\/www.notibras.com\/site\/wp-json\/wp\/v2\/posts\/386515","targetHints":{"allow":["GET"]}}],"collection":[{"href":"https:\/\/www.notibras.com\/site\/wp-json\/wp\/v2\/posts"}],"about":[{"href":"https:\/\/www.notibras.com\/site\/wp-json\/wp\/v2\/types\/post"}],"author":[{"embeddable":true,"href":"https:\/\/www.notibras.com\/site\/wp-json\/wp\/v2\/users\/2"}],"replies":[{"embeddable":true,"href":"https:\/\/www.notibras.com\/site\/wp-json\/wp\/v2\/comments?post=386515"}],"version-history":[{"count":1,"href":"https:\/\/www.notibras.com\/site\/wp-json\/wp\/v2\/posts\/386515\/revisions"}],"predecessor-version":[{"id":386517,"href":"https:\/\/www.notibras.com\/site\/wp-json\/wp\/v2\/posts\/386515\/revisions\/386517"}],"wp:featuredmedia":[{"embeddable":true,"href":"https:\/\/www.notibras.com\/site\/wp-json\/wp\/v2\/media\/386516"}],"wp:attachment":[{"href":"https:\/\/www.notibras.com\/site\/wp-json\/wp\/v2\/media?parent=386515"}],"wp:term":[{"taxonomy":"category","embeddable":true,"href":"https:\/\/www.notibras.com\/site\/wp-json\/wp\/v2\/categories?post=386515"},{"taxonomy":"post_tag","embeddable":true,"href":"https:\/\/www.notibras.com\/site\/wp-json\/wp\/v2\/tags?post=386515"}],"curies":[{"name":"wp","href":"https:\/\/api.w.org\/{rel}","templated":true}]}}