{"id":386520,"date":"2026-03-11T00:35:20","date_gmt":"2026-03-11T03:35:20","guid":{"rendered":"https:\/\/www.notibras.com\/site\/?p=386520"},"modified":"2026-03-11T10:37:17","modified_gmt":"2026-03-11T13:37:17","slug":"ia-vai-ajudar-profissionais-a-identificar-vitimas-de-violencia-domestica","status":"publish","type":"post","link":"https:\/\/www.notibras.com\/site\/ia-vai-ajudar-profissionais-a-identificar-vitimas-de-violencia-domestica\/","title":{"rendered":"IA vai ajudar profissionais a identificar v\u00edtimas de viol\u00eancia dom\u00e9stica"},"content":{"rendered":"<p>Uma ferramenta que usa intelig\u00eancia artificial vai ajudar profissionais de sa\u00fade a identificar poss\u00edveis v\u00edtimas de viol\u00eancia dom\u00e9stica no Recife. Chamada &#8220;ClarIA&#8221;, a tecnologia j\u00e1 est\u00e1 sendo utilizada na aten\u00e7\u00e3o b\u00e1sica e, de acordo com Luciana Albuquerque, secret\u00e1ria de sa\u00fade do munic\u00edpio, at\u00e9 julho toda a rede estar\u00e1 apta para usar o sistema.<\/p>\n<p>Segundo a secret\u00e1ria, a ferramenta emite um alerta no prontu\u00e1rio eletr\u00f4nico da paciente para m\u00e9dicos, enfermeiros, dentistas e profissionais das equipes multidisciplinares (E-Multi) da rede municipal quando h\u00e1 suspeita de que a mulher esteja sendo v\u00edtima de viol\u00eancia.<\/p>\n<p>\u201cDurante a consulta, a intelig\u00eancia artificial faz uma an\u00e1lise sem\u00e2ntica a partir do que o profissional est\u00e1 preenchendo no prontu\u00e1rio eletr\u00f4nico e diz: \u2018essa mulher provavelmente pode estar sendo v\u00edtima de viol\u00eancia. Fa\u00e7a uma abordagem diferente, veja o que voc\u00ea consegue captar a partir da fala dela e fa\u00e7a os encaminhamentos necess\u00e1rios\u2019. Pode ser encaminhamento para a rede de prote\u00e7\u00e3o e notifica\u00e7\u00e3o. Ou, quando o alerta \u00e9 vermelho, a intelig\u00eancia artificial indica que ela j\u00e1 est\u00e1 em situa\u00e7\u00e3o de viol\u00eancia e precisa ser encaminhada\u201d, explicou.<\/p>\n<p>Os alertas s\u00e3o classificados em duas cores:<\/p>\n<p>Laranja: poss\u00edvel caso de viol\u00eancia dom\u00e9stica;<\/p>\n<p>Vermelho: confirma\u00e7\u00e3o de situa\u00e7\u00e3o de viol\u00eancia dom\u00e9stica.<\/p>\n<p>A partir do alerta, o profissional deve notificar o caso e encaminhar a mulher para a rede de prote\u00e7\u00e3o, para que ela receba o suporte necess\u00e1rio. Segundo Luciana Albuquerque, a decis\u00e3o sobre denunciar ou n\u00e3o a situa\u00e7\u00e3o continua sendo da v\u00edtima.<\/p>\n<p>\u201cA gente apresenta todas as possibilidades que ela tem, tanto na rede de prote\u00e7\u00e3o quanto na \u00e1rea da sa\u00fade. Mas, claro, a mulher tem a op\u00e7\u00e3o, ela tem a escolha dela. O que queremos \u00e9 pegar na m\u00e3o dessa mulher que precisa e lev\u00e1-la at\u00e9 a rede de prote\u00e7\u00e3o e proteg\u00ea-la, porque \u00e9 isso que ela precisa em uma situa\u00e7\u00e3o como essa\u201d, afirmou.<\/p>\n<p>O nome da ferramenta faz refer\u00eancia ao Centro de Refer\u00eancia Clarice Lispector, que acolhe e orienta mulheres em situa\u00e7\u00e3o de viol\u00eancia dom\u00e9stica por meio de uma equipe formada por psic\u00f3logas, assistentes sociais, advogadas e educadoras sociais.<\/p>\n<p>De acordo com a gest\u00e3o, a ferramenta foi desenvolvida em parceria com a Vital Strategies e a Universidade Federal de Juiz de Fora (UFJF).<\/p>\n<p>O sistema analisou registros de atendimento de 16 mil mulheres v\u00edtimas de viol\u00eancia nas Unidades de Sa\u00fade da Fam\u00edlia do Recife ao longo de 10 anos. Com dados do Sistema de Informa\u00e7\u00f5es de Agravos de Notifica\u00e7\u00e3o (Sinan), foram identificados sinais de viol\u00eancia e padr\u00f5es de adoecimento.<\/p>\n","protected":false},"excerpt":{"rendered":"<p>Uma ferramenta que usa intelig\u00eancia artificial vai ajudar profissionais de sa\u00fade a identificar poss\u00edveis v\u00edtimas de viol\u00eancia dom\u00e9stica no Recife. Chamada &#8220;ClarIA&#8221;, a tecnologia j\u00e1 est\u00e1 sendo utilizada na aten\u00e7\u00e3o b\u00e1sica e, de acordo com Luciana Albuquerque, secret\u00e1ria de sa\u00fade do munic\u00edpio, at\u00e9 julho toda a rede estar\u00e1 apta para usar o sistema. Segundo a [&hellip;]<\/p>\n","protected":false},"author":2,"featured_media":386521,"comment_status":"closed","ping_status":"closed","sticky":false,"template":"","format":"standard","meta":{"_acf_changed":false,"footnotes":""},"categories":[165],"tags":[],"class_list":["post-386520","post","type-post","status-publish","format-standard","has-post-thumbnail","hentry","category-nordeste"],"acf":[],"yoast_head":"<!-- This site is optimized with the Yoast SEO plugin v27.2 - https:\/\/yoast.com\/product\/yoast-seo-wordpress\/ -->\n<title>IA vai ajudar profissionais a identificar v\u00edtimas de viol\u00eancia dom\u00e9stica - Notibras<\/title>\n<meta name=\"robots\" content=\"index, follow, max-snippet:-1, max-image-preview:large, max-video-preview:-1\" \/>\n<link rel=\"canonical\" href=\"https:\/\/www.notibras.com\/site\/ia-vai-ajudar-profissionais-a-identificar-vitimas-de-violencia-domestica\/\" \/>\n<meta property=\"og:locale\" content=\"pt_BR\" \/>\n<meta property=\"og:type\" content=\"article\" \/>\n<meta property=\"og:title\" content=\"IA vai ajudar profissionais a identificar v\u00edtimas de viol\u00eancia dom\u00e9stica - Notibras\" \/>\n<meta property=\"og:description\" content=\"Uma ferramenta que usa intelig\u00eancia artificial vai ajudar profissionais de sa\u00fade a identificar poss\u00edveis v\u00edtimas de viol\u00eancia dom\u00e9stica no Recife. Chamada &#8220;ClarIA&#8221;, a tecnologia j\u00e1 est\u00e1 sendo utilizada na aten\u00e7\u00e3o b\u00e1sica e, de acordo com Luciana Albuquerque, secret\u00e1ria de sa\u00fade do munic\u00edpio, at\u00e9 julho toda a rede estar\u00e1 apta para usar o sistema. Segundo a [&hellip;]\" \/>\n<meta property=\"og:url\" content=\"https:\/\/www.notibras.com\/site\/ia-vai-ajudar-profissionais-a-identificar-vitimas-de-violencia-domestica\/\" \/>\n<meta property=\"og:site_name\" content=\"Notibras\" \/>\n<meta property=\"article:publisher\" content=\"https:\/\/www.facebook.com\/notibras\/\" \/>\n<meta property=\"article:published_time\" content=\"2026-03-11T03:35:20+00:00\" \/>\n<meta property=\"article:modified_time\" content=\"2026-03-11T13:37:17+00:00\" \/>\n<meta property=\"og:image\" content=\"https:\/\/www.notibras.com\/site\/wp-content\/uploads\/2026\/03\/cc92705e-26a4-436d-821e-0761f8bbab82.jpg\" \/>\n\t<meta property=\"og:image:width\" content=\"828\" \/>\n\t<meta property=\"og:image:height\" content=\"534\" \/>\n\t<meta property=\"og:image:type\" content=\"image\/jpeg\" \/>\n<meta name=\"author\" content=\"Reda\u00e7\u00e3o\" \/>\n<meta name=\"twitter:card\" content=\"summary_large_image\" \/>\n<meta name=\"twitter:creator\" content=\"@Notibras\" \/>\n<meta name=\"twitter:site\" content=\"@Notibras\" \/>\n<meta name=\"twitter:label1\" content=\"Escrito por\" \/>\n\t<meta name=\"twitter:data1\" content=\"Reda\u00e7\u00e3o\" \/>\n\t<meta name=\"twitter:label2\" content=\"Est. tempo de leitura\" \/>\n\t<meta name=\"twitter:data2\" content=\"3 minutos\" \/>\n<script type=\"application\/ld+json\" class=\"yoast-schema-graph\">{\"@context\":\"https:\/\/schema.org\",\"@graph\":[{\"@type\":\"Article\",\"@id\":\"https:\/\/www.notibras.com\/site\/ia-vai-ajudar-profissionais-a-identificar-vitimas-de-violencia-domestica\/#article\",\"isPartOf\":{\"@id\":\"https:\/\/www.notibras.com\/site\/ia-vai-ajudar-profissionais-a-identificar-vitimas-de-violencia-domestica\/\"},\"author\":{\"name\":\"Reda\u00e7\u00e3o\",\"@id\":\"https:\/\/www.notibras.com\/site\/#\/schema\/person\/36ab0979449956132d3e5b517ea76ac8\"},\"headline\":\"IA vai ajudar profissionais a identificar v\u00edtimas de viol\u00eancia dom\u00e9stica\",\"datePublished\":\"2026-03-11T03:35:20+00:00\",\"dateModified\":\"2026-03-11T13:37:17+00:00\",\"mainEntityOfPage\":{\"@id\":\"https:\/\/www.notibras.com\/site\/ia-vai-ajudar-profissionais-a-identificar-vitimas-de-violencia-domestica\/\"},\"wordCount\":483,\"publisher\":{\"@id\":\"https:\/\/www.notibras.com\/site\/#organization\"},\"image\":{\"@id\":\"https:\/\/www.notibras.com\/site\/ia-vai-ajudar-profissionais-a-identificar-vitimas-de-violencia-domestica\/#primaryimage\"},\"thumbnailUrl\":\"https:\/\/www.notibras.com\/site\/wp-content\/uploads\/2026\/03\/cc92705e-26a4-436d-821e-0761f8bbab82.jpg\",\"articleSection\":[\"Nordeste\"],\"inLanguage\":\"pt-BR\"},{\"@type\":\"WebPage\",\"@id\":\"https:\/\/www.notibras.com\/site\/ia-vai-ajudar-profissionais-a-identificar-vitimas-de-violencia-domestica\/\",\"url\":\"https:\/\/www.notibras.com\/site\/ia-vai-ajudar-profissionais-a-identificar-vitimas-de-violencia-domestica\/\",\"name\":\"IA vai ajudar profissionais a identificar v\u00edtimas de viol\u00eancia dom\u00e9stica - Notibras\",\"isPartOf\":{\"@id\":\"https:\/\/www.notibras.com\/site\/#website\"},\"primaryImageOfPage\":{\"@id\":\"https:\/\/www.notibras.com\/site\/ia-vai-ajudar-profissionais-a-identificar-vitimas-de-violencia-domestica\/#primaryimage\"},\"image\":{\"@id\":\"https:\/\/www.notibras.com\/site\/ia-vai-ajudar-profissionais-a-identificar-vitimas-de-violencia-domestica\/#primaryimage\"},\"thumbnailUrl\":\"https:\/\/www.notibras.com\/site\/wp-content\/uploads\/2026\/03\/cc92705e-26a4-436d-821e-0761f8bbab82.jpg\",\"datePublished\":\"2026-03-11T03:35:20+00:00\",\"dateModified\":\"2026-03-11T13:37:17+00:00\",\"breadcrumb\":{\"@id\":\"https:\/\/www.notibras.com\/site\/ia-vai-ajudar-profissionais-a-identificar-vitimas-de-violencia-domestica\/#breadcrumb\"},\"inLanguage\":\"pt-BR\",\"potentialAction\":[{\"@type\":\"ReadAction\",\"target\":[\"https:\/\/www.notibras.com\/site\/ia-vai-ajudar-profissionais-a-identificar-vitimas-de-violencia-domestica\/\"]}]},{\"@type\":\"ImageObject\",\"inLanguage\":\"pt-BR\",\"@id\":\"https:\/\/www.notibras.com\/site\/ia-vai-ajudar-profissionais-a-identificar-vitimas-de-violencia-domestica\/#primaryimage\",\"url\":\"https:\/\/www.notibras.com\/site\/wp-content\/uploads\/2026\/03\/cc92705e-26a4-436d-821e-0761f8bbab82.jpg\",\"contentUrl\":\"https:\/\/www.notibras.com\/site\/wp-content\/uploads\/2026\/03\/cc92705e-26a4-436d-821e-0761f8bbab82.jpg\",\"width\":828,\"height\":534},{\"@type\":\"BreadcrumbList\",\"@id\":\"https:\/\/www.notibras.com\/site\/ia-vai-ajudar-profissionais-a-identificar-vitimas-de-violencia-domestica\/#breadcrumb\",\"itemListElement\":[{\"@type\":\"ListItem\",\"position\":1,\"name\":\"In\u00edcio\",\"item\":\"https:\/\/www.notibras.com\/site\/\"},{\"@type\":\"ListItem\",\"position\":2,\"name\":\"IA vai ajudar profissionais a identificar v\u00edtimas de viol\u00eancia dom\u00e9stica\"}]},{\"@type\":\"WebSite\",\"@id\":\"https:\/\/www.notibras.com\/site\/#website\",\"url\":\"https:\/\/www.notibras.com\/site\/\",\"name\":\"Notibras\",\"description\":\"Not\u00edcias de Bras\u00edlia, do Brasil e do Mundo\",\"publisher\":{\"@id\":\"https:\/\/www.notibras.com\/site\/#organization\"},\"potentialAction\":[{\"@type\":\"SearchAction\",\"target\":{\"@type\":\"EntryPoint\",\"urlTemplate\":\"https:\/\/www.notibras.com\/site\/?s={search_term_string}\"},\"query-input\":{\"@type\":\"PropertyValueSpecification\",\"valueRequired\":true,\"valueName\":\"search_term_string\"}}],\"inLanguage\":\"pt-BR\"},{\"@type\":\"Organization\",\"@id\":\"https:\/\/www.notibras.com\/site\/#organization\",\"name\":\"Grupo Notibras de Comunica\u00e7\u00e3o\",\"url\":\"https:\/\/www.notibras.com\/site\/\",\"logo\":{\"@type\":\"ImageObject\",\"inLanguage\":\"pt-BR\",\"@id\":\"https:\/\/www.notibras.com\/site\/#\/schema\/logo\/image\/\",\"url\":\"https:\/\/www.notibras.com\/site\/wp-content\/uploads\/2023\/01\/notibras23.png\",\"contentUrl\":\"https:\/\/www.notibras.com\/site\/wp-content\/uploads\/2023\/01\/notibras23.png\",\"width\":350,\"height\":87,\"caption\":\"Grupo Notibras de Comunica\u00e7\u00e3o\"},\"image\":{\"@id\":\"https:\/\/www.notibras.com\/site\/#\/schema\/logo\/image\/\"},\"sameAs\":[\"https:\/\/www.facebook.com\/notibras\/\",\"https:\/\/x.com\/Notibras\",\"https:\/\/www.instagram.com\/notibras\/\"]},{\"@type\":\"Person\",\"@id\":\"https:\/\/www.notibras.com\/site\/#\/schema\/person\/36ab0979449956132d3e5b517ea76ac8\",\"name\":\"Reda\u00e7\u00e3o\",\"image\":{\"@type\":\"ImageObject\",\"inLanguage\":\"pt-BR\",\"@id\":\"https:\/\/secure.gravatar.com\/avatar\/e0a867bdedb85fd243eadf09663511f96fc81e0720a4a42581f334ad4303aa6b?s=96&d=mm&r=g\",\"url\":\"https:\/\/secure.gravatar.com\/avatar\/e0a867bdedb85fd243eadf09663511f96fc81e0720a4a42581f334ad4303aa6b?s=96&d=mm&r=g\",\"contentUrl\":\"https:\/\/secure.gravatar.com\/avatar\/e0a867bdedb85fd243eadf09663511f96fc81e0720a4a42581f334ad4303aa6b?s=96&d=mm&r=g\",\"caption\":\"Reda\u00e7\u00e3o\"}}]}<\/script>\n<!-- \/ Yoast SEO plugin. -->","yoast_head_json":{"title":"IA vai ajudar profissionais a identificar v\u00edtimas de viol\u00eancia dom\u00e9stica - Notibras","robots":{"index":"index","follow":"follow","max-snippet":"max-snippet:-1","max-image-preview":"max-image-preview:large","max-video-preview":"max-video-preview:-1"},"canonical":"https:\/\/www.notibras.com\/site\/ia-vai-ajudar-profissionais-a-identificar-vitimas-de-violencia-domestica\/","og_locale":"pt_BR","og_type":"article","og_title":"IA vai ajudar profissionais a identificar v\u00edtimas de viol\u00eancia dom\u00e9stica - Notibras","og_description":"Uma ferramenta que usa intelig\u00eancia artificial vai ajudar profissionais de sa\u00fade a identificar poss\u00edveis v\u00edtimas de viol\u00eancia dom\u00e9stica no Recife. Chamada &#8220;ClarIA&#8221;, a tecnologia j\u00e1 est\u00e1 sendo utilizada na aten\u00e7\u00e3o b\u00e1sica e, de acordo com Luciana Albuquerque, secret\u00e1ria de sa\u00fade do munic\u00edpio, at\u00e9 julho toda a rede estar\u00e1 apta para usar o sistema. Segundo a [&hellip;]","og_url":"https:\/\/www.notibras.com\/site\/ia-vai-ajudar-profissionais-a-identificar-vitimas-de-violencia-domestica\/","og_site_name":"Notibras","article_publisher":"https:\/\/www.facebook.com\/notibras\/","article_published_time":"2026-03-11T03:35:20+00:00","article_modified_time":"2026-03-11T13:37:17+00:00","og_image":[{"width":828,"height":534,"url":"https:\/\/www.notibras.com\/site\/wp-content\/uploads\/2026\/03\/cc92705e-26a4-436d-821e-0761f8bbab82.jpg","type":"image\/jpeg"}],"author":"Reda\u00e7\u00e3o","twitter_card":"summary_large_image","twitter_creator":"@Notibras","twitter_site":"@Notibras","twitter_misc":{"Escrito por":"Reda\u00e7\u00e3o","Est. tempo de leitura":"3 minutos"},"schema":{"@context":"https:\/\/schema.org","@graph":[{"@type":"Article","@id":"https:\/\/www.notibras.com\/site\/ia-vai-ajudar-profissionais-a-identificar-vitimas-de-violencia-domestica\/#article","isPartOf":{"@id":"https:\/\/www.notibras.com\/site\/ia-vai-ajudar-profissionais-a-identificar-vitimas-de-violencia-domestica\/"},"author":{"name":"Reda\u00e7\u00e3o","@id":"https:\/\/www.notibras.com\/site\/#\/schema\/person\/36ab0979449956132d3e5b517ea76ac8"},"headline":"IA vai ajudar profissionais a identificar v\u00edtimas de viol\u00eancia dom\u00e9stica","datePublished":"2026-03-11T03:35:20+00:00","dateModified":"2026-03-11T13:37:17+00:00","mainEntityOfPage":{"@id":"https:\/\/www.notibras.com\/site\/ia-vai-ajudar-profissionais-a-identificar-vitimas-de-violencia-domestica\/"},"wordCount":483,"publisher":{"@id":"https:\/\/www.notibras.com\/site\/#organization"},"image":{"@id":"https:\/\/www.notibras.com\/site\/ia-vai-ajudar-profissionais-a-identificar-vitimas-de-violencia-domestica\/#primaryimage"},"thumbnailUrl":"https:\/\/www.notibras.com\/site\/wp-content\/uploads\/2026\/03\/cc92705e-26a4-436d-821e-0761f8bbab82.jpg","articleSection":["Nordeste"],"inLanguage":"pt-BR"},{"@type":"WebPage","@id":"https:\/\/www.notibras.com\/site\/ia-vai-ajudar-profissionais-a-identificar-vitimas-de-violencia-domestica\/","url":"https:\/\/www.notibras.com\/site\/ia-vai-ajudar-profissionais-a-identificar-vitimas-de-violencia-domestica\/","name":"IA vai ajudar profissionais a identificar v\u00edtimas de viol\u00eancia dom\u00e9stica - Notibras","isPartOf":{"@id":"https:\/\/www.notibras.com\/site\/#website"},"primaryImageOfPage":{"@id":"https:\/\/www.notibras.com\/site\/ia-vai-ajudar-profissionais-a-identificar-vitimas-de-violencia-domestica\/#primaryimage"},"image":{"@id":"https:\/\/www.notibras.com\/site\/ia-vai-ajudar-profissionais-a-identificar-vitimas-de-violencia-domestica\/#primaryimage"},"thumbnailUrl":"https:\/\/www.notibras.com\/site\/wp-content\/uploads\/2026\/03\/cc92705e-26a4-436d-821e-0761f8bbab82.jpg","datePublished":"2026-03-11T03:35:20+00:00","dateModified":"2026-03-11T13:37:17+00:00","breadcrumb":{"@id":"https:\/\/www.notibras.com\/site\/ia-vai-ajudar-profissionais-a-identificar-vitimas-de-violencia-domestica\/#breadcrumb"},"inLanguage":"pt-BR","potentialAction":[{"@type":"ReadAction","target":["https:\/\/www.notibras.com\/site\/ia-vai-ajudar-profissionais-a-identificar-vitimas-de-violencia-domestica\/"]}]},{"@type":"ImageObject","inLanguage":"pt-BR","@id":"https:\/\/www.notibras.com\/site\/ia-vai-ajudar-profissionais-a-identificar-vitimas-de-violencia-domestica\/#primaryimage","url":"https:\/\/www.notibras.com\/site\/wp-content\/uploads\/2026\/03\/cc92705e-26a4-436d-821e-0761f8bbab82.jpg","contentUrl":"https:\/\/www.notibras.com\/site\/wp-content\/uploads\/2026\/03\/cc92705e-26a4-436d-821e-0761f8bbab82.jpg","width":828,"height":534},{"@type":"BreadcrumbList","@id":"https:\/\/www.notibras.com\/site\/ia-vai-ajudar-profissionais-a-identificar-vitimas-de-violencia-domestica\/#breadcrumb","itemListElement":[{"@type":"ListItem","position":1,"name":"In\u00edcio","item":"https:\/\/www.notibras.com\/site\/"},{"@type":"ListItem","position":2,"name":"IA vai ajudar profissionais a identificar v\u00edtimas de viol\u00eancia dom\u00e9stica"}]},{"@type":"WebSite","@id":"https:\/\/www.notibras.com\/site\/#website","url":"https:\/\/www.notibras.com\/site\/","name":"Notibras","description":"Not\u00edcias de Bras\u00edlia, do Brasil e do Mundo","publisher":{"@id":"https:\/\/www.notibras.com\/site\/#organization"},"potentialAction":[{"@type":"SearchAction","target":{"@type":"EntryPoint","urlTemplate":"https:\/\/www.notibras.com\/site\/?s={search_term_string}"},"query-input":{"@type":"PropertyValueSpecification","valueRequired":true,"valueName":"search_term_string"}}],"inLanguage":"pt-BR"},{"@type":"Organization","@id":"https:\/\/www.notibras.com\/site\/#organization","name":"Grupo Notibras de Comunica\u00e7\u00e3o","url":"https:\/\/www.notibras.com\/site\/","logo":{"@type":"ImageObject","inLanguage":"pt-BR","@id":"https:\/\/www.notibras.com\/site\/#\/schema\/logo\/image\/","url":"https:\/\/www.notibras.com\/site\/wp-content\/uploads\/2023\/01\/notibras23.png","contentUrl":"https:\/\/www.notibras.com\/site\/wp-content\/uploads\/2023\/01\/notibras23.png","width":350,"height":87,"caption":"Grupo Notibras de Comunica\u00e7\u00e3o"},"image":{"@id":"https:\/\/www.notibras.com\/site\/#\/schema\/logo\/image\/"},"sameAs":["https:\/\/www.facebook.com\/notibras\/","https:\/\/x.com\/Notibras","https:\/\/www.instagram.com\/notibras\/"]},{"@type":"Person","@id":"https:\/\/www.notibras.com\/site\/#\/schema\/person\/36ab0979449956132d3e5b517ea76ac8","name":"Reda\u00e7\u00e3o","image":{"@type":"ImageObject","inLanguage":"pt-BR","@id":"https:\/\/secure.gravatar.com\/avatar\/e0a867bdedb85fd243eadf09663511f96fc81e0720a4a42581f334ad4303aa6b?s=96&d=mm&r=g","url":"https:\/\/secure.gravatar.com\/avatar\/e0a867bdedb85fd243eadf09663511f96fc81e0720a4a42581f334ad4303aa6b?s=96&d=mm&r=g","contentUrl":"https:\/\/secure.gravatar.com\/avatar\/e0a867bdedb85fd243eadf09663511f96fc81e0720a4a42581f334ad4303aa6b?s=96&d=mm&r=g","caption":"Reda\u00e7\u00e3o"}}]}},"amp_enabled":true,"_links":{"self":[{"href":"https:\/\/www.notibras.com\/site\/wp-json\/wp\/v2\/posts\/386520","targetHints":{"allow":["GET"]}}],"collection":[{"href":"https:\/\/www.notibras.com\/site\/wp-json\/wp\/v2\/posts"}],"about":[{"href":"https:\/\/www.notibras.com\/site\/wp-json\/wp\/v2\/types\/post"}],"author":[{"embeddable":true,"href":"https:\/\/www.notibras.com\/site\/wp-json\/wp\/v2\/users\/2"}],"replies":[{"embeddable":true,"href":"https:\/\/www.notibras.com\/site\/wp-json\/wp\/v2\/comments?post=386520"}],"version-history":[{"count":1,"href":"https:\/\/www.notibras.com\/site\/wp-json\/wp\/v2\/posts\/386520\/revisions"}],"predecessor-version":[{"id":386522,"href":"https:\/\/www.notibras.com\/site\/wp-json\/wp\/v2\/posts\/386520\/revisions\/386522"}],"wp:featuredmedia":[{"embeddable":true,"href":"https:\/\/www.notibras.com\/site\/wp-json\/wp\/v2\/media\/386521"}],"wp:attachment":[{"href":"https:\/\/www.notibras.com\/site\/wp-json\/wp\/v2\/media?parent=386520"}],"wp:term":[{"taxonomy":"category","embeddable":true,"href":"https:\/\/www.notibras.com\/site\/wp-json\/wp\/v2\/categories?post=386520"},{"taxonomy":"post_tag","embeddable":true,"href":"https:\/\/www.notibras.com\/site\/wp-json\/wp\/v2\/tags?post=386520"}],"curies":[{"name":"wp","href":"https:\/\/api.w.org\/{rel}","templated":true}]}}