{"id":386523,"date":"2026-03-11T00:00:07","date_gmt":"2026-03-11T03:00:07","guid":{"rendered":"https:\/\/www.notibras.com\/site\/?p=386523"},"modified":"2026-03-11T10:42:30","modified_gmt":"2026-03-11T13:42:30","slug":"menos-da-metade-das-delegacias-da-mulher-tem-funcionamento-24h","status":"publish","type":"post","link":"https:\/\/www.notibras.com\/site\/menos-da-metade-das-delegacias-da-mulher-tem-funcionamento-24h\/","title":{"rendered":"Menos da metade das delegacias da mulher tem funcionamento 24h"},"content":{"rendered":"<p>Das 15 delegacias especializadas de atendimento \u00e0 mulher existentes em Pernambuco, apenas sete funcionam 24 horas. No entanto, uma lei federal de 2023 determina o funcionamento ininterrupto desses locais e que as v\u00edtimas sejam atendidas em uma sala reservada e por agentes com treinamento adequado para acolh\u00ea-las.<\/p>\n<p>&#8220;Existe um fracasso, uma falha da pol\u00edtica p\u00fablica aqui no estado. Esse funcionamento permanente das delegacias no combate \u00e0 viol\u00eancia contra as mulheres, para mim, \u00e9 e deveria ser uma das primeiras reivindica\u00e7\u00f5es do governo. \u00c9 uma lei e tem que ser cumprida&#8221;, disse a advogada Fabiana Leite.<\/p>\n<p>A Delegacia da Mulher do Recife funciona, de forma tempor\u00e1ria, no bairro do Rosarinho, na Zona Norte da cidade, porque a sede, que fica em Santo Amaro, na \u00e1rea central da capital pernambucana, est\u00e1 fechada para reformas desde novembro de 2024.<\/p>\n<p>A previs\u00e3o era de que as obras no im\u00f3vel fossem finalizadas em abril de 2025. Por\u00e9m, at\u00e9 mar\u00e7o de 2026, o funcionamento continua na delegacia provis\u00f3ria, e muitas mulheres acabam errando o endere\u00e7o quando tentam procurar ajuda.<\/p>\n<p>Em 2025, s\u00f3 a cidade do Recife registrou 9.905 casos de viol\u00eancia dom\u00e9stica contra a mulher. Nem todos os casos aconteceram num relacionamento amoroso, pois h\u00e1 tamb\u00e9m agress\u00f5es feitas por familiares, como primos, tios e pais.<\/p>\n<p>O Brasil registrou quatro feminic\u00eddios e dez tentativas de assassinatos contra mulheres por dia, em 2025. Em Pernambuco, 82 mulheres foram v\u00edtimas de feminic\u00eddio at\u00e9 o fim de novembro do ano passado. O n\u00famero foi o maior do que o registrado nos 12 meses de 2024, com 76 mulheres mortas.<\/p>\n<p>&#8220;N\u00e3o d\u00e1 para que a gente consiga encarar esse cen\u00e1rio de aumento dos feminic\u00eddios sem convocar o poder p\u00fablico e as suas obriga\u00e7\u00f5es. Temos dados relevantes que mostram que mais de 80% das mulheres s\u00e3o mortas dentro das suas pr\u00f3prias casas, por seus companheiros ou ex-companheiros, nos finais de semana, quando as delegacias est\u00e3o fechadas&#8221;, declarou a advogada.<\/p>\n","protected":false},"excerpt":{"rendered":"<p>Das 15 delegacias especializadas de atendimento \u00e0 mulher existentes em Pernambuco, apenas sete funcionam 24 horas. No entanto, uma lei federal de 2023 determina o funcionamento ininterrupto desses locais e que as v\u00edtimas sejam atendidas em uma sala reservada e por agentes com treinamento adequado para acolh\u00ea-las. &#8220;Existe um fracasso, uma falha da pol\u00edtica p\u00fablica [&hellip;]<\/p>\n","protected":false},"author":2,"featured_media":386524,"comment_status":"closed","ping_status":"closed","sticky":false,"template":"","format":"standard","meta":{"_acf_changed":false,"footnotes":""},"categories":[165],"tags":[],"class_list":["post-386523","post","type-post","status-publish","format-standard","has-post-thumbnail","hentry","category-nordeste"],"acf":[],"yoast_head":"<!-- This site is optimized with the Yoast SEO plugin v27.2 - https:\/\/yoast.com\/product\/yoast-seo-wordpress\/ -->\n<title>Menos da metade das delegacias da mulher tem funcionamento 24h - Notibras<\/title>\n<meta name=\"robots\" content=\"index, follow, max-snippet:-1, max-image-preview:large, max-video-preview:-1\" \/>\n<link rel=\"canonical\" href=\"https:\/\/www.notibras.com\/site\/menos-da-metade-das-delegacias-da-mulher-tem-funcionamento-24h\/\" \/>\n<meta property=\"og:locale\" content=\"pt_BR\" \/>\n<meta property=\"og:type\" content=\"article\" \/>\n<meta property=\"og:title\" content=\"Menos da metade das delegacias da mulher tem funcionamento 24h - Notibras\" \/>\n<meta property=\"og:description\" content=\"Das 15 delegacias especializadas de atendimento \u00e0 mulher existentes em Pernambuco, apenas sete funcionam 24 horas. No entanto, uma lei federal de 2023 determina o funcionamento ininterrupto desses locais e que as v\u00edtimas sejam atendidas em uma sala reservada e por agentes com treinamento adequado para acolh\u00ea-las. &#8220;Existe um fracasso, uma falha da pol\u00edtica p\u00fablica [&hellip;]\" \/>\n<meta property=\"og:url\" content=\"https:\/\/www.notibras.com\/site\/menos-da-metade-das-delegacias-da-mulher-tem-funcionamento-24h\/\" \/>\n<meta property=\"og:site_name\" content=\"Notibras\" \/>\n<meta property=\"article:publisher\" content=\"https:\/\/www.facebook.com\/notibras\/\" \/>\n<meta property=\"article:published_time\" content=\"2026-03-11T03:00:07+00:00\" \/>\n<meta property=\"article:modified_time\" content=\"2026-03-11T13:42:30+00:00\" \/>\n<meta property=\"og:image\" content=\"https:\/\/www.notibras.com\/site\/wp-content\/uploads\/2026\/03\/907939-policia_rj_1.webp\" \/>\n\t<meta property=\"og:image:width\" content=\"770\" \/>\n\t<meta property=\"og:image:height\" content=\"857\" \/>\n\t<meta property=\"og:image:type\" content=\"image\/webp\" \/>\n<meta name=\"author\" content=\"Reda\u00e7\u00e3o\" \/>\n<meta name=\"twitter:card\" content=\"summary_large_image\" \/>\n<meta name=\"twitter:creator\" content=\"@Notibras\" \/>\n<meta name=\"twitter:site\" content=\"@Notibras\" \/>\n<meta name=\"twitter:label1\" content=\"Escrito por\" \/>\n\t<meta name=\"twitter:data1\" content=\"Reda\u00e7\u00e3o\" \/>\n\t<meta name=\"twitter:label2\" content=\"Est. tempo de leitura\" \/>\n\t<meta name=\"twitter:data2\" content=\"2 minutos\" \/>\n<script type=\"application\/ld+json\" class=\"yoast-schema-graph\">{\"@context\":\"https:\/\/schema.org\",\"@graph\":[{\"@type\":\"Article\",\"@id\":\"https:\/\/www.notibras.com\/site\/menos-da-metade-das-delegacias-da-mulher-tem-funcionamento-24h\/#article\",\"isPartOf\":{\"@id\":\"https:\/\/www.notibras.com\/site\/menos-da-metade-das-delegacias-da-mulher-tem-funcionamento-24h\/\"},\"author\":{\"name\":\"Reda\u00e7\u00e3o\",\"@id\":\"https:\/\/www.notibras.com\/site\/#\/schema\/person\/36ab0979449956132d3e5b517ea76ac8\"},\"headline\":\"Menos da metade das delegacias da mulher tem funcionamento 24h\",\"datePublished\":\"2026-03-11T03:00:07+00:00\",\"dateModified\":\"2026-03-11T13:42:30+00:00\",\"mainEntityOfPage\":{\"@id\":\"https:\/\/www.notibras.com\/site\/menos-da-metade-das-delegacias-da-mulher-tem-funcionamento-24h\/\"},\"wordCount\":338,\"publisher\":{\"@id\":\"https:\/\/www.notibras.com\/site\/#organization\"},\"image\":{\"@id\":\"https:\/\/www.notibras.com\/site\/menos-da-metade-das-delegacias-da-mulher-tem-funcionamento-24h\/#primaryimage\"},\"thumbnailUrl\":\"https:\/\/www.notibras.com\/site\/wp-content\/uploads\/2026\/03\/907939-policia_rj_1.webp\",\"articleSection\":[\"Nordeste\"],\"inLanguage\":\"pt-BR\"},{\"@type\":\"WebPage\",\"@id\":\"https:\/\/www.notibras.com\/site\/menos-da-metade-das-delegacias-da-mulher-tem-funcionamento-24h\/\",\"url\":\"https:\/\/www.notibras.com\/site\/menos-da-metade-das-delegacias-da-mulher-tem-funcionamento-24h\/\",\"name\":\"Menos da metade das delegacias da mulher tem funcionamento 24h - Notibras\",\"isPartOf\":{\"@id\":\"https:\/\/www.notibras.com\/site\/#website\"},\"primaryImageOfPage\":{\"@id\":\"https:\/\/www.notibras.com\/site\/menos-da-metade-das-delegacias-da-mulher-tem-funcionamento-24h\/#primaryimage\"},\"image\":{\"@id\":\"https:\/\/www.notibras.com\/site\/menos-da-metade-das-delegacias-da-mulher-tem-funcionamento-24h\/#primaryimage\"},\"thumbnailUrl\":\"https:\/\/www.notibras.com\/site\/wp-content\/uploads\/2026\/03\/907939-policia_rj_1.webp\",\"datePublished\":\"2026-03-11T03:00:07+00:00\",\"dateModified\":\"2026-03-11T13:42:30+00:00\",\"breadcrumb\":{\"@id\":\"https:\/\/www.notibras.com\/site\/menos-da-metade-das-delegacias-da-mulher-tem-funcionamento-24h\/#breadcrumb\"},\"inLanguage\":\"pt-BR\",\"potentialAction\":[{\"@type\":\"ReadAction\",\"target\":[\"https:\/\/www.notibras.com\/site\/menos-da-metade-das-delegacias-da-mulher-tem-funcionamento-24h\/\"]}]},{\"@type\":\"ImageObject\",\"inLanguage\":\"pt-BR\",\"@id\":\"https:\/\/www.notibras.com\/site\/menos-da-metade-das-delegacias-da-mulher-tem-funcionamento-24h\/#primaryimage\",\"url\":\"https:\/\/www.notibras.com\/site\/wp-content\/uploads\/2026\/03\/907939-policia_rj_1.webp\",\"contentUrl\":\"https:\/\/www.notibras.com\/site\/wp-content\/uploads\/2026\/03\/907939-policia_rj_1.webp\",\"width\":770,\"height\":857},{\"@type\":\"BreadcrumbList\",\"@id\":\"https:\/\/www.notibras.com\/site\/menos-da-metade-das-delegacias-da-mulher-tem-funcionamento-24h\/#breadcrumb\",\"itemListElement\":[{\"@type\":\"ListItem\",\"position\":1,\"name\":\"In\u00edcio\",\"item\":\"https:\/\/www.notibras.com\/site\/\"},{\"@type\":\"ListItem\",\"position\":2,\"name\":\"Menos da metade das delegacias da mulher tem funcionamento 24h\"}]},{\"@type\":\"WebSite\",\"@id\":\"https:\/\/www.notibras.com\/site\/#website\",\"url\":\"https:\/\/www.notibras.com\/site\/\",\"name\":\"Notibras\",\"description\":\"Not\u00edcias de Bras\u00edlia, do Brasil e do Mundo\",\"publisher\":{\"@id\":\"https:\/\/www.notibras.com\/site\/#organization\"},\"potentialAction\":[{\"@type\":\"SearchAction\",\"target\":{\"@type\":\"EntryPoint\",\"urlTemplate\":\"https:\/\/www.notibras.com\/site\/?s={search_term_string}\"},\"query-input\":{\"@type\":\"PropertyValueSpecification\",\"valueRequired\":true,\"valueName\":\"search_term_string\"}}],\"inLanguage\":\"pt-BR\"},{\"@type\":\"Organization\",\"@id\":\"https:\/\/www.notibras.com\/site\/#organization\",\"name\":\"Grupo Notibras de Comunica\u00e7\u00e3o\",\"url\":\"https:\/\/www.notibras.com\/site\/\",\"logo\":{\"@type\":\"ImageObject\",\"inLanguage\":\"pt-BR\",\"@id\":\"https:\/\/www.notibras.com\/site\/#\/schema\/logo\/image\/\",\"url\":\"https:\/\/www.notibras.com\/site\/wp-content\/uploads\/2023\/01\/notibras23.png\",\"contentUrl\":\"https:\/\/www.notibras.com\/site\/wp-content\/uploads\/2023\/01\/notibras23.png\",\"width\":350,\"height\":87,\"caption\":\"Grupo Notibras de Comunica\u00e7\u00e3o\"},\"image\":{\"@id\":\"https:\/\/www.notibras.com\/site\/#\/schema\/logo\/image\/\"},\"sameAs\":[\"https:\/\/www.facebook.com\/notibras\/\",\"https:\/\/x.com\/Notibras\",\"https:\/\/www.instagram.com\/notibras\/\"]},{\"@type\":\"Person\",\"@id\":\"https:\/\/www.notibras.com\/site\/#\/schema\/person\/36ab0979449956132d3e5b517ea76ac8\",\"name\":\"Reda\u00e7\u00e3o\",\"image\":{\"@type\":\"ImageObject\",\"inLanguage\":\"pt-BR\",\"@id\":\"https:\/\/secure.gravatar.com\/avatar\/e0a867bdedb85fd243eadf09663511f96fc81e0720a4a42581f334ad4303aa6b?s=96&d=mm&r=g\",\"url\":\"https:\/\/secure.gravatar.com\/avatar\/e0a867bdedb85fd243eadf09663511f96fc81e0720a4a42581f334ad4303aa6b?s=96&d=mm&r=g\",\"contentUrl\":\"https:\/\/secure.gravatar.com\/avatar\/e0a867bdedb85fd243eadf09663511f96fc81e0720a4a42581f334ad4303aa6b?s=96&d=mm&r=g\",\"caption\":\"Reda\u00e7\u00e3o\"}}]}<\/script>\n<!-- \/ Yoast SEO plugin. -->","yoast_head_json":{"title":"Menos da metade das delegacias da mulher tem funcionamento 24h - Notibras","robots":{"index":"index","follow":"follow","max-snippet":"max-snippet:-1","max-image-preview":"max-image-preview:large","max-video-preview":"max-video-preview:-1"},"canonical":"https:\/\/www.notibras.com\/site\/menos-da-metade-das-delegacias-da-mulher-tem-funcionamento-24h\/","og_locale":"pt_BR","og_type":"article","og_title":"Menos da metade das delegacias da mulher tem funcionamento 24h - Notibras","og_description":"Das 15 delegacias especializadas de atendimento \u00e0 mulher existentes em Pernambuco, apenas sete funcionam 24 horas. No entanto, uma lei federal de 2023 determina o funcionamento ininterrupto desses locais e que as v\u00edtimas sejam atendidas em uma sala reservada e por agentes com treinamento adequado para acolh\u00ea-las. &#8220;Existe um fracasso, uma falha da pol\u00edtica p\u00fablica [&hellip;]","og_url":"https:\/\/www.notibras.com\/site\/menos-da-metade-das-delegacias-da-mulher-tem-funcionamento-24h\/","og_site_name":"Notibras","article_publisher":"https:\/\/www.facebook.com\/notibras\/","article_published_time":"2026-03-11T03:00:07+00:00","article_modified_time":"2026-03-11T13:42:30+00:00","og_image":[{"width":770,"height":857,"url":"https:\/\/www.notibras.com\/site\/wp-content\/uploads\/2026\/03\/907939-policia_rj_1.webp","type":"image\/webp"}],"author":"Reda\u00e7\u00e3o","twitter_card":"summary_large_image","twitter_creator":"@Notibras","twitter_site":"@Notibras","twitter_misc":{"Escrito por":"Reda\u00e7\u00e3o","Est. tempo de leitura":"2 minutos"},"schema":{"@context":"https:\/\/schema.org","@graph":[{"@type":"Article","@id":"https:\/\/www.notibras.com\/site\/menos-da-metade-das-delegacias-da-mulher-tem-funcionamento-24h\/#article","isPartOf":{"@id":"https:\/\/www.notibras.com\/site\/menos-da-metade-das-delegacias-da-mulher-tem-funcionamento-24h\/"},"author":{"name":"Reda\u00e7\u00e3o","@id":"https:\/\/www.notibras.com\/site\/#\/schema\/person\/36ab0979449956132d3e5b517ea76ac8"},"headline":"Menos da metade das delegacias da mulher tem funcionamento 24h","datePublished":"2026-03-11T03:00:07+00:00","dateModified":"2026-03-11T13:42:30+00:00","mainEntityOfPage":{"@id":"https:\/\/www.notibras.com\/site\/menos-da-metade-das-delegacias-da-mulher-tem-funcionamento-24h\/"},"wordCount":338,"publisher":{"@id":"https:\/\/www.notibras.com\/site\/#organization"},"image":{"@id":"https:\/\/www.notibras.com\/site\/menos-da-metade-das-delegacias-da-mulher-tem-funcionamento-24h\/#primaryimage"},"thumbnailUrl":"https:\/\/www.notibras.com\/site\/wp-content\/uploads\/2026\/03\/907939-policia_rj_1.webp","articleSection":["Nordeste"],"inLanguage":"pt-BR"},{"@type":"WebPage","@id":"https:\/\/www.notibras.com\/site\/menos-da-metade-das-delegacias-da-mulher-tem-funcionamento-24h\/","url":"https:\/\/www.notibras.com\/site\/menos-da-metade-das-delegacias-da-mulher-tem-funcionamento-24h\/","name":"Menos da metade das delegacias da mulher tem funcionamento 24h - Notibras","isPartOf":{"@id":"https:\/\/www.notibras.com\/site\/#website"},"primaryImageOfPage":{"@id":"https:\/\/www.notibras.com\/site\/menos-da-metade-das-delegacias-da-mulher-tem-funcionamento-24h\/#primaryimage"},"image":{"@id":"https:\/\/www.notibras.com\/site\/menos-da-metade-das-delegacias-da-mulher-tem-funcionamento-24h\/#primaryimage"},"thumbnailUrl":"https:\/\/www.notibras.com\/site\/wp-content\/uploads\/2026\/03\/907939-policia_rj_1.webp","datePublished":"2026-03-11T03:00:07+00:00","dateModified":"2026-03-11T13:42:30+00:00","breadcrumb":{"@id":"https:\/\/www.notibras.com\/site\/menos-da-metade-das-delegacias-da-mulher-tem-funcionamento-24h\/#breadcrumb"},"inLanguage":"pt-BR","potentialAction":[{"@type":"ReadAction","target":["https:\/\/www.notibras.com\/site\/menos-da-metade-das-delegacias-da-mulher-tem-funcionamento-24h\/"]}]},{"@type":"ImageObject","inLanguage":"pt-BR","@id":"https:\/\/www.notibras.com\/site\/menos-da-metade-das-delegacias-da-mulher-tem-funcionamento-24h\/#primaryimage","url":"https:\/\/www.notibras.com\/site\/wp-content\/uploads\/2026\/03\/907939-policia_rj_1.webp","contentUrl":"https:\/\/www.notibras.com\/site\/wp-content\/uploads\/2026\/03\/907939-policia_rj_1.webp","width":770,"height":857},{"@type":"BreadcrumbList","@id":"https:\/\/www.notibras.com\/site\/menos-da-metade-das-delegacias-da-mulher-tem-funcionamento-24h\/#breadcrumb","itemListElement":[{"@type":"ListItem","position":1,"name":"In\u00edcio","item":"https:\/\/www.notibras.com\/site\/"},{"@type":"ListItem","position":2,"name":"Menos da metade das delegacias da mulher tem funcionamento 24h"}]},{"@type":"WebSite","@id":"https:\/\/www.notibras.com\/site\/#website","url":"https:\/\/www.notibras.com\/site\/","name":"Notibras","description":"Not\u00edcias de Bras\u00edlia, do Brasil e do Mundo","publisher":{"@id":"https:\/\/www.notibras.com\/site\/#organization"},"potentialAction":[{"@type":"SearchAction","target":{"@type":"EntryPoint","urlTemplate":"https:\/\/www.notibras.com\/site\/?s={search_term_string}"},"query-input":{"@type":"PropertyValueSpecification","valueRequired":true,"valueName":"search_term_string"}}],"inLanguage":"pt-BR"},{"@type":"Organization","@id":"https:\/\/www.notibras.com\/site\/#organization","name":"Grupo Notibras de Comunica\u00e7\u00e3o","url":"https:\/\/www.notibras.com\/site\/","logo":{"@type":"ImageObject","inLanguage":"pt-BR","@id":"https:\/\/www.notibras.com\/site\/#\/schema\/logo\/image\/","url":"https:\/\/www.notibras.com\/site\/wp-content\/uploads\/2023\/01\/notibras23.png","contentUrl":"https:\/\/www.notibras.com\/site\/wp-content\/uploads\/2023\/01\/notibras23.png","width":350,"height":87,"caption":"Grupo Notibras de Comunica\u00e7\u00e3o"},"image":{"@id":"https:\/\/www.notibras.com\/site\/#\/schema\/logo\/image\/"},"sameAs":["https:\/\/www.facebook.com\/notibras\/","https:\/\/x.com\/Notibras","https:\/\/www.instagram.com\/notibras\/"]},{"@type":"Person","@id":"https:\/\/www.notibras.com\/site\/#\/schema\/person\/36ab0979449956132d3e5b517ea76ac8","name":"Reda\u00e7\u00e3o","image":{"@type":"ImageObject","inLanguage":"pt-BR","@id":"https:\/\/secure.gravatar.com\/avatar\/e0a867bdedb85fd243eadf09663511f96fc81e0720a4a42581f334ad4303aa6b?s=96&d=mm&r=g","url":"https:\/\/secure.gravatar.com\/avatar\/e0a867bdedb85fd243eadf09663511f96fc81e0720a4a42581f334ad4303aa6b?s=96&d=mm&r=g","contentUrl":"https:\/\/secure.gravatar.com\/avatar\/e0a867bdedb85fd243eadf09663511f96fc81e0720a4a42581f334ad4303aa6b?s=96&d=mm&r=g","caption":"Reda\u00e7\u00e3o"}}]}},"amp_enabled":true,"_links":{"self":[{"href":"https:\/\/www.notibras.com\/site\/wp-json\/wp\/v2\/posts\/386523","targetHints":{"allow":["GET"]}}],"collection":[{"href":"https:\/\/www.notibras.com\/site\/wp-json\/wp\/v2\/posts"}],"about":[{"href":"https:\/\/www.notibras.com\/site\/wp-json\/wp\/v2\/types\/post"}],"author":[{"embeddable":true,"href":"https:\/\/www.notibras.com\/site\/wp-json\/wp\/v2\/users\/2"}],"replies":[{"embeddable":true,"href":"https:\/\/www.notibras.com\/site\/wp-json\/wp\/v2\/comments?post=386523"}],"version-history":[{"count":1,"href":"https:\/\/www.notibras.com\/site\/wp-json\/wp\/v2\/posts\/386523\/revisions"}],"predecessor-version":[{"id":386525,"href":"https:\/\/www.notibras.com\/site\/wp-json\/wp\/v2\/posts\/386523\/revisions\/386525"}],"wp:featuredmedia":[{"embeddable":true,"href":"https:\/\/www.notibras.com\/site\/wp-json\/wp\/v2\/media\/386524"}],"wp:attachment":[{"href":"https:\/\/www.notibras.com\/site\/wp-json\/wp\/v2\/media?parent=386523"}],"wp:term":[{"taxonomy":"category","embeddable":true,"href":"https:\/\/www.notibras.com\/site\/wp-json\/wp\/v2\/categories?post=386523"},{"taxonomy":"post_tag","embeddable":true,"href":"https:\/\/www.notibras.com\/site\/wp-json\/wp\/v2\/tags?post=386523"}],"curies":[{"name":"wp","href":"https:\/\/api.w.org\/{rel}","templated":true}]}}