{"id":386541,"date":"2026-03-11T17:42:01","date_gmt":"2026-03-11T20:42:01","guid":{"rendered":"https:\/\/www.notibras.com\/site\/?p=386541"},"modified":"2026-03-11T17:42:54","modified_gmt":"2026-03-11T20:42:54","slug":"aiatola-do-iraque-pede-que-mundo-muculmano-xiita-defenda-teera","status":"publish","type":"post","link":"https:\/\/www.notibras.com\/site\/aiatola-do-iraque-pede-que-mundo-muculmano-xiita-defenda-teera\/","title":{"rendered":"Aiatol\u00e1 do Iraque pede que mundo mu\u00e7ulmano xiita defenda Teer\u00e3"},"content":{"rendered":"<p>O Grande Aiatol\u00e1 Ali al-Sistani, principal refer\u00eancia religiosa para milh\u00f5es de xiitas no Iraque e em v\u00e1rias regi\u00f5es do mundo isl\u00e2mico, elevou o tom nesta quarta-feira ao defender que o universo mu\u00e7ulmano n\u00e3o permane\u00e7a indiferente diante da guerra que envolve o Ir\u00e3. Ao enviar mensagem ao novo L\u00edder Supremo iraniano, Mojtaba Khamenei, sucessor de Ali Khamenei, morto no in\u00edcio do conflito com Estados Unidos e Israel, Al-Sistani desejou \u00eaxito na preserva\u00e7\u00e3o da unidade nacional iraniana, mas sua mensagem foi lida em c\u00edrculos diplom\u00e1ticos como um chamado indireto para que na\u00e7\u00f5es isl\u00e2micas se posicionem em defesa de Teer\u00e3.<\/p>\n<p>Dias antes, o aiatol\u00e1 j\u00e1 havia condenado publicamente o que classificou como \u201cguerra injusta\u201d, conclamando todos os mu\u00e7ulmanos a denunciarem a escalada militar e a pressionarem por uma solu\u00e7\u00e3o imediata para a crise nuclear iraniana. O peso pol\u00edtico de sua fala ultrapassa o ambiente religioso: embora n\u00e3o ocupe cargo oficial, Al-Sistani continua sendo um dos poucos l\u00edderes espirituais capazes de influenciar governos, mil\u00edcias e movimentos xiitas em v\u00e1rias frentes do Oriente M\u00e9dio.<\/p>\n<p>No campo das poss\u00edveis respostas ao apelo, observadores apontam que pa\u00edses como Iraque, L\u00edbano e S\u00edria aparecem como os mais sens\u00edveis \u00e0 mobiliza\u00e7\u00e3o, sobretudo pela presen\u00e7a de for\u00e7as xiitas alinhadas a Teer\u00e3. Tamb\u00e9m Paquist\u00e3o poderia sofrer press\u00e3o interna de setores religiosos para adotar discurso mais duro, embora mantenha cautela diplom\u00e1tica.<\/p>\n<p>No Golfo, a situa\u00e7\u00e3o \u00e9 mais delicada. Ar\u00e1bia Saudita, Catar e Emirados \u00c1rabes Unidos dificilmente entrariam em alinhamento direto com Teer\u00e3, mas podem defender publicamente cessar-fogo para evitar que a guerra se espalhe pela regi\u00e3o. J\u00e1 Turquia mant\u00e9m posi\u00e7\u00e3o estrat\u00e9gica amb\u00edgua: rivaliza com o Ir\u00e3 em algumas frentes, mas rejeita abertamente uma desestabiliza\u00e7\u00e3o regional provocada por conflito prolongado.<\/p>\n<p>A posi\u00e7\u00e3o de Al-Sistani, contudo, carrega uma complexidade hist\u00f3rica. Formado na tradi\u00e7\u00e3o teol\u00f3gica de Najaf, ele sempre defendeu que o clero deva orientar moralmente a sociedade sem governar diretamente \u2014 vis\u00e3o oposta ao modelo iraniano do velayat-e faqih, idealizado por Ruhollah Khomeini, no qual a autoridade religiosa domina o poder pol\u00edtico. Essa diferen\u00e7a explica por que, mesmo solidarizando-se com o Ir\u00e3 em momento de guerra, Al-Sistani continua olhando com reserva para a influ\u00eancia de Teer\u00e3 sobre a pol\u00edtica iraquiana.<\/p>\n<p>Ainda assim, no atual cen\u00e1rio, sua fala representa um dos sinais mais claros de que parte importante do mundo xiita entende que o conflito ultrapassou as fronteiras iranianas e passou a ser percebido como disputa de poder sobre todo o equil\u00edbrio isl\u00e2mico regional.<\/p>\n","protected":false},"excerpt":{"rendered":"<p>O Grande Aiatol\u00e1 Ali al-Sistani, principal refer\u00eancia religiosa para milh\u00f5es de xiitas no Iraque e em v\u00e1rias regi\u00f5es do mundo isl\u00e2mico, elevou o tom nesta quarta-feira ao defender que o universo mu\u00e7ulmano n\u00e3o permane\u00e7a indiferente diante da guerra que envolve o Ir\u00e3. Ao enviar mensagem ao novo L\u00edder Supremo iraniano, Mojtaba Khamenei, sucessor de Ali [&hellip;]<\/p>\n","protected":false},"author":2,"featured_media":386542,"comment_status":"closed","ping_status":"closed","sticky":false,"template":"","format":"standard","meta":{"_acf_changed":false,"footnotes":""},"categories":[159],"tags":[95],"class_list":["post-386541","post","type-post","status-publish","format-standard","has-post-thumbnail","hentry","category-apocalipse","tag-capa"],"acf":[],"yoast_head":"<!-- This site is optimized with the Yoast SEO plugin v27.2 - https:\/\/yoast.com\/product\/yoast-seo-wordpress\/ -->\n<title>Aiatol\u00e1 do Iraque pede que mundo mu\u00e7ulmano xiita defenda Teer\u00e3 - Notibras<\/title>\n<meta name=\"robots\" content=\"index, follow, max-snippet:-1, max-image-preview:large, max-video-preview:-1\" \/>\n<link rel=\"canonical\" href=\"https:\/\/www.notibras.com\/site\/aiatola-do-iraque-pede-que-mundo-muculmano-xiita-defenda-teera\/\" \/>\n<meta property=\"og:locale\" content=\"pt_BR\" \/>\n<meta property=\"og:type\" content=\"article\" \/>\n<meta property=\"og:title\" content=\"Aiatol\u00e1 do Iraque pede que mundo mu\u00e7ulmano xiita defenda Teer\u00e3 - Notibras\" \/>\n<meta property=\"og:description\" content=\"O Grande Aiatol\u00e1 Ali al-Sistani, principal refer\u00eancia religiosa para milh\u00f5es de xiitas no Iraque e em v\u00e1rias regi\u00f5es do mundo isl\u00e2mico, elevou o tom nesta quarta-feira ao defender que o universo mu\u00e7ulmano n\u00e3o permane\u00e7a indiferente diante da guerra que envolve o Ir\u00e3. Ao enviar mensagem ao novo L\u00edder Supremo iraniano, Mojtaba Khamenei, sucessor de Ali [&hellip;]\" \/>\n<meta property=\"og:url\" content=\"https:\/\/www.notibras.com\/site\/aiatola-do-iraque-pede-que-mundo-muculmano-xiita-defenda-teera\/\" \/>\n<meta property=\"og:site_name\" content=\"Notibras\" \/>\n<meta property=\"article:publisher\" content=\"https:\/\/www.facebook.com\/notibras\/\" \/>\n<meta property=\"article:published_time\" content=\"2026-03-11T20:42:01+00:00\" \/>\n<meta property=\"article:modified_time\" content=\"2026-03-11T20:42:54+00:00\" \/>\n<meta property=\"og:image\" content=\"https:\/\/www.notibras.com\/site\/wp-content\/uploads\/2026\/03\/2026-03-03t164055z_1_lynxmpem2213v_rtroptp_4_iran-crisis-israel-lebanon.webp\" \/>\n\t<meta property=\"og:image:width\" content=\"1170\" \/>\n\t<meta property=\"og:image:height\" content=\"700\" \/>\n\t<meta property=\"og:image:type\" content=\"image\/webp\" \/>\n<meta name=\"author\" content=\"Reda\u00e7\u00e3o\" \/>\n<meta name=\"twitter:card\" content=\"summary_large_image\" \/>\n<meta name=\"twitter:creator\" content=\"@Notibras\" \/>\n<meta name=\"twitter:site\" content=\"@Notibras\" \/>\n<meta name=\"twitter:label1\" content=\"Escrito por\" \/>\n\t<meta name=\"twitter:data1\" content=\"Reda\u00e7\u00e3o\" \/>\n\t<meta name=\"twitter:label2\" content=\"Est. tempo de leitura\" \/>\n\t<meta name=\"twitter:data2\" content=\"3 minutos\" \/>\n<script type=\"application\/ld+json\" class=\"yoast-schema-graph\">{\"@context\":\"https:\/\/schema.org\",\"@graph\":[{\"@type\":\"Article\",\"@id\":\"https:\/\/www.notibras.com\/site\/aiatola-do-iraque-pede-que-mundo-muculmano-xiita-defenda-teera\/#article\",\"isPartOf\":{\"@id\":\"https:\/\/www.notibras.com\/site\/aiatola-do-iraque-pede-que-mundo-muculmano-xiita-defenda-teera\/\"},\"author\":{\"name\":\"Reda\u00e7\u00e3o\",\"@id\":\"https:\/\/www.notibras.com\/site\/#\/schema\/person\/36ab0979449956132d3e5b517ea76ac8\"},\"headline\":\"Aiatol\u00e1 do Iraque pede que mundo mu\u00e7ulmano xiita defenda Teer\u00e3\",\"datePublished\":\"2026-03-11T20:42:01+00:00\",\"dateModified\":\"2026-03-11T20:42:54+00:00\",\"mainEntityOfPage\":{\"@id\":\"https:\/\/www.notibras.com\/site\/aiatola-do-iraque-pede-que-mundo-muculmano-xiita-defenda-teera\/\"},\"wordCount\":462,\"publisher\":{\"@id\":\"https:\/\/www.notibras.com\/site\/#organization\"},\"image\":{\"@id\":\"https:\/\/www.notibras.com\/site\/aiatola-do-iraque-pede-que-mundo-muculmano-xiita-defenda-teera\/#primaryimage\"},\"thumbnailUrl\":\"https:\/\/www.notibras.com\/site\/wp-content\/uploads\/2026\/03\/2026-03-03t164055z_1_lynxmpem2213v_rtroptp_4_iran-crisis-israel-lebanon.webp\",\"keywords\":[\"capa\"],\"articleSection\":[\"Apocalipse\"],\"inLanguage\":\"pt-BR\"},{\"@type\":\"WebPage\",\"@id\":\"https:\/\/www.notibras.com\/site\/aiatola-do-iraque-pede-que-mundo-muculmano-xiita-defenda-teera\/\",\"url\":\"https:\/\/www.notibras.com\/site\/aiatola-do-iraque-pede-que-mundo-muculmano-xiita-defenda-teera\/\",\"name\":\"Aiatol\u00e1 do Iraque pede que mundo mu\u00e7ulmano xiita defenda Teer\u00e3 - Notibras\",\"isPartOf\":{\"@id\":\"https:\/\/www.notibras.com\/site\/#website\"},\"primaryImageOfPage\":{\"@id\":\"https:\/\/www.notibras.com\/site\/aiatola-do-iraque-pede-que-mundo-muculmano-xiita-defenda-teera\/#primaryimage\"},\"image\":{\"@id\":\"https:\/\/www.notibras.com\/site\/aiatola-do-iraque-pede-que-mundo-muculmano-xiita-defenda-teera\/#primaryimage\"},\"thumbnailUrl\":\"https:\/\/www.notibras.com\/site\/wp-content\/uploads\/2026\/03\/2026-03-03t164055z_1_lynxmpem2213v_rtroptp_4_iran-crisis-israel-lebanon.webp\",\"datePublished\":\"2026-03-11T20:42:01+00:00\",\"dateModified\":\"2026-03-11T20:42:54+00:00\",\"breadcrumb\":{\"@id\":\"https:\/\/www.notibras.com\/site\/aiatola-do-iraque-pede-que-mundo-muculmano-xiita-defenda-teera\/#breadcrumb\"},\"inLanguage\":\"pt-BR\",\"potentialAction\":[{\"@type\":\"ReadAction\",\"target\":[\"https:\/\/www.notibras.com\/site\/aiatola-do-iraque-pede-que-mundo-muculmano-xiita-defenda-teera\/\"]}]},{\"@type\":\"ImageObject\",\"inLanguage\":\"pt-BR\",\"@id\":\"https:\/\/www.notibras.com\/site\/aiatola-do-iraque-pede-que-mundo-muculmano-xiita-defenda-teera\/#primaryimage\",\"url\":\"https:\/\/www.notibras.com\/site\/wp-content\/uploads\/2026\/03\/2026-03-03t164055z_1_lynxmpem2213v_rtroptp_4_iran-crisis-israel-lebanon.webp\",\"contentUrl\":\"https:\/\/www.notibras.com\/site\/wp-content\/uploads\/2026\/03\/2026-03-03t164055z_1_lynxmpem2213v_rtroptp_4_iran-crisis-israel-lebanon.webp\",\"width\":1170,\"height\":700},{\"@type\":\"BreadcrumbList\",\"@id\":\"https:\/\/www.notibras.com\/site\/aiatola-do-iraque-pede-que-mundo-muculmano-xiita-defenda-teera\/#breadcrumb\",\"itemListElement\":[{\"@type\":\"ListItem\",\"position\":1,\"name\":\"In\u00edcio\",\"item\":\"https:\/\/www.notibras.com\/site\/\"},{\"@type\":\"ListItem\",\"position\":2,\"name\":\"Aiatol\u00e1 do Iraque pede que mundo mu\u00e7ulmano xiita defenda Teer\u00e3\"}]},{\"@type\":\"WebSite\",\"@id\":\"https:\/\/www.notibras.com\/site\/#website\",\"url\":\"https:\/\/www.notibras.com\/site\/\",\"name\":\"Notibras\",\"description\":\"Not\u00edcias de Bras\u00edlia, do Brasil e do Mundo\",\"publisher\":{\"@id\":\"https:\/\/www.notibras.com\/site\/#organization\"},\"potentialAction\":[{\"@type\":\"SearchAction\",\"target\":{\"@type\":\"EntryPoint\",\"urlTemplate\":\"https:\/\/www.notibras.com\/site\/?s={search_term_string}\"},\"query-input\":{\"@type\":\"PropertyValueSpecification\",\"valueRequired\":true,\"valueName\":\"search_term_string\"}}],\"inLanguage\":\"pt-BR\"},{\"@type\":\"Organization\",\"@id\":\"https:\/\/www.notibras.com\/site\/#organization\",\"name\":\"Grupo Notibras de Comunica\u00e7\u00e3o\",\"url\":\"https:\/\/www.notibras.com\/site\/\",\"logo\":{\"@type\":\"ImageObject\",\"inLanguage\":\"pt-BR\",\"@id\":\"https:\/\/www.notibras.com\/site\/#\/schema\/logo\/image\/\",\"url\":\"https:\/\/www.notibras.com\/site\/wp-content\/uploads\/2023\/01\/notibras23.png\",\"contentUrl\":\"https:\/\/www.notibras.com\/site\/wp-content\/uploads\/2023\/01\/notibras23.png\",\"width\":350,\"height\":87,\"caption\":\"Grupo Notibras de Comunica\u00e7\u00e3o\"},\"image\":{\"@id\":\"https:\/\/www.notibras.com\/site\/#\/schema\/logo\/image\/\"},\"sameAs\":[\"https:\/\/www.facebook.com\/notibras\/\",\"https:\/\/x.com\/Notibras\",\"https:\/\/www.instagram.com\/notibras\/\"]},{\"@type\":\"Person\",\"@id\":\"https:\/\/www.notibras.com\/site\/#\/schema\/person\/36ab0979449956132d3e5b517ea76ac8\",\"name\":\"Reda\u00e7\u00e3o\",\"image\":{\"@type\":\"ImageObject\",\"inLanguage\":\"pt-BR\",\"@id\":\"https:\/\/secure.gravatar.com\/avatar\/e0a867bdedb85fd243eadf09663511f96fc81e0720a4a42581f334ad4303aa6b?s=96&d=mm&r=g\",\"url\":\"https:\/\/secure.gravatar.com\/avatar\/e0a867bdedb85fd243eadf09663511f96fc81e0720a4a42581f334ad4303aa6b?s=96&d=mm&r=g\",\"contentUrl\":\"https:\/\/secure.gravatar.com\/avatar\/e0a867bdedb85fd243eadf09663511f96fc81e0720a4a42581f334ad4303aa6b?s=96&d=mm&r=g\",\"caption\":\"Reda\u00e7\u00e3o\"}}]}<\/script>\n<!-- \/ Yoast SEO plugin. -->","yoast_head_json":{"title":"Aiatol\u00e1 do Iraque pede que mundo mu\u00e7ulmano xiita defenda Teer\u00e3 - Notibras","robots":{"index":"index","follow":"follow","max-snippet":"max-snippet:-1","max-image-preview":"max-image-preview:large","max-video-preview":"max-video-preview:-1"},"canonical":"https:\/\/www.notibras.com\/site\/aiatola-do-iraque-pede-que-mundo-muculmano-xiita-defenda-teera\/","og_locale":"pt_BR","og_type":"article","og_title":"Aiatol\u00e1 do Iraque pede que mundo mu\u00e7ulmano xiita defenda Teer\u00e3 - Notibras","og_description":"O Grande Aiatol\u00e1 Ali al-Sistani, principal refer\u00eancia religiosa para milh\u00f5es de xiitas no Iraque e em v\u00e1rias regi\u00f5es do mundo isl\u00e2mico, elevou o tom nesta quarta-feira ao defender que o universo mu\u00e7ulmano n\u00e3o permane\u00e7a indiferente diante da guerra que envolve o Ir\u00e3. Ao enviar mensagem ao novo L\u00edder Supremo iraniano, Mojtaba Khamenei, sucessor de Ali [&hellip;]","og_url":"https:\/\/www.notibras.com\/site\/aiatola-do-iraque-pede-que-mundo-muculmano-xiita-defenda-teera\/","og_site_name":"Notibras","article_publisher":"https:\/\/www.facebook.com\/notibras\/","article_published_time":"2026-03-11T20:42:01+00:00","article_modified_time":"2026-03-11T20:42:54+00:00","og_image":[{"width":1170,"height":700,"url":"https:\/\/www.notibras.com\/site\/wp-content\/uploads\/2026\/03\/2026-03-03t164055z_1_lynxmpem2213v_rtroptp_4_iran-crisis-israel-lebanon.webp","type":"image\/webp"}],"author":"Reda\u00e7\u00e3o","twitter_card":"summary_large_image","twitter_creator":"@Notibras","twitter_site":"@Notibras","twitter_misc":{"Escrito por":"Reda\u00e7\u00e3o","Est. tempo de leitura":"3 minutos"},"schema":{"@context":"https:\/\/schema.org","@graph":[{"@type":"Article","@id":"https:\/\/www.notibras.com\/site\/aiatola-do-iraque-pede-que-mundo-muculmano-xiita-defenda-teera\/#article","isPartOf":{"@id":"https:\/\/www.notibras.com\/site\/aiatola-do-iraque-pede-que-mundo-muculmano-xiita-defenda-teera\/"},"author":{"name":"Reda\u00e7\u00e3o","@id":"https:\/\/www.notibras.com\/site\/#\/schema\/person\/36ab0979449956132d3e5b517ea76ac8"},"headline":"Aiatol\u00e1 do Iraque pede que mundo mu\u00e7ulmano xiita defenda Teer\u00e3","datePublished":"2026-03-11T20:42:01+00:00","dateModified":"2026-03-11T20:42:54+00:00","mainEntityOfPage":{"@id":"https:\/\/www.notibras.com\/site\/aiatola-do-iraque-pede-que-mundo-muculmano-xiita-defenda-teera\/"},"wordCount":462,"publisher":{"@id":"https:\/\/www.notibras.com\/site\/#organization"},"image":{"@id":"https:\/\/www.notibras.com\/site\/aiatola-do-iraque-pede-que-mundo-muculmano-xiita-defenda-teera\/#primaryimage"},"thumbnailUrl":"https:\/\/www.notibras.com\/site\/wp-content\/uploads\/2026\/03\/2026-03-03t164055z_1_lynxmpem2213v_rtroptp_4_iran-crisis-israel-lebanon.webp","keywords":["capa"],"articleSection":["Apocalipse"],"inLanguage":"pt-BR"},{"@type":"WebPage","@id":"https:\/\/www.notibras.com\/site\/aiatola-do-iraque-pede-que-mundo-muculmano-xiita-defenda-teera\/","url":"https:\/\/www.notibras.com\/site\/aiatola-do-iraque-pede-que-mundo-muculmano-xiita-defenda-teera\/","name":"Aiatol\u00e1 do Iraque pede que mundo mu\u00e7ulmano xiita defenda Teer\u00e3 - Notibras","isPartOf":{"@id":"https:\/\/www.notibras.com\/site\/#website"},"primaryImageOfPage":{"@id":"https:\/\/www.notibras.com\/site\/aiatola-do-iraque-pede-que-mundo-muculmano-xiita-defenda-teera\/#primaryimage"},"image":{"@id":"https:\/\/www.notibras.com\/site\/aiatola-do-iraque-pede-que-mundo-muculmano-xiita-defenda-teera\/#primaryimage"},"thumbnailUrl":"https:\/\/www.notibras.com\/site\/wp-content\/uploads\/2026\/03\/2026-03-03t164055z_1_lynxmpem2213v_rtroptp_4_iran-crisis-israel-lebanon.webp","datePublished":"2026-03-11T20:42:01+00:00","dateModified":"2026-03-11T20:42:54+00:00","breadcrumb":{"@id":"https:\/\/www.notibras.com\/site\/aiatola-do-iraque-pede-que-mundo-muculmano-xiita-defenda-teera\/#breadcrumb"},"inLanguage":"pt-BR","potentialAction":[{"@type":"ReadAction","target":["https:\/\/www.notibras.com\/site\/aiatola-do-iraque-pede-que-mundo-muculmano-xiita-defenda-teera\/"]}]},{"@type":"ImageObject","inLanguage":"pt-BR","@id":"https:\/\/www.notibras.com\/site\/aiatola-do-iraque-pede-que-mundo-muculmano-xiita-defenda-teera\/#primaryimage","url":"https:\/\/www.notibras.com\/site\/wp-content\/uploads\/2026\/03\/2026-03-03t164055z_1_lynxmpem2213v_rtroptp_4_iran-crisis-israel-lebanon.webp","contentUrl":"https:\/\/www.notibras.com\/site\/wp-content\/uploads\/2026\/03\/2026-03-03t164055z_1_lynxmpem2213v_rtroptp_4_iran-crisis-israel-lebanon.webp","width":1170,"height":700},{"@type":"BreadcrumbList","@id":"https:\/\/www.notibras.com\/site\/aiatola-do-iraque-pede-que-mundo-muculmano-xiita-defenda-teera\/#breadcrumb","itemListElement":[{"@type":"ListItem","position":1,"name":"In\u00edcio","item":"https:\/\/www.notibras.com\/site\/"},{"@type":"ListItem","position":2,"name":"Aiatol\u00e1 do Iraque pede que mundo mu\u00e7ulmano xiita defenda Teer\u00e3"}]},{"@type":"WebSite","@id":"https:\/\/www.notibras.com\/site\/#website","url":"https:\/\/www.notibras.com\/site\/","name":"Notibras","description":"Not\u00edcias de Bras\u00edlia, do Brasil e do Mundo","publisher":{"@id":"https:\/\/www.notibras.com\/site\/#organization"},"potentialAction":[{"@type":"SearchAction","target":{"@type":"EntryPoint","urlTemplate":"https:\/\/www.notibras.com\/site\/?s={search_term_string}"},"query-input":{"@type":"PropertyValueSpecification","valueRequired":true,"valueName":"search_term_string"}}],"inLanguage":"pt-BR"},{"@type":"Organization","@id":"https:\/\/www.notibras.com\/site\/#organization","name":"Grupo Notibras de Comunica\u00e7\u00e3o","url":"https:\/\/www.notibras.com\/site\/","logo":{"@type":"ImageObject","inLanguage":"pt-BR","@id":"https:\/\/www.notibras.com\/site\/#\/schema\/logo\/image\/","url":"https:\/\/www.notibras.com\/site\/wp-content\/uploads\/2023\/01\/notibras23.png","contentUrl":"https:\/\/www.notibras.com\/site\/wp-content\/uploads\/2023\/01\/notibras23.png","width":350,"height":87,"caption":"Grupo Notibras de Comunica\u00e7\u00e3o"},"image":{"@id":"https:\/\/www.notibras.com\/site\/#\/schema\/logo\/image\/"},"sameAs":["https:\/\/www.facebook.com\/notibras\/","https:\/\/x.com\/Notibras","https:\/\/www.instagram.com\/notibras\/"]},{"@type":"Person","@id":"https:\/\/www.notibras.com\/site\/#\/schema\/person\/36ab0979449956132d3e5b517ea76ac8","name":"Reda\u00e7\u00e3o","image":{"@type":"ImageObject","inLanguage":"pt-BR","@id":"https:\/\/secure.gravatar.com\/avatar\/e0a867bdedb85fd243eadf09663511f96fc81e0720a4a42581f334ad4303aa6b?s=96&d=mm&r=g","url":"https:\/\/secure.gravatar.com\/avatar\/e0a867bdedb85fd243eadf09663511f96fc81e0720a4a42581f334ad4303aa6b?s=96&d=mm&r=g","contentUrl":"https:\/\/secure.gravatar.com\/avatar\/e0a867bdedb85fd243eadf09663511f96fc81e0720a4a42581f334ad4303aa6b?s=96&d=mm&r=g","caption":"Reda\u00e7\u00e3o"}}]}},"amp_enabled":true,"_links":{"self":[{"href":"https:\/\/www.notibras.com\/site\/wp-json\/wp\/v2\/posts\/386541","targetHints":{"allow":["GET"]}}],"collection":[{"href":"https:\/\/www.notibras.com\/site\/wp-json\/wp\/v2\/posts"}],"about":[{"href":"https:\/\/www.notibras.com\/site\/wp-json\/wp\/v2\/types\/post"}],"author":[{"embeddable":true,"href":"https:\/\/www.notibras.com\/site\/wp-json\/wp\/v2\/users\/2"}],"replies":[{"embeddable":true,"href":"https:\/\/www.notibras.com\/site\/wp-json\/wp\/v2\/comments?post=386541"}],"version-history":[{"count":2,"href":"https:\/\/www.notibras.com\/site\/wp-json\/wp\/v2\/posts\/386541\/revisions"}],"predecessor-version":[{"id":386544,"href":"https:\/\/www.notibras.com\/site\/wp-json\/wp\/v2\/posts\/386541\/revisions\/386544"}],"wp:featuredmedia":[{"embeddable":true,"href":"https:\/\/www.notibras.com\/site\/wp-json\/wp\/v2\/media\/386542"}],"wp:attachment":[{"href":"https:\/\/www.notibras.com\/site\/wp-json\/wp\/v2\/media?parent=386541"}],"wp:term":[{"taxonomy":"category","embeddable":true,"href":"https:\/\/www.notibras.com\/site\/wp-json\/wp\/v2\/categories?post=386541"},{"taxonomy":"post_tag","embeddable":true,"href":"https:\/\/www.notibras.com\/site\/wp-json\/wp\/v2\/tags?post=386541"}],"curies":[{"name":"wp","href":"https:\/\/api.w.org\/{rel}","templated":true}]}}