{"id":386567,"date":"2026-03-12T02:00:26","date_gmt":"2026-03-12T05:00:26","guid":{"rendered":"https:\/\/www.notibras.com\/site\/?p=386567"},"modified":"2026-03-11T23:48:20","modified_gmt":"2026-03-12T02:48:20","slug":"amigo-e-amigo-e-pronto","status":"publish","type":"post","link":"https:\/\/www.notibras.com\/site\/amigo-e-amigo-e-pronto\/","title":{"rendered":"Amigo \u00e9 amigo e pronto"},"content":{"rendered":"<p>H\u00e1 pessoas que passam por nossa vida e logo s\u00e3o descartadas. N\u00e3o por serem insignificantes ou desmerecedoras de lembran\u00e7as. Diria que simplesmente n\u00e3o nos marcaram de modo profundo como outras. E digo mais, existem indiv\u00edduos que, apesar da quase completa falta de afinidades intelectuais, ainda assim nos s\u00e3o caras.<\/p>\n<p>Fabiano. Ah, o Fabiano! Um tipo que me provoca repulsa, mas que ao mesmo tempo meu peito n\u00e3o consegue descartar. Suas palavras muitas vezes me causaram espanto e, passados tantos anos, me pego boquiaberto por tantas asneiras proferidas por uma s\u00f3 boca. Mas \u00e9 amigo, e bobagens de amigos costumamos relevar, que nem m\u00e3e tentando a todo custo esconder os defeitos da cria.<\/p>\n<p>\u00c9 engra\u00e7ado como algumas coisas nos incomodam, inclusive quando concordamos com elas. Por exemplo, apesar da dist\u00e2ncia que tomo o cuidado de manter do Fabiano, j\u00e1 aconteceu de eu estar em algum lugar e ser apresentado a outra pessoa. At\u00e9 a\u00ed, nada de novo. Mas eis que, conversa vai, conversa vem, algu\u00e9m menciona que esse indiv\u00edduo possui um amigo em comum. E quem voc\u00ea sup\u00f5e que seja? Pois \u00e9, ele mesmo, o Fabiano.<\/p>\n<p>Repare que n\u00e3o sou amigo dessa pessoa que acabei de conhecer. Um quase estranho, eu diria sem me mostrar pedante. \u00c9 que, depois de certa idade, a cautela nos faz pouco mais reservados. Ressabiado? Que seja, ent\u00e3o! No final das contas, d\u00e1 tudo na mesma.<\/p>\n<p>Pois l\u00e1 est\u00e1vamos n\u00f3s tr\u00eas conversando trivialidades. Para n\u00e3o deixar qualquer d\u00favida, os tr\u00eas \u00e9ramos o sujeito que me foi apresentado, a colega que nos apresentou e, obviamente, eu, que ainda n\u00e3o me tornei um holograma. Mas confesso que, naquele caso, bem que essa era a minha vontade.<\/p>\n<p>Entre um gole de cerveja e outro, eis que o sujeito que eu acabara de conhecer come\u00e7a a falar mal do Fabiano. Minha cara n\u00e3o deve ter ficado muito apraz\u00edvel, pois l\u00e1 estava eu tentando controlar os meus nervos faciais para n\u00e3o demonstrar o inc\u00f4modo com aquelas agress\u00f5es verbais contra o meu amigo. Repito, n\u00e3o que eu discordasse. Todavia, amigo que \u00e9 amigo protege que nem m\u00e3e.<\/p>\n<p>\u2014 Sabe, acho que voc\u00ea est\u00e1 exagerando. O Fabiano, \u00e0s vezes, age como crian\u00e7a. Mas \u00e9 o jeito dele.<\/p>\n<p>\u2014 Que nada, Jorge! J\u00e1 vi muito p\u00e3o franc\u00eas com mais miolo do que o Fabiano.<\/p>\n<p>Se concordo? \u00c9 claro que sim! Mas precisava dizer aquilo?<\/p>\n<p><strong>\u2026\u2026\u2026\u2026\u2026\u2026\u2026\u2026<\/strong><\/p>\n<p><strong>Eduardo Mart\u00ednez \u00e9 autor do livro \u201957 Contos e Cr\u00f4nicas por um Autor Muito Velho\u2019 (Vencedor do Pr\u00eamio Liter\u00e1rio Clarice Lispector \u2013 2025 na categoria livro de contos).<\/strong><\/p>\n<p><strong>Compre aqui<\/strong><\/p>\n<p><a href=\"https:\/\/www.joanineditora.com.br\/57-contos-e-cronicas-por-um-autor-muito-velho\"><strong>https:\/\/www.joanineditora.com.br\/57-contos-e-cronicas-por-um-autor-muito-velho<\/strong><\/a><\/p>\n","protected":false},"excerpt":{"rendered":"<p>H\u00e1 pessoas que passam por nossa vida e logo s\u00e3o descartadas. N\u00e3o por serem insignificantes ou desmerecedoras de lembran\u00e7as. Diria que simplesmente n\u00e3o nos marcaram de modo profundo como outras. E digo mais, existem indiv\u00edduos que, apesar da quase completa falta de afinidades intelectuais, ainda assim nos s\u00e3o caras. Fabiano. Ah, o Fabiano! Um tipo [&hellip;]<\/p>\n","protected":false},"author":21,"featured_media":386568,"comment_status":"closed","ping_status":"closed","sticky":false,"template":"","format":"standard","meta":{"_acf_changed":false,"footnotes":""},"categories":[161],"tags":[],"class_list":["post-386567","post","type-post","status-publish","format-standard","has-post-thumbnail","hentry","category-quadradinho-em-foco"],"acf":[],"yoast_head":"<!-- This site is optimized with the Yoast SEO plugin v27.2 - https:\/\/yoast.com\/product\/yoast-seo-wordpress\/ -->\n<title>Amigo \u00e9 amigo e pronto - Notibras<\/title>\n<meta name=\"robots\" content=\"index, follow, max-snippet:-1, max-image-preview:large, max-video-preview:-1\" \/>\n<link rel=\"canonical\" href=\"https:\/\/www.notibras.com\/site\/amigo-e-amigo-e-pronto\/\" \/>\n<meta property=\"og:locale\" content=\"pt_BR\" \/>\n<meta property=\"og:type\" content=\"article\" \/>\n<meta property=\"og:title\" content=\"Amigo \u00e9 amigo e pronto - Notibras\" \/>\n<meta property=\"og:description\" content=\"H\u00e1 pessoas que passam por nossa vida e logo s\u00e3o descartadas. N\u00e3o por serem insignificantes ou desmerecedoras de lembran\u00e7as. Diria que simplesmente n\u00e3o nos marcaram de modo profundo como outras. E digo mais, existem indiv\u00edduos que, apesar da quase completa falta de afinidades intelectuais, ainda assim nos s\u00e3o caras. Fabiano. Ah, o Fabiano! Um tipo [&hellip;]\" \/>\n<meta property=\"og:url\" content=\"https:\/\/www.notibras.com\/site\/amigo-e-amigo-e-pronto\/\" \/>\n<meta property=\"og:site_name\" content=\"Notibras\" \/>\n<meta property=\"article:publisher\" content=\"https:\/\/www.facebook.com\/notibras\/\" \/>\n<meta property=\"article:published_time\" content=\"2026-03-12T05:00:26+00:00\" \/>\n<meta property=\"og:image\" content=\"https:\/\/www.notibras.com\/site\/wp-content\/uploads\/2026\/03\/WhatsApp-Image-2026-03-11-at-23.43.37.jpeg\" \/>\n\t<meta property=\"og:image:width\" content=\"970\" \/>\n\t<meta property=\"og:image:height\" content=\"527\" \/>\n\t<meta property=\"og:image:type\" content=\"image\/jpeg\" \/>\n<meta name=\"author\" content=\"Eduardo Mart\u00ednez\" \/>\n<meta name=\"twitter:card\" content=\"summary_large_image\" \/>\n<meta name=\"twitter:creator\" content=\"@Notibras\" \/>\n<meta name=\"twitter:site\" content=\"@Notibras\" \/>\n<meta name=\"twitter:label1\" content=\"Escrito por\" \/>\n\t<meta name=\"twitter:data1\" content=\"Eduardo Mart\u00ednez\" \/>\n\t<meta name=\"twitter:label2\" content=\"Est. tempo de leitura\" \/>\n\t<meta name=\"twitter:data2\" content=\"3 minutos\" \/>\n<script type=\"application\/ld+json\" class=\"yoast-schema-graph\">{\"@context\":\"https:\/\/schema.org\",\"@graph\":[{\"@type\":\"Article\",\"@id\":\"https:\/\/www.notibras.com\/site\/amigo-e-amigo-e-pronto\/#article\",\"isPartOf\":{\"@id\":\"https:\/\/www.notibras.com\/site\/amigo-e-amigo-e-pronto\/\"},\"author\":{\"name\":\"Eduardo Mart\u00ednez\",\"@id\":\"https:\/\/www.notibras.com\/site\/#\/schema\/person\/5b7fabf2aedc3ada2105f03b22b4d3dd\"},\"headline\":\"Amigo \u00e9 amigo e pronto\",\"datePublished\":\"2026-03-12T05:00:26+00:00\",\"mainEntityOfPage\":{\"@id\":\"https:\/\/www.notibras.com\/site\/amigo-e-amigo-e-pronto\/\"},\"wordCount\":454,\"publisher\":{\"@id\":\"https:\/\/www.notibras.com\/site\/#organization\"},\"image\":{\"@id\":\"https:\/\/www.notibras.com\/site\/amigo-e-amigo-e-pronto\/#primaryimage\"},\"thumbnailUrl\":\"https:\/\/www.notibras.com\/site\/wp-content\/uploads\/2026\/03\/WhatsApp-Image-2026-03-11-at-23.43.37.jpeg\",\"articleSection\":[\"Quadradinho em Foco\"],\"inLanguage\":\"pt-BR\"},{\"@type\":\"WebPage\",\"@id\":\"https:\/\/www.notibras.com\/site\/amigo-e-amigo-e-pronto\/\",\"url\":\"https:\/\/www.notibras.com\/site\/amigo-e-amigo-e-pronto\/\",\"name\":\"Amigo \u00e9 amigo e pronto - Notibras\",\"isPartOf\":{\"@id\":\"https:\/\/www.notibras.com\/site\/#website\"},\"primaryImageOfPage\":{\"@id\":\"https:\/\/www.notibras.com\/site\/amigo-e-amigo-e-pronto\/#primaryimage\"},\"image\":{\"@id\":\"https:\/\/www.notibras.com\/site\/amigo-e-amigo-e-pronto\/#primaryimage\"},\"thumbnailUrl\":\"https:\/\/www.notibras.com\/site\/wp-content\/uploads\/2026\/03\/WhatsApp-Image-2026-03-11-at-23.43.37.jpeg\",\"datePublished\":\"2026-03-12T05:00:26+00:00\",\"breadcrumb\":{\"@id\":\"https:\/\/www.notibras.com\/site\/amigo-e-amigo-e-pronto\/#breadcrumb\"},\"inLanguage\":\"pt-BR\",\"potentialAction\":[{\"@type\":\"ReadAction\",\"target\":[\"https:\/\/www.notibras.com\/site\/amigo-e-amigo-e-pronto\/\"]}]},{\"@type\":\"ImageObject\",\"inLanguage\":\"pt-BR\",\"@id\":\"https:\/\/www.notibras.com\/site\/amigo-e-amigo-e-pronto\/#primaryimage\",\"url\":\"https:\/\/www.notibras.com\/site\/wp-content\/uploads\/2026\/03\/WhatsApp-Image-2026-03-11-at-23.43.37.jpeg\",\"contentUrl\":\"https:\/\/www.notibras.com\/site\/wp-content\/uploads\/2026\/03\/WhatsApp-Image-2026-03-11-at-23.43.37.jpeg\",\"width\":970,\"height\":527},{\"@type\":\"BreadcrumbList\",\"@id\":\"https:\/\/www.notibras.com\/site\/amigo-e-amigo-e-pronto\/#breadcrumb\",\"itemListElement\":[{\"@type\":\"ListItem\",\"position\":1,\"name\":\"In\u00edcio\",\"item\":\"https:\/\/www.notibras.com\/site\/\"},{\"@type\":\"ListItem\",\"position\":2,\"name\":\"Amigo \u00e9 amigo e pronto\"}]},{\"@type\":\"WebSite\",\"@id\":\"https:\/\/www.notibras.com\/site\/#website\",\"url\":\"https:\/\/www.notibras.com\/site\/\",\"name\":\"Notibras\",\"description\":\"Not\u00edcias de Bras\u00edlia, do Brasil e do Mundo\",\"publisher\":{\"@id\":\"https:\/\/www.notibras.com\/site\/#organization\"},\"potentialAction\":[{\"@type\":\"SearchAction\",\"target\":{\"@type\":\"EntryPoint\",\"urlTemplate\":\"https:\/\/www.notibras.com\/site\/?s={search_term_string}\"},\"query-input\":{\"@type\":\"PropertyValueSpecification\",\"valueRequired\":true,\"valueName\":\"search_term_string\"}}],\"inLanguage\":\"pt-BR\"},{\"@type\":\"Organization\",\"@id\":\"https:\/\/www.notibras.com\/site\/#organization\",\"name\":\"Grupo Notibras de Comunica\u00e7\u00e3o\",\"url\":\"https:\/\/www.notibras.com\/site\/\",\"logo\":{\"@type\":\"ImageObject\",\"inLanguage\":\"pt-BR\",\"@id\":\"https:\/\/www.notibras.com\/site\/#\/schema\/logo\/image\/\",\"url\":\"https:\/\/www.notibras.com\/site\/wp-content\/uploads\/2023\/01\/notibras23.png\",\"contentUrl\":\"https:\/\/www.notibras.com\/site\/wp-content\/uploads\/2023\/01\/notibras23.png\",\"width\":350,\"height\":87,\"caption\":\"Grupo Notibras de Comunica\u00e7\u00e3o\"},\"image\":{\"@id\":\"https:\/\/www.notibras.com\/site\/#\/schema\/logo\/image\/\"},\"sameAs\":[\"https:\/\/www.facebook.com\/notibras\/\",\"https:\/\/x.com\/Notibras\",\"https:\/\/www.instagram.com\/notibras\/\"]},{\"@type\":\"Person\",\"@id\":\"https:\/\/www.notibras.com\/site\/#\/schema\/person\/5b7fabf2aedc3ada2105f03b22b4d3dd\",\"name\":\"Eduardo Mart\u00ednez\",\"image\":{\"@type\":\"ImageObject\",\"inLanguage\":\"pt-BR\",\"@id\":\"https:\/\/secure.gravatar.com\/avatar\/7902f906289926289cbcda644b5197c796b893c6ffd7b9a536a42d290f7704a0?s=96&d=mm&r=g\",\"url\":\"https:\/\/secure.gravatar.com\/avatar\/7902f906289926289cbcda644b5197c796b893c6ffd7b9a536a42d290f7704a0?s=96&d=mm&r=g\",\"contentUrl\":\"https:\/\/secure.gravatar.com\/avatar\/7902f906289926289cbcda644b5197c796b893c6ffd7b9a536a42d290f7704a0?s=96&d=mm&r=g\",\"caption\":\"Eduardo Mart\u00ednez\"}}]}<\/script>\n<!-- \/ Yoast SEO plugin. -->","yoast_head_json":{"title":"Amigo \u00e9 amigo e pronto - Notibras","robots":{"index":"index","follow":"follow","max-snippet":"max-snippet:-1","max-image-preview":"max-image-preview:large","max-video-preview":"max-video-preview:-1"},"canonical":"https:\/\/www.notibras.com\/site\/amigo-e-amigo-e-pronto\/","og_locale":"pt_BR","og_type":"article","og_title":"Amigo \u00e9 amigo e pronto - Notibras","og_description":"H\u00e1 pessoas que passam por nossa vida e logo s\u00e3o descartadas. N\u00e3o por serem insignificantes ou desmerecedoras de lembran\u00e7as. Diria que simplesmente n\u00e3o nos marcaram de modo profundo como outras. E digo mais, existem indiv\u00edduos que, apesar da quase completa falta de afinidades intelectuais, ainda assim nos s\u00e3o caras. Fabiano. Ah, o Fabiano! Um tipo [&hellip;]","og_url":"https:\/\/www.notibras.com\/site\/amigo-e-amigo-e-pronto\/","og_site_name":"Notibras","article_publisher":"https:\/\/www.facebook.com\/notibras\/","article_published_time":"2026-03-12T05:00:26+00:00","og_image":[{"width":970,"height":527,"url":"https:\/\/www.notibras.com\/site\/wp-content\/uploads\/2026\/03\/WhatsApp-Image-2026-03-11-at-23.43.37.jpeg","type":"image\/jpeg"}],"author":"Eduardo Mart\u00ednez","twitter_card":"summary_large_image","twitter_creator":"@Notibras","twitter_site":"@Notibras","twitter_misc":{"Escrito por":"Eduardo Mart\u00ednez","Est. tempo de leitura":"3 minutos"},"schema":{"@context":"https:\/\/schema.org","@graph":[{"@type":"Article","@id":"https:\/\/www.notibras.com\/site\/amigo-e-amigo-e-pronto\/#article","isPartOf":{"@id":"https:\/\/www.notibras.com\/site\/amigo-e-amigo-e-pronto\/"},"author":{"name":"Eduardo Mart\u00ednez","@id":"https:\/\/www.notibras.com\/site\/#\/schema\/person\/5b7fabf2aedc3ada2105f03b22b4d3dd"},"headline":"Amigo \u00e9 amigo e pronto","datePublished":"2026-03-12T05:00:26+00:00","mainEntityOfPage":{"@id":"https:\/\/www.notibras.com\/site\/amigo-e-amigo-e-pronto\/"},"wordCount":454,"publisher":{"@id":"https:\/\/www.notibras.com\/site\/#organization"},"image":{"@id":"https:\/\/www.notibras.com\/site\/amigo-e-amigo-e-pronto\/#primaryimage"},"thumbnailUrl":"https:\/\/www.notibras.com\/site\/wp-content\/uploads\/2026\/03\/WhatsApp-Image-2026-03-11-at-23.43.37.jpeg","articleSection":["Quadradinho em Foco"],"inLanguage":"pt-BR"},{"@type":"WebPage","@id":"https:\/\/www.notibras.com\/site\/amigo-e-amigo-e-pronto\/","url":"https:\/\/www.notibras.com\/site\/amigo-e-amigo-e-pronto\/","name":"Amigo \u00e9 amigo e pronto - Notibras","isPartOf":{"@id":"https:\/\/www.notibras.com\/site\/#website"},"primaryImageOfPage":{"@id":"https:\/\/www.notibras.com\/site\/amigo-e-amigo-e-pronto\/#primaryimage"},"image":{"@id":"https:\/\/www.notibras.com\/site\/amigo-e-amigo-e-pronto\/#primaryimage"},"thumbnailUrl":"https:\/\/www.notibras.com\/site\/wp-content\/uploads\/2026\/03\/WhatsApp-Image-2026-03-11-at-23.43.37.jpeg","datePublished":"2026-03-12T05:00:26+00:00","breadcrumb":{"@id":"https:\/\/www.notibras.com\/site\/amigo-e-amigo-e-pronto\/#breadcrumb"},"inLanguage":"pt-BR","potentialAction":[{"@type":"ReadAction","target":["https:\/\/www.notibras.com\/site\/amigo-e-amigo-e-pronto\/"]}]},{"@type":"ImageObject","inLanguage":"pt-BR","@id":"https:\/\/www.notibras.com\/site\/amigo-e-amigo-e-pronto\/#primaryimage","url":"https:\/\/www.notibras.com\/site\/wp-content\/uploads\/2026\/03\/WhatsApp-Image-2026-03-11-at-23.43.37.jpeg","contentUrl":"https:\/\/www.notibras.com\/site\/wp-content\/uploads\/2026\/03\/WhatsApp-Image-2026-03-11-at-23.43.37.jpeg","width":970,"height":527},{"@type":"BreadcrumbList","@id":"https:\/\/www.notibras.com\/site\/amigo-e-amigo-e-pronto\/#breadcrumb","itemListElement":[{"@type":"ListItem","position":1,"name":"In\u00edcio","item":"https:\/\/www.notibras.com\/site\/"},{"@type":"ListItem","position":2,"name":"Amigo \u00e9 amigo e pronto"}]},{"@type":"WebSite","@id":"https:\/\/www.notibras.com\/site\/#website","url":"https:\/\/www.notibras.com\/site\/","name":"Notibras","description":"Not\u00edcias de Bras\u00edlia, do Brasil e do Mundo","publisher":{"@id":"https:\/\/www.notibras.com\/site\/#organization"},"potentialAction":[{"@type":"SearchAction","target":{"@type":"EntryPoint","urlTemplate":"https:\/\/www.notibras.com\/site\/?s={search_term_string}"},"query-input":{"@type":"PropertyValueSpecification","valueRequired":true,"valueName":"search_term_string"}}],"inLanguage":"pt-BR"},{"@type":"Organization","@id":"https:\/\/www.notibras.com\/site\/#organization","name":"Grupo Notibras de Comunica\u00e7\u00e3o","url":"https:\/\/www.notibras.com\/site\/","logo":{"@type":"ImageObject","inLanguage":"pt-BR","@id":"https:\/\/www.notibras.com\/site\/#\/schema\/logo\/image\/","url":"https:\/\/www.notibras.com\/site\/wp-content\/uploads\/2023\/01\/notibras23.png","contentUrl":"https:\/\/www.notibras.com\/site\/wp-content\/uploads\/2023\/01\/notibras23.png","width":350,"height":87,"caption":"Grupo Notibras de Comunica\u00e7\u00e3o"},"image":{"@id":"https:\/\/www.notibras.com\/site\/#\/schema\/logo\/image\/"},"sameAs":["https:\/\/www.facebook.com\/notibras\/","https:\/\/x.com\/Notibras","https:\/\/www.instagram.com\/notibras\/"]},{"@type":"Person","@id":"https:\/\/www.notibras.com\/site\/#\/schema\/person\/5b7fabf2aedc3ada2105f03b22b4d3dd","name":"Eduardo Mart\u00ednez","image":{"@type":"ImageObject","inLanguage":"pt-BR","@id":"https:\/\/secure.gravatar.com\/avatar\/7902f906289926289cbcda644b5197c796b893c6ffd7b9a536a42d290f7704a0?s=96&d=mm&r=g","url":"https:\/\/secure.gravatar.com\/avatar\/7902f906289926289cbcda644b5197c796b893c6ffd7b9a536a42d290f7704a0?s=96&d=mm&r=g","contentUrl":"https:\/\/secure.gravatar.com\/avatar\/7902f906289926289cbcda644b5197c796b893c6ffd7b9a536a42d290f7704a0?s=96&d=mm&r=g","caption":"Eduardo Mart\u00ednez"}}]}},"amp_enabled":true,"_links":{"self":[{"href":"https:\/\/www.notibras.com\/site\/wp-json\/wp\/v2\/posts\/386567","targetHints":{"allow":["GET"]}}],"collection":[{"href":"https:\/\/www.notibras.com\/site\/wp-json\/wp\/v2\/posts"}],"about":[{"href":"https:\/\/www.notibras.com\/site\/wp-json\/wp\/v2\/types\/post"}],"author":[{"embeddable":true,"href":"https:\/\/www.notibras.com\/site\/wp-json\/wp\/v2\/users\/21"}],"replies":[{"embeddable":true,"href":"https:\/\/www.notibras.com\/site\/wp-json\/wp\/v2\/comments?post=386567"}],"version-history":[{"count":2,"href":"https:\/\/www.notibras.com\/site\/wp-json\/wp\/v2\/posts\/386567\/revisions"}],"predecessor-version":[{"id":386570,"href":"https:\/\/www.notibras.com\/site\/wp-json\/wp\/v2\/posts\/386567\/revisions\/386570"}],"wp:featuredmedia":[{"embeddable":true,"href":"https:\/\/www.notibras.com\/site\/wp-json\/wp\/v2\/media\/386568"}],"wp:attachment":[{"href":"https:\/\/www.notibras.com\/site\/wp-json\/wp\/v2\/media?parent=386567"}],"wp:term":[{"taxonomy":"category","embeddable":true,"href":"https:\/\/www.notibras.com\/site\/wp-json\/wp\/v2\/categories?post=386567"},{"taxonomy":"post_tag","embeddable":true,"href":"https:\/\/www.notibras.com\/site\/wp-json\/wp\/v2\/tags?post=386567"}],"curies":[{"name":"wp","href":"https:\/\/api.w.org\/{rel}","templated":true}]}}