{"id":386584,"date":"2026-03-12T01:00:27","date_gmt":"2026-03-12T04:00:27","guid":{"rendered":"https:\/\/www.notibras.com\/site\/?p=386584"},"modified":"2026-03-12T00:15:04","modified_gmt":"2026-03-12T03:15:04","slug":"gramado-central-da-esplanada-dos-ministerios-passa-por-recuperacao","status":"publish","type":"post","link":"https:\/\/www.notibras.com\/site\/gramado-central-da-esplanada-dos-ministerios-passa-por-recuperacao\/","title":{"rendered":"Gramado central da Esplanada dos Minist\u00e9rios passa por recupera\u00e7\u00e3o"},"content":{"rendered":"<p>A Companhia de Urbaniza\u00e7\u00e3o da Nova Capital do Brasil (Novacap) iniciou uma opera\u00e7\u00e3o para recuperar o gramado central da Esplanada dos Minist\u00e9rios. Uma \u00e1rea de 65 mil m\u00b2 sofreu danos estruturais ap\u00f3s a realiza\u00e7\u00e3o do evento Nosso Natal, quando o tr\u00e2nsito de ve\u00edculos pesados e a montagem de estruturas comprometeram a sa\u00fade do solo.<\/p>\n<p>Embora o dano parecesse superficial \u00e0 primeira vista, o diagn\u00f3stico t\u00e9cnico da Novacap revelou um cen\u00e1rio mais complexo. Segundo o diretor de Cidades da Companhia, Raimundo Oliveira Silva, o impacto n\u00e3o foi apenas est\u00e9tico. \u201cOs caminh\u00f5es que ali transitaram, al\u00e9m de matar a grama, compactaram o solo. Houve a necessidade de cortar toda a \u00e1rea danificada antes do destorroamento e nivelamento para darmos in\u00edcio ao plantio\u201d, explica o diretor.<\/p>\n<p>Para garantir a durabilidade e a est\u00e9tica do cart\u00e3o-postal brasiliense, a Novacap optou pela utiliza\u00e7\u00e3o da esp\u00e9cie Paspalum notatum, popularmente conhecida como grama Batatais. A escolha se deu porque a esp\u00e9cie \u00e9 altamente resistente ao pisoteio e apresenta grande capacidade de adapta\u00e7\u00e3o ao solo e ao clima do Distrito Federal.<\/p>\n<p>O processo de recupera\u00e7\u00e3o come\u00e7ou com a limpeza completa da \u00e1rea para a retirada de pedras e entulhos, seguida pela escarifica\u00e7\u00e3o (incis\u00f5es superficiais) do terreno para reverter a compacta\u00e7\u00e3o. Na sequ\u00eancia, as equipes realizaram o destorroamento e a aplica\u00e7\u00e3o de aduba\u00e7\u00e3o incorporada, preparando a base necess\u00e1ria para o in\u00edcio do plantio e a recomposi\u00e7\u00e3o da cobertura vegetal. Com esse fluxo de trabalho intensivo, a obra j\u00e1 atingiu a marca de 60% de conclus\u00e3o.<\/p>\n<p>Apesar de a Novacap executar a obra pela expertise t\u00e9cnica e pela import\u00e2ncia do local para o Distrito Federal, os custos da opera\u00e7\u00e3o, estimados em R$ 1,5 milh\u00e3o, ser\u00e3o integralmente custeados pela Secretaria de Cultura e Economia Criativa (Secec-DF), pasta respons\u00e1vel pelo evento que gerou a demanda.<\/p>\n<p>Mesmo diante de um per\u00edodo que alterna chuvas intensas, a Novacap mant\u00e9m o foco na preserva\u00e7\u00e3o do novo plantio. \u201cAp\u00f3s o plantio, ser\u00e1 feito o monitoramento e a manuten\u00e7\u00e3o constante da \u00e1rea com rega, limpeza e aduba\u00e7\u00e3o\u201d, garante Raimundo Oliveira Silva.<\/p>\n<p>A expectativa \u00e9 que, ap\u00f3s esse per\u00edodo de cuidados intensivos para que a grama se fixe ao solo, o tapete verde da Esplanada seja completamente restabelecido e liberado para o uso da popula\u00e7\u00e3o. \u201cNosso compromisso \u00e9 seguir trabalhando para recuperar e preservar os espa\u00e7os p\u00fablicos, garantindo que a popula\u00e7\u00e3o volte a usufruir plenamente desse importante patrim\u00f4nio de nossa cidade\u201d, conclui o diretor.<\/p>\n","protected":false},"excerpt":{"rendered":"<p>A Companhia de Urbaniza\u00e7\u00e3o da Nova Capital do Brasil (Novacap) iniciou uma opera\u00e7\u00e3o para recuperar o gramado central da Esplanada dos Minist\u00e9rios. Uma \u00e1rea de 65 mil m\u00b2 sofreu danos estruturais ap\u00f3s a realiza\u00e7\u00e3o do evento Nosso Natal, quando o tr\u00e2nsito de ve\u00edculos pesados e a montagem de estruturas comprometeram a sa\u00fade do solo. Embora [&hellip;]<\/p>\n","protected":false},"author":21,"featured_media":386585,"comment_status":"closed","ping_status":"closed","sticky":false,"template":"","format":"standard","meta":{"_acf_changed":false,"footnotes":""},"categories":[161],"tags":[],"class_list":["post-386584","post","type-post","status-publish","format-standard","has-post-thumbnail","hentry","category-quadradinho-em-foco"],"acf":[],"yoast_head":"<!-- This site is optimized with the Yoast SEO plugin v27.2 - https:\/\/yoast.com\/product\/yoast-seo-wordpress\/ -->\n<title>Gramado central da Esplanada dos Minist\u00e9rios passa por recupera\u00e7\u00e3o - Notibras<\/title>\n<meta name=\"robots\" content=\"index, follow, max-snippet:-1, max-image-preview:large, max-video-preview:-1\" \/>\n<link rel=\"canonical\" href=\"https:\/\/www.notibras.com\/site\/gramado-central-da-esplanada-dos-ministerios-passa-por-recuperacao\/\" \/>\n<meta property=\"og:locale\" content=\"pt_BR\" \/>\n<meta property=\"og:type\" content=\"article\" \/>\n<meta property=\"og:title\" content=\"Gramado central da Esplanada dos Minist\u00e9rios passa por recupera\u00e7\u00e3o - Notibras\" \/>\n<meta property=\"og:description\" content=\"A Companhia de Urbaniza\u00e7\u00e3o da Nova Capital do Brasil (Novacap) iniciou uma opera\u00e7\u00e3o para recuperar o gramado central da Esplanada dos Minist\u00e9rios. Uma \u00e1rea de 65 mil m\u00b2 sofreu danos estruturais ap\u00f3s a realiza\u00e7\u00e3o do evento Nosso Natal, quando o tr\u00e2nsito de ve\u00edculos pesados e a montagem de estruturas comprometeram a sa\u00fade do solo. Embora [&hellip;]\" \/>\n<meta property=\"og:url\" content=\"https:\/\/www.notibras.com\/site\/gramado-central-da-esplanada-dos-ministerios-passa-por-recuperacao\/\" \/>\n<meta property=\"og:site_name\" content=\"Notibras\" \/>\n<meta property=\"article:publisher\" content=\"https:\/\/www.facebook.com\/notibras\/\" \/>\n<meta property=\"article:published_time\" content=\"2026-03-12T04:00:27+00:00\" \/>\n<meta property=\"og:image\" content=\"https:\/\/www.notibras.com\/site\/wp-content\/uploads\/2026\/03\/WhatsApp-Image-2026-03-11-at-16.57.24-2.jpeg\" \/>\n\t<meta property=\"og:image:width\" content=\"1600\" \/>\n\t<meta property=\"og:image:height\" content=\"1066\" \/>\n\t<meta property=\"og:image:type\" content=\"image\/jpeg\" \/>\n<meta name=\"author\" content=\"Eduardo Mart\u00ednez\" \/>\n<meta name=\"twitter:card\" content=\"summary_large_image\" \/>\n<meta name=\"twitter:creator\" content=\"@Notibras\" \/>\n<meta name=\"twitter:site\" content=\"@Notibras\" \/>\n<meta name=\"twitter:label1\" content=\"Escrito por\" \/>\n\t<meta name=\"twitter:data1\" content=\"Eduardo Mart\u00ednez\" \/>\n\t<meta name=\"twitter:label2\" content=\"Est. tempo de leitura\" \/>\n\t<meta name=\"twitter:data2\" content=\"3 minutos\" \/>\n<script type=\"application\/ld+json\" class=\"yoast-schema-graph\">{\"@context\":\"https:\/\/schema.org\",\"@graph\":[{\"@type\":\"Article\",\"@id\":\"https:\/\/www.notibras.com\/site\/gramado-central-da-esplanada-dos-ministerios-passa-por-recuperacao\/#article\",\"isPartOf\":{\"@id\":\"https:\/\/www.notibras.com\/site\/gramado-central-da-esplanada-dos-ministerios-passa-por-recuperacao\/\"},\"author\":{\"name\":\"Eduardo Mart\u00ednez\",\"@id\":\"https:\/\/www.notibras.com\/site\/#\/schema\/person\/5b7fabf2aedc3ada2105f03b22b4d3dd\"},\"headline\":\"Gramado central da Esplanada dos Minist\u00e9rios passa por recupera\u00e7\u00e3o\",\"datePublished\":\"2026-03-12T04:00:27+00:00\",\"mainEntityOfPage\":{\"@id\":\"https:\/\/www.notibras.com\/site\/gramado-central-da-esplanada-dos-ministerios-passa-por-recuperacao\/\"},\"wordCount\":453,\"publisher\":{\"@id\":\"https:\/\/www.notibras.com\/site\/#organization\"},\"image\":{\"@id\":\"https:\/\/www.notibras.com\/site\/gramado-central-da-esplanada-dos-ministerios-passa-por-recuperacao\/#primaryimage\"},\"thumbnailUrl\":\"https:\/\/www.notibras.com\/site\/wp-content\/uploads\/2026\/03\/WhatsApp-Image-2026-03-11-at-16.57.24-2.jpeg\",\"articleSection\":[\"Quadradinho em Foco\"],\"inLanguage\":\"pt-BR\"},{\"@type\":\"WebPage\",\"@id\":\"https:\/\/www.notibras.com\/site\/gramado-central-da-esplanada-dos-ministerios-passa-por-recuperacao\/\",\"url\":\"https:\/\/www.notibras.com\/site\/gramado-central-da-esplanada-dos-ministerios-passa-por-recuperacao\/\",\"name\":\"Gramado central da Esplanada dos Minist\u00e9rios passa por recupera\u00e7\u00e3o - Notibras\",\"isPartOf\":{\"@id\":\"https:\/\/www.notibras.com\/site\/#website\"},\"primaryImageOfPage\":{\"@id\":\"https:\/\/www.notibras.com\/site\/gramado-central-da-esplanada-dos-ministerios-passa-por-recuperacao\/#primaryimage\"},\"image\":{\"@id\":\"https:\/\/www.notibras.com\/site\/gramado-central-da-esplanada-dos-ministerios-passa-por-recuperacao\/#primaryimage\"},\"thumbnailUrl\":\"https:\/\/www.notibras.com\/site\/wp-content\/uploads\/2026\/03\/WhatsApp-Image-2026-03-11-at-16.57.24-2.jpeg\",\"datePublished\":\"2026-03-12T04:00:27+00:00\",\"breadcrumb\":{\"@id\":\"https:\/\/www.notibras.com\/site\/gramado-central-da-esplanada-dos-ministerios-passa-por-recuperacao\/#breadcrumb\"},\"inLanguage\":\"pt-BR\",\"potentialAction\":[{\"@type\":\"ReadAction\",\"target\":[\"https:\/\/www.notibras.com\/site\/gramado-central-da-esplanada-dos-ministerios-passa-por-recuperacao\/\"]}]},{\"@type\":\"ImageObject\",\"inLanguage\":\"pt-BR\",\"@id\":\"https:\/\/www.notibras.com\/site\/gramado-central-da-esplanada-dos-ministerios-passa-por-recuperacao\/#primaryimage\",\"url\":\"https:\/\/www.notibras.com\/site\/wp-content\/uploads\/2026\/03\/WhatsApp-Image-2026-03-11-at-16.57.24-2.jpeg\",\"contentUrl\":\"https:\/\/www.notibras.com\/site\/wp-content\/uploads\/2026\/03\/WhatsApp-Image-2026-03-11-at-16.57.24-2.jpeg\",\"width\":1600,\"height\":1066},{\"@type\":\"BreadcrumbList\",\"@id\":\"https:\/\/www.notibras.com\/site\/gramado-central-da-esplanada-dos-ministerios-passa-por-recuperacao\/#breadcrumb\",\"itemListElement\":[{\"@type\":\"ListItem\",\"position\":1,\"name\":\"In\u00edcio\",\"item\":\"https:\/\/www.notibras.com\/site\/\"},{\"@type\":\"ListItem\",\"position\":2,\"name\":\"Gramado central da Esplanada dos Minist\u00e9rios passa por recupera\u00e7\u00e3o\"}]},{\"@type\":\"WebSite\",\"@id\":\"https:\/\/www.notibras.com\/site\/#website\",\"url\":\"https:\/\/www.notibras.com\/site\/\",\"name\":\"Notibras\",\"description\":\"Not\u00edcias de Bras\u00edlia, do Brasil e do Mundo\",\"publisher\":{\"@id\":\"https:\/\/www.notibras.com\/site\/#organization\"},\"potentialAction\":[{\"@type\":\"SearchAction\",\"target\":{\"@type\":\"EntryPoint\",\"urlTemplate\":\"https:\/\/www.notibras.com\/site\/?s={search_term_string}\"},\"query-input\":{\"@type\":\"PropertyValueSpecification\",\"valueRequired\":true,\"valueName\":\"search_term_string\"}}],\"inLanguage\":\"pt-BR\"},{\"@type\":\"Organization\",\"@id\":\"https:\/\/www.notibras.com\/site\/#organization\",\"name\":\"Grupo Notibras de Comunica\u00e7\u00e3o\",\"url\":\"https:\/\/www.notibras.com\/site\/\",\"logo\":{\"@type\":\"ImageObject\",\"inLanguage\":\"pt-BR\",\"@id\":\"https:\/\/www.notibras.com\/site\/#\/schema\/logo\/image\/\",\"url\":\"https:\/\/www.notibras.com\/site\/wp-content\/uploads\/2023\/01\/notibras23.png\",\"contentUrl\":\"https:\/\/www.notibras.com\/site\/wp-content\/uploads\/2023\/01\/notibras23.png\",\"width\":350,\"height\":87,\"caption\":\"Grupo Notibras de Comunica\u00e7\u00e3o\"},\"image\":{\"@id\":\"https:\/\/www.notibras.com\/site\/#\/schema\/logo\/image\/\"},\"sameAs\":[\"https:\/\/www.facebook.com\/notibras\/\",\"https:\/\/x.com\/Notibras\",\"https:\/\/www.instagram.com\/notibras\/\"]},{\"@type\":\"Person\",\"@id\":\"https:\/\/www.notibras.com\/site\/#\/schema\/person\/5b7fabf2aedc3ada2105f03b22b4d3dd\",\"name\":\"Eduardo Mart\u00ednez\",\"image\":{\"@type\":\"ImageObject\",\"inLanguage\":\"pt-BR\",\"@id\":\"https:\/\/secure.gravatar.com\/avatar\/7902f906289926289cbcda644b5197c796b893c6ffd7b9a536a42d290f7704a0?s=96&d=mm&r=g\",\"url\":\"https:\/\/secure.gravatar.com\/avatar\/7902f906289926289cbcda644b5197c796b893c6ffd7b9a536a42d290f7704a0?s=96&d=mm&r=g\",\"contentUrl\":\"https:\/\/secure.gravatar.com\/avatar\/7902f906289926289cbcda644b5197c796b893c6ffd7b9a536a42d290f7704a0?s=96&d=mm&r=g\",\"caption\":\"Eduardo Mart\u00ednez\"}}]}<\/script>\n<!-- \/ Yoast SEO plugin. -->","yoast_head_json":{"title":"Gramado central da Esplanada dos Minist\u00e9rios passa por recupera\u00e7\u00e3o - Notibras","robots":{"index":"index","follow":"follow","max-snippet":"max-snippet:-1","max-image-preview":"max-image-preview:large","max-video-preview":"max-video-preview:-1"},"canonical":"https:\/\/www.notibras.com\/site\/gramado-central-da-esplanada-dos-ministerios-passa-por-recuperacao\/","og_locale":"pt_BR","og_type":"article","og_title":"Gramado central da Esplanada dos Minist\u00e9rios passa por recupera\u00e7\u00e3o - Notibras","og_description":"A Companhia de Urbaniza\u00e7\u00e3o da Nova Capital do Brasil (Novacap) iniciou uma opera\u00e7\u00e3o para recuperar o gramado central da Esplanada dos Minist\u00e9rios. Uma \u00e1rea de 65 mil m\u00b2 sofreu danos estruturais ap\u00f3s a realiza\u00e7\u00e3o do evento Nosso Natal, quando o tr\u00e2nsito de ve\u00edculos pesados e a montagem de estruturas comprometeram a sa\u00fade do solo. Embora [&hellip;]","og_url":"https:\/\/www.notibras.com\/site\/gramado-central-da-esplanada-dos-ministerios-passa-por-recuperacao\/","og_site_name":"Notibras","article_publisher":"https:\/\/www.facebook.com\/notibras\/","article_published_time":"2026-03-12T04:00:27+00:00","og_image":[{"width":1600,"height":1066,"url":"https:\/\/www.notibras.com\/site\/wp-content\/uploads\/2026\/03\/WhatsApp-Image-2026-03-11-at-16.57.24-2.jpeg","type":"image\/jpeg"}],"author":"Eduardo Mart\u00ednez","twitter_card":"summary_large_image","twitter_creator":"@Notibras","twitter_site":"@Notibras","twitter_misc":{"Escrito por":"Eduardo Mart\u00ednez","Est. tempo de leitura":"3 minutos"},"schema":{"@context":"https:\/\/schema.org","@graph":[{"@type":"Article","@id":"https:\/\/www.notibras.com\/site\/gramado-central-da-esplanada-dos-ministerios-passa-por-recuperacao\/#article","isPartOf":{"@id":"https:\/\/www.notibras.com\/site\/gramado-central-da-esplanada-dos-ministerios-passa-por-recuperacao\/"},"author":{"name":"Eduardo Mart\u00ednez","@id":"https:\/\/www.notibras.com\/site\/#\/schema\/person\/5b7fabf2aedc3ada2105f03b22b4d3dd"},"headline":"Gramado central da Esplanada dos Minist\u00e9rios passa por recupera\u00e7\u00e3o","datePublished":"2026-03-12T04:00:27+00:00","mainEntityOfPage":{"@id":"https:\/\/www.notibras.com\/site\/gramado-central-da-esplanada-dos-ministerios-passa-por-recuperacao\/"},"wordCount":453,"publisher":{"@id":"https:\/\/www.notibras.com\/site\/#organization"},"image":{"@id":"https:\/\/www.notibras.com\/site\/gramado-central-da-esplanada-dos-ministerios-passa-por-recuperacao\/#primaryimage"},"thumbnailUrl":"https:\/\/www.notibras.com\/site\/wp-content\/uploads\/2026\/03\/WhatsApp-Image-2026-03-11-at-16.57.24-2.jpeg","articleSection":["Quadradinho em Foco"],"inLanguage":"pt-BR"},{"@type":"WebPage","@id":"https:\/\/www.notibras.com\/site\/gramado-central-da-esplanada-dos-ministerios-passa-por-recuperacao\/","url":"https:\/\/www.notibras.com\/site\/gramado-central-da-esplanada-dos-ministerios-passa-por-recuperacao\/","name":"Gramado central da Esplanada dos Minist\u00e9rios passa por recupera\u00e7\u00e3o - Notibras","isPartOf":{"@id":"https:\/\/www.notibras.com\/site\/#website"},"primaryImageOfPage":{"@id":"https:\/\/www.notibras.com\/site\/gramado-central-da-esplanada-dos-ministerios-passa-por-recuperacao\/#primaryimage"},"image":{"@id":"https:\/\/www.notibras.com\/site\/gramado-central-da-esplanada-dos-ministerios-passa-por-recuperacao\/#primaryimage"},"thumbnailUrl":"https:\/\/www.notibras.com\/site\/wp-content\/uploads\/2026\/03\/WhatsApp-Image-2026-03-11-at-16.57.24-2.jpeg","datePublished":"2026-03-12T04:00:27+00:00","breadcrumb":{"@id":"https:\/\/www.notibras.com\/site\/gramado-central-da-esplanada-dos-ministerios-passa-por-recuperacao\/#breadcrumb"},"inLanguage":"pt-BR","potentialAction":[{"@type":"ReadAction","target":["https:\/\/www.notibras.com\/site\/gramado-central-da-esplanada-dos-ministerios-passa-por-recuperacao\/"]}]},{"@type":"ImageObject","inLanguage":"pt-BR","@id":"https:\/\/www.notibras.com\/site\/gramado-central-da-esplanada-dos-ministerios-passa-por-recuperacao\/#primaryimage","url":"https:\/\/www.notibras.com\/site\/wp-content\/uploads\/2026\/03\/WhatsApp-Image-2026-03-11-at-16.57.24-2.jpeg","contentUrl":"https:\/\/www.notibras.com\/site\/wp-content\/uploads\/2026\/03\/WhatsApp-Image-2026-03-11-at-16.57.24-2.jpeg","width":1600,"height":1066},{"@type":"BreadcrumbList","@id":"https:\/\/www.notibras.com\/site\/gramado-central-da-esplanada-dos-ministerios-passa-por-recuperacao\/#breadcrumb","itemListElement":[{"@type":"ListItem","position":1,"name":"In\u00edcio","item":"https:\/\/www.notibras.com\/site\/"},{"@type":"ListItem","position":2,"name":"Gramado central da Esplanada dos Minist\u00e9rios passa por recupera\u00e7\u00e3o"}]},{"@type":"WebSite","@id":"https:\/\/www.notibras.com\/site\/#website","url":"https:\/\/www.notibras.com\/site\/","name":"Notibras","description":"Not\u00edcias de Bras\u00edlia, do Brasil e do Mundo","publisher":{"@id":"https:\/\/www.notibras.com\/site\/#organization"},"potentialAction":[{"@type":"SearchAction","target":{"@type":"EntryPoint","urlTemplate":"https:\/\/www.notibras.com\/site\/?s={search_term_string}"},"query-input":{"@type":"PropertyValueSpecification","valueRequired":true,"valueName":"search_term_string"}}],"inLanguage":"pt-BR"},{"@type":"Organization","@id":"https:\/\/www.notibras.com\/site\/#organization","name":"Grupo Notibras de Comunica\u00e7\u00e3o","url":"https:\/\/www.notibras.com\/site\/","logo":{"@type":"ImageObject","inLanguage":"pt-BR","@id":"https:\/\/www.notibras.com\/site\/#\/schema\/logo\/image\/","url":"https:\/\/www.notibras.com\/site\/wp-content\/uploads\/2023\/01\/notibras23.png","contentUrl":"https:\/\/www.notibras.com\/site\/wp-content\/uploads\/2023\/01\/notibras23.png","width":350,"height":87,"caption":"Grupo Notibras de Comunica\u00e7\u00e3o"},"image":{"@id":"https:\/\/www.notibras.com\/site\/#\/schema\/logo\/image\/"},"sameAs":["https:\/\/www.facebook.com\/notibras\/","https:\/\/x.com\/Notibras","https:\/\/www.instagram.com\/notibras\/"]},{"@type":"Person","@id":"https:\/\/www.notibras.com\/site\/#\/schema\/person\/5b7fabf2aedc3ada2105f03b22b4d3dd","name":"Eduardo Mart\u00ednez","image":{"@type":"ImageObject","inLanguage":"pt-BR","@id":"https:\/\/secure.gravatar.com\/avatar\/7902f906289926289cbcda644b5197c796b893c6ffd7b9a536a42d290f7704a0?s=96&d=mm&r=g","url":"https:\/\/secure.gravatar.com\/avatar\/7902f906289926289cbcda644b5197c796b893c6ffd7b9a536a42d290f7704a0?s=96&d=mm&r=g","contentUrl":"https:\/\/secure.gravatar.com\/avatar\/7902f906289926289cbcda644b5197c796b893c6ffd7b9a536a42d290f7704a0?s=96&d=mm&r=g","caption":"Eduardo Mart\u00ednez"}}]}},"amp_enabled":true,"_links":{"self":[{"href":"https:\/\/www.notibras.com\/site\/wp-json\/wp\/v2\/posts\/386584","targetHints":{"allow":["GET"]}}],"collection":[{"href":"https:\/\/www.notibras.com\/site\/wp-json\/wp\/v2\/posts"}],"about":[{"href":"https:\/\/www.notibras.com\/site\/wp-json\/wp\/v2\/types\/post"}],"author":[{"embeddable":true,"href":"https:\/\/www.notibras.com\/site\/wp-json\/wp\/v2\/users\/21"}],"replies":[{"embeddable":true,"href":"https:\/\/www.notibras.com\/site\/wp-json\/wp\/v2\/comments?post=386584"}],"version-history":[{"count":2,"href":"https:\/\/www.notibras.com\/site\/wp-json\/wp\/v2\/posts\/386584\/revisions"}],"predecessor-version":[{"id":386587,"href":"https:\/\/www.notibras.com\/site\/wp-json\/wp\/v2\/posts\/386584\/revisions\/386587"}],"wp:featuredmedia":[{"embeddable":true,"href":"https:\/\/www.notibras.com\/site\/wp-json\/wp\/v2\/media\/386585"}],"wp:attachment":[{"href":"https:\/\/www.notibras.com\/site\/wp-json\/wp\/v2\/media?parent=386584"}],"wp:term":[{"taxonomy":"category","embeddable":true,"href":"https:\/\/www.notibras.com\/site\/wp-json\/wp\/v2\/categories?post=386584"},{"taxonomy":"post_tag","embeddable":true,"href":"https:\/\/www.notibras.com\/site\/wp-json\/wp\/v2\/tags?post=386584"}],"curies":[{"name":"wp","href":"https:\/\/api.w.org\/{rel}","templated":true}]}}