{"id":386592,"date":"2026-03-12T02:15:17","date_gmt":"2026-03-12T05:15:17","guid":{"rendered":"https:\/\/www.notibras.com\/site\/?p=386592"},"modified":"2026-03-12T00:36:48","modified_gmt":"2026-03-12T03:36:48","slug":"lula-reafirma-a-altivez-da-politica-externa-brasileira","status":"publish","type":"post","link":"https:\/\/www.notibras.com\/site\/lula-reafirma-a-altivez-da-politica-externa-brasileira\/","title":{"rendered":"Lula reafirma a altivez da pol\u00edtica externa brasileira"},"content":{"rendered":"<p>A aus\u00eancia do presidente Luiz In\u00e1cio Lula da Silva na posse do novo presidente do Chile, Jos\u00e9 Antonio Kast, gerou coment\u00e1rios apressados de quem tenta reduzir a pol\u00edtica internacional a uma simples disputa ideol\u00f3gica. N\u00e3o se trata disso. Ao longo de sua trajet\u00f3ria, Lula j\u00e1 demonstrou in\u00fameras vezes que os interesses do Brasil est\u00e3o acima de qualquer alinhamento partid\u00e1rio ou diverg\u00eancia pol\u00edtica. Em diversas ocasi\u00f5es, o presidente brasileiro dialogou e manteve rela\u00e7\u00f5es institucionais com governantes de diferentes orienta\u00e7\u00f5es ideol\u00f3gicas, sempre priorizando a diplomacia e o papel do Brasil no cen\u00e1rio internacional.<\/p>\n<p>A decis\u00e3o de n\u00e3o comparecer \u00e0 cerim\u00f4nia, portanto, n\u00e3o se explica pelo fato de Kast ser um presidente identificado com a extrema direita. O motivo foi outro: entre os convidados estava tamb\u00e9m o principal advers\u00e1rio pol\u00edtico de Lula no Brasil, Flavio Bolsonaro. Em um evento diplom\u00e1tico dessa natureza, a presen\u00e7a simult\u00e2nea de ambos poderia deslocar o foco da cerim\u00f4nia e transform\u00e1-la em palco de disputa pol\u00edtica brasileira, algo que n\u00e3o interessa nem ao Brasil nem ao Chile.<\/p>\n<p>Al\u00e9m disso, h\u00e1 um elemento de princ\u00edpio na postura adotada pelo governo brasileiro. O Brasil \u00e9 um pa\u00eds que exige respeito de todas as na\u00e7\u00f5es, inclusive de pot\u00eancias como os Estados Unidos. Essa posi\u00e7\u00e3o de soberania e dignidade diplom\u00e1tica precisa ser mantida em qualquer circunst\u00e2ncia. Se o Brasil cobra respeito de grandes pot\u00eancias, naturalmente espera o mesmo tratamento de pa\u00edses amigos da regi\u00e3o. Nesse sentido, a decis\u00e3o de Lula foi tamb\u00e9m um gesto de afirma\u00e7\u00e3o institucional: a pol\u00edtica externa brasileira n\u00e3o se submete a constrangimentos nem a provoca\u00e7\u00f5es, venha de onde vier.<\/p>\n","protected":false},"excerpt":{"rendered":"<p>A aus\u00eancia do presidente Luiz In\u00e1cio Lula da Silva na posse do novo presidente do Chile, Jos\u00e9 Antonio Kast, gerou coment\u00e1rios apressados de quem tenta reduzir a pol\u00edtica internacional a uma simples disputa ideol\u00f3gica. N\u00e3o se trata disso. Ao longo de sua trajet\u00f3ria, Lula j\u00e1 demonstrou in\u00fameras vezes que os interesses do Brasil est\u00e3o acima [&hellip;]<\/p>\n","protected":false},"author":21,"featured_media":386593,"comment_status":"closed","ping_status":"closed","sticky":false,"template":"","format":"standard","meta":{"_acf_changed":false,"footnotes":""},"categories":[235],"tags":[],"class_list":["post-386592","post","type-post","status-publish","format-standard","has-post-thumbnail","hentry","category-dona-irene"],"acf":[],"yoast_head":"<!-- This site is optimized with the Yoast SEO plugin v27.2 - https:\/\/yoast.com\/product\/yoast-seo-wordpress\/ -->\n<title>Lula reafirma a altivez da pol\u00edtica externa brasileira - Notibras<\/title>\n<meta name=\"robots\" content=\"index, follow, max-snippet:-1, max-image-preview:large, max-video-preview:-1\" \/>\n<link rel=\"canonical\" href=\"https:\/\/www.notibras.com\/site\/lula-reafirma-a-altivez-da-politica-externa-brasileira\/\" \/>\n<meta property=\"og:locale\" content=\"pt_BR\" \/>\n<meta property=\"og:type\" content=\"article\" \/>\n<meta property=\"og:title\" content=\"Lula reafirma a altivez da pol\u00edtica externa brasileira - Notibras\" \/>\n<meta property=\"og:description\" content=\"A aus\u00eancia do presidente Luiz In\u00e1cio Lula da Silva na posse do novo presidente do Chile, Jos\u00e9 Antonio Kast, gerou coment\u00e1rios apressados de quem tenta reduzir a pol\u00edtica internacional a uma simples disputa ideol\u00f3gica. N\u00e3o se trata disso. Ao longo de sua trajet\u00f3ria, Lula j\u00e1 demonstrou in\u00fameras vezes que os interesses do Brasil est\u00e3o acima [&hellip;]\" \/>\n<meta property=\"og:url\" content=\"https:\/\/www.notibras.com\/site\/lula-reafirma-a-altivez-da-politica-externa-brasileira\/\" \/>\n<meta property=\"og:site_name\" content=\"Notibras\" \/>\n<meta property=\"article:publisher\" content=\"https:\/\/www.facebook.com\/notibras\/\" \/>\n<meta property=\"article:published_time\" content=\"2026-03-12T05:15:17+00:00\" \/>\n<meta property=\"og:image\" content=\"https:\/\/www.notibras.com\/site\/wp-content\/uploads\/2026\/03\/LULA-SERIO-e1728828645669.webp\" \/>\n\t<meta property=\"og:image:width\" content=\"1200\" \/>\n\t<meta property=\"og:image:height\" content=\"675\" \/>\n\t<meta property=\"og:image:type\" content=\"image\/webp\" \/>\n<meta name=\"author\" content=\"Eduardo Mart\u00ednez\" \/>\n<meta name=\"twitter:card\" content=\"summary_large_image\" \/>\n<meta name=\"twitter:creator\" content=\"@Notibras\" \/>\n<meta name=\"twitter:site\" content=\"@Notibras\" \/>\n<meta name=\"twitter:label1\" content=\"Escrito por\" \/>\n\t<meta name=\"twitter:data1\" content=\"Eduardo Mart\u00ednez\" \/>\n\t<meta name=\"twitter:label2\" content=\"Est. tempo de leitura\" \/>\n\t<meta name=\"twitter:data2\" content=\"2 minutos\" \/>\n<script type=\"application\/ld+json\" class=\"yoast-schema-graph\">{\"@context\":\"https:\/\/schema.org\",\"@graph\":[{\"@type\":\"Article\",\"@id\":\"https:\/\/www.notibras.com\/site\/lula-reafirma-a-altivez-da-politica-externa-brasileira\/#article\",\"isPartOf\":{\"@id\":\"https:\/\/www.notibras.com\/site\/lula-reafirma-a-altivez-da-politica-externa-brasileira\/\"},\"author\":{\"name\":\"Eduardo Mart\u00ednez\",\"@id\":\"https:\/\/www.notibras.com\/site\/#\/schema\/person\/5b7fabf2aedc3ada2105f03b22b4d3dd\"},\"headline\":\"Lula reafirma a altivez da pol\u00edtica externa brasileira\",\"datePublished\":\"2026-03-12T05:15:17+00:00\",\"mainEntityOfPage\":{\"@id\":\"https:\/\/www.notibras.com\/site\/lula-reafirma-a-altivez-da-politica-externa-brasileira\/\"},\"wordCount\":315,\"publisher\":{\"@id\":\"https:\/\/www.notibras.com\/site\/#organization\"},\"image\":{\"@id\":\"https:\/\/www.notibras.com\/site\/lula-reafirma-a-altivez-da-politica-externa-brasileira\/#primaryimage\"},\"thumbnailUrl\":\"https:\/\/www.notibras.com\/site\/wp-content\/uploads\/2026\/03\/LULA-SERIO-e1728828645669.webp\",\"articleSection\":[\"Dona Irene\"],\"inLanguage\":\"pt-BR\"},{\"@type\":\"WebPage\",\"@id\":\"https:\/\/www.notibras.com\/site\/lula-reafirma-a-altivez-da-politica-externa-brasileira\/\",\"url\":\"https:\/\/www.notibras.com\/site\/lula-reafirma-a-altivez-da-politica-externa-brasileira\/\",\"name\":\"Lula reafirma a altivez da pol\u00edtica externa brasileira - Notibras\",\"isPartOf\":{\"@id\":\"https:\/\/www.notibras.com\/site\/#website\"},\"primaryImageOfPage\":{\"@id\":\"https:\/\/www.notibras.com\/site\/lula-reafirma-a-altivez-da-politica-externa-brasileira\/#primaryimage\"},\"image\":{\"@id\":\"https:\/\/www.notibras.com\/site\/lula-reafirma-a-altivez-da-politica-externa-brasileira\/#primaryimage\"},\"thumbnailUrl\":\"https:\/\/www.notibras.com\/site\/wp-content\/uploads\/2026\/03\/LULA-SERIO-e1728828645669.webp\",\"datePublished\":\"2026-03-12T05:15:17+00:00\",\"breadcrumb\":{\"@id\":\"https:\/\/www.notibras.com\/site\/lula-reafirma-a-altivez-da-politica-externa-brasileira\/#breadcrumb\"},\"inLanguage\":\"pt-BR\",\"potentialAction\":[{\"@type\":\"ReadAction\",\"target\":[\"https:\/\/www.notibras.com\/site\/lula-reafirma-a-altivez-da-politica-externa-brasileira\/\"]}]},{\"@type\":\"ImageObject\",\"inLanguage\":\"pt-BR\",\"@id\":\"https:\/\/www.notibras.com\/site\/lula-reafirma-a-altivez-da-politica-externa-brasileira\/#primaryimage\",\"url\":\"https:\/\/www.notibras.com\/site\/wp-content\/uploads\/2026\/03\/LULA-SERIO-e1728828645669.webp\",\"contentUrl\":\"https:\/\/www.notibras.com\/site\/wp-content\/uploads\/2026\/03\/LULA-SERIO-e1728828645669.webp\",\"width\":1200,\"height\":675},{\"@type\":\"BreadcrumbList\",\"@id\":\"https:\/\/www.notibras.com\/site\/lula-reafirma-a-altivez-da-politica-externa-brasileira\/#breadcrumb\",\"itemListElement\":[{\"@type\":\"ListItem\",\"position\":1,\"name\":\"In\u00edcio\",\"item\":\"https:\/\/www.notibras.com\/site\/\"},{\"@type\":\"ListItem\",\"position\":2,\"name\":\"Lula reafirma a altivez da pol\u00edtica externa brasileira\"}]},{\"@type\":\"WebSite\",\"@id\":\"https:\/\/www.notibras.com\/site\/#website\",\"url\":\"https:\/\/www.notibras.com\/site\/\",\"name\":\"Notibras\",\"description\":\"Not\u00edcias de Bras\u00edlia, do Brasil e do Mundo\",\"publisher\":{\"@id\":\"https:\/\/www.notibras.com\/site\/#organization\"},\"potentialAction\":[{\"@type\":\"SearchAction\",\"target\":{\"@type\":\"EntryPoint\",\"urlTemplate\":\"https:\/\/www.notibras.com\/site\/?s={search_term_string}\"},\"query-input\":{\"@type\":\"PropertyValueSpecification\",\"valueRequired\":true,\"valueName\":\"search_term_string\"}}],\"inLanguage\":\"pt-BR\"},{\"@type\":\"Organization\",\"@id\":\"https:\/\/www.notibras.com\/site\/#organization\",\"name\":\"Grupo Notibras de Comunica\u00e7\u00e3o\",\"url\":\"https:\/\/www.notibras.com\/site\/\",\"logo\":{\"@type\":\"ImageObject\",\"inLanguage\":\"pt-BR\",\"@id\":\"https:\/\/www.notibras.com\/site\/#\/schema\/logo\/image\/\",\"url\":\"https:\/\/www.notibras.com\/site\/wp-content\/uploads\/2023\/01\/notibras23.png\",\"contentUrl\":\"https:\/\/www.notibras.com\/site\/wp-content\/uploads\/2023\/01\/notibras23.png\",\"width\":350,\"height\":87,\"caption\":\"Grupo Notibras de Comunica\u00e7\u00e3o\"},\"image\":{\"@id\":\"https:\/\/www.notibras.com\/site\/#\/schema\/logo\/image\/\"},\"sameAs\":[\"https:\/\/www.facebook.com\/notibras\/\",\"https:\/\/x.com\/Notibras\",\"https:\/\/www.instagram.com\/notibras\/\"]},{\"@type\":\"Person\",\"@id\":\"https:\/\/www.notibras.com\/site\/#\/schema\/person\/5b7fabf2aedc3ada2105f03b22b4d3dd\",\"name\":\"Eduardo Mart\u00ednez\",\"image\":{\"@type\":\"ImageObject\",\"inLanguage\":\"pt-BR\",\"@id\":\"https:\/\/secure.gravatar.com\/avatar\/7902f906289926289cbcda644b5197c796b893c6ffd7b9a536a42d290f7704a0?s=96&d=mm&r=g\",\"url\":\"https:\/\/secure.gravatar.com\/avatar\/7902f906289926289cbcda644b5197c796b893c6ffd7b9a536a42d290f7704a0?s=96&d=mm&r=g\",\"contentUrl\":\"https:\/\/secure.gravatar.com\/avatar\/7902f906289926289cbcda644b5197c796b893c6ffd7b9a536a42d290f7704a0?s=96&d=mm&r=g\",\"caption\":\"Eduardo Mart\u00ednez\"}}]}<\/script>\n<!-- \/ Yoast SEO plugin. -->","yoast_head_json":{"title":"Lula reafirma a altivez da pol\u00edtica externa brasileira - Notibras","robots":{"index":"index","follow":"follow","max-snippet":"max-snippet:-1","max-image-preview":"max-image-preview:large","max-video-preview":"max-video-preview:-1"},"canonical":"https:\/\/www.notibras.com\/site\/lula-reafirma-a-altivez-da-politica-externa-brasileira\/","og_locale":"pt_BR","og_type":"article","og_title":"Lula reafirma a altivez da pol\u00edtica externa brasileira - Notibras","og_description":"A aus\u00eancia do presidente Luiz In\u00e1cio Lula da Silva na posse do novo presidente do Chile, Jos\u00e9 Antonio Kast, gerou coment\u00e1rios apressados de quem tenta reduzir a pol\u00edtica internacional a uma simples disputa ideol\u00f3gica. N\u00e3o se trata disso. Ao longo de sua trajet\u00f3ria, Lula j\u00e1 demonstrou in\u00fameras vezes que os interesses do Brasil est\u00e3o acima [&hellip;]","og_url":"https:\/\/www.notibras.com\/site\/lula-reafirma-a-altivez-da-politica-externa-brasileira\/","og_site_name":"Notibras","article_publisher":"https:\/\/www.facebook.com\/notibras\/","article_published_time":"2026-03-12T05:15:17+00:00","og_image":[{"width":1200,"height":675,"url":"https:\/\/www.notibras.com\/site\/wp-content\/uploads\/2026\/03\/LULA-SERIO-e1728828645669.webp","type":"image\/webp"}],"author":"Eduardo Mart\u00ednez","twitter_card":"summary_large_image","twitter_creator":"@Notibras","twitter_site":"@Notibras","twitter_misc":{"Escrito por":"Eduardo Mart\u00ednez","Est. tempo de leitura":"2 minutos"},"schema":{"@context":"https:\/\/schema.org","@graph":[{"@type":"Article","@id":"https:\/\/www.notibras.com\/site\/lula-reafirma-a-altivez-da-politica-externa-brasileira\/#article","isPartOf":{"@id":"https:\/\/www.notibras.com\/site\/lula-reafirma-a-altivez-da-politica-externa-brasileira\/"},"author":{"name":"Eduardo Mart\u00ednez","@id":"https:\/\/www.notibras.com\/site\/#\/schema\/person\/5b7fabf2aedc3ada2105f03b22b4d3dd"},"headline":"Lula reafirma a altivez da pol\u00edtica externa brasileira","datePublished":"2026-03-12T05:15:17+00:00","mainEntityOfPage":{"@id":"https:\/\/www.notibras.com\/site\/lula-reafirma-a-altivez-da-politica-externa-brasileira\/"},"wordCount":315,"publisher":{"@id":"https:\/\/www.notibras.com\/site\/#organization"},"image":{"@id":"https:\/\/www.notibras.com\/site\/lula-reafirma-a-altivez-da-politica-externa-brasileira\/#primaryimage"},"thumbnailUrl":"https:\/\/www.notibras.com\/site\/wp-content\/uploads\/2026\/03\/LULA-SERIO-e1728828645669.webp","articleSection":["Dona Irene"],"inLanguage":"pt-BR"},{"@type":"WebPage","@id":"https:\/\/www.notibras.com\/site\/lula-reafirma-a-altivez-da-politica-externa-brasileira\/","url":"https:\/\/www.notibras.com\/site\/lula-reafirma-a-altivez-da-politica-externa-brasileira\/","name":"Lula reafirma a altivez da pol\u00edtica externa brasileira - Notibras","isPartOf":{"@id":"https:\/\/www.notibras.com\/site\/#website"},"primaryImageOfPage":{"@id":"https:\/\/www.notibras.com\/site\/lula-reafirma-a-altivez-da-politica-externa-brasileira\/#primaryimage"},"image":{"@id":"https:\/\/www.notibras.com\/site\/lula-reafirma-a-altivez-da-politica-externa-brasileira\/#primaryimage"},"thumbnailUrl":"https:\/\/www.notibras.com\/site\/wp-content\/uploads\/2026\/03\/LULA-SERIO-e1728828645669.webp","datePublished":"2026-03-12T05:15:17+00:00","breadcrumb":{"@id":"https:\/\/www.notibras.com\/site\/lula-reafirma-a-altivez-da-politica-externa-brasileira\/#breadcrumb"},"inLanguage":"pt-BR","potentialAction":[{"@type":"ReadAction","target":["https:\/\/www.notibras.com\/site\/lula-reafirma-a-altivez-da-politica-externa-brasileira\/"]}]},{"@type":"ImageObject","inLanguage":"pt-BR","@id":"https:\/\/www.notibras.com\/site\/lula-reafirma-a-altivez-da-politica-externa-brasileira\/#primaryimage","url":"https:\/\/www.notibras.com\/site\/wp-content\/uploads\/2026\/03\/LULA-SERIO-e1728828645669.webp","contentUrl":"https:\/\/www.notibras.com\/site\/wp-content\/uploads\/2026\/03\/LULA-SERIO-e1728828645669.webp","width":1200,"height":675},{"@type":"BreadcrumbList","@id":"https:\/\/www.notibras.com\/site\/lula-reafirma-a-altivez-da-politica-externa-brasileira\/#breadcrumb","itemListElement":[{"@type":"ListItem","position":1,"name":"In\u00edcio","item":"https:\/\/www.notibras.com\/site\/"},{"@type":"ListItem","position":2,"name":"Lula reafirma a altivez da pol\u00edtica externa brasileira"}]},{"@type":"WebSite","@id":"https:\/\/www.notibras.com\/site\/#website","url":"https:\/\/www.notibras.com\/site\/","name":"Notibras","description":"Not\u00edcias de Bras\u00edlia, do Brasil e do Mundo","publisher":{"@id":"https:\/\/www.notibras.com\/site\/#organization"},"potentialAction":[{"@type":"SearchAction","target":{"@type":"EntryPoint","urlTemplate":"https:\/\/www.notibras.com\/site\/?s={search_term_string}"},"query-input":{"@type":"PropertyValueSpecification","valueRequired":true,"valueName":"search_term_string"}}],"inLanguage":"pt-BR"},{"@type":"Organization","@id":"https:\/\/www.notibras.com\/site\/#organization","name":"Grupo Notibras de Comunica\u00e7\u00e3o","url":"https:\/\/www.notibras.com\/site\/","logo":{"@type":"ImageObject","inLanguage":"pt-BR","@id":"https:\/\/www.notibras.com\/site\/#\/schema\/logo\/image\/","url":"https:\/\/www.notibras.com\/site\/wp-content\/uploads\/2023\/01\/notibras23.png","contentUrl":"https:\/\/www.notibras.com\/site\/wp-content\/uploads\/2023\/01\/notibras23.png","width":350,"height":87,"caption":"Grupo Notibras de Comunica\u00e7\u00e3o"},"image":{"@id":"https:\/\/www.notibras.com\/site\/#\/schema\/logo\/image\/"},"sameAs":["https:\/\/www.facebook.com\/notibras\/","https:\/\/x.com\/Notibras","https:\/\/www.instagram.com\/notibras\/"]},{"@type":"Person","@id":"https:\/\/www.notibras.com\/site\/#\/schema\/person\/5b7fabf2aedc3ada2105f03b22b4d3dd","name":"Eduardo Mart\u00ednez","image":{"@type":"ImageObject","inLanguage":"pt-BR","@id":"https:\/\/secure.gravatar.com\/avatar\/7902f906289926289cbcda644b5197c796b893c6ffd7b9a536a42d290f7704a0?s=96&d=mm&r=g","url":"https:\/\/secure.gravatar.com\/avatar\/7902f906289926289cbcda644b5197c796b893c6ffd7b9a536a42d290f7704a0?s=96&d=mm&r=g","contentUrl":"https:\/\/secure.gravatar.com\/avatar\/7902f906289926289cbcda644b5197c796b893c6ffd7b9a536a42d290f7704a0?s=96&d=mm&r=g","caption":"Eduardo Mart\u00ednez"}}]}},"amp_enabled":true,"_links":{"self":[{"href":"https:\/\/www.notibras.com\/site\/wp-json\/wp\/v2\/posts\/386592","targetHints":{"allow":["GET"]}}],"collection":[{"href":"https:\/\/www.notibras.com\/site\/wp-json\/wp\/v2\/posts"}],"about":[{"href":"https:\/\/www.notibras.com\/site\/wp-json\/wp\/v2\/types\/post"}],"author":[{"embeddable":true,"href":"https:\/\/www.notibras.com\/site\/wp-json\/wp\/v2\/users\/21"}],"replies":[{"embeddable":true,"href":"https:\/\/www.notibras.com\/site\/wp-json\/wp\/v2\/comments?post=386592"}],"version-history":[{"count":2,"href":"https:\/\/www.notibras.com\/site\/wp-json\/wp\/v2\/posts\/386592\/revisions"}],"predecessor-version":[{"id":386595,"href":"https:\/\/www.notibras.com\/site\/wp-json\/wp\/v2\/posts\/386592\/revisions\/386595"}],"wp:featuredmedia":[{"embeddable":true,"href":"https:\/\/www.notibras.com\/site\/wp-json\/wp\/v2\/media\/386593"}],"wp:attachment":[{"href":"https:\/\/www.notibras.com\/site\/wp-json\/wp\/v2\/media?parent=386592"}],"wp:term":[{"taxonomy":"category","embeddable":true,"href":"https:\/\/www.notibras.com\/site\/wp-json\/wp\/v2\/categories?post=386592"},{"taxonomy":"post_tag","embeddable":true,"href":"https:\/\/www.notibras.com\/site\/wp-json\/wp\/v2\/tags?post=386592"}],"curies":[{"name":"wp","href":"https:\/\/api.w.org\/{rel}","templated":true}]}}