{"id":386596,"date":"2026-03-12T02:00:22","date_gmt":"2026-03-12T05:00:22","guid":{"rendered":"https:\/\/www.notibras.com\/site\/?p=386596"},"modified":"2026-03-12T07:35:53","modified_gmt":"2026-03-12T10:35:53","slug":"bolsonarismo-gourmet-mais-palatavel","status":"publish","type":"post","link":"https:\/\/www.notibras.com\/site\/bolsonarismo-gourmet-mais-palatavel\/","title":{"rendered":"Bolsonarismo &#8220;gourmet&#8221; mais palat\u00e1vel?"},"content":{"rendered":"<p>Ciro Nogueira j\u00e1 declarou diversas vezes que Fl\u00e1vio Bolsonaro seria uma figura \u201cmoderada\u201d dentro do campo bolsonarista. Ele n\u00e3o est\u00e1 sozinho nessa avalia\u00e7\u00e3o; outros aliados e observadores tamb\u00e9m tentam sustentar essa narrativa, como se existisse uma vers\u00e3o mais palat\u00e1vel do movimento pol\u00edtico criado em torno de Jair Bolsonaro. A ideia de um \u201cbolsonarismo moderado\u201d surge justamente como tentativa de reposicionar esse campo pol\u00edtico, torn\u00e1-lo mais aceit\u00e1vel ao eleitorado e reduzir o desgaste provocado por anos de radicaliza\u00e7\u00e3o.<\/p>\n<p>O chamado bolsonarismo moderado parece muito mais uma estrat\u00e9gia de marketing pol\u00edtico do que uma realidade concreta. Na pr\u00e1tica, o discurso continua essencialmente o mesmo: hostilidade a minorias, desprezo por direitos sociais, ataques frequentes \u00e0s institui\u00e7\u00f5es democr\u00e1ticas e uma vis\u00e3o autorit\u00e1ria de sociedade. A diferen\u00e7a, muitas vezes, est\u00e1 apenas no tom, um pouco mais calculado, um pouco mais cuidadoso, mas raramente no conte\u00fado.<\/p>\n<p>Fl\u00e1vio, apontado como representante desse tal \u201cbolsonarismo moderado\u201d, ilustra bem essa contradi\u00e7\u00e3o. Trata-se daquele bolsonarismo que diz praticamente as mesmas coisas que o bolsonarismo raiz: que despreza negros, pobres, LGBT e mulheres, que flerta com ideias autorit\u00e1rias e at\u00e9 com nostalgias perigosas do passado. A \u00fanica diferen\u00e7a, talvez, seja de estilo: n\u00e3o derruba farofa na pr\u00f3pria roupa na hora do almo\u00e7o. Mas, no fundo, continua sendo o mesmo prato servido com um pouco mais de etiqueta.<\/p>\n","protected":false},"excerpt":{"rendered":"<p>Ciro Nogueira j\u00e1 declarou diversas vezes que Fl\u00e1vio Bolsonaro seria uma figura \u201cmoderada\u201d dentro do campo bolsonarista. Ele n\u00e3o est\u00e1 sozinho nessa avalia\u00e7\u00e3o; outros aliados e observadores tamb\u00e9m tentam sustentar essa narrativa, como se existisse uma vers\u00e3o mais palat\u00e1vel do movimento pol\u00edtico criado em torno de Jair Bolsonaro. A ideia de um \u201cbolsonarismo moderado\u201d surge [&hellip;]<\/p>\n","protected":false},"author":21,"featured_media":386597,"comment_status":"closed","ping_status":"closed","sticky":false,"template":"","format":"standard","meta":{"_acf_changed":false,"footnotes":""},"categories":[235],"tags":[],"class_list":["post-386596","post","type-post","status-publish","format-standard","has-post-thumbnail","hentry","category-dona-irene"],"acf":[],"yoast_head":"<!-- This site is optimized with the Yoast SEO plugin v27.2 - https:\/\/yoast.com\/product\/yoast-seo-wordpress\/ -->\n<title>Bolsonarismo &quot;gourmet&quot; mais palat\u00e1vel? - Notibras<\/title>\n<meta name=\"robots\" content=\"index, follow, max-snippet:-1, max-image-preview:large, max-video-preview:-1\" \/>\n<link rel=\"canonical\" href=\"https:\/\/www.notibras.com\/site\/bolsonarismo-gourmet-mais-palatavel\/\" \/>\n<meta property=\"og:locale\" content=\"pt_BR\" \/>\n<meta property=\"og:type\" content=\"article\" \/>\n<meta property=\"og:title\" content=\"Bolsonarismo &quot;gourmet&quot; mais palat\u00e1vel? - Notibras\" \/>\n<meta property=\"og:description\" content=\"Ciro Nogueira j\u00e1 declarou diversas vezes que Fl\u00e1vio Bolsonaro seria uma figura \u201cmoderada\u201d dentro do campo bolsonarista. Ele n\u00e3o est\u00e1 sozinho nessa avalia\u00e7\u00e3o; outros aliados e observadores tamb\u00e9m tentam sustentar essa narrativa, como se existisse uma vers\u00e3o mais palat\u00e1vel do movimento pol\u00edtico criado em torno de Jair Bolsonaro. A ideia de um \u201cbolsonarismo moderado\u201d surge [&hellip;]\" \/>\n<meta property=\"og:url\" content=\"https:\/\/www.notibras.com\/site\/bolsonarismo-gourmet-mais-palatavel\/\" \/>\n<meta property=\"og:site_name\" content=\"Notibras\" \/>\n<meta property=\"article:publisher\" content=\"https:\/\/www.facebook.com\/notibras\/\" \/>\n<meta property=\"article:published_time\" content=\"2026-03-12T05:00:22+00:00\" \/>\n<meta property=\"article:modified_time\" content=\"2026-03-12T10:35:53+00:00\" \/>\n<meta property=\"og:image\" content=\"https:\/\/www.notibras.com\/site\/wp-content\/uploads\/2026\/03\/candidato-a-presidencia-defende-ex-socios-do-lsquo-farao-dos-bitcoins-rsquo-e-faz-negocio-com-capacete-de-grafeno.png\" \/>\n\t<meta property=\"og:image:width\" content=\"900\" \/>\n\t<meta property=\"og:image:height\" content=\"490\" \/>\n\t<meta property=\"og:image:type\" content=\"image\/png\" \/>\n<meta name=\"author\" content=\"Eduardo Mart\u00ednez\" \/>\n<meta name=\"twitter:card\" content=\"summary_large_image\" \/>\n<meta name=\"twitter:creator\" content=\"@Notibras\" \/>\n<meta name=\"twitter:site\" content=\"@Notibras\" \/>\n<meta name=\"twitter:label1\" content=\"Escrito por\" \/>\n\t<meta name=\"twitter:data1\" content=\"Eduardo Mart\u00ednez\" \/>\n\t<meta name=\"twitter:label2\" content=\"Est. tempo de leitura\" \/>\n\t<meta name=\"twitter:data2\" content=\"2 minutos\" \/>\n<script type=\"application\/ld+json\" class=\"yoast-schema-graph\">{\"@context\":\"https:\/\/schema.org\",\"@graph\":[{\"@type\":\"Article\",\"@id\":\"https:\/\/www.notibras.com\/site\/bolsonarismo-gourmet-mais-palatavel\/#article\",\"isPartOf\":{\"@id\":\"https:\/\/www.notibras.com\/site\/bolsonarismo-gourmet-mais-palatavel\/\"},\"author\":{\"name\":\"Eduardo Mart\u00ednez\",\"@id\":\"https:\/\/www.notibras.com\/site\/#\/schema\/person\/5b7fabf2aedc3ada2105f03b22b4d3dd\"},\"headline\":\"Bolsonarismo &#8220;gourmet&#8221; mais palat\u00e1vel?\",\"datePublished\":\"2026-03-12T05:00:22+00:00\",\"dateModified\":\"2026-03-12T10:35:53+00:00\",\"mainEntityOfPage\":{\"@id\":\"https:\/\/www.notibras.com\/site\/bolsonarismo-gourmet-mais-palatavel\/\"},\"wordCount\":248,\"publisher\":{\"@id\":\"https:\/\/www.notibras.com\/site\/#organization\"},\"image\":{\"@id\":\"https:\/\/www.notibras.com\/site\/bolsonarismo-gourmet-mais-palatavel\/#primaryimage\"},\"thumbnailUrl\":\"https:\/\/www.notibras.com\/site\/wp-content\/uploads\/2026\/03\/candidato-a-presidencia-defende-ex-socios-do-lsquo-farao-dos-bitcoins-rsquo-e-faz-negocio-com-capacete-de-grafeno.png\",\"articleSection\":[\"Dona Irene\"],\"inLanguage\":\"pt-BR\"},{\"@type\":\"WebPage\",\"@id\":\"https:\/\/www.notibras.com\/site\/bolsonarismo-gourmet-mais-palatavel\/\",\"url\":\"https:\/\/www.notibras.com\/site\/bolsonarismo-gourmet-mais-palatavel\/\",\"name\":\"Bolsonarismo \\\"gourmet\\\" mais palat\u00e1vel? - Notibras\",\"isPartOf\":{\"@id\":\"https:\/\/www.notibras.com\/site\/#website\"},\"primaryImageOfPage\":{\"@id\":\"https:\/\/www.notibras.com\/site\/bolsonarismo-gourmet-mais-palatavel\/#primaryimage\"},\"image\":{\"@id\":\"https:\/\/www.notibras.com\/site\/bolsonarismo-gourmet-mais-palatavel\/#primaryimage\"},\"thumbnailUrl\":\"https:\/\/www.notibras.com\/site\/wp-content\/uploads\/2026\/03\/candidato-a-presidencia-defende-ex-socios-do-lsquo-farao-dos-bitcoins-rsquo-e-faz-negocio-com-capacete-de-grafeno.png\",\"datePublished\":\"2026-03-12T05:00:22+00:00\",\"dateModified\":\"2026-03-12T10:35:53+00:00\",\"breadcrumb\":{\"@id\":\"https:\/\/www.notibras.com\/site\/bolsonarismo-gourmet-mais-palatavel\/#breadcrumb\"},\"inLanguage\":\"pt-BR\",\"potentialAction\":[{\"@type\":\"ReadAction\",\"target\":[\"https:\/\/www.notibras.com\/site\/bolsonarismo-gourmet-mais-palatavel\/\"]}]},{\"@type\":\"ImageObject\",\"inLanguage\":\"pt-BR\",\"@id\":\"https:\/\/www.notibras.com\/site\/bolsonarismo-gourmet-mais-palatavel\/#primaryimage\",\"url\":\"https:\/\/www.notibras.com\/site\/wp-content\/uploads\/2026\/03\/candidato-a-presidencia-defende-ex-socios-do-lsquo-farao-dos-bitcoins-rsquo-e-faz-negocio-com-capacete-de-grafeno.png\",\"contentUrl\":\"https:\/\/www.notibras.com\/site\/wp-content\/uploads\/2026\/03\/candidato-a-presidencia-defende-ex-socios-do-lsquo-farao-dos-bitcoins-rsquo-e-faz-negocio-com-capacete-de-grafeno.png\",\"width\":900,\"height\":490},{\"@type\":\"BreadcrumbList\",\"@id\":\"https:\/\/www.notibras.com\/site\/bolsonarismo-gourmet-mais-palatavel\/#breadcrumb\",\"itemListElement\":[{\"@type\":\"ListItem\",\"position\":1,\"name\":\"In\u00edcio\",\"item\":\"https:\/\/www.notibras.com\/site\/\"},{\"@type\":\"ListItem\",\"position\":2,\"name\":\"Bolsonarismo &#8220;gourmet&#8221; mais palat\u00e1vel?\"}]},{\"@type\":\"WebSite\",\"@id\":\"https:\/\/www.notibras.com\/site\/#website\",\"url\":\"https:\/\/www.notibras.com\/site\/\",\"name\":\"Notibras\",\"description\":\"Not\u00edcias de Bras\u00edlia, do Brasil e do Mundo\",\"publisher\":{\"@id\":\"https:\/\/www.notibras.com\/site\/#organization\"},\"potentialAction\":[{\"@type\":\"SearchAction\",\"target\":{\"@type\":\"EntryPoint\",\"urlTemplate\":\"https:\/\/www.notibras.com\/site\/?s={search_term_string}\"},\"query-input\":{\"@type\":\"PropertyValueSpecification\",\"valueRequired\":true,\"valueName\":\"search_term_string\"}}],\"inLanguage\":\"pt-BR\"},{\"@type\":\"Organization\",\"@id\":\"https:\/\/www.notibras.com\/site\/#organization\",\"name\":\"Grupo Notibras de Comunica\u00e7\u00e3o\",\"url\":\"https:\/\/www.notibras.com\/site\/\",\"logo\":{\"@type\":\"ImageObject\",\"inLanguage\":\"pt-BR\",\"@id\":\"https:\/\/www.notibras.com\/site\/#\/schema\/logo\/image\/\",\"url\":\"https:\/\/www.notibras.com\/site\/wp-content\/uploads\/2023\/01\/notibras23.png\",\"contentUrl\":\"https:\/\/www.notibras.com\/site\/wp-content\/uploads\/2023\/01\/notibras23.png\",\"width\":350,\"height\":87,\"caption\":\"Grupo Notibras de Comunica\u00e7\u00e3o\"},\"image\":{\"@id\":\"https:\/\/www.notibras.com\/site\/#\/schema\/logo\/image\/\"},\"sameAs\":[\"https:\/\/www.facebook.com\/notibras\/\",\"https:\/\/x.com\/Notibras\",\"https:\/\/www.instagram.com\/notibras\/\"]},{\"@type\":\"Person\",\"@id\":\"https:\/\/www.notibras.com\/site\/#\/schema\/person\/5b7fabf2aedc3ada2105f03b22b4d3dd\",\"name\":\"Eduardo Mart\u00ednez\",\"image\":{\"@type\":\"ImageObject\",\"inLanguage\":\"pt-BR\",\"@id\":\"https:\/\/secure.gravatar.com\/avatar\/7902f906289926289cbcda644b5197c796b893c6ffd7b9a536a42d290f7704a0?s=96&d=mm&r=g\",\"url\":\"https:\/\/secure.gravatar.com\/avatar\/7902f906289926289cbcda644b5197c796b893c6ffd7b9a536a42d290f7704a0?s=96&d=mm&r=g\",\"contentUrl\":\"https:\/\/secure.gravatar.com\/avatar\/7902f906289926289cbcda644b5197c796b893c6ffd7b9a536a42d290f7704a0?s=96&d=mm&r=g\",\"caption\":\"Eduardo Mart\u00ednez\"}}]}<\/script>\n<!-- \/ Yoast SEO plugin. -->","yoast_head_json":{"title":"Bolsonarismo \"gourmet\" mais palat\u00e1vel? - Notibras","robots":{"index":"index","follow":"follow","max-snippet":"max-snippet:-1","max-image-preview":"max-image-preview:large","max-video-preview":"max-video-preview:-1"},"canonical":"https:\/\/www.notibras.com\/site\/bolsonarismo-gourmet-mais-palatavel\/","og_locale":"pt_BR","og_type":"article","og_title":"Bolsonarismo \"gourmet\" mais palat\u00e1vel? - Notibras","og_description":"Ciro Nogueira j\u00e1 declarou diversas vezes que Fl\u00e1vio Bolsonaro seria uma figura \u201cmoderada\u201d dentro do campo bolsonarista. Ele n\u00e3o est\u00e1 sozinho nessa avalia\u00e7\u00e3o; outros aliados e observadores tamb\u00e9m tentam sustentar essa narrativa, como se existisse uma vers\u00e3o mais palat\u00e1vel do movimento pol\u00edtico criado em torno de Jair Bolsonaro. A ideia de um \u201cbolsonarismo moderado\u201d surge [&hellip;]","og_url":"https:\/\/www.notibras.com\/site\/bolsonarismo-gourmet-mais-palatavel\/","og_site_name":"Notibras","article_publisher":"https:\/\/www.facebook.com\/notibras\/","article_published_time":"2026-03-12T05:00:22+00:00","article_modified_time":"2026-03-12T10:35:53+00:00","og_image":[{"width":900,"height":490,"url":"https:\/\/www.notibras.com\/site\/wp-content\/uploads\/2026\/03\/candidato-a-presidencia-defende-ex-socios-do-lsquo-farao-dos-bitcoins-rsquo-e-faz-negocio-com-capacete-de-grafeno.png","type":"image\/png"}],"author":"Eduardo Mart\u00ednez","twitter_card":"summary_large_image","twitter_creator":"@Notibras","twitter_site":"@Notibras","twitter_misc":{"Escrito por":"Eduardo Mart\u00ednez","Est. tempo de leitura":"2 minutos"},"schema":{"@context":"https:\/\/schema.org","@graph":[{"@type":"Article","@id":"https:\/\/www.notibras.com\/site\/bolsonarismo-gourmet-mais-palatavel\/#article","isPartOf":{"@id":"https:\/\/www.notibras.com\/site\/bolsonarismo-gourmet-mais-palatavel\/"},"author":{"name":"Eduardo Mart\u00ednez","@id":"https:\/\/www.notibras.com\/site\/#\/schema\/person\/5b7fabf2aedc3ada2105f03b22b4d3dd"},"headline":"Bolsonarismo &#8220;gourmet&#8221; mais palat\u00e1vel?","datePublished":"2026-03-12T05:00:22+00:00","dateModified":"2026-03-12T10:35:53+00:00","mainEntityOfPage":{"@id":"https:\/\/www.notibras.com\/site\/bolsonarismo-gourmet-mais-palatavel\/"},"wordCount":248,"publisher":{"@id":"https:\/\/www.notibras.com\/site\/#organization"},"image":{"@id":"https:\/\/www.notibras.com\/site\/bolsonarismo-gourmet-mais-palatavel\/#primaryimage"},"thumbnailUrl":"https:\/\/www.notibras.com\/site\/wp-content\/uploads\/2026\/03\/candidato-a-presidencia-defende-ex-socios-do-lsquo-farao-dos-bitcoins-rsquo-e-faz-negocio-com-capacete-de-grafeno.png","articleSection":["Dona Irene"],"inLanguage":"pt-BR"},{"@type":"WebPage","@id":"https:\/\/www.notibras.com\/site\/bolsonarismo-gourmet-mais-palatavel\/","url":"https:\/\/www.notibras.com\/site\/bolsonarismo-gourmet-mais-palatavel\/","name":"Bolsonarismo \"gourmet\" mais palat\u00e1vel? - Notibras","isPartOf":{"@id":"https:\/\/www.notibras.com\/site\/#website"},"primaryImageOfPage":{"@id":"https:\/\/www.notibras.com\/site\/bolsonarismo-gourmet-mais-palatavel\/#primaryimage"},"image":{"@id":"https:\/\/www.notibras.com\/site\/bolsonarismo-gourmet-mais-palatavel\/#primaryimage"},"thumbnailUrl":"https:\/\/www.notibras.com\/site\/wp-content\/uploads\/2026\/03\/candidato-a-presidencia-defende-ex-socios-do-lsquo-farao-dos-bitcoins-rsquo-e-faz-negocio-com-capacete-de-grafeno.png","datePublished":"2026-03-12T05:00:22+00:00","dateModified":"2026-03-12T10:35:53+00:00","breadcrumb":{"@id":"https:\/\/www.notibras.com\/site\/bolsonarismo-gourmet-mais-palatavel\/#breadcrumb"},"inLanguage":"pt-BR","potentialAction":[{"@type":"ReadAction","target":["https:\/\/www.notibras.com\/site\/bolsonarismo-gourmet-mais-palatavel\/"]}]},{"@type":"ImageObject","inLanguage":"pt-BR","@id":"https:\/\/www.notibras.com\/site\/bolsonarismo-gourmet-mais-palatavel\/#primaryimage","url":"https:\/\/www.notibras.com\/site\/wp-content\/uploads\/2026\/03\/candidato-a-presidencia-defende-ex-socios-do-lsquo-farao-dos-bitcoins-rsquo-e-faz-negocio-com-capacete-de-grafeno.png","contentUrl":"https:\/\/www.notibras.com\/site\/wp-content\/uploads\/2026\/03\/candidato-a-presidencia-defende-ex-socios-do-lsquo-farao-dos-bitcoins-rsquo-e-faz-negocio-com-capacete-de-grafeno.png","width":900,"height":490},{"@type":"BreadcrumbList","@id":"https:\/\/www.notibras.com\/site\/bolsonarismo-gourmet-mais-palatavel\/#breadcrumb","itemListElement":[{"@type":"ListItem","position":1,"name":"In\u00edcio","item":"https:\/\/www.notibras.com\/site\/"},{"@type":"ListItem","position":2,"name":"Bolsonarismo &#8220;gourmet&#8221; mais palat\u00e1vel?"}]},{"@type":"WebSite","@id":"https:\/\/www.notibras.com\/site\/#website","url":"https:\/\/www.notibras.com\/site\/","name":"Notibras","description":"Not\u00edcias de Bras\u00edlia, do Brasil e do Mundo","publisher":{"@id":"https:\/\/www.notibras.com\/site\/#organization"},"potentialAction":[{"@type":"SearchAction","target":{"@type":"EntryPoint","urlTemplate":"https:\/\/www.notibras.com\/site\/?s={search_term_string}"},"query-input":{"@type":"PropertyValueSpecification","valueRequired":true,"valueName":"search_term_string"}}],"inLanguage":"pt-BR"},{"@type":"Organization","@id":"https:\/\/www.notibras.com\/site\/#organization","name":"Grupo Notibras de Comunica\u00e7\u00e3o","url":"https:\/\/www.notibras.com\/site\/","logo":{"@type":"ImageObject","inLanguage":"pt-BR","@id":"https:\/\/www.notibras.com\/site\/#\/schema\/logo\/image\/","url":"https:\/\/www.notibras.com\/site\/wp-content\/uploads\/2023\/01\/notibras23.png","contentUrl":"https:\/\/www.notibras.com\/site\/wp-content\/uploads\/2023\/01\/notibras23.png","width":350,"height":87,"caption":"Grupo Notibras de Comunica\u00e7\u00e3o"},"image":{"@id":"https:\/\/www.notibras.com\/site\/#\/schema\/logo\/image\/"},"sameAs":["https:\/\/www.facebook.com\/notibras\/","https:\/\/x.com\/Notibras","https:\/\/www.instagram.com\/notibras\/"]},{"@type":"Person","@id":"https:\/\/www.notibras.com\/site\/#\/schema\/person\/5b7fabf2aedc3ada2105f03b22b4d3dd","name":"Eduardo Mart\u00ednez","image":{"@type":"ImageObject","inLanguage":"pt-BR","@id":"https:\/\/secure.gravatar.com\/avatar\/7902f906289926289cbcda644b5197c796b893c6ffd7b9a536a42d290f7704a0?s=96&d=mm&r=g","url":"https:\/\/secure.gravatar.com\/avatar\/7902f906289926289cbcda644b5197c796b893c6ffd7b9a536a42d290f7704a0?s=96&d=mm&r=g","contentUrl":"https:\/\/secure.gravatar.com\/avatar\/7902f906289926289cbcda644b5197c796b893c6ffd7b9a536a42d290f7704a0?s=96&d=mm&r=g","caption":"Eduardo Mart\u00ednez"}}]}},"amp_enabled":true,"_links":{"self":[{"href":"https:\/\/www.notibras.com\/site\/wp-json\/wp\/v2\/posts\/386596","targetHints":{"allow":["GET"]}}],"collection":[{"href":"https:\/\/www.notibras.com\/site\/wp-json\/wp\/v2\/posts"}],"about":[{"href":"https:\/\/www.notibras.com\/site\/wp-json\/wp\/v2\/types\/post"}],"author":[{"embeddable":true,"href":"https:\/\/www.notibras.com\/site\/wp-json\/wp\/v2\/users\/21"}],"replies":[{"embeddable":true,"href":"https:\/\/www.notibras.com\/site\/wp-json\/wp\/v2\/comments?post=386596"}],"version-history":[{"count":4,"href":"https:\/\/www.notibras.com\/site\/wp-json\/wp\/v2\/posts\/386596\/revisions"}],"predecessor-version":[{"id":386605,"href":"https:\/\/www.notibras.com\/site\/wp-json\/wp\/v2\/posts\/386596\/revisions\/386605"}],"wp:featuredmedia":[{"embeddable":true,"href":"https:\/\/www.notibras.com\/site\/wp-json\/wp\/v2\/media\/386597"}],"wp:attachment":[{"href":"https:\/\/www.notibras.com\/site\/wp-json\/wp\/v2\/media?parent=386596"}],"wp:term":[{"taxonomy":"category","embeddable":true,"href":"https:\/\/www.notibras.com\/site\/wp-json\/wp\/v2\/categories?post=386596"},{"taxonomy":"post_tag","embeddable":true,"href":"https:\/\/www.notibras.com\/site\/wp-json\/wp\/v2\/tags?post=386596"}],"curies":[{"name":"wp","href":"https:\/\/api.w.org\/{rel}","templated":true}]}}